{"id":7675,"date":"2023-11-21T16:00:00","date_gmt":"2023-11-21T16:00:00","guid":{"rendered":"https:\/\/www.metrica-global.com\/carrera-correblau-2\/"},"modified":"2025-06-17T11:31:18","modified_gmt":"2025-06-17T11:31:18","slug":"carrera-correblau-2","status":"publish","type":"post","link":"https:\/\/www.metrica-global.com\/pe\/carrera-correblau-2\/","title":{"rendered":"Carrera CorreBlau"},"content":{"rendered":"\t\t<div data-elementor-type=\"wp-post\" data-elementor-id=\"7675\" class=\"elementor elementor-7675 elementor-944\" data-elementor-post-type=\"post\">\n\t\t\t\t<div class=\"elementor-element elementor-element-fa84703 e-flex e-con-boxed e-con e-parent\" data-id=\"fa84703\" data-element_type=\"container\">\n\t\t\t\t\t<div class=\"e-con-inner\">\n\t\t\t\t<div class=\"elementor-element elementor-element-ef525a9 elementor-widget elementor-widget-text-editor\" data-id=\"ef525a9\" data-element_type=\"widget\" data-widget_type=\"text-editor.default\">\n\t\t\t\t<div class=\"elementor-widget-container\">\n\t\t\t\t\t\t\t\t\t<p>El equipo de M\u00e9trica Barcelona particip\u00f3 en la carrera CorreBlau. Es una iniciativa solidaria liderada por la organizaci\u00f3n <a href=\"https:\/\/www.linkedin.com\/company\/aprenem-autisme\/\" data-attribute-index=\"0\" data-entity-type=\"MINI_COMPANY\">Aprenem Autisme<\/a>, la cual lucha por la inclusi\u00f3n y la defensa de los derechos de las personas con autismo y sus familias desde el 2006. Puedes correr o andar, lo importante es colaborar con esta causa y disfrutar de una ma\u00f1ana de domingo diferente.<br \/><br \/>Esta acci\u00f3n forma parte de nuestra iniciativa The Metrica Change. Una iniciativa interna en la organizaci\u00f3n con la que queremos comprometernos y ser participes activamente de los ODS establecidos por las Naciones Unidas.<br \/><br \/>Fue un placer poder disfrutar de este evento todos y todas junt@s. Pasamos un buen momento conjunto, en el que tuvimos la oportunidad de hacer team bulding, adem\u00e1s de apoyar esta causa tan bonita y tan necesaria.<br \/><br \/>Team de Barcelona, \u00a1muchas gracias por todo, sois muy grandes!<\/p>\t\t\t\t\t\t\t\t<\/div>\n\t\t\t\t<\/div>\n\t\t\t\t\t<\/div>\n\t\t\t\t<\/div>\n\t\t<div class=\"elementor-element elementor-element-af1fe03 e-flex e-con-boxed e-con e-parent\" data-id=\"af1fe03\" data-element_type=\"container\">\n\t\t\t\t\t<div class=\"e-con-inner\">\n\t\t<div class=\"elementor-element elementor-element-b77a55e e-con-full e-flex e-con e-child\" data-id=\"b77a55e\" data-element_type=\"container\">\n\t\t\t\t<div class=\"elementor-element elementor-element-0bc03ff elementor-widget elementor-widget-image\" data-id=\"0bc03ff\" data-element_type=\"widget\" data-widget_type=\"image.default\">\n\t\t\t\t<div class=\"elementor-widget-container\">\n\t\t\t\t\t\t\t\t\t\t\t\t\t\t\t<img fetchpriority=\"high\" decoding=\"async\" width=\"565\" height=\"565\" src=\"https:\/\/www.metrica-global.com\/wp-content\/uploads\/2023\/12\/1700490813233.jpg\" class=\"attachment-large size-large wp-image-11416\" alt=\"1700490813233\" srcset=\"https:\/\/www.metrica-global.com\/wp-content\/uploads\/2023\/12\/1700490813233.jpg 565w, https:\/\/www.metrica-global.com\/wp-content\/uploads\/2023\/12\/1700490813233-300x300.jpg 300w, https:\/\/www.metrica-global.com\/wp-content\/uploads\/2023\/12\/1700490813233-150x150.jpg 150w\" sizes=\"(max-width: 565px) 100vw, 565px\" \/>\t\t\t\t\t\t\t\t\t\t\t\t\t\t\t<\/div>\n\t\t\t\t<\/div>\n\t\t\t\t<\/div>\n\t\t<div class=\"elementor-element elementor-element-8ef2572 e-con-full e-flex e-con e-child\" data-id=\"8ef2572\" data-element_type=\"container\">\n\t\t\t\t<div class=\"elementor-element elementor-element-b7064c2 elementor-widget elementor-widget-image\" data-id=\"b7064c2\" data-element_type=\"widget\" data-widget_type=\"image.default\">\n\t\t\t\t<div class=\"elementor-widget-container\">\n\t\t\t\t\t\t\t\t\t\t\t\t\t\t\t<img decoding=\"async\" width=\"800\" height=\"800\" src=\"https:\/\/www.metrica-global.com\/wp-content\/uploads\/2023\/12\/1700490815096-1024x1024.jpg\" class=\"attachment-large size-large wp-image-11411\" alt=\"1700490815096\" srcset=\"https:\/\/www.metrica-global.com\/wp-content\/uploads\/2023\/12\/1700490815096-1024x1024.jpg 1024w, https:\/\/www.metrica-global.com\/wp-content\/uploads\/2023\/12\/1700490815096-300x300.jpg 300w, https:\/\/www.metrica-global.com\/wp-content\/uploads\/2023\/12\/1700490815096-150x150.jpg 150w, https:\/\/www.metrica-global.com\/wp-content\/uploads\/2023\/12\/1700490815096-768x768.jpg 768w, https:\/\/www.metrica-global.com\/wp-content\/uploads\/2023\/12\/1700490815096.jpg 1200w\" sizes=\"(max-width: 800px) 100vw, 800px\" \/>\t\t\t\t\t\t\t\t\t\t\t\t\t\t\t<\/div>\n\t\t\t\t<\/div>\n\t\t\t\t<\/div>\n\t\t\t\t\t<\/div>\n\t\t\t\t<\/div>\n\t\t\t\t<\/div>\n\t\t","protected":false},"excerpt":{"rendered":"<p>El equipo de M\u00e9trica Barcelona particip\u00f3 en la carrera CorreBlau, una iniciativa solidaria liderada por la organizaci\u00f3n Aprenem Autisme.<\/p>\n","protected":false},"author":1,"featured_media":7676,"comment_status":"open","ping_status":"open","sticky":false,"template":"","format":"standard","meta":{"content-type":"","footnotes":""},"categories":[1828],"tags":[],"class_list":["post-7675","post","type-post","status-publish","format-standard","has-post-thumbnail","hentry","category-sostenibilidad-pe"],"yoast_head":"<!-- This site is optimized with the Yoast SEO plugin v25.9 - https:\/\/yoast.com\/wordpress\/plugins\/seo\/ -->\n<title>Carrera CorreBlau - METRICA<\/title>\n<meta name=\"robots\" content=\"index, follow, max-snippet:-1, max-image-preview:large, max-video-preview:-1\" \/>\n<link rel=\"canonical\" href=\"https:\/\/www.metrica-global.com\/pe\/carrera-correblau-2\/\" \/>\n<meta property=\"og:locale\" content=\"es_ES\" \/>\n<meta property=\"og:type\" content=\"article\" \/>\n<meta property=\"og:title\" content=\"Carrera CorreBlau - METRICA\" \/>\n<meta property=\"og:description\" content=\"El equipo de M\u00e9trica Barcelona particip\u00f3 en la carrera CorreBlau, una iniciativa solidaria liderada por la organizaci\u00f3n Aprenem Autisme.\" \/>\n<meta property=\"og:url\" content=\"https:\/\/www.metrica-global.com\/pe\/carrera-correblau-2\/\" \/>\n<meta property=\"og:site_name\" content=\"METRICA\" \/>\n<meta property=\"article:published_time\" content=\"2023-11-21T16:00:00+00:00\" \/>\n<meta property=\"article:modified_time\" content=\"2025-06-17T11:31:18+00:00\" \/>\n<meta property=\"og:image\" content=\"https:\/\/www.metrica-global.com\/wp-content\/uploads\/2023\/12\/55.jpg\" \/>\n\t<meta property=\"og:image:width\" content=\"699\" \/>\n\t<meta property=\"og:image:height\" content=\"559\" \/>\n\t<meta property=\"og:image:type\" content=\"image\/jpeg\" \/>\n<meta name=\"author\" content=\"desarrollo\" \/>\n<meta name=\"twitter:card\" content=\"summary_large_image\" \/>\n<meta name=\"twitter:label1\" content=\"Written by\" \/>\n\t<meta name=\"twitter:data1\" content=\"desarrollo\" \/>\n\t<meta name=\"twitter:label2\" content=\"Est. reading time\" \/>\n\t<meta name=\"twitter:data2\" content=\"2 minutes\" \/>\n<script type=\"application\/ld+json\" class=\"yoast-schema-graph\">{\"@context\":\"https:\/\/schema.org\",\"@graph\":[{\"@type\":\"Article\",\"@id\":\"https:\/\/www.metrica-global.com\/pe\/carrera-correblau-2\/#article\",\"isPartOf\":{\"@id\":\"https:\/\/www.metrica-global.com\/pe\/carrera-correblau-2\/\"},\"author\":{\"name\":\"desarrollo\",\"@id\":\"https:\/\/www.metrica-global.com\/#\/schema\/person\/78e8e629d9e5908167469b249f6f2cdc\"},\"headline\":\"Carrera CorreBlau\",\"datePublished\":\"2023-11-21T16:00:00+00:00\",\"dateModified\":\"2025-06-17T11:31:18+00:00\",\"mainEntityOfPage\":{\"@id\":\"https:\/\/www.metrica-global.com\/pe\/carrera-correblau-2\/\"},\"wordCount\":151,\"commentCount\":0,\"publisher\":{\"@id\":\"https:\/\/www.metrica-global.com\/#organization\"},\"image\":{\"@id\":\"https:\/\/www.metrica-global.com\/pe\/carrera-correblau-2\/#primaryimage\"},\"thumbnailUrl\":\"https:\/\/www.metrica-global.com\/wp-content\/uploads\/2023\/12\/55.jpg\",\"articleSection\":[\"Sostenibilidad\"],\"inLanguage\":\"es-PE\",\"potentialAction\":[{\"@type\":\"CommentAction\",\"name\":\"Comment\",\"target\":[\"https:\/\/www.metrica-global.com\/pe\/carrera-correblau-2\/#respond\"]}]},{\"@type\":\"WebPage\",\"@id\":\"https:\/\/www.metrica-global.com\/pe\/carrera-correblau-2\/\",\"url\":\"https:\/\/www.metrica-global.com\/pe\/carrera-correblau-2\/\",\"name\":\"Carrera CorreBlau - METRICA\",\"isPartOf\":{\"@id\":\"https:\/\/www.metrica-global.com\/#website\"},\"primaryImageOfPage\":{\"@id\":\"https:\/\/www.metrica-global.com\/pe\/carrera-correblau-2\/#primaryimage\"},\"image\":{\"@id\":\"https:\/\/www.metrica-global.com\/pe\/carrera-correblau-2\/#primaryimage\"},\"thumbnailUrl\":\"https:\/\/www.metrica-global.com\/wp-content\/uploads\/2023\/12\/55.jpg\",\"datePublished\":\"2023-11-21T16:00:00+00:00\",\"dateModified\":\"2025-06-17T11:31:18+00:00\",\"breadcrumb\":{\"@id\":\"https:\/\/www.metrica-global.com\/pe\/carrera-correblau-2\/#breadcrumb\"},\"inLanguage\":\"es-PE\",\"potentialAction\":[{\"@type\":\"ReadAction\",\"target\":[\"https:\/\/www.metrica-global.com\/pe\/carrera-correblau-2\/\"]}]},{\"@type\":\"ImageObject\",\"inLanguage\":\"es-PE\",\"@id\":\"https:\/\/www.metrica-global.com\/pe\/carrera-correblau-2\/#primaryimage\",\"url\":\"https:\/\/www.metrica-global.com\/wp-content\/uploads\/2023\/12\/55.jpg\",\"contentUrl\":\"https:\/\/www.metrica-global.com\/wp-content\/uploads\/2023\/12\/55.jpg\",\"width\":699,\"height\":559,\"caption\":\"55\"},{\"@type\":\"BreadcrumbList\",\"@id\":\"https:\/\/www.metrica-global.com\/pe\/carrera-correblau-2\/#breadcrumb\",\"itemListElement\":[{\"@type\":\"ListItem\",\"position\":1,\"name\":\"Portada\",\"item\":\"https:\/\/www.metrica-global.com\/en\/\"},{\"@type\":\"ListItem\",\"position\":2,\"name\":\"Carrera CorreBlau\"}]},{\"@type\":\"WebSite\",\"@id\":\"https:\/\/www.metrica-global.com\/#website\",\"url\":\"https:\/\/www.metrica-global.com\/\",\"name\":\"METRICA\",\"description\":\"Servicios Globales IT\",\"publisher\":{\"@id\":\"https:\/\/www.metrica-global.com\/#organization\"},\"potentialAction\":[{\"@type\":\"SearchAction\",\"target\":{\"@type\":\"EntryPoint\",\"urlTemplate\":\"https:\/\/www.metrica-global.com\/?s={search_term_string}\"},\"query-input\":{\"@type\":\"PropertyValueSpecification\",\"valueRequired\":true,\"valueName\":\"search_term_string\"}}],\"inLanguage\":\"es-PE\"},{\"@type\":\"Organization\",\"@id\":\"https:\/\/www.metrica-global.com\/#organization\",\"name\":\"METRICA\",\"url\":\"https:\/\/www.metrica-global.com\/\",\"logo\":{\"@type\":\"ImageObject\",\"inLanguage\":\"es-PE\",\"@id\":\"https:\/\/www.metrica-global.com\/#\/schema\/logo\/image\/\",\"url\":\"https:\/\/www.metrica-global.com\/wp-content\/uploads\/2023\/12\/logo-metrica.png\",\"contentUrl\":\"https:\/\/www.metrica-global.com\/wp-content\/uploads\/2023\/12\/logo-metrica.png\",\"width\":332,\"height\":58,\"caption\":\"METRICA\"},\"image\":{\"@id\":\"https:\/\/www.metrica-global.com\/#\/schema\/logo\/image\/\"}},{\"@type\":\"Person\",\"@id\":\"https:\/\/www.metrica-global.com\/#\/schema\/person\/78e8e629d9e5908167469b249f6f2cdc\",\"name\":\"desarrollo\",\"image\":{\"@type\":\"ImageObject\",\"inLanguage\":\"es-PE\",\"@id\":\"https:\/\/www.metrica-global.com\/#\/schema\/person\/image\/\",\"url\":\"https:\/\/secure.gravatar.com\/avatar\/d2653fb8f170e1382a31acc69dcf92e99545e6329805eb11d8a34443b058f3de?s=96&d=mm&r=g\",\"contentUrl\":\"https:\/\/secure.gravatar.com\/avatar\/d2653fb8f170e1382a31acc69dcf92e99545e6329805eb11d8a34443b058f3de?s=96&d=mm&r=g\",\"caption\":\"desarrollo\"},\"url\":\"https:\/\/www.metrica-global.com\/pe\/author\/desarrollo\/\"}]}<\/script>\n<!-- \/ Yoast SEO plugin. -->","yoast_head_json":{"title":"Carrera CorreBlau - METRICA","robots":{"index":"index","follow":"follow","max-snippet":"max-snippet:-1","max-image-preview":"max-image-preview:large","max-video-preview":"max-video-preview:-1"},"canonical":"https:\/\/www.metrica-global.com\/pe\/carrera-correblau-2\/","og_locale":"es_ES","og_type":"article","og_title":"Carrera CorreBlau - METRICA","og_description":"El equipo de M\u00e9trica Barcelona particip\u00f3 en la carrera CorreBlau, una iniciativa solidaria liderada por la organizaci\u00f3n Aprenem Autisme.","og_url":"https:\/\/www.metrica-global.com\/pe\/carrera-correblau-2\/","og_site_name":"METRICA","article_published_time":"2023-11-21T16:00:00+00:00","article_modified_time":"2025-06-17T11:31:18+00:00","og_image":[{"width":699,"height":559,"url":"https:\/\/www.metrica-global.com\/wp-content\/uploads\/2023\/12\/55.jpg","type":"image\/jpeg"}],"author":"desarrollo","twitter_card":"summary_large_image","twitter_misc":{"Written by":"desarrollo","Est. reading time":"2 minutes"},"schema":{"@context":"https:\/\/schema.org","@graph":[{"@type":"Article","@id":"https:\/\/www.metrica-global.com\/pe\/carrera-correblau-2\/#article","isPartOf":{"@id":"https:\/\/www.metrica-global.com\/pe\/carrera-correblau-2\/"},"author":{"name":"desarrollo","@id":"https:\/\/www.metrica-global.com\/#\/schema\/person\/78e8e629d9e5908167469b249f6f2cdc"},"headline":"Carrera CorreBlau","datePublished":"2023-11-21T16:00:00+00:00","dateModified":"2025-06-17T11:31:18+00:00","mainEntityOfPage":{"@id":"https:\/\/www.metrica-global.com\/pe\/carrera-correblau-2\/"},"wordCount":151,"commentCount":0,"publisher":{"@id":"https:\/\/www.metrica-global.com\/#organization"},"image":{"@id":"https:\/\/www.metrica-global.com\/pe\/carrera-correblau-2\/#primaryimage"},"thumbnailUrl":"https:\/\/www.metrica-global.com\/wp-content\/uploads\/2023\/12\/55.jpg","articleSection":["Sostenibilidad"],"inLanguage":"es-PE","potentialAction":[{"@type":"CommentAction","name":"Comment","target":["https:\/\/www.metrica-global.com\/pe\/carrera-correblau-2\/#respond"]}]},{"@type":"WebPage","@id":"https:\/\/www.metrica-global.com\/pe\/carrera-correblau-2\/","url":"https:\/\/www.metrica-global.com\/pe\/carrera-correblau-2\/","name":"Carrera CorreBlau - METRICA","isPartOf":{"@id":"https:\/\/www.metrica-global.com\/#website"},"primaryImageOfPage":{"@id":"https:\/\/www.metrica-global.com\/pe\/carrera-correblau-2\/#primaryimage"},"image":{"@id":"https:\/\/www.metrica-global.com\/pe\/carrera-correblau-2\/#primaryimage"},"thumbnailUrl":"https:\/\/www.metrica-global.com\/wp-content\/uploads\/2023\/12\/55.jpg","datePublished":"2023-11-21T16:00:00+00:00","dateModified":"2025-06-17T11:31:18+00:00","breadcrumb":{"@id":"https:\/\/www.metrica-global.com\/pe\/carrera-correblau-2\/#breadcrumb"},"inLanguage":"es-PE","potentialAction":[{"@type":"ReadAction","target":["https:\/\/www.metrica-global.com\/pe\/carrera-correblau-2\/"]}]},{"@type":"ImageObject","inLanguage":"es-PE","@id":"https:\/\/www.metrica-global.com\/pe\/carrera-correblau-2\/#primaryimage","url":"https:\/\/www.metrica-global.com\/wp-content\/uploads\/2023\/12\/55.jpg","contentUrl":"https:\/\/www.metrica-global.com\/wp-content\/uploads\/2023\/12\/55.jpg","width":699,"height":559,"caption":"55"},{"@type":"BreadcrumbList","@id":"https:\/\/www.metrica-global.com\/pe\/carrera-correblau-2\/#breadcrumb","itemListElement":[{"@type":"ListItem","position":1,"name":"Portada","item":"https:\/\/www.metrica-global.com\/en\/"},{"@type":"ListItem","position":2,"name":"Carrera CorreBlau"}]},{"@type":"WebSite","@id":"https:\/\/www.metrica-global.com\/#website","url":"https:\/\/www.metrica-global.com\/","name":"METRICA","description":"Servicios Globales IT","publisher":{"@id":"https:\/\/www.metrica-global.com\/#organization"},"potentialAction":[{"@type":"SearchAction","target":{"@type":"EntryPoint","urlTemplate":"https:\/\/www.metrica-global.com\/?s={search_term_string}"},"query-input":{"@type":"PropertyValueSpecification","valueRequired":true,"valueName":"search_term_string"}}],"inLanguage":"es-PE"},{"@type":"Organization","@id":"https:\/\/www.metrica-global.com\/#organization","name":"METRICA","url":"https:\/\/www.metrica-global.com\/","logo":{"@type":"ImageObject","inLanguage":"es-PE","@id":"https:\/\/www.metrica-global.com\/#\/schema\/logo\/image\/","url":"https:\/\/www.metrica-global.com\/wp-content\/uploads\/2023\/12\/logo-metrica.png","contentUrl":"https:\/\/www.metrica-global.com\/wp-content\/uploads\/2023\/12\/logo-metrica.png","width":332,"height":58,"caption":"METRICA"},"image":{"@id":"https:\/\/www.metrica-global.com\/#\/schema\/logo\/image\/"}},{"@type":"Person","@id":"https:\/\/www.metrica-global.com\/#\/schema\/person\/78e8e629d9e5908167469b249f6f2cdc","name":"desarrollo","image":{"@type":"ImageObject","inLanguage":"es-PE","@id":"https:\/\/www.metrica-global.com\/#\/schema\/person\/image\/","url":"https:\/\/secure.gravatar.com\/avatar\/d2653fb8f170e1382a31acc69dcf92e99545e6329805eb11d8a34443b058f3de?s=96&d=mm&r=g","contentUrl":"https:\/\/secure.gravatar.com\/avatar\/d2653fb8f170e1382a31acc69dcf92e99545e6329805eb11d8a34443b058f3de?s=96&d=mm&r=g","caption":"desarrollo"},"url":"https:\/\/www.metrica-global.com\/pe\/author\/desarrollo\/"}]}},"_links":{"self":[{"href":"https:\/\/www.metrica-global.com\/pe\/wp-json\/wp\/v2\/posts\/7675","targetHints":{"allow":["GET"]}}],"collection":[{"href":"https:\/\/www.metrica-global.com\/pe\/wp-json\/wp\/v2\/posts"}],"about":[{"href":"https:\/\/www.metrica-global.com\/pe\/wp-json\/wp\/v2\/types\/post"}],"author":[{"embeddable":true,"href":"https:\/\/www.metrica-global.com\/pe\/wp-json\/wp\/v2\/users\/1"}],"replies":[{"embeddable":true,"href":"https:\/\/www.metrica-global.com\/pe\/wp-json\/wp\/v2\/comments?post=7675"}],"version-history":[{"count":1,"href":"https:\/\/www.metrica-global.com\/pe\/wp-json\/wp\/v2\/posts\/7675\/revisions"}],"predecessor-version":[{"id":8064,"href":"https:\/\/www.metrica-global.com\/pe\/wp-json\/wp\/v2\/posts\/7675\/revisions\/8064"}],"wp:featuredmedia":[{"embeddable":true,"href":"https:\/\/www.metrica-global.com\/pe\/wp-json\/wp\/v2\/media\/7676"}],"wp:attachment":[{"href":"https:\/\/www.metrica-global.com\/pe\/wp-json\/wp\/v2\/media?parent=7675"}],"wp:term":[{"taxonomy":"category","embeddable":true,"href":"https:\/\/www.metrica-global.com\/pe\/wp-json\/wp\/v2\/categories?post=7675"},{"taxonomy":"post_tag","embeddable":true,"href":"https:\/\/www.metrica-global.com\/pe\/wp-json\/wp\/v2\/tags?post=7675"}],"curies":[{"name":"wp","href":"https:\/\/api.w.org\/{rel}","templated":true}]}}