{"id":12761,"date":"2025-07-10T11:14:15","date_gmt":"2025-07-10T09:14:15","guid":{"rendered":"https:\/\/www.metrica-global.com\/?p=12761"},"modified":"2025-08-04T11:18:12","modified_gmt":"2025-08-04T09:18:12","slug":"a-importancia-da-protecao-de-dados-na-metrica","status":"publish","type":"post","link":"https:\/\/www.metrica-global.com\/pt\/a-importancia-da-protecao-de-dados-na-metrica\/","title":{"rendered":"A import\u00e2ncia da prote\u00e7\u00e3o de dados na METRICA"},"content":{"rendered":"<p data-start=\"431\" data-end=\"732\">A prote\u00e7\u00e3o de dados pessoais tornou-se um pilar essencial para as empresas tecnol\u00f3gicas. Num ambiente onde a informa\u00e7\u00e3o circula de forma cont\u00ednua por meios digitais, respeitar a legisla\u00e7\u00e3o de prote\u00e7\u00e3o de dados n\u00e3o \u00e9 apenas uma obriga\u00e7\u00e3o legal \u2014 \u00e9 um compromisso com a seguran\u00e7a, a \u00e9tica e a confian\u00e7a.<\/p>\n<hr data-start=\"734\" data-end=\"737\" \/>\n<p data-start=\"739\" data-end=\"803\"><strong data-start=\"739\" data-end=\"803\">O que s\u00e3o dados pessoais e porque \u00e9 fundamental proteg\u00ea-los?<\/strong><\/p>\n<p data-start=\"805\" data-end=\"1117\">Dados pessoais s\u00e3o todas as informa\u00e7\u00f5es que permitem identificar uma pessoa: nome, endere\u00e7o de e-mail, matr\u00edcula, n\u00famero de identifica\u00e7\u00e3o civil, imagem, endere\u00e7o IP, entre outros. Existem ainda categorias especiais de dados que, pela sua sensibilidade, exigem um n\u00edvel de prote\u00e7\u00e3o mais elevado, como por exemplo:<\/p>\n<ul data-start=\"1119\" data-end=\"1292\">\n<li data-start=\"1119\" data-end=\"1154\">\n<p data-start=\"1121\" data-end=\"1154\">Dados de sa\u00fade f\u00edsica ou mental<\/p>\n<\/li>\n<li data-start=\"1155\" data-end=\"1199\">\n<p data-start=\"1157\" data-end=\"1199\">Opini\u00f5es pol\u00edticas ou cren\u00e7as religiosas<\/p>\n<\/li>\n<li data-start=\"1200\" data-end=\"1227\">\n<p data-start=\"1202\" data-end=\"1227\">Origem \u00e9tnica ou racial<\/p>\n<\/li>\n<li data-start=\"1228\" data-end=\"1262\">\n<p data-start=\"1230\" data-end=\"1262\">Dados gen\u00e9ticos ou biom\u00e9tricos<\/p>\n<\/li>\n<li data-start=\"1263\" data-end=\"1292\">\n<p data-start=\"1265\" data-end=\"1292\">Orienta\u00e7\u00e3o ou vida sexual<\/p>\n<\/li>\n<\/ul>\n<p data-start=\"1294\" data-end=\"1614\">O tratamento destes dados \u00e9 regulado pelo Regulamento Geral sobre a Prote\u00e7\u00e3o de Dados (RGPD) e, em Espanha, tamb\u00e9m pela Lei Org\u00e2nica de Prote\u00e7\u00e3o de Dados e Garantia dos Direitos Digitais (LOPDGDD). Estas normas exigem que qualquer recolha, armazenamento ou utiliza\u00e7\u00e3o de dados pessoais tenha uma base legal v\u00e1lida, como:<\/p>\n<ul data-start=\"1616\" data-end=\"1871\">\n<li data-start=\"1616\" data-end=\"1654\">\n<p data-start=\"1618\" data-end=\"1654\">Consentimento expl\u00edcito do titular<\/p>\n<\/li>\n<li data-start=\"1655\" data-end=\"1682\">\n<p data-start=\"1657\" data-end=\"1682\">Execu\u00e7\u00e3o de um contrato<\/p>\n<\/li>\n<li data-start=\"1683\" data-end=\"1717\">\n<p data-start=\"1685\" data-end=\"1717\">Cumprimento de obriga\u00e7\u00e3o legal<\/p>\n<\/li>\n<li data-start=\"1718\" data-end=\"1751\">\n<p data-start=\"1720\" data-end=\"1751\">Prote\u00e7\u00e3o de interesses vitais<\/p>\n<\/li>\n<li data-start=\"1752\" data-end=\"1796\">\n<p data-start=\"1754\" data-end=\"1796\">Exerc\u00edcio de miss\u00e3o de interesse p\u00fablico<\/p>\n<\/li>\n<li data-start=\"1797\" data-end=\"1871\">\n<p data-start=\"1799\" data-end=\"1871\">Interesses leg\u00edtimos do respons\u00e1vel, sem afetar os direitos do titular<\/p>\n<\/li>\n<\/ul>\n<p data-start=\"1873\" data-end=\"2052\">O incumprimento destas regras pode resultar em san\u00e7\u00f5es significativas (at\u00e9 20 milh\u00f5es de euros ou 4% do volume de neg\u00f3cios anual) e causar danos reputacionais dif\u00edceis de reparar.<\/p>\n<hr data-start=\"2054\" data-end=\"2057\" \/>\n<p data-start=\"2059\" data-end=\"2123\"><strong data-start=\"2059\" data-end=\"2123\">Intelig\u00eancia artificial e prote\u00e7\u00e3o de dados: um novo desafio<\/strong><\/p>\n<p data-start=\"2125\" data-end=\"2425\">Na METRICA, trabalhamos num ambiente onde as ferramentas de intelig\u00eancia artificial generativa est\u00e3o cada vez mais presentes. Estas tecnologias permitem gerar texto, imagens ou v\u00eddeos a partir de grandes volumes de dados, mas tamb\u00e9m apresentam s\u00e9rios desafios no que toca \u00e0 privacidade e \u00e0 seguran\u00e7a:<\/p>\n<ul data-start=\"2427\" data-end=\"2663\">\n<li data-start=\"2427\" data-end=\"2467\">\n<p data-start=\"2429\" data-end=\"2467\">Risco de fuga de informa\u00e7\u00e3o sens\u00edvel<\/p>\n<\/li>\n<li data-start=\"2468\" data-end=\"2517\">\n<p data-start=\"2470\" data-end=\"2517\">Perda de controlo sobre os dados introduzidos<\/p>\n<\/li>\n<li data-start=\"2518\" data-end=\"2591\">\n<p data-start=\"2520\" data-end=\"2591\">Cria\u00e7\u00e3o de conte\u00fados falsos ou manipulados (deepfakes, desinforma\u00e7\u00e3o)<\/p>\n<\/li>\n<li data-start=\"2592\" data-end=\"2663\">\n<p data-start=\"2594\" data-end=\"2663\">Amplifica\u00e7\u00e3o de preconceitos que podem violar direitos fundamentais<\/p>\n<\/li>\n<\/ul>\n<p data-start=\"2665\" data-end=\"2990\">Por isso, na METRICA nunca introduzimos informa\u00e7\u00e3o confidencial ou dados pessoais em plataformas de IA acess\u00edveis a terceiros. Al\u00e9m disso, formamos as nossas equipas, analisamos os termos de utiliza\u00e7\u00e3o das ferramentas e aplicamos pol\u00edticas internas claras para garantir uma utiliza\u00e7\u00e3o respons\u00e1vel e segura destas tecnologias.<\/p>\n<hr data-start=\"2992\" data-end=\"2995\" \/>\n<p data-start=\"2997\" data-end=\"3058\"><strong data-start=\"2997\" data-end=\"3058\">Boas pr\u00e1ticas para proteger dados no ambiente de trabalho<\/strong><\/p>\n<p data-start=\"3060\" data-end=\"3198\">A cultura de ciberseguran\u00e7a come\u00e7a nos pequenos gestos do dia a dia. Na METRICA promovemos boas pr\u00e1ticas que ajudam a minimizar os riscos:<\/p>\n<p data-start=\"3200\" data-end=\"3790\">\ud83d\udd10 <strong data-start=\"3203\" data-end=\"3229\">Palavras-passe seguras<\/strong>: usar combina\u00e7\u00f5es de mai\u00fasculas, min\u00fasculas, n\u00fameros e s\u00edmbolos. N\u00e3o reutilizar.<br data-start=\"3310\" data-end=\"3313\" \/>\ud83d\udd10 <strong data-start=\"3316\" data-end=\"3343\">Autentica\u00e7\u00e3o multifator<\/strong>: essencial em e-mails corporativos e plataformas cr\u00edticas.<br data-start=\"3402\" data-end=\"3405\" \/>\ud83d\udd10 <strong data-start=\"3408\" data-end=\"3435\">Dispositivos protegidos<\/strong>: bloquear o computador ao ausentar-se e manter a secret\u00e1ria limpa.<br data-start=\"3502\" data-end=\"3505\" \/>\ud83d\udd10 <strong data-start=\"3508\" data-end=\"3529\">Gest\u00e3o de e-mails<\/strong>: evitar usar contas pessoais para assuntos profissionais e verificar os destinat\u00e1rios.<br data-start=\"3616\" data-end=\"3619\" \/>\ud83d\udd10 <strong data-start=\"3622\" data-end=\"3647\">Preven\u00e7\u00e3o de phishing<\/strong>: n\u00e3o abrir links ou anexos suspeitos.<br data-start=\"3685\" data-end=\"3688\" \/>\ud83d\udd10 <strong data-start=\"3691\" data-end=\"3715\">Comunica\u00e7\u00e3o imediata<\/strong>: perante qualquer incidente, contactar a equipa de IT ou o DPO sem demora.<\/p>\n<hr data-start=\"3792\" data-end=\"3795\" \/>\n<p data-start=\"3797\" data-end=\"3831\"><strong data-start=\"3797\" data-end=\"3831\">O nosso compromisso na METRICA<\/strong><\/p>\n<p data-start=\"3833\" data-end=\"4089\">Na METRICA, cumprimos rigorosamente o RGPD a n\u00edvel europeu e a LOPDGDD em Espanha. Para al\u00e9m disso, adaptamos as nossas pol\u00edticas e procedimentos \u00e0 legisla\u00e7\u00e3o de prote\u00e7\u00e3o de dados em cada um dos pa\u00edses onde operamos: Portugal, Chile, Peru e Estados Unidos.<\/p>\n<p data-start=\"4091\" data-end=\"4270\">Estamos comprometidos com uma transforma\u00e7\u00e3o digital respons\u00e1vel, onde a inova\u00e7\u00e3o tecnol\u00f3gica anda sempre de m\u00e3os dadas com a transpar\u00eancia, a integridade e a prote\u00e7\u00e3o das pessoas.<\/p>\n<hr data-start=\"4272\" data-end=\"4275\" \/>\n<p data-start=\"4277\" data-end=\"4486\">\ud83d\udcf2 Queres saber mais sobre como protegemos os dados ou como aplicar estas pr\u00e1ticas na tua organiza\u00e7\u00e3o?<br data-start=\"4379\" data-end=\"4382\" \/>Segue-nos nas redes sociais ou entra em contacto com a nossa equipa de compliance para mais informa\u00e7\u00f5es.<\/p>\n<p data-start=\"4488\" data-end=\"4561\" data-is-last-node=\"\" data-is-only-node=\"\"><strong data-start=\"4488\" data-end=\"4561\" data-is-last-node=\"\">Na METRICA, apostamos numa tecnologia respons\u00e1vel, \u00e9tica e protegida.<\/strong><\/p>\n","protected":false},"excerpt":{"rendered":"<p>Num contexto onde a informa\u00e7\u00e3o circula constantemente atrav\u00e9s de ferramentas digitais, cumprir com a legisla\u00e7\u00e3o de prote\u00e7\u00e3o de dados \u00e9 um compromisso com a seguran\u00e7a, a \u00e9tica e a confian\u00e7a<\/p>\n","protected":false},"author":2,"featured_media":12734,"comment_status":"open","ping_status":"open","sticky":false,"template":"","format":"standard","meta":{"content-type":"","footnotes":""},"categories":[1166,1472],"tags":[],"class_list":["post-12761","post","type-post","status-publish","format-standard","has-post-thumbnail","hentry","category-atualidade-pt","category-qualidade-pt"],"yoast_head":"<!-- This site is optimized with the Yoast SEO plugin v25.9 - https:\/\/yoast.com\/wordpress\/plugins\/seo\/ -->\n<title>A import\u00e2ncia da prote\u00e7\u00e3o de dados na METRICA - METRICA<\/title>\n<meta name=\"robots\" content=\"index, follow, max-snippet:-1, max-image-preview:large, max-video-preview:-1\" \/>\n<link rel=\"canonical\" href=\"https:\/\/www.metrica-global.com\/pt\/a-importancia-da-protecao-de-dados-na-metrica\/\" \/>\n<meta property=\"og:locale\" content=\"pt_PT\" \/>\n<meta property=\"og:type\" content=\"article\" \/>\n<meta property=\"og:title\" content=\"A import\u00e2ncia da prote\u00e7\u00e3o de dados na METRICA - METRICA\" \/>\n<meta property=\"og:description\" content=\"Num contexto onde a informa\u00e7\u00e3o circula constantemente atrav\u00e9s de ferramentas digitais, cumprir com a legisla\u00e7\u00e3o de prote\u00e7\u00e3o de dados \u00e9 um compromisso com a seguran\u00e7a, a \u00e9tica e a confian\u00e7a\" \/>\n<meta property=\"og:url\" content=\"https:\/\/www.metrica-global.com\/pt\/a-importancia-da-protecao-de-dados-na-metrica\/\" \/>\n<meta property=\"og:site_name\" content=\"METRICA\" \/>\n<meta property=\"article:published_time\" content=\"2025-07-10T09:14:15+00:00\" \/>\n<meta property=\"article:modified_time\" content=\"2025-08-04T09:18:12+00:00\" \/>\n<meta property=\"og:image\" content=\"https:\/\/www.metrica-global.com\/wp-content\/uploads\/2025\/08\/banner-rgpd.jpg\" \/>\n\t<meta property=\"og:image:width\" content=\"3456\" \/>\n\t<meta property=\"og:image:height\" content=\"1728\" \/>\n\t<meta property=\"og:image:type\" content=\"image\/jpeg\" \/>\n<meta name=\"author\" content=\"metrica\" \/>\n<meta name=\"twitter:card\" content=\"summary_large_image\" \/>\n<meta name=\"twitter:creator\" content=\"@desarrollo\" \/>\n<meta name=\"twitter:label1\" content=\"Written by\" \/>\n\t<meta name=\"twitter:data1\" content=\"metrica\" \/>\n\t<meta name=\"twitter:label2\" content=\"Est. reading time\" \/>\n\t<meta name=\"twitter:data2\" content=\"3 minutos\" \/>\n<script type=\"application\/ld+json\" class=\"yoast-schema-graph\">{\"@context\":\"https:\/\/schema.org\",\"@graph\":[{\"@type\":\"Article\",\"@id\":\"https:\/\/www.metrica-global.com\/pt\/a-importancia-da-protecao-de-dados-na-metrica\/#article\",\"isPartOf\":{\"@id\":\"https:\/\/www.metrica-global.com\/pt\/a-importancia-da-protecao-de-dados-na-metrica\/\"},\"author\":{\"name\":\"metrica\",\"@id\":\"https:\/\/www.metrica-global.com\/#\/schema\/person\/2f4208bdc63892f387a04f4106dd0fcb\"},\"headline\":\"A import\u00e2ncia da prote\u00e7\u00e3o de dados na METRICA\",\"datePublished\":\"2025-07-10T09:14:15+00:00\",\"dateModified\":\"2025-08-04T09:18:12+00:00\",\"mainEntityOfPage\":{\"@id\":\"https:\/\/www.metrica-global.com\/pt\/a-importancia-da-protecao-de-dados-na-metrica\/\"},\"wordCount\":688,\"commentCount\":0,\"publisher\":{\"@id\":\"https:\/\/www.metrica-global.com\/#organization\"},\"image\":{\"@id\":\"https:\/\/www.metrica-global.com\/pt\/a-importancia-da-protecao-de-dados-na-metrica\/#primaryimage\"},\"thumbnailUrl\":\"https:\/\/www.metrica-global.com\/wp-content\/uploads\/2025\/08\/banner-rgpd.jpg\",\"articleSection\":[\"Atualidade\",\"Qualidade\"],\"inLanguage\":\"pt-PT\",\"potentialAction\":[{\"@type\":\"CommentAction\",\"name\":\"Comment\",\"target\":[\"https:\/\/www.metrica-global.com\/pt\/a-importancia-da-protecao-de-dados-na-metrica\/#respond\"]}]},{\"@type\":\"WebPage\",\"@id\":\"https:\/\/www.metrica-global.com\/pt\/a-importancia-da-protecao-de-dados-na-metrica\/\",\"url\":\"https:\/\/www.metrica-global.com\/pt\/a-importancia-da-protecao-de-dados-na-metrica\/\",\"name\":\"A import\u00e2ncia da prote\u00e7\u00e3o de dados na METRICA - METRICA\",\"isPartOf\":{\"@id\":\"https:\/\/www.metrica-global.com\/#website\"},\"primaryImageOfPage\":{\"@id\":\"https:\/\/www.metrica-global.com\/pt\/a-importancia-da-protecao-de-dados-na-metrica\/#primaryimage\"},\"image\":{\"@id\":\"https:\/\/www.metrica-global.com\/pt\/a-importancia-da-protecao-de-dados-na-metrica\/#primaryimage\"},\"thumbnailUrl\":\"https:\/\/www.metrica-global.com\/wp-content\/uploads\/2025\/08\/banner-rgpd.jpg\",\"datePublished\":\"2025-07-10T09:14:15+00:00\",\"dateModified\":\"2025-08-04T09:18:12+00:00\",\"breadcrumb\":{\"@id\":\"https:\/\/www.metrica-global.com\/pt\/a-importancia-da-protecao-de-dados-na-metrica\/#breadcrumb\"},\"inLanguage\":\"pt-PT\",\"potentialAction\":[{\"@type\":\"ReadAction\",\"target\":[\"https:\/\/www.metrica-global.com\/pt\/a-importancia-da-protecao-de-dados-na-metrica\/\"]}]},{\"@type\":\"ImageObject\",\"inLanguage\":\"pt-PT\",\"@id\":\"https:\/\/www.metrica-global.com\/pt\/a-importancia-da-protecao-de-dados-na-metrica\/#primaryimage\",\"url\":\"https:\/\/www.metrica-global.com\/wp-content\/uploads\/2025\/08\/banner-rgpd.jpg\",\"contentUrl\":\"https:\/\/www.metrica-global.com\/wp-content\/uploads\/2025\/08\/banner-rgpd.jpg\",\"width\":3456,\"height\":1728,\"caption\":\"banner rgpd\"},{\"@type\":\"BreadcrumbList\",\"@id\":\"https:\/\/www.metrica-global.com\/pt\/a-importancia-da-protecao-de-dados-na-metrica\/#breadcrumb\",\"itemListElement\":[{\"@type\":\"ListItem\",\"position\":1,\"name\":\"Portada\",\"item\":\"https:\/\/www.metrica-global.com\/pt\/\"},{\"@type\":\"ListItem\",\"position\":2,\"name\":\"A import\u00e2ncia da prote\u00e7\u00e3o de dados na METRICA\"}]},{\"@type\":\"WebSite\",\"@id\":\"https:\/\/www.metrica-global.com\/#website\",\"url\":\"https:\/\/www.metrica-global.com\/\",\"name\":\"METRICA\",\"description\":\"Servicios Globales IT\",\"publisher\":{\"@id\":\"https:\/\/www.metrica-global.com\/#organization\"},\"potentialAction\":[{\"@type\":\"SearchAction\",\"target\":{\"@type\":\"EntryPoint\",\"urlTemplate\":\"https:\/\/www.metrica-global.com\/?s={search_term_string}\"},\"query-input\":{\"@type\":\"PropertyValueSpecification\",\"valueRequired\":true,\"valueName\":\"search_term_string\"}}],\"inLanguage\":\"pt-PT\"},{\"@type\":\"Organization\",\"@id\":\"https:\/\/www.metrica-global.com\/#organization\",\"name\":\"METRICA\",\"url\":\"https:\/\/www.metrica-global.com\/\",\"logo\":{\"@type\":\"ImageObject\",\"inLanguage\":\"pt-PT\",\"@id\":\"https:\/\/www.metrica-global.com\/#\/schema\/logo\/image\/\",\"url\":\"https:\/\/www.metrica-global.com\/wp-content\/uploads\/2023\/12\/logo-metrica.png\",\"contentUrl\":\"https:\/\/www.metrica-global.com\/wp-content\/uploads\/2023\/12\/logo-metrica.png\",\"width\":332,\"height\":58,\"caption\":\"METRICA\"},\"image\":{\"@id\":\"https:\/\/www.metrica-global.com\/#\/schema\/logo\/image\/\"}},{\"@type\":\"Person\",\"@id\":\"https:\/\/www.metrica-global.com\/#\/schema\/person\/2f4208bdc63892f387a04f4106dd0fcb\",\"name\":\"metrica\",\"image\":{\"@type\":\"ImageObject\",\"inLanguage\":\"pt-PT\",\"@id\":\"https:\/\/www.metrica-global.com\/#\/schema\/person\/image\/\",\"url\":\"https:\/\/secure.gravatar.com\/avatar\/735533d52394faf02a8736d8f477256b9fb421f39d81c48c55ea37c267061786?s=96&d=mm&r=g\",\"contentUrl\":\"https:\/\/secure.gravatar.com\/avatar\/735533d52394faf02a8736d8f477256b9fb421f39d81c48c55ea37c267061786?s=96&d=mm&r=g\",\"caption\":\"metrica\"},\"sameAs\":[\"https:\/\/x.com\/desarrollo\"],\"url\":\"https:\/\/www.metrica-global.com\/pt\/author\/metrica\/\"}]}<\/script>\n<!-- \/ Yoast SEO plugin. -->","yoast_head_json":{"title":"A import\u00e2ncia da prote\u00e7\u00e3o de dados na METRICA - METRICA","robots":{"index":"index","follow":"follow","max-snippet":"max-snippet:-1","max-image-preview":"max-image-preview:large","max-video-preview":"max-video-preview:-1"},"canonical":"https:\/\/www.metrica-global.com\/pt\/a-importancia-da-protecao-de-dados-na-metrica\/","og_locale":"pt_PT","og_type":"article","og_title":"A import\u00e2ncia da prote\u00e7\u00e3o de dados na METRICA - METRICA","og_description":"Num contexto onde a informa\u00e7\u00e3o circula constantemente atrav\u00e9s de ferramentas digitais, cumprir com a legisla\u00e7\u00e3o de prote\u00e7\u00e3o de dados \u00e9 um compromisso com a seguran\u00e7a, a \u00e9tica e a confian\u00e7a","og_url":"https:\/\/www.metrica-global.com\/pt\/a-importancia-da-protecao-de-dados-na-metrica\/","og_site_name":"METRICA","article_published_time":"2025-07-10T09:14:15+00:00","article_modified_time":"2025-08-04T09:18:12+00:00","og_image":[{"width":3456,"height":1728,"url":"https:\/\/www.metrica-global.com\/wp-content\/uploads\/2025\/08\/banner-rgpd.jpg","type":"image\/jpeg"}],"author":"metrica","twitter_card":"summary_large_image","twitter_creator":"@desarrollo","twitter_misc":{"Written by":"metrica","Est. reading time":"3 minutos"},"schema":{"@context":"https:\/\/schema.org","@graph":[{"@type":"Article","@id":"https:\/\/www.metrica-global.com\/pt\/a-importancia-da-protecao-de-dados-na-metrica\/#article","isPartOf":{"@id":"https:\/\/www.metrica-global.com\/pt\/a-importancia-da-protecao-de-dados-na-metrica\/"},"author":{"name":"metrica","@id":"https:\/\/www.metrica-global.com\/#\/schema\/person\/2f4208bdc63892f387a04f4106dd0fcb"},"headline":"A import\u00e2ncia da prote\u00e7\u00e3o de dados na METRICA","datePublished":"2025-07-10T09:14:15+00:00","dateModified":"2025-08-04T09:18:12+00:00","mainEntityOfPage":{"@id":"https:\/\/www.metrica-global.com\/pt\/a-importancia-da-protecao-de-dados-na-metrica\/"},"wordCount":688,"commentCount":0,"publisher":{"@id":"https:\/\/www.metrica-global.com\/#organization"},"image":{"@id":"https:\/\/www.metrica-global.com\/pt\/a-importancia-da-protecao-de-dados-na-metrica\/#primaryimage"},"thumbnailUrl":"https:\/\/www.metrica-global.com\/wp-content\/uploads\/2025\/08\/banner-rgpd.jpg","articleSection":["Atualidade","Qualidade"],"inLanguage":"pt-PT","potentialAction":[{"@type":"CommentAction","name":"Comment","target":["https:\/\/www.metrica-global.com\/pt\/a-importancia-da-protecao-de-dados-na-metrica\/#respond"]}]},{"@type":"WebPage","@id":"https:\/\/www.metrica-global.com\/pt\/a-importancia-da-protecao-de-dados-na-metrica\/","url":"https:\/\/www.metrica-global.com\/pt\/a-importancia-da-protecao-de-dados-na-metrica\/","name":"A import\u00e2ncia da prote\u00e7\u00e3o de dados na METRICA - METRICA","isPartOf":{"@id":"https:\/\/www.metrica-global.com\/#website"},"primaryImageOfPage":{"@id":"https:\/\/www.metrica-global.com\/pt\/a-importancia-da-protecao-de-dados-na-metrica\/#primaryimage"},"image":{"@id":"https:\/\/www.metrica-global.com\/pt\/a-importancia-da-protecao-de-dados-na-metrica\/#primaryimage"},"thumbnailUrl":"https:\/\/www.metrica-global.com\/wp-content\/uploads\/2025\/08\/banner-rgpd.jpg","datePublished":"2025-07-10T09:14:15+00:00","dateModified":"2025-08-04T09:18:12+00:00","breadcrumb":{"@id":"https:\/\/www.metrica-global.com\/pt\/a-importancia-da-protecao-de-dados-na-metrica\/#breadcrumb"},"inLanguage":"pt-PT","potentialAction":[{"@type":"ReadAction","target":["https:\/\/www.metrica-global.com\/pt\/a-importancia-da-protecao-de-dados-na-metrica\/"]}]},{"@type":"ImageObject","inLanguage":"pt-PT","@id":"https:\/\/www.metrica-global.com\/pt\/a-importancia-da-protecao-de-dados-na-metrica\/#primaryimage","url":"https:\/\/www.metrica-global.com\/wp-content\/uploads\/2025\/08\/banner-rgpd.jpg","contentUrl":"https:\/\/www.metrica-global.com\/wp-content\/uploads\/2025\/08\/banner-rgpd.jpg","width":3456,"height":1728,"caption":"banner rgpd"},{"@type":"BreadcrumbList","@id":"https:\/\/www.metrica-global.com\/pt\/a-importancia-da-protecao-de-dados-na-metrica\/#breadcrumb","itemListElement":[{"@type":"ListItem","position":1,"name":"Portada","item":"https:\/\/www.metrica-global.com\/pt\/"},{"@type":"ListItem","position":2,"name":"A import\u00e2ncia da prote\u00e7\u00e3o de dados na METRICA"}]},{"@type":"WebSite","@id":"https:\/\/www.metrica-global.com\/#website","url":"https:\/\/www.metrica-global.com\/","name":"METRICA","description":"Servicios Globales IT","publisher":{"@id":"https:\/\/www.metrica-global.com\/#organization"},"potentialAction":[{"@type":"SearchAction","target":{"@type":"EntryPoint","urlTemplate":"https:\/\/www.metrica-global.com\/?s={search_term_string}"},"query-input":{"@type":"PropertyValueSpecification","valueRequired":true,"valueName":"search_term_string"}}],"inLanguage":"pt-PT"},{"@type":"Organization","@id":"https:\/\/www.metrica-global.com\/#organization","name":"METRICA","url":"https:\/\/www.metrica-global.com\/","logo":{"@type":"ImageObject","inLanguage":"pt-PT","@id":"https:\/\/www.metrica-global.com\/#\/schema\/logo\/image\/","url":"https:\/\/www.metrica-global.com\/wp-content\/uploads\/2023\/12\/logo-metrica.png","contentUrl":"https:\/\/www.metrica-global.com\/wp-content\/uploads\/2023\/12\/logo-metrica.png","width":332,"height":58,"caption":"METRICA"},"image":{"@id":"https:\/\/www.metrica-global.com\/#\/schema\/logo\/image\/"}},{"@type":"Person","@id":"https:\/\/www.metrica-global.com\/#\/schema\/person\/2f4208bdc63892f387a04f4106dd0fcb","name":"metrica","image":{"@type":"ImageObject","inLanguage":"pt-PT","@id":"https:\/\/www.metrica-global.com\/#\/schema\/person\/image\/","url":"https:\/\/secure.gravatar.com\/avatar\/735533d52394faf02a8736d8f477256b9fb421f39d81c48c55ea37c267061786?s=96&d=mm&r=g","contentUrl":"https:\/\/secure.gravatar.com\/avatar\/735533d52394faf02a8736d8f477256b9fb421f39d81c48c55ea37c267061786?s=96&d=mm&r=g","caption":"metrica"},"sameAs":["https:\/\/x.com\/desarrollo"],"url":"https:\/\/www.metrica-global.com\/pt\/author\/metrica\/"}]}},"_links":{"self":[{"href":"https:\/\/www.metrica-global.com\/pt\/wp-json\/wp\/v2\/posts\/12761","targetHints":{"allow":["GET"]}}],"collection":[{"href":"https:\/\/www.metrica-global.com\/pt\/wp-json\/wp\/v2\/posts"}],"about":[{"href":"https:\/\/www.metrica-global.com\/pt\/wp-json\/wp\/v2\/types\/post"}],"author":[{"embeddable":true,"href":"https:\/\/www.metrica-global.com\/pt\/wp-json\/wp\/v2\/users\/2"}],"replies":[{"embeddable":true,"href":"https:\/\/www.metrica-global.com\/pt\/wp-json\/wp\/v2\/comments?post=12761"}],"version-history":[{"count":1,"href":"https:\/\/www.metrica-global.com\/pt\/wp-json\/wp\/v2\/posts\/12761\/revisions"}],"predecessor-version":[{"id":12763,"href":"https:\/\/www.metrica-global.com\/pt\/wp-json\/wp\/v2\/posts\/12761\/revisions\/12763"}],"wp:featuredmedia":[{"embeddable":true,"href":"https:\/\/www.metrica-global.com\/pt\/wp-json\/wp\/v2\/media\/12734"}],"wp:attachment":[{"href":"https:\/\/www.metrica-global.com\/pt\/wp-json\/wp\/v2\/media?parent=12761"}],"wp:term":[{"taxonomy":"category","embeddable":true,"href":"https:\/\/www.metrica-global.com\/pt\/wp-json\/wp\/v2\/categories?post=12761"},{"taxonomy":"post_tag","embeddable":true,"href":"https:\/\/www.metrica-global.com\/pt\/wp-json\/wp\/v2\/tags?post=12761"}],"curies":[{"name":"wp","href":"https:\/\/api.w.org\/{rel}","templated":true}]}}