{"id":12764,"date":"2025-07-07T11:18:19","date_gmt":"2025-07-07T09:18:19","guid":{"rendered":"https:\/\/www.metrica-global.com\/?p=12764"},"modified":"2025-08-04T11:29:16","modified_gmt":"2025-08-04T09:29:16","slug":"ciberseguranca-nas-ferias-protege-a-tua-identidade-digital-este-verao","status":"publish","type":"post","link":"https:\/\/www.metrica-global.com\/pt\/ciberseguranca-nas-ferias-protege-a-tua-identidade-digital-este-verao\/","title":{"rendered":"Ciberseguran\u00e7a nas f\u00e9rias: protege a tua identidade digital este ver\u00e3o"},"content":{"rendered":"<p data-start=\"431\" data-end=\"853\">O ver\u00e3o \u00e9 tempo de descanso, viagens e desconex\u00e3o. No entanto, \u00e9 tamb\u00e9m uma das \u00e9pocas do ano com maior atividade por parte dos cibercriminosos. Enquanto as pessoas baixam a guarda, os riscos de sofrer um ciberataque aumentam consideravelmente. Neste artigo, a METRICA explica por que raz\u00e3o \u00e9 fundamental estar atento \u00e0 ciberseguran\u00e7a nas f\u00e9rias e o que podes fazer para proteger a tua identidade digital e o teu dinheiro.<\/p>\n<hr data-start=\"855\" data-end=\"858\" \/>\n<p data-start=\"860\" data-end=\"909\"><strong data-start=\"860\" data-end=\"909\">Porque aumentam as fraudes digitais no ver\u00e3o?<\/strong><\/p>\n<p data-start=\"911\" data-end=\"957\">Durante as f\u00e9rias, \u00e9 comum que muitas pessoas:<\/p>\n<ul data-start=\"959\" data-end=\"1173\">\n<li data-start=\"959\" data-end=\"1002\">\n<p data-start=\"961\" data-end=\"1002\">Fa\u00e7am reservas de hot\u00e9is e voos online;<\/p>\n<\/li>\n<li data-start=\"1003\" data-end=\"1050\">\n<p data-start=\"1005\" data-end=\"1050\">Acedam a redes Wi-Fi p\u00fablicas sem prote\u00e7\u00e3o;<\/p>\n<\/li>\n<li data-start=\"1051\" data-end=\"1101\">\n<p data-start=\"1053\" data-end=\"1101\">Realizem compras online a partir do telem\u00f3vel;<\/p>\n<\/li>\n<li data-start=\"1102\" data-end=\"1173\">\n<p data-start=\"1104\" data-end=\"1173\">Partilhem a sua localiza\u00e7\u00e3o ou documentos pessoais nas redes sociais.<\/p>\n<\/li>\n<\/ul>\n<p data-start=\"1175\" data-end=\"1325\">Estas a\u00e7\u00f5es, apesar de frequentes, podem abrir a porta a ataques como phishing, smishing, roubo de dados banc\u00e1rios ou sequestro de informa\u00e7\u00e3o pessoal.<\/p>\n<p data-start=\"1327\" data-end=\"1459\">Relat\u00f3rios recentes de seguran\u00e7a indicam que no ver\u00e3o aumenta significativamente o n\u00famero de fraudes digitais, sendo as mais comuns:<\/p>\n<ul data-start=\"1461\" data-end=\"1672\">\n<li data-start=\"1461\" data-end=\"1516\">\n<p data-start=\"1463\" data-end=\"1516\">Sites falsos de reservas (hot\u00e9is, voos, alugueres);<\/p>\n<\/li>\n<li data-start=\"1517\" data-end=\"1563\">\n<p data-start=\"1519\" data-end=\"1563\">C\u00f3digos QR maliciosos em zonas tur\u00edsticas;<\/p>\n<\/li>\n<li data-start=\"1564\" data-end=\"1621\">\n<p data-start=\"1566\" data-end=\"1621\">E-mails ou SMS fraudulentos com promo\u00e7\u00f5es ou ofertas;<\/p>\n<\/li>\n<li data-start=\"1622\" data-end=\"1672\">\n<p data-start=\"1624\" data-end=\"1672\">Redes Wi-Fi abertas que capturam dados pessoais.<\/p>\n<\/li>\n<\/ul>\n<hr data-start=\"1674\" data-end=\"1677\" \/>\n<p data-start=\"1679\" data-end=\"1738\"><strong data-start=\"1679\" data-end=\"1738\">Dicas para proteger a tua identidade digital nas f\u00e9rias<\/strong><\/p>\n<p data-start=\"1740\" data-end=\"1851\">Para desfrutares de umas f\u00e9rias seguras e sem surpresas desagrad\u00e1veis, recomendamos seguir estas boas pr\u00e1ticas:<\/p>\n<p data-start=\"1853\" data-end=\"2000\"><strong data-start=\"1853\" data-end=\"1902\">1. Ativa a autentica\u00e7\u00e3o de dois fatores (2FA)<\/strong><br data-start=\"1902\" data-end=\"1905\" \/>Protege as tuas contas com uma segunda camada de seguran\u00e7a para evitar acessos n\u00e3o autorizados.<\/p>\n<p data-start=\"2002\" data-end=\"2135\"><strong data-start=\"2002\" data-end=\"2044\">2. Desconfia de ofertas demasiado boas<\/strong><br data-start=\"2044\" data-end=\"2047\" \/>Se parece bom demais para ser verdade, provavelmente \u00e9. Evita clicar em links suspeitos.<\/p>\n<p data-start=\"2137\" data-end=\"2331\"><strong data-start=\"2137\" data-end=\"2170\">3. Evita redes Wi-Fi p\u00fablicas<\/strong><br data-start=\"2170\" data-end=\"2173\" \/>Principalmente se vais fazer pagamentos, aceder ao homebanking ou introduzir palavras-passe. Se precisares de liga\u00e7\u00e3o, utiliza uma VPN (rede privada virtual).<\/p>\n<p data-start=\"2333\" data-end=\"2472\"><strong data-start=\"2333\" data-end=\"2371\">4. Verifica sempre o URL dos sites<\/strong><br data-start=\"2371\" data-end=\"2374\" \/>Confirma que a liga\u00e7\u00e3o \u00e9 oficial e segura (https:\/\/) antes de introduzires qualquer dado sens\u00edvel.<\/p>\n<p data-start=\"2474\" data-end=\"2646\"><strong data-start=\"2474\" data-end=\"2524\">5. Protege a tua privacidade nas redes sociais<\/strong><br data-start=\"2524\" data-end=\"2527\" \/>Evita publicar a tua localiza\u00e7\u00e3o em tempo real ou fotos de documentos pessoais como passaportes ou cart\u00f5es de embarque.<\/p>\n<hr data-start=\"2648\" data-end=\"2651\" \/>\n<p data-start=\"2653\" data-end=\"2702\"><strong data-start=\"2653\" data-end=\"2702\">A ciberseguran\u00e7a tamb\u00e9m vai de f\u00e9rias contigo<\/strong><\/p>\n<p data-start=\"2704\" data-end=\"2965\">Na METRICA acreditamos que a sensibiliza\u00e7\u00e3o digital \u00e9 uma ferramenta essencial para prevenir riscos e proteger tanto a vida pessoal como a profissional. Apostamos numa cultura organizacional que integra a preven\u00e7\u00e3o em ciberseguran\u00e7a como parte da rotina di\u00e1ria.<\/p>\n<p data-start=\"2967\" data-end=\"3097\">\ud83d\udc49 No nosso perfil de Instagram podes encontrar um v\u00eddeo resumo com estas dicas para partilhares com amigos, colegas e familiares.<\/p>\n<p data-start=\"3099\" data-end=\"3234\">Este ver\u00e3o, protege os teus dados como proteges a tua bagagem. Porque a tua identidade digital tamb\u00e9m merece f\u00e9rias em seguran\u00e7a. \ud83e\uddf3\ud83d\udee1\ufe0f<\/p>\n<hr data-start=\"3236\" data-end=\"3239\" \/>\n<p data-start=\"3241\" data-end=\"3482\" data-is-last-node=\"\" data-is-only-node=\"\"><strong data-start=\"3241\" data-end=\"3362\">Queres saber mais sobre como proteger os teus dados pessoais ou implementar medidas de ciberseguran\u00e7a na tua empresa?<\/strong><br data-start=\"3362\" data-end=\"3365\" \/>Na METRICA dispomos de solu\u00e7\u00f5es e especialistas que te podem ajudar a refor\u00e7ar a tua estrat\u00e9gia de seguran\u00e7a digital.<\/p>\n","protected":false},"excerpt":{"rendered":"<p>Desde a METRICA, partilhamos contigo porque \u00e9 essencial dar aten\u00e7\u00e3o \u00e0 ciberseguran\u00e7a durante as f\u00e9rias e que medidas podes adotar para proteger a tua identidade digital e o teu dinheiro.<\/p>\n","protected":false},"author":2,"featured_media":12748,"comment_status":"open","ping_status":"open","sticky":false,"template":"","format":"standard","meta":{"content-type":"","footnotes":""},"categories":[1166,1472],"tags":[],"class_list":["post-12764","post","type-post","status-publish","format-standard","has-post-thumbnail","hentry","category-atualidade-pt","category-qualidade-pt"],"yoast_head":"<!-- This site is optimized with the Yoast SEO plugin v25.9 - https:\/\/yoast.com\/wordpress\/plugins\/seo\/ -->\n<title>Ciberseguran\u00e7a nas f\u00e9rias: protege a tua identidade digital este ver\u00e3o - METRICA<\/title>\n<meta name=\"robots\" content=\"index, follow, max-snippet:-1, max-image-preview:large, max-video-preview:-1\" \/>\n<link rel=\"canonical\" href=\"https:\/\/www.metrica-global.com\/pt\/ciberseguranca-nas-ferias-protege-a-tua-identidade-digital-este-verao\/\" \/>\n<meta property=\"og:locale\" content=\"pt_PT\" \/>\n<meta property=\"og:type\" content=\"article\" \/>\n<meta property=\"og:title\" content=\"Ciberseguran\u00e7a nas f\u00e9rias: protege a tua identidade digital este ver\u00e3o - METRICA\" \/>\n<meta property=\"og:description\" content=\"Desde a METRICA, partilhamos contigo porque \u00e9 essencial dar aten\u00e7\u00e3o \u00e0 ciberseguran\u00e7a durante as f\u00e9rias e que medidas podes adotar para proteger a tua identidade digital e o teu dinheiro.\" \/>\n<meta property=\"og:url\" content=\"https:\/\/www.metrica-global.com\/pt\/ciberseguranca-nas-ferias-protege-a-tua-identidade-digital-este-verao\/\" \/>\n<meta property=\"og:site_name\" content=\"METRICA\" \/>\n<meta property=\"article:published_time\" content=\"2025-07-07T09:18:19+00:00\" \/>\n<meta property=\"article:modified_time\" content=\"2025-08-04T09:29:16+00:00\" \/>\n<meta property=\"og:image\" content=\"https:\/\/www.metrica-global.com\/wp-content\/uploads\/2025\/07\/banner-ciber-vacas-1.jpg\" \/>\n\t<meta property=\"og:image:width\" content=\"3456\" \/>\n\t<meta property=\"og:image:height\" content=\"1728\" \/>\n\t<meta property=\"og:image:type\" content=\"image\/jpeg\" \/>\n<meta name=\"author\" content=\"metrica\" \/>\n<meta name=\"twitter:card\" content=\"summary_large_image\" \/>\n<meta name=\"twitter:creator\" content=\"@desarrollo\" \/>\n<meta name=\"twitter:label1\" content=\"Written by\" \/>\n\t<meta name=\"twitter:data1\" content=\"metrica\" \/>\n\t<meta name=\"twitter:label2\" content=\"Est. reading time\" \/>\n\t<meta name=\"twitter:data2\" content=\"3 minutos\" \/>\n<script type=\"application\/ld+json\" class=\"yoast-schema-graph\">{\"@context\":\"https:\/\/schema.org\",\"@graph\":[{\"@type\":\"Article\",\"@id\":\"https:\/\/www.metrica-global.com\/pt\/ciberseguranca-nas-ferias-protege-a-tua-identidade-digital-este-verao\/#article\",\"isPartOf\":{\"@id\":\"https:\/\/www.metrica-global.com\/pt\/ciberseguranca-nas-ferias-protege-a-tua-identidade-digital-este-verao\/\"},\"author\":{\"name\":\"metrica\",\"@id\":\"https:\/\/www.metrica-global.com\/#\/schema\/person\/2f4208bdc63892f387a04f4106dd0fcb\"},\"headline\":\"Ciberseguran\u00e7a nas f\u00e9rias: protege a tua identidade digital este ver\u00e3o\",\"datePublished\":\"2025-07-07T09:18:19+00:00\",\"dateModified\":\"2025-08-04T09:29:16+00:00\",\"mainEntityOfPage\":{\"@id\":\"https:\/\/www.metrica-global.com\/pt\/ciberseguranca-nas-ferias-protege-a-tua-identidade-digital-este-verao\/\"},\"wordCount\":506,\"commentCount\":0,\"publisher\":{\"@id\":\"https:\/\/www.metrica-global.com\/#organization\"},\"image\":{\"@id\":\"https:\/\/www.metrica-global.com\/pt\/ciberseguranca-nas-ferias-protege-a-tua-identidade-digital-este-verao\/#primaryimage\"},\"thumbnailUrl\":\"https:\/\/www.metrica-global.com\/wp-content\/uploads\/2025\/07\/banner-ciber-vacas-1.jpg\",\"articleSection\":[\"Atualidade\",\"Qualidade\"],\"inLanguage\":\"pt-PT\",\"potentialAction\":[{\"@type\":\"CommentAction\",\"name\":\"Comment\",\"target\":[\"https:\/\/www.metrica-global.com\/pt\/ciberseguranca-nas-ferias-protege-a-tua-identidade-digital-este-verao\/#respond\"]}]},{\"@type\":\"WebPage\",\"@id\":\"https:\/\/www.metrica-global.com\/pt\/ciberseguranca-nas-ferias-protege-a-tua-identidade-digital-este-verao\/\",\"url\":\"https:\/\/www.metrica-global.com\/pt\/ciberseguranca-nas-ferias-protege-a-tua-identidade-digital-este-verao\/\",\"name\":\"Ciberseguran\u00e7a nas f\u00e9rias: protege a tua identidade digital este ver\u00e3o - METRICA\",\"isPartOf\":{\"@id\":\"https:\/\/www.metrica-global.com\/#website\"},\"primaryImageOfPage\":{\"@id\":\"https:\/\/www.metrica-global.com\/pt\/ciberseguranca-nas-ferias-protege-a-tua-identidade-digital-este-verao\/#primaryimage\"},\"image\":{\"@id\":\"https:\/\/www.metrica-global.com\/pt\/ciberseguranca-nas-ferias-protege-a-tua-identidade-digital-este-verao\/#primaryimage\"},\"thumbnailUrl\":\"https:\/\/www.metrica-global.com\/wp-content\/uploads\/2025\/07\/banner-ciber-vacas-1.jpg\",\"datePublished\":\"2025-07-07T09:18:19+00:00\",\"dateModified\":\"2025-08-04T09:29:16+00:00\",\"breadcrumb\":{\"@id\":\"https:\/\/www.metrica-global.com\/pt\/ciberseguranca-nas-ferias-protege-a-tua-identidade-digital-este-verao\/#breadcrumb\"},\"inLanguage\":\"pt-PT\",\"potentialAction\":[{\"@type\":\"ReadAction\",\"target\":[\"https:\/\/www.metrica-global.com\/pt\/ciberseguranca-nas-ferias-protege-a-tua-identidade-digital-este-verao\/\"]}]},{\"@type\":\"ImageObject\",\"inLanguage\":\"pt-PT\",\"@id\":\"https:\/\/www.metrica-global.com\/pt\/ciberseguranca-nas-ferias-protege-a-tua-identidade-digital-este-verao\/#primaryimage\",\"url\":\"https:\/\/www.metrica-global.com\/wp-content\/uploads\/2025\/07\/banner-ciber-vacas-1.jpg\",\"contentUrl\":\"https:\/\/www.metrica-global.com\/wp-content\/uploads\/2025\/07\/banner-ciber-vacas-1.jpg\",\"width\":3456,\"height\":1728},{\"@type\":\"BreadcrumbList\",\"@id\":\"https:\/\/www.metrica-global.com\/pt\/ciberseguranca-nas-ferias-protege-a-tua-identidade-digital-este-verao\/#breadcrumb\",\"itemListElement\":[{\"@type\":\"ListItem\",\"position\":1,\"name\":\"Portada\",\"item\":\"https:\/\/www.metrica-global.com\/pt\/\"},{\"@type\":\"ListItem\",\"position\":2,\"name\":\"Ciberseguran\u00e7a nas f\u00e9rias: protege a tua identidade digital este ver\u00e3o\"}]},{\"@type\":\"WebSite\",\"@id\":\"https:\/\/www.metrica-global.com\/#website\",\"url\":\"https:\/\/www.metrica-global.com\/\",\"name\":\"METRICA\",\"description\":\"Servicios Globales IT\",\"publisher\":{\"@id\":\"https:\/\/www.metrica-global.com\/#organization\"},\"potentialAction\":[{\"@type\":\"SearchAction\",\"target\":{\"@type\":\"EntryPoint\",\"urlTemplate\":\"https:\/\/www.metrica-global.com\/?s={search_term_string}\"},\"query-input\":{\"@type\":\"PropertyValueSpecification\",\"valueRequired\":true,\"valueName\":\"search_term_string\"}}],\"inLanguage\":\"pt-PT\"},{\"@type\":\"Organization\",\"@id\":\"https:\/\/www.metrica-global.com\/#organization\",\"name\":\"METRICA\",\"url\":\"https:\/\/www.metrica-global.com\/\",\"logo\":{\"@type\":\"ImageObject\",\"inLanguage\":\"pt-PT\",\"@id\":\"https:\/\/www.metrica-global.com\/#\/schema\/logo\/image\/\",\"url\":\"https:\/\/www.metrica-global.com\/wp-content\/uploads\/2023\/12\/logo-metrica.png\",\"contentUrl\":\"https:\/\/www.metrica-global.com\/wp-content\/uploads\/2023\/12\/logo-metrica.png\",\"width\":332,\"height\":58,\"caption\":\"METRICA\"},\"image\":{\"@id\":\"https:\/\/www.metrica-global.com\/#\/schema\/logo\/image\/\"}},{\"@type\":\"Person\",\"@id\":\"https:\/\/www.metrica-global.com\/#\/schema\/person\/2f4208bdc63892f387a04f4106dd0fcb\",\"name\":\"metrica\",\"image\":{\"@type\":\"ImageObject\",\"inLanguage\":\"pt-PT\",\"@id\":\"https:\/\/www.metrica-global.com\/#\/schema\/person\/image\/\",\"url\":\"https:\/\/secure.gravatar.com\/avatar\/735533d52394faf02a8736d8f477256b9fb421f39d81c48c55ea37c267061786?s=96&d=mm&r=g\",\"contentUrl\":\"https:\/\/secure.gravatar.com\/avatar\/735533d52394faf02a8736d8f477256b9fb421f39d81c48c55ea37c267061786?s=96&d=mm&r=g\",\"caption\":\"metrica\"},\"sameAs\":[\"https:\/\/x.com\/desarrollo\"],\"url\":\"https:\/\/www.metrica-global.com\/pt\/author\/metrica\/\"}]}<\/script>\n<!-- \/ Yoast SEO plugin. -->","yoast_head_json":{"title":"Ciberseguran\u00e7a nas f\u00e9rias: protege a tua identidade digital este ver\u00e3o - METRICA","robots":{"index":"index","follow":"follow","max-snippet":"max-snippet:-1","max-image-preview":"max-image-preview:large","max-video-preview":"max-video-preview:-1"},"canonical":"https:\/\/www.metrica-global.com\/pt\/ciberseguranca-nas-ferias-protege-a-tua-identidade-digital-este-verao\/","og_locale":"pt_PT","og_type":"article","og_title":"Ciberseguran\u00e7a nas f\u00e9rias: protege a tua identidade digital este ver\u00e3o - METRICA","og_description":"Desde a METRICA, partilhamos contigo porque \u00e9 essencial dar aten\u00e7\u00e3o \u00e0 ciberseguran\u00e7a durante as f\u00e9rias e que medidas podes adotar para proteger a tua identidade digital e o teu dinheiro.","og_url":"https:\/\/www.metrica-global.com\/pt\/ciberseguranca-nas-ferias-protege-a-tua-identidade-digital-este-verao\/","og_site_name":"METRICA","article_published_time":"2025-07-07T09:18:19+00:00","article_modified_time":"2025-08-04T09:29:16+00:00","og_image":[{"width":3456,"height":1728,"url":"https:\/\/www.metrica-global.com\/wp-content\/uploads\/2025\/07\/banner-ciber-vacas-1.jpg","type":"image\/jpeg"}],"author":"metrica","twitter_card":"summary_large_image","twitter_creator":"@desarrollo","twitter_misc":{"Written by":"metrica","Est. reading time":"3 minutos"},"schema":{"@context":"https:\/\/schema.org","@graph":[{"@type":"Article","@id":"https:\/\/www.metrica-global.com\/pt\/ciberseguranca-nas-ferias-protege-a-tua-identidade-digital-este-verao\/#article","isPartOf":{"@id":"https:\/\/www.metrica-global.com\/pt\/ciberseguranca-nas-ferias-protege-a-tua-identidade-digital-este-verao\/"},"author":{"name":"metrica","@id":"https:\/\/www.metrica-global.com\/#\/schema\/person\/2f4208bdc63892f387a04f4106dd0fcb"},"headline":"Ciberseguran\u00e7a nas f\u00e9rias: protege a tua identidade digital este ver\u00e3o","datePublished":"2025-07-07T09:18:19+00:00","dateModified":"2025-08-04T09:29:16+00:00","mainEntityOfPage":{"@id":"https:\/\/www.metrica-global.com\/pt\/ciberseguranca-nas-ferias-protege-a-tua-identidade-digital-este-verao\/"},"wordCount":506,"commentCount":0,"publisher":{"@id":"https:\/\/www.metrica-global.com\/#organization"},"image":{"@id":"https:\/\/www.metrica-global.com\/pt\/ciberseguranca-nas-ferias-protege-a-tua-identidade-digital-este-verao\/#primaryimage"},"thumbnailUrl":"https:\/\/www.metrica-global.com\/wp-content\/uploads\/2025\/07\/banner-ciber-vacas-1.jpg","articleSection":["Atualidade","Qualidade"],"inLanguage":"pt-PT","potentialAction":[{"@type":"CommentAction","name":"Comment","target":["https:\/\/www.metrica-global.com\/pt\/ciberseguranca-nas-ferias-protege-a-tua-identidade-digital-este-verao\/#respond"]}]},{"@type":"WebPage","@id":"https:\/\/www.metrica-global.com\/pt\/ciberseguranca-nas-ferias-protege-a-tua-identidade-digital-este-verao\/","url":"https:\/\/www.metrica-global.com\/pt\/ciberseguranca-nas-ferias-protege-a-tua-identidade-digital-este-verao\/","name":"Ciberseguran\u00e7a nas f\u00e9rias: protege a tua identidade digital este ver\u00e3o - METRICA","isPartOf":{"@id":"https:\/\/www.metrica-global.com\/#website"},"primaryImageOfPage":{"@id":"https:\/\/www.metrica-global.com\/pt\/ciberseguranca-nas-ferias-protege-a-tua-identidade-digital-este-verao\/#primaryimage"},"image":{"@id":"https:\/\/www.metrica-global.com\/pt\/ciberseguranca-nas-ferias-protege-a-tua-identidade-digital-este-verao\/#primaryimage"},"thumbnailUrl":"https:\/\/www.metrica-global.com\/wp-content\/uploads\/2025\/07\/banner-ciber-vacas-1.jpg","datePublished":"2025-07-07T09:18:19+00:00","dateModified":"2025-08-04T09:29:16+00:00","breadcrumb":{"@id":"https:\/\/www.metrica-global.com\/pt\/ciberseguranca-nas-ferias-protege-a-tua-identidade-digital-este-verao\/#breadcrumb"},"inLanguage":"pt-PT","potentialAction":[{"@type":"ReadAction","target":["https:\/\/www.metrica-global.com\/pt\/ciberseguranca-nas-ferias-protege-a-tua-identidade-digital-este-verao\/"]}]},{"@type":"ImageObject","inLanguage":"pt-PT","@id":"https:\/\/www.metrica-global.com\/pt\/ciberseguranca-nas-ferias-protege-a-tua-identidade-digital-este-verao\/#primaryimage","url":"https:\/\/www.metrica-global.com\/wp-content\/uploads\/2025\/07\/banner-ciber-vacas-1.jpg","contentUrl":"https:\/\/www.metrica-global.com\/wp-content\/uploads\/2025\/07\/banner-ciber-vacas-1.jpg","width":3456,"height":1728},{"@type":"BreadcrumbList","@id":"https:\/\/www.metrica-global.com\/pt\/ciberseguranca-nas-ferias-protege-a-tua-identidade-digital-este-verao\/#breadcrumb","itemListElement":[{"@type":"ListItem","position":1,"name":"Portada","item":"https:\/\/www.metrica-global.com\/pt\/"},{"@type":"ListItem","position":2,"name":"Ciberseguran\u00e7a nas f\u00e9rias: protege a tua identidade digital este ver\u00e3o"}]},{"@type":"WebSite","@id":"https:\/\/www.metrica-global.com\/#website","url":"https:\/\/www.metrica-global.com\/","name":"METRICA","description":"Servicios Globales IT","publisher":{"@id":"https:\/\/www.metrica-global.com\/#organization"},"potentialAction":[{"@type":"SearchAction","target":{"@type":"EntryPoint","urlTemplate":"https:\/\/www.metrica-global.com\/?s={search_term_string}"},"query-input":{"@type":"PropertyValueSpecification","valueRequired":true,"valueName":"search_term_string"}}],"inLanguage":"pt-PT"},{"@type":"Organization","@id":"https:\/\/www.metrica-global.com\/#organization","name":"METRICA","url":"https:\/\/www.metrica-global.com\/","logo":{"@type":"ImageObject","inLanguage":"pt-PT","@id":"https:\/\/www.metrica-global.com\/#\/schema\/logo\/image\/","url":"https:\/\/www.metrica-global.com\/wp-content\/uploads\/2023\/12\/logo-metrica.png","contentUrl":"https:\/\/www.metrica-global.com\/wp-content\/uploads\/2023\/12\/logo-metrica.png","width":332,"height":58,"caption":"METRICA"},"image":{"@id":"https:\/\/www.metrica-global.com\/#\/schema\/logo\/image\/"}},{"@type":"Person","@id":"https:\/\/www.metrica-global.com\/#\/schema\/person\/2f4208bdc63892f387a04f4106dd0fcb","name":"metrica","image":{"@type":"ImageObject","inLanguage":"pt-PT","@id":"https:\/\/www.metrica-global.com\/#\/schema\/person\/image\/","url":"https:\/\/secure.gravatar.com\/avatar\/735533d52394faf02a8736d8f477256b9fb421f39d81c48c55ea37c267061786?s=96&d=mm&r=g","contentUrl":"https:\/\/secure.gravatar.com\/avatar\/735533d52394faf02a8736d8f477256b9fb421f39d81c48c55ea37c267061786?s=96&d=mm&r=g","caption":"metrica"},"sameAs":["https:\/\/x.com\/desarrollo"],"url":"https:\/\/www.metrica-global.com\/pt\/author\/metrica\/"}]}},"_links":{"self":[{"href":"https:\/\/www.metrica-global.com\/pt\/wp-json\/wp\/v2\/posts\/12764","targetHints":{"allow":["GET"]}}],"collection":[{"href":"https:\/\/www.metrica-global.com\/pt\/wp-json\/wp\/v2\/posts"}],"about":[{"href":"https:\/\/www.metrica-global.com\/pt\/wp-json\/wp\/v2\/types\/post"}],"author":[{"embeddable":true,"href":"https:\/\/www.metrica-global.com\/pt\/wp-json\/wp\/v2\/users\/2"}],"replies":[{"embeddable":true,"href":"https:\/\/www.metrica-global.com\/pt\/wp-json\/wp\/v2\/comments?post=12764"}],"version-history":[{"count":1,"href":"https:\/\/www.metrica-global.com\/pt\/wp-json\/wp\/v2\/posts\/12764\/revisions"}],"predecessor-version":[{"id":12765,"href":"https:\/\/www.metrica-global.com\/pt\/wp-json\/wp\/v2\/posts\/12764\/revisions\/12765"}],"wp:featuredmedia":[{"embeddable":true,"href":"https:\/\/www.metrica-global.com\/pt\/wp-json\/wp\/v2\/media\/12748"}],"wp:attachment":[{"href":"https:\/\/www.metrica-global.com\/pt\/wp-json\/wp\/v2\/media?parent=12764"}],"wp:term":[{"taxonomy":"category","embeddable":true,"href":"https:\/\/www.metrica-global.com\/pt\/wp-json\/wp\/v2\/categories?post=12764"},{"taxonomy":"post_tag","embeddable":true,"href":"https:\/\/www.metrica-global.com\/pt\/wp-json\/wp\/v2\/tags?post=12764"}],"curies":[{"name":"wp","href":"https:\/\/api.w.org\/{rel}","templated":true}]}}