{"id":12768,"date":"2025-06-24T11:33:35","date_gmt":"2025-06-24T09:33:35","guid":{"rendered":"https:\/\/www.metrica-global.com\/?p=12768"},"modified":"2025-08-04T11:37:36","modified_gmt":"2025-08-04T09:37:36","slug":"assim-foi-a-experiencia-dos-nossos-alunos-no-metrica-lab","status":"publish","type":"post","link":"https:\/\/www.metrica-global.com\/pt\/assim-foi-a-experiencia-dos-nossos-alunos-no-metrica-lab\/","title":{"rendered":"Assim foi a experi\u00eancia dos nossos alunos no METRICA LAB"},"content":{"rendered":"<p data-start=\"395\" data-end=\"628\">Na METRICA continuamos a apostar no talento jovem. Por isso, um dos nossos compromissos mais s\u00f3lidos \u00e9 oferecer experi\u00eancias reais de aprendizagem atrav\u00e9s do METRICA LAB \u2014 o nosso programa de est\u00e1gios formativos no setor tecnol\u00f3gico.<\/p>\n<p data-start=\"630\" data-end=\"974\">Ao longo dos \u00faltimos meses, v\u00e1rios alunos participaram numa nova edi\u00e7\u00e3o do METRICA LAB. Hoje, ap\u00f3s conclu\u00edrem o seu est\u00e1gio, partilham connosco a sua perspetiva sobre a experi\u00eancia vivida, o impacto no seu desenvolvimento profissional e porque consideram que este tipo de iniciativa \u00e9 essencial para dar o salto para o mundo profissional em IT.<\/p>\n<hr data-start=\"976\" data-end=\"979\" \/>\n<p data-start=\"981\" data-end=\"1045\"><strong data-start=\"981\" data-end=\"1045\">Um ambiente profissional e humano que potencia o crescimento<\/strong><\/p>\n<p data-start=\"1047\" data-end=\"1441\">Um dos aspetos mais valorizados pelos participantes foi o ambiente de trabalho na METRICA. Descrevem-no como pr\u00f3ximo, colaborativo e enriquecedor, onde se sentiram acompanhados em todas as fases do processo de aprendizagem. A integra\u00e7\u00e3o em equipas reais permitiu-lhes perceber como se trabalha em projetos tecnol\u00f3gicos aut\u00eanticos e compreender a din\u00e2mica de um ambiente profissional por dentro.<\/p>\n<hr data-start=\"1443\" data-end=\"1446\" \/>\n<p data-start=\"1448\" data-end=\"1501\"><strong data-start=\"1448\" data-end=\"1501\">Forma\u00e7\u00e3o pr\u00e1tica em tecnologias reais do setor IT<\/strong><\/p>\n<p data-start=\"1503\" data-end=\"1782\">Durante a sua estadia no METRICA LAB, os alunos puderam adquirir conhecimentos t\u00e9cnicos aplicados, trabalhar com ferramentas utilizadas diariamente no setor IT e familiarizar-se com metodologias \u00e1geis, boas pr\u00e1ticas de desenvolvimento e resolu\u00e7\u00e3o de problemas em contextos reais.<\/p>\n<p data-start=\"1784\" data-end=\"2054\">Este foco pr\u00e1tico \u00e9 precisamente o que diferencia o METRICA LAB de outras iniciativas: aqui o conhecimento constr\u00f3i-se atrav\u00e9s da experi\u00eancia, sempre com o acompanhamento e mentoring de profissionais que partilham o seu know-how e apoiam a evolu\u00e7\u00e3o de cada participante.<\/p>\n<hr data-start=\"2056\" data-end=\"2059\" \/>\n<p data-start=\"2061\" data-end=\"2120\"><strong data-start=\"2061\" data-end=\"2120\">Primeiro passo para o mercado de trabalho em tecnologia<\/strong><\/p>\n<p data-start=\"2122\" data-end=\"2374\">Os alunos s\u00e3o un\u00e2nimes ao afirmar que programas como o METRICA LAB s\u00e3o fundamentais para a transi\u00e7\u00e3o entre o percurso acad\u00e9mico e o mercado de trabalho. Ajudaram-nos a ganhar confian\u00e7a, refor\u00e7ar voca\u00e7\u00f5es e tra\u00e7ar um plano de carreira com maior clareza.<\/p>\n<p data-start=\"2376\" data-end=\"2579\">Nas palavras de um dos participantes: \u00abEste programa foi a oportunidade que precisava para confirmar que quero seguir carreira no mundo IT. Levo comigo conhecimento, mas sobretudo confian\u00e7a e motiva\u00e7\u00e3o.\u00bb<\/p>\n<hr data-start=\"2581\" data-end=\"2584\" \/>\n<p data-start=\"2586\" data-end=\"2636\"><strong data-start=\"2586\" data-end=\"2636\">Um compromisso com o futuro do talento digital<\/strong><\/p>\n<p data-start=\"2638\" data-end=\"3001\">Na METRICA, acreditamos que formar \u00e9 transformar. Por isso, iniciativas como o METRICA LAB fazem parte do nosso ADN corporativo. Defendemos a import\u00e2ncia de construir pontes entre o ensino e o mercado de trabalho, oferecendo oportunidades reais de inser\u00e7\u00e3o profissional e promovendo o desenvolvimento de compet\u00eancias essenciais para o futuro do setor tecnol\u00f3gico.<\/p>\n<hr data-start=\"3003\" data-end=\"3006\" \/>\n<p data-start=\"3008\" data-end=\"3071\"><strong data-start=\"3008\" data-end=\"3071\">Gostavas de fazer parte do METRICA LAB numa pr\u00f3xima edi\u00e7\u00e3o?<\/strong><\/p>\n<p data-start=\"3073\" data-end=\"3214\" data-is-last-node=\"\" data-is-only-node=\"\">Escreve-nos ou visita a nossa sec\u00e7\u00e3o de talento para saber mais sobre as oportunidades de forma\u00e7\u00e3o e emprego em tecnologia que temos para ti.<\/p>\n","protected":false},"excerpt":{"rendered":"<p>Ao longo destes meses, v\u00e1rios alunos participaram numa nova edi\u00e7\u00e3o do METRICA LAB. Hoje, depois de conclu\u00edrem o seu per\u00edodo de est\u00e1gio, partilham connosco a sua vis\u00e3o sobre esta experi\u00eancia.<\/p>\n","protected":false},"author":2,"featured_media":12715,"comment_status":"open","ping_status":"open","sticky":false,"template":"","format":"standard","meta":{"content-type":"","footnotes":""},"categories":[1166,1800],"tags":[],"class_list":["post-12768","post","type-post","status-publish","format-standard","has-post-thumbnail","hentry","category-atualidade-pt","category-metricalab-pt"],"yoast_head":"<!-- This site is optimized with the Yoast SEO plugin v25.9 - https:\/\/yoast.com\/wordpress\/plugins\/seo\/ -->\n<title>Assim foi a experi\u00eancia dos nossos alunos no METRICA LAB - METRICA<\/title>\n<meta name=\"robots\" content=\"index, follow, max-snippet:-1, max-image-preview:large, max-video-preview:-1\" \/>\n<link rel=\"canonical\" href=\"https:\/\/www.metrica-global.com\/pt\/assim-foi-a-experiencia-dos-nossos-alunos-no-metrica-lab\/\" \/>\n<meta property=\"og:locale\" content=\"pt_PT\" \/>\n<meta property=\"og:type\" content=\"article\" \/>\n<meta property=\"og:title\" content=\"Assim foi a experi\u00eancia dos nossos alunos no METRICA LAB - METRICA\" \/>\n<meta property=\"og:description\" content=\"Ao longo destes meses, v\u00e1rios alunos participaram numa nova edi\u00e7\u00e3o do METRICA LAB. Hoje, depois de conclu\u00edrem o seu per\u00edodo de est\u00e1gio, partilham connosco a sua vis\u00e3o sobre esta experi\u00eancia.\" \/>\n<meta property=\"og:url\" content=\"https:\/\/www.metrica-global.com\/pt\/assim-foi-a-experiencia-dos-nossos-alunos-no-metrica-lab\/\" \/>\n<meta property=\"og:site_name\" content=\"METRICA\" \/>\n<meta property=\"article:published_time\" content=\"2025-06-24T09:33:35+00:00\" \/>\n<meta property=\"article:modified_time\" content=\"2025-08-04T09:37:36+00:00\" \/>\n<meta property=\"og:image\" content=\"https:\/\/www.metrica-global.com\/wp-content\/uploads\/2025\/08\/banner-metricalab-2.jpg\" \/>\n\t<meta property=\"og:image:width\" content=\"3456\" \/>\n\t<meta property=\"og:image:height\" content=\"1728\" \/>\n\t<meta property=\"og:image:type\" content=\"image\/jpeg\" \/>\n<meta name=\"author\" content=\"metrica\" \/>\n<meta name=\"twitter:card\" content=\"summary_large_image\" \/>\n<meta name=\"twitter:creator\" content=\"@desarrollo\" \/>\n<meta name=\"twitter:label1\" content=\"Written by\" \/>\n\t<meta name=\"twitter:data1\" content=\"metrica\" \/>\n\t<meta name=\"twitter:label2\" content=\"Est. reading time\" \/>\n\t<meta name=\"twitter:data2\" content=\"3 minutos\" \/>\n<script type=\"application\/ld+json\" class=\"yoast-schema-graph\">{\"@context\":\"https:\/\/schema.org\",\"@graph\":[{\"@type\":\"Article\",\"@id\":\"https:\/\/www.metrica-global.com\/pt\/assim-foi-a-experiencia-dos-nossos-alunos-no-metrica-lab\/#article\",\"isPartOf\":{\"@id\":\"https:\/\/www.metrica-global.com\/pt\/assim-foi-a-experiencia-dos-nossos-alunos-no-metrica-lab\/\"},\"author\":{\"name\":\"metrica\",\"@id\":\"https:\/\/www.metrica-global.com\/#\/schema\/person\/2f4208bdc63892f387a04f4106dd0fcb\"},\"headline\":\"Assim foi a experi\u00eancia dos nossos alunos no METRICA LAB\",\"datePublished\":\"2025-06-24T09:33:35+00:00\",\"dateModified\":\"2025-08-04T09:37:36+00:00\",\"mainEntityOfPage\":{\"@id\":\"https:\/\/www.metrica-global.com\/pt\/assim-foi-a-experiencia-dos-nossos-alunos-no-metrica-lab\/\"},\"wordCount\":469,\"commentCount\":0,\"publisher\":{\"@id\":\"https:\/\/www.metrica-global.com\/#organization\"},\"image\":{\"@id\":\"https:\/\/www.metrica-global.com\/pt\/assim-foi-a-experiencia-dos-nossos-alunos-no-metrica-lab\/#primaryimage\"},\"thumbnailUrl\":\"https:\/\/www.metrica-global.com\/wp-content\/uploads\/2025\/08\/banner-metricalab-2.jpg\",\"articleSection\":[\"Atualidade\",\"MetricaLab\"],\"inLanguage\":\"pt-PT\",\"potentialAction\":[{\"@type\":\"CommentAction\",\"name\":\"Comment\",\"target\":[\"https:\/\/www.metrica-global.com\/pt\/assim-foi-a-experiencia-dos-nossos-alunos-no-metrica-lab\/#respond\"]}]},{\"@type\":\"WebPage\",\"@id\":\"https:\/\/www.metrica-global.com\/pt\/assim-foi-a-experiencia-dos-nossos-alunos-no-metrica-lab\/\",\"url\":\"https:\/\/www.metrica-global.com\/pt\/assim-foi-a-experiencia-dos-nossos-alunos-no-metrica-lab\/\",\"name\":\"Assim foi a experi\u00eancia dos nossos alunos no METRICA LAB - METRICA\",\"isPartOf\":{\"@id\":\"https:\/\/www.metrica-global.com\/#website\"},\"primaryImageOfPage\":{\"@id\":\"https:\/\/www.metrica-global.com\/pt\/assim-foi-a-experiencia-dos-nossos-alunos-no-metrica-lab\/#primaryimage\"},\"image\":{\"@id\":\"https:\/\/www.metrica-global.com\/pt\/assim-foi-a-experiencia-dos-nossos-alunos-no-metrica-lab\/#primaryimage\"},\"thumbnailUrl\":\"https:\/\/www.metrica-global.com\/wp-content\/uploads\/2025\/08\/banner-metricalab-2.jpg\",\"datePublished\":\"2025-06-24T09:33:35+00:00\",\"dateModified\":\"2025-08-04T09:37:36+00:00\",\"breadcrumb\":{\"@id\":\"https:\/\/www.metrica-global.com\/pt\/assim-foi-a-experiencia-dos-nossos-alunos-no-metrica-lab\/#breadcrumb\"},\"inLanguage\":\"pt-PT\",\"potentialAction\":[{\"@type\":\"ReadAction\",\"target\":[\"https:\/\/www.metrica-global.com\/pt\/assim-foi-a-experiencia-dos-nossos-alunos-no-metrica-lab\/\"]}]},{\"@type\":\"ImageObject\",\"inLanguage\":\"pt-PT\",\"@id\":\"https:\/\/www.metrica-global.com\/pt\/assim-foi-a-experiencia-dos-nossos-alunos-no-metrica-lab\/#primaryimage\",\"url\":\"https:\/\/www.metrica-global.com\/wp-content\/uploads\/2025\/08\/banner-metricalab-2.jpg\",\"contentUrl\":\"https:\/\/www.metrica-global.com\/wp-content\/uploads\/2025\/08\/banner-metricalab-2.jpg\",\"width\":3456,\"height\":1728},{\"@type\":\"BreadcrumbList\",\"@id\":\"https:\/\/www.metrica-global.com\/pt\/assim-foi-a-experiencia-dos-nossos-alunos-no-metrica-lab\/#breadcrumb\",\"itemListElement\":[{\"@type\":\"ListItem\",\"position\":1,\"name\":\"Portada\",\"item\":\"https:\/\/www.metrica-global.com\/pt\/\"},{\"@type\":\"ListItem\",\"position\":2,\"name\":\"Assim foi a experi\u00eancia dos nossos alunos no METRICA LAB\"}]},{\"@type\":\"WebSite\",\"@id\":\"https:\/\/www.metrica-global.com\/#website\",\"url\":\"https:\/\/www.metrica-global.com\/\",\"name\":\"METRICA\",\"description\":\"Servicios Globales IT\",\"publisher\":{\"@id\":\"https:\/\/www.metrica-global.com\/#organization\"},\"potentialAction\":[{\"@type\":\"SearchAction\",\"target\":{\"@type\":\"EntryPoint\",\"urlTemplate\":\"https:\/\/www.metrica-global.com\/?s={search_term_string}\"},\"query-input\":{\"@type\":\"PropertyValueSpecification\",\"valueRequired\":true,\"valueName\":\"search_term_string\"}}],\"inLanguage\":\"pt-PT\"},{\"@type\":\"Organization\",\"@id\":\"https:\/\/www.metrica-global.com\/#organization\",\"name\":\"METRICA\",\"url\":\"https:\/\/www.metrica-global.com\/\",\"logo\":{\"@type\":\"ImageObject\",\"inLanguage\":\"pt-PT\",\"@id\":\"https:\/\/www.metrica-global.com\/#\/schema\/logo\/image\/\",\"url\":\"https:\/\/www.metrica-global.com\/wp-content\/uploads\/2023\/12\/logo-metrica.png\",\"contentUrl\":\"https:\/\/www.metrica-global.com\/wp-content\/uploads\/2023\/12\/logo-metrica.png\",\"width\":332,\"height\":58,\"caption\":\"METRICA\"},\"image\":{\"@id\":\"https:\/\/www.metrica-global.com\/#\/schema\/logo\/image\/\"}},{\"@type\":\"Person\",\"@id\":\"https:\/\/www.metrica-global.com\/#\/schema\/person\/2f4208bdc63892f387a04f4106dd0fcb\",\"name\":\"metrica\",\"image\":{\"@type\":\"ImageObject\",\"inLanguage\":\"pt-PT\",\"@id\":\"https:\/\/www.metrica-global.com\/#\/schema\/person\/image\/\",\"url\":\"https:\/\/secure.gravatar.com\/avatar\/735533d52394faf02a8736d8f477256b9fb421f39d81c48c55ea37c267061786?s=96&d=mm&r=g\",\"contentUrl\":\"https:\/\/secure.gravatar.com\/avatar\/735533d52394faf02a8736d8f477256b9fb421f39d81c48c55ea37c267061786?s=96&d=mm&r=g\",\"caption\":\"metrica\"},\"sameAs\":[\"https:\/\/x.com\/desarrollo\"],\"url\":\"https:\/\/www.metrica-global.com\/pt\/author\/metrica\/\"}]}<\/script>\n<!-- \/ Yoast SEO plugin. -->","yoast_head_json":{"title":"Assim foi a experi\u00eancia dos nossos alunos no METRICA LAB - METRICA","robots":{"index":"index","follow":"follow","max-snippet":"max-snippet:-1","max-image-preview":"max-image-preview:large","max-video-preview":"max-video-preview:-1"},"canonical":"https:\/\/www.metrica-global.com\/pt\/assim-foi-a-experiencia-dos-nossos-alunos-no-metrica-lab\/","og_locale":"pt_PT","og_type":"article","og_title":"Assim foi a experi\u00eancia dos nossos alunos no METRICA LAB - METRICA","og_description":"Ao longo destes meses, v\u00e1rios alunos participaram numa nova edi\u00e7\u00e3o do METRICA LAB. Hoje, depois de conclu\u00edrem o seu per\u00edodo de est\u00e1gio, partilham connosco a sua vis\u00e3o sobre esta experi\u00eancia.","og_url":"https:\/\/www.metrica-global.com\/pt\/assim-foi-a-experiencia-dos-nossos-alunos-no-metrica-lab\/","og_site_name":"METRICA","article_published_time":"2025-06-24T09:33:35+00:00","article_modified_time":"2025-08-04T09:37:36+00:00","og_image":[{"width":3456,"height":1728,"url":"https:\/\/www.metrica-global.com\/wp-content\/uploads\/2025\/08\/banner-metricalab-2.jpg","type":"image\/jpeg"}],"author":"metrica","twitter_card":"summary_large_image","twitter_creator":"@desarrollo","twitter_misc":{"Written by":"metrica","Est. reading time":"3 minutos"},"schema":{"@context":"https:\/\/schema.org","@graph":[{"@type":"Article","@id":"https:\/\/www.metrica-global.com\/pt\/assim-foi-a-experiencia-dos-nossos-alunos-no-metrica-lab\/#article","isPartOf":{"@id":"https:\/\/www.metrica-global.com\/pt\/assim-foi-a-experiencia-dos-nossos-alunos-no-metrica-lab\/"},"author":{"name":"metrica","@id":"https:\/\/www.metrica-global.com\/#\/schema\/person\/2f4208bdc63892f387a04f4106dd0fcb"},"headline":"Assim foi a experi\u00eancia dos nossos alunos no METRICA LAB","datePublished":"2025-06-24T09:33:35+00:00","dateModified":"2025-08-04T09:37:36+00:00","mainEntityOfPage":{"@id":"https:\/\/www.metrica-global.com\/pt\/assim-foi-a-experiencia-dos-nossos-alunos-no-metrica-lab\/"},"wordCount":469,"commentCount":0,"publisher":{"@id":"https:\/\/www.metrica-global.com\/#organization"},"image":{"@id":"https:\/\/www.metrica-global.com\/pt\/assim-foi-a-experiencia-dos-nossos-alunos-no-metrica-lab\/#primaryimage"},"thumbnailUrl":"https:\/\/www.metrica-global.com\/wp-content\/uploads\/2025\/08\/banner-metricalab-2.jpg","articleSection":["Atualidade","MetricaLab"],"inLanguage":"pt-PT","potentialAction":[{"@type":"CommentAction","name":"Comment","target":["https:\/\/www.metrica-global.com\/pt\/assim-foi-a-experiencia-dos-nossos-alunos-no-metrica-lab\/#respond"]}]},{"@type":"WebPage","@id":"https:\/\/www.metrica-global.com\/pt\/assim-foi-a-experiencia-dos-nossos-alunos-no-metrica-lab\/","url":"https:\/\/www.metrica-global.com\/pt\/assim-foi-a-experiencia-dos-nossos-alunos-no-metrica-lab\/","name":"Assim foi a experi\u00eancia dos nossos alunos no METRICA LAB - METRICA","isPartOf":{"@id":"https:\/\/www.metrica-global.com\/#website"},"primaryImageOfPage":{"@id":"https:\/\/www.metrica-global.com\/pt\/assim-foi-a-experiencia-dos-nossos-alunos-no-metrica-lab\/#primaryimage"},"image":{"@id":"https:\/\/www.metrica-global.com\/pt\/assim-foi-a-experiencia-dos-nossos-alunos-no-metrica-lab\/#primaryimage"},"thumbnailUrl":"https:\/\/www.metrica-global.com\/wp-content\/uploads\/2025\/08\/banner-metricalab-2.jpg","datePublished":"2025-06-24T09:33:35+00:00","dateModified":"2025-08-04T09:37:36+00:00","breadcrumb":{"@id":"https:\/\/www.metrica-global.com\/pt\/assim-foi-a-experiencia-dos-nossos-alunos-no-metrica-lab\/#breadcrumb"},"inLanguage":"pt-PT","potentialAction":[{"@type":"ReadAction","target":["https:\/\/www.metrica-global.com\/pt\/assim-foi-a-experiencia-dos-nossos-alunos-no-metrica-lab\/"]}]},{"@type":"ImageObject","inLanguage":"pt-PT","@id":"https:\/\/www.metrica-global.com\/pt\/assim-foi-a-experiencia-dos-nossos-alunos-no-metrica-lab\/#primaryimage","url":"https:\/\/www.metrica-global.com\/wp-content\/uploads\/2025\/08\/banner-metricalab-2.jpg","contentUrl":"https:\/\/www.metrica-global.com\/wp-content\/uploads\/2025\/08\/banner-metricalab-2.jpg","width":3456,"height":1728},{"@type":"BreadcrumbList","@id":"https:\/\/www.metrica-global.com\/pt\/assim-foi-a-experiencia-dos-nossos-alunos-no-metrica-lab\/#breadcrumb","itemListElement":[{"@type":"ListItem","position":1,"name":"Portada","item":"https:\/\/www.metrica-global.com\/pt\/"},{"@type":"ListItem","position":2,"name":"Assim foi a experi\u00eancia dos nossos alunos no METRICA LAB"}]},{"@type":"WebSite","@id":"https:\/\/www.metrica-global.com\/#website","url":"https:\/\/www.metrica-global.com\/","name":"METRICA","description":"Servicios Globales IT","publisher":{"@id":"https:\/\/www.metrica-global.com\/#organization"},"potentialAction":[{"@type":"SearchAction","target":{"@type":"EntryPoint","urlTemplate":"https:\/\/www.metrica-global.com\/?s={search_term_string}"},"query-input":{"@type":"PropertyValueSpecification","valueRequired":true,"valueName":"search_term_string"}}],"inLanguage":"pt-PT"},{"@type":"Organization","@id":"https:\/\/www.metrica-global.com\/#organization","name":"METRICA","url":"https:\/\/www.metrica-global.com\/","logo":{"@type":"ImageObject","inLanguage":"pt-PT","@id":"https:\/\/www.metrica-global.com\/#\/schema\/logo\/image\/","url":"https:\/\/www.metrica-global.com\/wp-content\/uploads\/2023\/12\/logo-metrica.png","contentUrl":"https:\/\/www.metrica-global.com\/wp-content\/uploads\/2023\/12\/logo-metrica.png","width":332,"height":58,"caption":"METRICA"},"image":{"@id":"https:\/\/www.metrica-global.com\/#\/schema\/logo\/image\/"}},{"@type":"Person","@id":"https:\/\/www.metrica-global.com\/#\/schema\/person\/2f4208bdc63892f387a04f4106dd0fcb","name":"metrica","image":{"@type":"ImageObject","inLanguage":"pt-PT","@id":"https:\/\/www.metrica-global.com\/#\/schema\/person\/image\/","url":"https:\/\/secure.gravatar.com\/avatar\/735533d52394faf02a8736d8f477256b9fb421f39d81c48c55ea37c267061786?s=96&d=mm&r=g","contentUrl":"https:\/\/secure.gravatar.com\/avatar\/735533d52394faf02a8736d8f477256b9fb421f39d81c48c55ea37c267061786?s=96&d=mm&r=g","caption":"metrica"},"sameAs":["https:\/\/x.com\/desarrollo"],"url":"https:\/\/www.metrica-global.com\/pt\/author\/metrica\/"}]}},"_links":{"self":[{"href":"https:\/\/www.metrica-global.com\/pt\/wp-json\/wp\/v2\/posts\/12768","targetHints":{"allow":["GET"]}}],"collection":[{"href":"https:\/\/www.metrica-global.com\/pt\/wp-json\/wp\/v2\/posts"}],"about":[{"href":"https:\/\/www.metrica-global.com\/pt\/wp-json\/wp\/v2\/types\/post"}],"author":[{"embeddable":true,"href":"https:\/\/www.metrica-global.com\/pt\/wp-json\/wp\/v2\/users\/2"}],"replies":[{"embeddable":true,"href":"https:\/\/www.metrica-global.com\/pt\/wp-json\/wp\/v2\/comments?post=12768"}],"version-history":[{"count":1,"href":"https:\/\/www.metrica-global.com\/pt\/wp-json\/wp\/v2\/posts\/12768\/revisions"}],"predecessor-version":[{"id":12769,"href":"https:\/\/www.metrica-global.com\/pt\/wp-json\/wp\/v2\/posts\/12768\/revisions\/12769"}],"wp:featuredmedia":[{"embeddable":true,"href":"https:\/\/www.metrica-global.com\/pt\/wp-json\/wp\/v2\/media\/12715"}],"wp:attachment":[{"href":"https:\/\/www.metrica-global.com\/pt\/wp-json\/wp\/v2\/media?parent=12768"}],"wp:term":[{"taxonomy":"category","embeddable":true,"href":"https:\/\/www.metrica-global.com\/pt\/wp-json\/wp\/v2\/categories?post=12768"},{"taxonomy":"post_tag","embeddable":true,"href":"https:\/\/www.metrica-global.com\/pt\/wp-json\/wp\/v2\/tags?post=12768"}],"curies":[{"name":"wp","href":"https:\/\/api.w.org\/{rel}","templated":true}]}}