{"id":13158,"date":"2025-08-19T10:09:48","date_gmt":"2025-08-19T08:09:48","guid":{"rendered":"https:\/\/www.metrica-global.com\/varinka-farren-y-la-brecha-digital-de-genero-en-latam\/"},"modified":"2025-08-26T13:55:53","modified_gmt":"2025-08-26T11:55:53","slug":"varinka-farren-y-la-brecha-digital-de-genero-en-latam","status":"publish","type":"post","link":"https:\/\/www.metrica-global.com\/pt\/varinka-farren-y-la-brecha-digital-de-genero-en-latam\/","title":{"rendered":"Varinka Farren e a desigualdade digital de g\u00e9nero na Am\u00e9rica Latina"},"content":{"rendered":"<p data-start=\"271\" data-end=\"735\">Apesar dos avan\u00e7os em inclus\u00e3o e igualdade, a <strong data-start=\"317\" data-end=\"357\">desigualdade de g\u00e9nero no setor STEM<\/strong> (ci\u00eancia, tecnologia, engenharia e matem\u00e1tica) continua a ser um grande desafio na Am\u00e9rica Latina. No \u00e2mbito do <strong data-start=\"470\" data-end=\"492\">Congresso NexoTech<\/strong>, a <strong data-start=\"496\" data-end=\"507\">METRICA<\/strong> teve a oportunidade de conversar com <strong data-start=\"545\" data-end=\"563\">Varinka Farren<\/strong>, Diretora Executiva da <strong data-start=\"587\" data-end=\"599\">HUB APTA<\/strong> e refer\u00eancia em <strong data-start=\"616\" data-end=\"650\">inova\u00e7\u00e3o liderada por mulheres<\/strong>, sobre este tema crucial para um desenvolvimento sustent\u00e1vel e inclusivo do setor.<\/p>\n<hr data-start=\"737\" data-end=\"740\" \/>\n<h2 data-start=\"742\" data-end=\"794\">Mais diplomadas, mas poucos cargos de lideran\u00e7a<\/h2>\n<p data-start=\"796\" data-end=\"1004\">Embora cada vez mais mulheres concluam cursos nas \u00e1reas cient\u00edficas e tecnol\u00f3gicas, a sua presen\u00e7a em <strong data-start=\"898\" data-end=\"932\">fun\u00e7\u00f5es de decis\u00e3o e lideran\u00e7a<\/strong> continua a ser reduzida. Tal como destacou Varinka durante o podcast:<\/p>\n<blockquote data-start=\"1006\" data-end=\"1191\">\n<p data-start=\"1008\" data-end=\"1191\">\u201cEstamos apenas no in\u00edcio. Apesar de alguns avan\u00e7os, eles n\u00e3o s\u00e3o suficientes. Em cinco anos, pass\u00e1mos de 11% para 12,8% de empresas cient\u00edfico-tecnol\u00f3gicas lideradas por mulheres.\u201d<\/p>\n<\/blockquote>\n<p data-start=\"1193\" data-end=\"1368\">Este crescimento, ainda que positivo, evidencia a <strong data-start=\"1243\" data-end=\"1302\">necessidade urgente de implementar pol\u00edticas e pr\u00e1ticas<\/strong> que reduzam a disparidade de representa\u00e7\u00e3o no ecossistema STEM.<\/p>\n<hr data-start=\"1370\" data-end=\"1373\" \/>\n<h2 data-start=\"1375\" data-end=\"1420\">Como podemos transformar esta realidade?<\/h2>\n<p data-start=\"1422\" data-end=\"1538\">Durante a entrevista, Varinka salientou <strong data-start=\"1462\" data-end=\"1482\">a\u00e7\u00f5es essenciais<\/strong> para <strong data-start=\"1488\" data-end=\"1535\">empoderar mais mulheres na \u00e1rea tecnol\u00f3gica<\/strong>:<\/p>\n<h3 data-start=\"1540\" data-end=\"1583\">1. Educa\u00e7\u00e3o desde as primeiras idades<\/h3>\n<p data-start=\"1584\" data-end=\"1777\">\u00c9 fundamental <strong data-start=\"1598\" data-end=\"1634\">introduzir refer\u00eancias femininas<\/strong> e uma <strong data-start=\"1641\" data-end=\"1664\">linguagem inclusiva<\/strong> nos primeiros anos de ensino. A igualdade come\u00e7a quando meninas e meninos crescem com as mesmas oportunidades.<\/p>\n<h3 data-start=\"1779\" data-end=\"1848\">2. Combater estere\u00f3tipos culturais e preconceitos inconscientes<\/h3>\n<p data-start=\"1849\" data-end=\"2048\">\u201cMuitas vezes perguntam-me como consigo trabalhar tanto. N\u00e3o sei se fazem a mesma pergunta aos homens\u201d, comentou Varinka, sublinhando os <strong data-start=\"1986\" data-end=\"2011\">estigmas persistentes<\/strong> que as mulheres l\u00edderes enfrentam.<\/p>\n<h3 data-start=\"2050\" data-end=\"2093\">3. Diversidade como motor de inova\u00e7\u00e3o<\/h3>\n<blockquote data-start=\"2094\" data-end=\"2316\">\n<p data-start=\"2096\" data-end=\"2316\">\u201cA riqueza para gerar uma melhor inova\u00e7\u00e3o est\u00e1 na diversidade\u201d, afirmou.<br data-start=\"2168\" data-end=\"2171\" \/>Incluir pessoas de diferentes <strong data-start=\"2201\" data-end=\"2258\">regi\u00f5es, g\u00e9neros, origens socioecon\u00f3micas e forma\u00e7\u00f5es<\/strong> permite <strong data-start=\"2267\" data-end=\"2313\">criar solu\u00e7\u00f5es mais completas e inovadoras<\/strong>.<\/p>\n<\/blockquote>\n<h3 data-start=\"2318\" data-end=\"2385\">4. Reformular a composi\u00e7\u00e3o dos conselhos e espa\u00e7os de decis\u00e3o<\/h3>\n<p data-start=\"2386\" data-end=\"2533\">Os conselhos t\u00eam o desafio n\u00e3o apenas de <strong data-start=\"2427\" data-end=\"2448\">integrar mulheres<\/strong>, mas tamb\u00e9m de <strong data-start=\"2464\" data-end=\"2490\">promover a pluralidade<\/strong> de profiss\u00f5es, experi\u00eancias e contextos.<\/p>\n<hr data-start=\"2535\" data-end=\"2538\" \/>\n<h2 data-start=\"2540\" data-end=\"2586\">Qual \u00e9 o papel das empresas tecnol\u00f3gicas?<\/h2>\n<p data-start=\"2588\" data-end=\"2843\">Na <strong data-start=\"2591\" data-end=\"2602\">METRICA<\/strong>, acreditamos que <strong data-start=\"2620\" data-end=\"2661\">a inova\u00e7\u00e3o s\u00f3 \u00e9 completa com inclus\u00e3o<\/strong>. Por isso, <strong data-start=\"2673\" data-end=\"2695\">espa\u00e7os de di\u00e1logo<\/strong> como este podcast com Varinka Farren s\u00e3o fundamentais para <strong data-start=\"2755\" data-end=\"2840\">dar visibilidade ao problema, partilhar boas pr\u00e1ticas e sensibilizar todo o setor<\/strong>.<\/p>\n<p data-start=\"2845\" data-end=\"2948\">\ud83d\udcf2 <strong data-start=\"2848\" data-end=\"2878\">Ou\u00e7a a entrevista completa<\/strong> nas nossas redes sociais ou visite o nosso perfil no <strong data-start=\"2932\" data-end=\"2945\">Instagram<\/strong>.<\/p>\n","protected":false},"excerpt":{"rendered":"<p>Descubra como reduzir a desigualdade de g\u00e9nero no setor STEM. Varinka Farren partilha a\u00e7\u00f5es para promover a diversidade e a inclus\u00e3o na tecnologia.<\/p>\n","protected":false},"author":2,"featured_media":13046,"comment_status":"open","ping_status":"open","sticky":false,"template":"","format":"standard","meta":{"content-type":"","footnotes":""},"categories":[1166],"tags":[3252,3254,3255,3253,3259,3251,3257,3258,3256,3249,3250],"class_list":["post-13158","post","type-post","status-publish","format-standard","has-post-thumbnail","hentry","category-atualidade-pt","tag-brechadegenerotecnologica-pt","tag-equidadenciencia-pt","tag-innovacioncondiversidad-pt","tag-liderazgofemenino-pt","tag-metricapodcast-pt","tag-mujeresenstem-pt","tag-nexotech-pt","tag-somosmetrica-pt","tag-tecnologiainclusiva-pt","tag-themetricachange-pt","tag-varinkafarren-pt"],"yoast_head":"<!-- This site is optimized with the Yoast SEO plugin v25.9 - https:\/\/yoast.com\/wordpress\/plugins\/seo\/ -->\n<title>Varinka Farren e a desigualdade digital de g\u00e9nero na Am\u00e9rica Latina - METRICA<\/title>\n<meta name=\"robots\" content=\"index, follow, max-snippet:-1, max-image-preview:large, max-video-preview:-1\" \/>\n<link rel=\"canonical\" href=\"https:\/\/www.metrica-global.com\/pt\/varinka-farren-y-la-brecha-digital-de-genero-en-latam\/\" \/>\n<meta property=\"og:locale\" content=\"pt_PT\" \/>\n<meta property=\"og:type\" content=\"article\" \/>\n<meta property=\"og:title\" content=\"Varinka Farren e a desigualdade digital de g\u00e9nero na Am\u00e9rica Latina - METRICA\" \/>\n<meta property=\"og:description\" content=\"Descubra como reduzir a desigualdade de g\u00e9nero no setor STEM. Varinka Farren partilha a\u00e7\u00f5es para promover a diversidade e a inclus\u00e3o na tecnologia.\" \/>\n<meta property=\"og:url\" content=\"https:\/\/www.metrica-global.com\/pt\/varinka-farren-y-la-brecha-digital-de-genero-en-latam\/\" \/>\n<meta property=\"og:site_name\" content=\"METRICA\" \/>\n<meta property=\"article:published_time\" content=\"2025-08-19T08:09:48+00:00\" \/>\n<meta property=\"article:modified_time\" content=\"2025-08-26T11:55:53+00:00\" \/>\n<meta property=\"og:image\" content=\"https:\/\/www.metrica-global.com\/wp-content\/uploads\/2025\/08\/BANNER-NOTICIAS-1.jpg\" \/>\n\t<meta property=\"og:image:width\" content=\"2560\" \/>\n\t<meta property=\"og:image:height\" content=\"1280\" \/>\n\t<meta property=\"og:image:type\" content=\"image\/jpeg\" \/>\n<meta name=\"author\" content=\"metrica\" \/>\n<meta name=\"twitter:card\" content=\"summary_large_image\" \/>\n<meta name=\"twitter:creator\" content=\"@desarrollo\" \/>\n<meta name=\"twitter:label1\" content=\"Written by\" \/>\n\t<meta name=\"twitter:data1\" content=\"metrica\" \/>\n\t<meta name=\"twitter:label2\" content=\"Est. reading time\" \/>\n\t<meta name=\"twitter:data2\" content=\"2 minutos\" \/>\n<script type=\"application\/ld+json\" class=\"yoast-schema-graph\">{\"@context\":\"https:\/\/schema.org\",\"@graph\":[{\"@type\":\"Article\",\"@id\":\"https:\/\/www.metrica-global.com\/pt\/varinka-farren-y-la-brecha-digital-de-genero-en-latam\/#article\",\"isPartOf\":{\"@id\":\"https:\/\/www.metrica-global.com\/pt\/varinka-farren-y-la-brecha-digital-de-genero-en-latam\/\"},\"author\":{\"name\":\"metrica\",\"@id\":\"https:\/\/www.metrica-global.com\/#\/schema\/person\/2f4208bdc63892f387a04f4106dd0fcb\"},\"headline\":\"Varinka Farren e a desigualdade digital de g\u00e9nero na Am\u00e9rica Latina\",\"datePublished\":\"2025-08-19T08:09:48+00:00\",\"dateModified\":\"2025-08-26T11:55:53+00:00\",\"mainEntityOfPage\":{\"@id\":\"https:\/\/www.metrica-global.com\/pt\/varinka-farren-y-la-brecha-digital-de-genero-en-latam\/\"},\"wordCount\":425,\"commentCount\":0,\"publisher\":{\"@id\":\"https:\/\/www.metrica-global.com\/#organization\"},\"image\":{\"@id\":\"https:\/\/www.metrica-global.com\/pt\/varinka-farren-y-la-brecha-digital-de-genero-en-latam\/#primaryimage\"},\"thumbnailUrl\":\"https:\/\/www.metrica-global.com\/wp-content\/uploads\/2025\/08\/BANNER-NOTICIAS-1.jpg\",\"keywords\":[\"BrechaDeG\u00e9neroTecnol\u00f3gica\",\"EquidadEnCiencia\",\"Innovaci\u00f3nConDiversidad\",\"LiderazgoFemenino\",\"METRICAPodcast\",\"MujeresEnSTEM\",\"NexoTech\",\"SomosMETRICA\",\"Tecnolog\u00edaInclusiva\",\"TheMetricaChange\",\"VarinkaFarren\"],\"articleSection\":[\"Atualidade\"],\"inLanguage\":\"pt-PT\",\"potentialAction\":[{\"@type\":\"CommentAction\",\"name\":\"Comment\",\"target\":[\"https:\/\/www.metrica-global.com\/pt\/varinka-farren-y-la-brecha-digital-de-genero-en-latam\/#respond\"]}]},{\"@type\":\"WebPage\",\"@id\":\"https:\/\/www.metrica-global.com\/pt\/varinka-farren-y-la-brecha-digital-de-genero-en-latam\/\",\"url\":\"https:\/\/www.metrica-global.com\/pt\/varinka-farren-y-la-brecha-digital-de-genero-en-latam\/\",\"name\":\"Varinka Farren e a desigualdade digital de g\u00e9nero na Am\u00e9rica Latina - METRICA\",\"isPartOf\":{\"@id\":\"https:\/\/www.metrica-global.com\/#website\"},\"primaryImageOfPage\":{\"@id\":\"https:\/\/www.metrica-global.com\/pt\/varinka-farren-y-la-brecha-digital-de-genero-en-latam\/#primaryimage\"},\"image\":{\"@id\":\"https:\/\/www.metrica-global.com\/pt\/varinka-farren-y-la-brecha-digital-de-genero-en-latam\/#primaryimage\"},\"thumbnailUrl\":\"https:\/\/www.metrica-global.com\/wp-content\/uploads\/2025\/08\/BANNER-NOTICIAS-1.jpg\",\"datePublished\":\"2025-08-19T08:09:48+00:00\",\"dateModified\":\"2025-08-26T11:55:53+00:00\",\"breadcrumb\":{\"@id\":\"https:\/\/www.metrica-global.com\/pt\/varinka-farren-y-la-brecha-digital-de-genero-en-latam\/#breadcrumb\"},\"inLanguage\":\"pt-PT\",\"potentialAction\":[{\"@type\":\"ReadAction\",\"target\":[\"https:\/\/www.metrica-global.com\/pt\/varinka-farren-y-la-brecha-digital-de-genero-en-latam\/\"]}]},{\"@type\":\"ImageObject\",\"inLanguage\":\"pt-PT\",\"@id\":\"https:\/\/www.metrica-global.com\/pt\/varinka-farren-y-la-brecha-digital-de-genero-en-latam\/#primaryimage\",\"url\":\"https:\/\/www.metrica-global.com\/wp-content\/uploads\/2025\/08\/BANNER-NOTICIAS-1.jpg\",\"contentUrl\":\"https:\/\/www.metrica-global.com\/wp-content\/uploads\/2025\/08\/BANNER-NOTICIAS-1.jpg\",\"width\":2560,\"height\":1280},{\"@type\":\"BreadcrumbList\",\"@id\":\"https:\/\/www.metrica-global.com\/pt\/varinka-farren-y-la-brecha-digital-de-genero-en-latam\/#breadcrumb\",\"itemListElement\":[{\"@type\":\"ListItem\",\"position\":1,\"name\":\"Portada\",\"item\":\"https:\/\/www.metrica-global.com\/pt\/\"},{\"@type\":\"ListItem\",\"position\":2,\"name\":\"Varinka Farren e a desigualdade digital de g\u00e9nero na Am\u00e9rica Latina\"}]},{\"@type\":\"WebSite\",\"@id\":\"https:\/\/www.metrica-global.com\/#website\",\"url\":\"https:\/\/www.metrica-global.com\/\",\"name\":\"METRICA\",\"description\":\"Servicios Globales IT\",\"publisher\":{\"@id\":\"https:\/\/www.metrica-global.com\/#organization\"},\"potentialAction\":[{\"@type\":\"SearchAction\",\"target\":{\"@type\":\"EntryPoint\",\"urlTemplate\":\"https:\/\/www.metrica-global.com\/?s={search_term_string}\"},\"query-input\":{\"@type\":\"PropertyValueSpecification\",\"valueRequired\":true,\"valueName\":\"search_term_string\"}}],\"inLanguage\":\"pt-PT\"},{\"@type\":\"Organization\",\"@id\":\"https:\/\/www.metrica-global.com\/#organization\",\"name\":\"METRICA\",\"url\":\"https:\/\/www.metrica-global.com\/\",\"logo\":{\"@type\":\"ImageObject\",\"inLanguage\":\"pt-PT\",\"@id\":\"https:\/\/www.metrica-global.com\/#\/schema\/logo\/image\/\",\"url\":\"https:\/\/www.metrica-global.com\/wp-content\/uploads\/2023\/12\/logo-metrica.png\",\"contentUrl\":\"https:\/\/www.metrica-global.com\/wp-content\/uploads\/2023\/12\/logo-metrica.png\",\"width\":332,\"height\":58,\"caption\":\"METRICA\"},\"image\":{\"@id\":\"https:\/\/www.metrica-global.com\/#\/schema\/logo\/image\/\"}},{\"@type\":\"Person\",\"@id\":\"https:\/\/www.metrica-global.com\/#\/schema\/person\/2f4208bdc63892f387a04f4106dd0fcb\",\"name\":\"metrica\",\"image\":{\"@type\":\"ImageObject\",\"inLanguage\":\"pt-PT\",\"@id\":\"https:\/\/www.metrica-global.com\/#\/schema\/person\/image\/\",\"url\":\"https:\/\/secure.gravatar.com\/avatar\/735533d52394faf02a8736d8f477256b9fb421f39d81c48c55ea37c267061786?s=96&d=mm&r=g\",\"contentUrl\":\"https:\/\/secure.gravatar.com\/avatar\/735533d52394faf02a8736d8f477256b9fb421f39d81c48c55ea37c267061786?s=96&d=mm&r=g\",\"caption\":\"metrica\"},\"sameAs\":[\"https:\/\/x.com\/desarrollo\"],\"url\":\"https:\/\/www.metrica-global.com\/pt\/author\/metrica\/\"}]}<\/script>\n<!-- \/ Yoast SEO plugin. -->","yoast_head_json":{"title":"Varinka Farren e a desigualdade digital de g\u00e9nero na Am\u00e9rica Latina - METRICA","robots":{"index":"index","follow":"follow","max-snippet":"max-snippet:-1","max-image-preview":"max-image-preview:large","max-video-preview":"max-video-preview:-1"},"canonical":"https:\/\/www.metrica-global.com\/pt\/varinka-farren-y-la-brecha-digital-de-genero-en-latam\/","og_locale":"pt_PT","og_type":"article","og_title":"Varinka Farren e a desigualdade digital de g\u00e9nero na Am\u00e9rica Latina - METRICA","og_description":"Descubra como reduzir a desigualdade de g\u00e9nero no setor STEM. Varinka Farren partilha a\u00e7\u00f5es para promover a diversidade e a inclus\u00e3o na tecnologia.","og_url":"https:\/\/www.metrica-global.com\/pt\/varinka-farren-y-la-brecha-digital-de-genero-en-latam\/","og_site_name":"METRICA","article_published_time":"2025-08-19T08:09:48+00:00","article_modified_time":"2025-08-26T11:55:53+00:00","og_image":[{"width":2560,"height":1280,"url":"https:\/\/www.metrica-global.com\/wp-content\/uploads\/2025\/08\/BANNER-NOTICIAS-1.jpg","type":"image\/jpeg"}],"author":"metrica","twitter_card":"summary_large_image","twitter_creator":"@desarrollo","twitter_misc":{"Written by":"metrica","Est. reading time":"2 minutos"},"schema":{"@context":"https:\/\/schema.org","@graph":[{"@type":"Article","@id":"https:\/\/www.metrica-global.com\/pt\/varinka-farren-y-la-brecha-digital-de-genero-en-latam\/#article","isPartOf":{"@id":"https:\/\/www.metrica-global.com\/pt\/varinka-farren-y-la-brecha-digital-de-genero-en-latam\/"},"author":{"name":"metrica","@id":"https:\/\/www.metrica-global.com\/#\/schema\/person\/2f4208bdc63892f387a04f4106dd0fcb"},"headline":"Varinka Farren e a desigualdade digital de g\u00e9nero na Am\u00e9rica Latina","datePublished":"2025-08-19T08:09:48+00:00","dateModified":"2025-08-26T11:55:53+00:00","mainEntityOfPage":{"@id":"https:\/\/www.metrica-global.com\/pt\/varinka-farren-y-la-brecha-digital-de-genero-en-latam\/"},"wordCount":425,"commentCount":0,"publisher":{"@id":"https:\/\/www.metrica-global.com\/#organization"},"image":{"@id":"https:\/\/www.metrica-global.com\/pt\/varinka-farren-y-la-brecha-digital-de-genero-en-latam\/#primaryimage"},"thumbnailUrl":"https:\/\/www.metrica-global.com\/wp-content\/uploads\/2025\/08\/BANNER-NOTICIAS-1.jpg","keywords":["BrechaDeG\u00e9neroTecnol\u00f3gica","EquidadEnCiencia","Innovaci\u00f3nConDiversidad","LiderazgoFemenino","METRICAPodcast","MujeresEnSTEM","NexoTech","SomosMETRICA","Tecnolog\u00edaInclusiva","TheMetricaChange","VarinkaFarren"],"articleSection":["Atualidade"],"inLanguage":"pt-PT","potentialAction":[{"@type":"CommentAction","name":"Comment","target":["https:\/\/www.metrica-global.com\/pt\/varinka-farren-y-la-brecha-digital-de-genero-en-latam\/#respond"]}]},{"@type":"WebPage","@id":"https:\/\/www.metrica-global.com\/pt\/varinka-farren-y-la-brecha-digital-de-genero-en-latam\/","url":"https:\/\/www.metrica-global.com\/pt\/varinka-farren-y-la-brecha-digital-de-genero-en-latam\/","name":"Varinka Farren e a desigualdade digital de g\u00e9nero na Am\u00e9rica Latina - METRICA","isPartOf":{"@id":"https:\/\/www.metrica-global.com\/#website"},"primaryImageOfPage":{"@id":"https:\/\/www.metrica-global.com\/pt\/varinka-farren-y-la-brecha-digital-de-genero-en-latam\/#primaryimage"},"image":{"@id":"https:\/\/www.metrica-global.com\/pt\/varinka-farren-y-la-brecha-digital-de-genero-en-latam\/#primaryimage"},"thumbnailUrl":"https:\/\/www.metrica-global.com\/wp-content\/uploads\/2025\/08\/BANNER-NOTICIAS-1.jpg","datePublished":"2025-08-19T08:09:48+00:00","dateModified":"2025-08-26T11:55:53+00:00","breadcrumb":{"@id":"https:\/\/www.metrica-global.com\/pt\/varinka-farren-y-la-brecha-digital-de-genero-en-latam\/#breadcrumb"},"inLanguage":"pt-PT","potentialAction":[{"@type":"ReadAction","target":["https:\/\/www.metrica-global.com\/pt\/varinka-farren-y-la-brecha-digital-de-genero-en-latam\/"]}]},{"@type":"ImageObject","inLanguage":"pt-PT","@id":"https:\/\/www.metrica-global.com\/pt\/varinka-farren-y-la-brecha-digital-de-genero-en-latam\/#primaryimage","url":"https:\/\/www.metrica-global.com\/wp-content\/uploads\/2025\/08\/BANNER-NOTICIAS-1.jpg","contentUrl":"https:\/\/www.metrica-global.com\/wp-content\/uploads\/2025\/08\/BANNER-NOTICIAS-1.jpg","width":2560,"height":1280},{"@type":"BreadcrumbList","@id":"https:\/\/www.metrica-global.com\/pt\/varinka-farren-y-la-brecha-digital-de-genero-en-latam\/#breadcrumb","itemListElement":[{"@type":"ListItem","position":1,"name":"Portada","item":"https:\/\/www.metrica-global.com\/pt\/"},{"@type":"ListItem","position":2,"name":"Varinka Farren e a desigualdade digital de g\u00e9nero na Am\u00e9rica Latina"}]},{"@type":"WebSite","@id":"https:\/\/www.metrica-global.com\/#website","url":"https:\/\/www.metrica-global.com\/","name":"METRICA","description":"Servicios Globales IT","publisher":{"@id":"https:\/\/www.metrica-global.com\/#organization"},"potentialAction":[{"@type":"SearchAction","target":{"@type":"EntryPoint","urlTemplate":"https:\/\/www.metrica-global.com\/?s={search_term_string}"},"query-input":{"@type":"PropertyValueSpecification","valueRequired":true,"valueName":"search_term_string"}}],"inLanguage":"pt-PT"},{"@type":"Organization","@id":"https:\/\/www.metrica-global.com\/#organization","name":"METRICA","url":"https:\/\/www.metrica-global.com\/","logo":{"@type":"ImageObject","inLanguage":"pt-PT","@id":"https:\/\/www.metrica-global.com\/#\/schema\/logo\/image\/","url":"https:\/\/www.metrica-global.com\/wp-content\/uploads\/2023\/12\/logo-metrica.png","contentUrl":"https:\/\/www.metrica-global.com\/wp-content\/uploads\/2023\/12\/logo-metrica.png","width":332,"height":58,"caption":"METRICA"},"image":{"@id":"https:\/\/www.metrica-global.com\/#\/schema\/logo\/image\/"}},{"@type":"Person","@id":"https:\/\/www.metrica-global.com\/#\/schema\/person\/2f4208bdc63892f387a04f4106dd0fcb","name":"metrica","image":{"@type":"ImageObject","inLanguage":"pt-PT","@id":"https:\/\/www.metrica-global.com\/#\/schema\/person\/image\/","url":"https:\/\/secure.gravatar.com\/avatar\/735533d52394faf02a8736d8f477256b9fb421f39d81c48c55ea37c267061786?s=96&d=mm&r=g","contentUrl":"https:\/\/secure.gravatar.com\/avatar\/735533d52394faf02a8736d8f477256b9fb421f39d81c48c55ea37c267061786?s=96&d=mm&r=g","caption":"metrica"},"sameAs":["https:\/\/x.com\/desarrollo"],"url":"https:\/\/www.metrica-global.com\/pt\/author\/metrica\/"}]}},"_links":{"self":[{"href":"https:\/\/www.metrica-global.com\/pt\/wp-json\/wp\/v2\/posts\/13158","targetHints":{"allow":["GET"]}}],"collection":[{"href":"https:\/\/www.metrica-global.com\/pt\/wp-json\/wp\/v2\/posts"}],"about":[{"href":"https:\/\/www.metrica-global.com\/pt\/wp-json\/wp\/v2\/types\/post"}],"author":[{"embeddable":true,"href":"https:\/\/www.metrica-global.com\/pt\/wp-json\/wp\/v2\/users\/2"}],"replies":[{"embeddable":true,"href":"https:\/\/www.metrica-global.com\/pt\/wp-json\/wp\/v2\/comments?post=13158"}],"version-history":[{"count":2,"href":"https:\/\/www.metrica-global.com\/pt\/wp-json\/wp\/v2\/posts\/13158\/revisions"}],"predecessor-version":[{"id":13164,"href":"https:\/\/www.metrica-global.com\/pt\/wp-json\/wp\/v2\/posts\/13158\/revisions\/13164"}],"wp:featuredmedia":[{"embeddable":true,"href":"https:\/\/www.metrica-global.com\/pt\/wp-json\/wp\/v2\/media\/13046"}],"wp:attachment":[{"href":"https:\/\/www.metrica-global.com\/pt\/wp-json\/wp\/v2\/media?parent=13158"}],"wp:term":[{"taxonomy":"category","embeddable":true,"href":"https:\/\/www.metrica-global.com\/pt\/wp-json\/wp\/v2\/categories?post=13158"},{"taxonomy":"post_tag","embeddable":true,"href":"https:\/\/www.metrica-global.com\/pt\/wp-json\/wp\/v2\/tags?post=13158"}],"curies":[{"name":"wp","href":"https:\/\/api.w.org\/{rel}","templated":true}]}}