{"id":13160,"date":"2025-07-18T09:02:10","date_gmt":"2025-07-18T07:02:10","guid":{"rendered":"https:\/\/www.metrica-global.com\/inteligencia-artificial-en-el-mundo-corporativo-de-la-promesa-a-la-accion\/"},"modified":"2025-08-26T13:59:55","modified_gmt":"2025-08-26T11:59:55","slug":"inteligencia-artificial-en-el-mundo-corporativo-de-la-promesa-a-la-accion","status":"publish","type":"post","link":"https:\/\/www.metrica-global.com\/pt\/inteligencia-artificial-en-el-mundo-corporativo-de-la-promesa-a-la-accion\/","title":{"rendered":"Intelig\u00eancia Artificial no mundo corporativo: da promessa \u00e0 a\u00e7\u00e3o"},"content":{"rendered":"<p data-start=\"267\" data-end=\"598\">Durante anos, a <strong data-start=\"283\" data-end=\"315\">intelig\u00eancia artificial (IA)<\/strong> foi vista como uma tecnologia de ponta, fascinante mas distante. Hoje, essa perce\u00e7\u00e3o mudou radicalmente. A IA deixou de ser exclusiva de laborat\u00f3rios ou grandes empresas tecnol\u00f3gicas: <strong data-start=\"500\" data-end=\"595\">chegou \u00e0s organiza\u00e7\u00f5es e est\u00e1 a transformar a forma como trabalhamos, decidimos e crescemos<\/strong>.<\/p>\n<p data-start=\"600\" data-end=\"886\">Num contexto de crescente press\u00e3o por <strong data-start=\"638\" data-end=\"678\">efici\u00eancia, personaliza\u00e7\u00e3o e rapidez<\/strong>, a IA torna-se uma <strong data-start=\"698\" data-end=\"755\">alavanca essencial para a competitividade empresarial<\/strong>. J\u00e1 n\u00e3o \u00e9 uma op\u00e7\u00e3o futura, mas sim uma <strong data-start=\"796\" data-end=\"821\">oportunidade presente<\/strong> para avan\u00e7ar mais depressa, com mais foco e melhor informa\u00e7\u00e3o.<\/p>\n<hr data-start=\"888\" data-end=\"891\" \/>\n<h2 data-start=\"893\" data-end=\"933\">IA: um novo padr\u00e3o de produtividade<\/h2>\n<p data-start=\"935\" data-end=\"1245\">As organiza\u00e7\u00f5es que j\u00e1 integraram a intelig\u00eancia artificial nas suas opera\u00e7\u00f5es colhem <strong data-start=\"1021\" data-end=\"1045\">benef\u00edcios tang\u00edveis<\/strong>. Desde a <strong data-start=\"1055\" data-end=\"1091\">automa\u00e7\u00e3o de tarefas repetitivas<\/strong> at\u00e9 \u00e0 <strong data-start=\"1098\" data-end=\"1162\">melhoria da tomada de decis\u00e3o atrav\u00e9s de an\u00e1lises preditivas<\/strong>, a IA permite <strong data-start=\"1177\" data-end=\"1242\">libertar tempo, reduzir erros e gerar valor de forma cont\u00ednua<\/strong>.<\/p>\n<p data-start=\"1247\" data-end=\"1291\">Alguns dos impactos mais vis\u00edveis incluem:<\/p>\n<ul data-start=\"1292\" data-end=\"1815\">\n<li data-start=\"1292\" data-end=\"1399\">\n<p data-start=\"1294\" data-end=\"1399\"><strong data-start=\"1294\" data-end=\"1337\">Redu\u00e7\u00e3o de tempo em tarefas repetitivas<\/strong>, como gera\u00e7\u00e3o de relat\u00f3rios ou classifica\u00e7\u00e3o de documentos.<\/p>\n<\/li>\n<li data-start=\"1400\" data-end=\"1528\">\n<p data-start=\"1402\" data-end=\"1528\"><strong data-start=\"1402\" data-end=\"1455\">Assistentes virtuais e copilotos de produtividade<\/strong>, que ajudam as equipas a utilizar ferramentas e aceder a conhecimento.<\/p>\n<\/li>\n<li data-start=\"1529\" data-end=\"1633\">\n<p data-start=\"1531\" data-end=\"1633\"><strong data-start=\"1531\" data-end=\"1560\">An\u00e1lise de dados avan\u00e7ada<\/strong>, cruzando m\u00faltiplas fontes para fornecer recomenda\u00e7\u00f5es personalizadas.<\/p>\n<\/li>\n<li data-start=\"1634\" data-end=\"1724\">\n<p data-start=\"1636\" data-end=\"1724\"><strong data-start=\"1636\" data-end=\"1680\">Previs\u00f5es de comportamento ou desempenho<\/strong>, tanto de clientes como de colaboradores.<\/p>\n<\/li>\n<li data-start=\"1725\" data-end=\"1815\">\n<p data-start=\"1727\" data-end=\"1815\"><strong data-start=\"1727\" data-end=\"1762\">Conte\u00fado gerado automaticamente<\/strong>, alinhado com o tom e os objetivos da organiza\u00e7\u00e3o.<\/p>\n<\/li>\n<\/ul>\n<p data-start=\"1817\" data-end=\"1965\">Para al\u00e9m dos casos espec\u00edficos, o mais relevante \u00e9 a <strong data-start=\"1871\" data-end=\"1895\">mudan\u00e7a de paradigma<\/strong>: a IA redefine a rela\u00e7\u00e3o entre <strong data-start=\"1927\" data-end=\"1962\">pessoas, processos e tecnologia<\/strong>.<\/p>\n<hr data-start=\"1967\" data-end=\"1970\" \/>\n<h2 data-start=\"1972\" data-end=\"2026\">Para al\u00e9m da tecnologia: o desafio organizacional<\/h2>\n<p data-start=\"2028\" data-end=\"2222\">Adotar IA n\u00e3o \u00e9 apenas uma quest\u00e3o t\u00e9cnica. Implica <strong data-start=\"2080\" data-end=\"2101\">adaptar processos<\/strong>, <strong data-start=\"2103\" data-end=\"2124\">redefinir fun\u00e7\u00f5es<\/strong>, <strong data-start=\"2126\" data-end=\"2170\">promover novas din\u00e2micas de aprendizagem<\/strong> e estabelecer <strong data-start=\"2185\" data-end=\"2219\">crit\u00e9rios claros de governa\u00e7\u00e3o<\/strong>.<\/p>\n<p data-start=\"2224\" data-end=\"2484\">As empresas que avan\u00e7arem com <strong data-start=\"2254\" data-end=\"2295\">estrat\u00e9gia, m\u00e9todo e responsabilidade<\/strong> ser\u00e3o as que melhor v\u00e3o capitalizar as oportunidades que a IA oferece. <strong data-start=\"2367\" data-end=\"2481\">N\u00e3o basta ter acesso \u00e0 tecnologia: a diferen\u00e7a est\u00e1 em saber aplic\u00e1-la de forma relevante, \u00e9tica e sustent\u00e1vel<\/strong>.<\/p>\n<hr data-start=\"2486\" data-end=\"2489\" \/>\n<h2 data-start=\"2491\" data-end=\"2513\">Por onde come\u00e7ar?<\/h2>\n<p data-start=\"2515\" data-end=\"2598\">Uma das perguntas mais frequentes nas organiza\u00e7\u00f5es \u00e9:<br data-start=\"2568\" data-end=\"2571\" \/><strong data-start=\"2571\" data-end=\"2596\">\u201cPor onde come\u00e7amos?\u201d<\/strong><\/p>\n<p data-start=\"2600\" data-end=\"2740\">A resposta n\u00e3o \u00e9 \u00fanica, mas existe um padr\u00e3o eficaz: <strong data-start=\"2653\" data-end=\"2711\">iniciar com um caso de uso concreto, \u00fatil e mensur\u00e1vel<\/strong>, um chamado <strong data-start=\"2724\" data-end=\"2737\">Quick Win<\/strong>.<\/p>\n<p data-start=\"2742\" data-end=\"2802\">A partir da\u00ed, \u00e9 poss\u00edvel construir um caminho progressivo:<\/p>\n<ul data-start=\"2803\" data-end=\"2972\">\n<li data-start=\"2803\" data-end=\"2841\">\n<p data-start=\"2805\" data-end=\"2841\"><strong data-start=\"2805\" data-end=\"2838\">Alargar o \u00e2mbito de aplica\u00e7\u00e3o<\/strong>.<\/p>\n<\/li>\n<li data-start=\"2842\" data-end=\"2881\">\n<p data-start=\"2844\" data-end=\"2881\"><strong data-start=\"2844\" data-end=\"2878\">Escalar solu\u00e7\u00f5es bem-sucedidas<\/strong>.<\/p>\n<\/li>\n<li data-start=\"2882\" data-end=\"2930\">\n<p data-start=\"2884\" data-end=\"2930\"><strong data-start=\"2884\" data-end=\"2927\">Formar equipas em compet\u00eancias digitais<\/strong>.<\/p>\n<\/li>\n<li data-start=\"2931\" data-end=\"2972\">\n<p data-start=\"2933\" data-end=\"2972\"><strong data-start=\"2933\" data-end=\"2969\">Integrar a IA na opera\u00e7\u00e3o di\u00e1ria<\/strong>.<\/p>\n<\/li>\n<\/ul>\n<p data-start=\"2974\" data-end=\"3088\">O objetivo n\u00e3o \u00e9 fazer tudo de uma vez, mas sim <strong data-start=\"3022\" data-end=\"3085\">avan\u00e7ar passo a passo, garantindo impacto real em cada fase<\/strong>.<\/p>\n<hr data-start=\"3090\" data-end=\"3093\" \/>\n<h2 data-start=\"3095\" data-end=\"3160\">A intelig\u00eancia artificial como oportunidade de transforma\u00e7\u00e3o<\/h2>\n<p data-start=\"3162\" data-end=\"3318\">A IA j\u00e1 n\u00e3o \u00e9 uma promessa distante: \u00e9 uma realidade que est\u00e1 a <strong data-start=\"3226\" data-end=\"3315\">reconfigurar modelos de neg\u00f3cio, experi\u00eancias dos clientes e a competitividade global<\/strong>.<\/p>\n<p data-start=\"3320\" data-end=\"3475\">As organiza\u00e7\u00f5es que assumirem esta transforma\u00e7\u00e3o com <strong data-start=\"3373\" data-end=\"3422\">clareza, responsabilidade e vis\u00e3o estrat\u00e9gica<\/strong> estar\u00e3o mais bem preparadas para liderar o futuro.<\/p>\n<p data-start=\"3477\" data-end=\"3581\">\ud83d\udccc <strong data-start=\"3480\" data-end=\"3579\">Porque a ado\u00e7\u00e3o da IA n\u00e3o come\u00e7a na tecnologia: come\u00e7a nas pessoas e na cultura organizacional.<\/strong><\/p>\n","protected":false},"excerpt":{"rendered":"<p>Descobre como a intelig\u00eancia artificial est\u00e1 a transformar as empresas: benef\u00edcios, desafios e estrat\u00e9gias para uma ado\u00e7\u00e3o eficaz e sustent\u00e1vel.<\/p>\n","protected":false},"author":2,"featured_media":12043,"comment_status":"open","ping_status":"open","sticky":false,"template":"","format":"standard","meta":{"content-type":"","footnotes":""},"categories":[1166,1472,2121],"tags":[3270,3267,3272,1371,1247,1674,1250,3271,3268,3269],"class_list":["post-13160","post","type-post","status-publish","format-standard","has-post-thumbnail","hentry","category-atualidade-pt","category-qualidade-pt","category-services-pt","tag-asistente-virtual-pt","tag-consultoria-pt","tag-corporativo-pt","tag-ia-pt","tag-inteligencia-artificial-pt","tag-inteligencia-artificial-generativa-pt","tag-nuevas-tecnologias-pt","tag-productividad-pt","tag-proyectos-pt","tag-transformacion-digital-pt"],"yoast_head":"<!-- This site is optimized with the Yoast SEO plugin v25.9 - https:\/\/yoast.com\/wordpress\/plugins\/seo\/ -->\n<title>Intelig\u00eancia Artificial no mundo corporativo: da promessa \u00e0 a\u00e7\u00e3o - METRICA<\/title>\n<meta name=\"description\" content=\"La Inteligencia Artificial ha llegado a las empresas para transformar la manera en que trabajan, deciden y crecen. Se trata de una oportunidad para avanzar m\u00e1s r\u00e1pido, con m\u00e1s foco y mejor informaci\u00f3n.\" \/>\n<meta name=\"robots\" content=\"index, follow, max-snippet:-1, max-image-preview:large, max-video-preview:-1\" \/>\n<link rel=\"canonical\" href=\"https:\/\/www.metrica-global.com\/pt\/inteligencia-artificial-en-el-mundo-corporativo-de-la-promesa-a-la-accion\/\" \/>\n<meta property=\"og:locale\" content=\"pt_PT\" \/>\n<meta property=\"og:type\" content=\"article\" \/>\n<meta property=\"og:title\" content=\"Intelig\u00eancia Artificial no mundo corporativo: da promessa \u00e0 a\u00e7\u00e3o - METRICA\" \/>\n<meta property=\"og:description\" content=\"La Inteligencia Artificial ha llegado a las empresas para transformar la manera en que trabajan, deciden y crecen. Se trata de una oportunidad para avanzar m\u00e1s r\u00e1pido, con m\u00e1s foco y mejor informaci\u00f3n.\" \/>\n<meta property=\"og:url\" content=\"https:\/\/www.metrica-global.com\/pt\/inteligencia-artificial-en-el-mundo-corporativo-de-la-promesa-a-la-accion\/\" \/>\n<meta property=\"og:site_name\" content=\"METRICA\" \/>\n<meta property=\"article:published_time\" content=\"2025-07-18T07:02:10+00:00\" \/>\n<meta property=\"article:modified_time\" content=\"2025-08-26T11:59:55+00:00\" \/>\n<meta property=\"og:image\" content=\"https:\/\/www.metrica-global.com\/wp-content\/uploads\/2025\/07\/AI.jpg\" \/>\n\t<meta property=\"og:image:width\" content=\"1920\" \/>\n\t<meta property=\"og:image:height\" content=\"1080\" \/>\n\t<meta property=\"og:image:type\" content=\"image\/jpeg\" \/>\n<meta name=\"author\" content=\"metrica\" \/>\n<meta name=\"twitter:card\" content=\"summary_large_image\" \/>\n<meta name=\"twitter:creator\" content=\"@desarrollo\" \/>\n<meta name=\"twitter:label1\" content=\"Written by\" \/>\n\t<meta name=\"twitter:data1\" content=\"metrica\" \/>\n\t<meta name=\"twitter:label2\" content=\"Est. reading time\" \/>\n\t<meta name=\"twitter:data2\" content=\"3 minutos\" \/>\n<script type=\"application\/ld+json\" class=\"yoast-schema-graph\">{\"@context\":\"https:\/\/schema.org\",\"@graph\":[{\"@type\":\"Article\",\"@id\":\"https:\/\/www.metrica-global.com\/pt\/inteligencia-artificial-en-el-mundo-corporativo-de-la-promesa-a-la-accion\/#article\",\"isPartOf\":{\"@id\":\"https:\/\/www.metrica-global.com\/pt\/inteligencia-artificial-en-el-mundo-corporativo-de-la-promesa-a-la-accion\/\"},\"author\":{\"name\":\"metrica\",\"@id\":\"https:\/\/www.metrica-global.com\/#\/schema\/person\/2f4208bdc63892f387a04f4106dd0fcb\"},\"headline\":\"Intelig\u00eancia Artificial no mundo corporativo: da promessa \u00e0 a\u00e7\u00e3o\",\"datePublished\":\"2025-07-18T07:02:10+00:00\",\"dateModified\":\"2025-08-26T11:59:55+00:00\",\"mainEntityOfPage\":{\"@id\":\"https:\/\/www.metrica-global.com\/pt\/inteligencia-artificial-en-el-mundo-corporativo-de-la-promesa-a-la-accion\/\"},\"wordCount\":540,\"commentCount\":0,\"publisher\":{\"@id\":\"https:\/\/www.metrica-global.com\/#organization\"},\"image\":{\"@id\":\"https:\/\/www.metrica-global.com\/pt\/inteligencia-artificial-en-el-mundo-corporativo-de-la-promesa-a-la-accion\/#primaryimage\"},\"thumbnailUrl\":\"https:\/\/www.metrica-global.com\/wp-content\/uploads\/2025\/07\/AI.jpg\",\"keywords\":[\"asistente virtual\",\"Consultor\u00eda\",\"corporativo\",\"IA\",\"Inteligencia Artificial\",\"inteligencia artificial generativa\",\"Nuevas tecnolog\u00edas\",\"productividad\",\"Proyectos\",\"Transformaci\u00f3n Digital\"],\"articleSection\":[\"Atualidade\",\"Qualidade\",\"Services\"],\"inLanguage\":\"pt-PT\",\"potentialAction\":[{\"@type\":\"CommentAction\",\"name\":\"Comment\",\"target\":[\"https:\/\/www.metrica-global.com\/pt\/inteligencia-artificial-en-el-mundo-corporativo-de-la-promesa-a-la-accion\/#respond\"]}]},{\"@type\":\"WebPage\",\"@id\":\"https:\/\/www.metrica-global.com\/pt\/inteligencia-artificial-en-el-mundo-corporativo-de-la-promesa-a-la-accion\/\",\"url\":\"https:\/\/www.metrica-global.com\/pt\/inteligencia-artificial-en-el-mundo-corporativo-de-la-promesa-a-la-accion\/\",\"name\":\"Intelig\u00eancia Artificial no mundo corporativo: da promessa \u00e0 a\u00e7\u00e3o - METRICA\",\"isPartOf\":{\"@id\":\"https:\/\/www.metrica-global.com\/#website\"},\"primaryImageOfPage\":{\"@id\":\"https:\/\/www.metrica-global.com\/pt\/inteligencia-artificial-en-el-mundo-corporativo-de-la-promesa-a-la-accion\/#primaryimage\"},\"image\":{\"@id\":\"https:\/\/www.metrica-global.com\/pt\/inteligencia-artificial-en-el-mundo-corporativo-de-la-promesa-a-la-accion\/#primaryimage\"},\"thumbnailUrl\":\"https:\/\/www.metrica-global.com\/wp-content\/uploads\/2025\/07\/AI.jpg\",\"datePublished\":\"2025-07-18T07:02:10+00:00\",\"dateModified\":\"2025-08-26T11:59:55+00:00\",\"description\":\"La Inteligencia Artificial ha llegado a las empresas para transformar la manera en que trabajan, deciden y crecen. Se trata de una oportunidad para avanzar m\u00e1s r\u00e1pido, con m\u00e1s foco y mejor informaci\u00f3n.\",\"breadcrumb\":{\"@id\":\"https:\/\/www.metrica-global.com\/pt\/inteligencia-artificial-en-el-mundo-corporativo-de-la-promesa-a-la-accion\/#breadcrumb\"},\"inLanguage\":\"pt-PT\",\"potentialAction\":[{\"@type\":\"ReadAction\",\"target\":[\"https:\/\/www.metrica-global.com\/pt\/inteligencia-artificial-en-el-mundo-corporativo-de-la-promesa-a-la-accion\/\"]}]},{\"@type\":\"ImageObject\",\"inLanguage\":\"pt-PT\",\"@id\":\"https:\/\/www.metrica-global.com\/pt\/inteligencia-artificial-en-el-mundo-corporativo-de-la-promesa-a-la-accion\/#primaryimage\",\"url\":\"https:\/\/www.metrica-global.com\/wp-content\/uploads\/2025\/07\/AI.jpg\",\"contentUrl\":\"https:\/\/www.metrica-global.com\/wp-content\/uploads\/2025\/07\/AI.jpg\",\"width\":1920,\"height\":1080},{\"@type\":\"BreadcrumbList\",\"@id\":\"https:\/\/www.metrica-global.com\/pt\/inteligencia-artificial-en-el-mundo-corporativo-de-la-promesa-a-la-accion\/#breadcrumb\",\"itemListElement\":[{\"@type\":\"ListItem\",\"position\":1,\"name\":\"Portada\",\"item\":\"https:\/\/www.metrica-global.com\/pt\/\"},{\"@type\":\"ListItem\",\"position\":2,\"name\":\"Intelig\u00eancia Artificial no mundo corporativo: da promessa \u00e0 a\u00e7\u00e3o\"}]},{\"@type\":\"WebSite\",\"@id\":\"https:\/\/www.metrica-global.com\/#website\",\"url\":\"https:\/\/www.metrica-global.com\/\",\"name\":\"METRICA\",\"description\":\"Servicios Globales IT\",\"publisher\":{\"@id\":\"https:\/\/www.metrica-global.com\/#organization\"},\"potentialAction\":[{\"@type\":\"SearchAction\",\"target\":{\"@type\":\"EntryPoint\",\"urlTemplate\":\"https:\/\/www.metrica-global.com\/?s={search_term_string}\"},\"query-input\":{\"@type\":\"PropertyValueSpecification\",\"valueRequired\":true,\"valueName\":\"search_term_string\"}}],\"inLanguage\":\"pt-PT\"},{\"@type\":\"Organization\",\"@id\":\"https:\/\/www.metrica-global.com\/#organization\",\"name\":\"METRICA\",\"url\":\"https:\/\/www.metrica-global.com\/\",\"logo\":{\"@type\":\"ImageObject\",\"inLanguage\":\"pt-PT\",\"@id\":\"https:\/\/www.metrica-global.com\/#\/schema\/logo\/image\/\",\"url\":\"https:\/\/www.metrica-global.com\/wp-content\/uploads\/2023\/12\/logo-metrica.png\",\"contentUrl\":\"https:\/\/www.metrica-global.com\/wp-content\/uploads\/2023\/12\/logo-metrica.png\",\"width\":332,\"height\":58,\"caption\":\"METRICA\"},\"image\":{\"@id\":\"https:\/\/www.metrica-global.com\/#\/schema\/logo\/image\/\"}},{\"@type\":\"Person\",\"@id\":\"https:\/\/www.metrica-global.com\/#\/schema\/person\/2f4208bdc63892f387a04f4106dd0fcb\",\"name\":\"metrica\",\"image\":{\"@type\":\"ImageObject\",\"inLanguage\":\"pt-PT\",\"@id\":\"https:\/\/www.metrica-global.com\/#\/schema\/person\/image\/\",\"url\":\"https:\/\/secure.gravatar.com\/avatar\/735533d52394faf02a8736d8f477256b9fb421f39d81c48c55ea37c267061786?s=96&d=mm&r=g\",\"contentUrl\":\"https:\/\/secure.gravatar.com\/avatar\/735533d52394faf02a8736d8f477256b9fb421f39d81c48c55ea37c267061786?s=96&d=mm&r=g\",\"caption\":\"metrica\"},\"sameAs\":[\"https:\/\/x.com\/desarrollo\"],\"url\":\"https:\/\/www.metrica-global.com\/pt\/author\/metrica\/\"}]}<\/script>\n<!-- \/ Yoast SEO plugin. -->","yoast_head_json":{"title":"Intelig\u00eancia Artificial no mundo corporativo: da promessa \u00e0 a\u00e7\u00e3o - METRICA","description":"La Inteligencia Artificial ha llegado a las empresas para transformar la manera en que trabajan, deciden y crecen. Se trata de una oportunidad para avanzar m\u00e1s r\u00e1pido, con m\u00e1s foco y mejor informaci\u00f3n.","robots":{"index":"index","follow":"follow","max-snippet":"max-snippet:-1","max-image-preview":"max-image-preview:large","max-video-preview":"max-video-preview:-1"},"canonical":"https:\/\/www.metrica-global.com\/pt\/inteligencia-artificial-en-el-mundo-corporativo-de-la-promesa-a-la-accion\/","og_locale":"pt_PT","og_type":"article","og_title":"Intelig\u00eancia Artificial no mundo corporativo: da promessa \u00e0 a\u00e7\u00e3o - METRICA","og_description":"La Inteligencia Artificial ha llegado a las empresas para transformar la manera en que trabajan, deciden y crecen. Se trata de una oportunidad para avanzar m\u00e1s r\u00e1pido, con m\u00e1s foco y mejor informaci\u00f3n.","og_url":"https:\/\/www.metrica-global.com\/pt\/inteligencia-artificial-en-el-mundo-corporativo-de-la-promesa-a-la-accion\/","og_site_name":"METRICA","article_published_time":"2025-07-18T07:02:10+00:00","article_modified_time":"2025-08-26T11:59:55+00:00","og_image":[{"width":1920,"height":1080,"url":"https:\/\/www.metrica-global.com\/wp-content\/uploads\/2025\/07\/AI.jpg","type":"image\/jpeg"}],"author":"metrica","twitter_card":"summary_large_image","twitter_creator":"@desarrollo","twitter_misc":{"Written by":"metrica","Est. reading time":"3 minutos"},"schema":{"@context":"https:\/\/schema.org","@graph":[{"@type":"Article","@id":"https:\/\/www.metrica-global.com\/pt\/inteligencia-artificial-en-el-mundo-corporativo-de-la-promesa-a-la-accion\/#article","isPartOf":{"@id":"https:\/\/www.metrica-global.com\/pt\/inteligencia-artificial-en-el-mundo-corporativo-de-la-promesa-a-la-accion\/"},"author":{"name":"metrica","@id":"https:\/\/www.metrica-global.com\/#\/schema\/person\/2f4208bdc63892f387a04f4106dd0fcb"},"headline":"Intelig\u00eancia Artificial no mundo corporativo: da promessa \u00e0 a\u00e7\u00e3o","datePublished":"2025-07-18T07:02:10+00:00","dateModified":"2025-08-26T11:59:55+00:00","mainEntityOfPage":{"@id":"https:\/\/www.metrica-global.com\/pt\/inteligencia-artificial-en-el-mundo-corporativo-de-la-promesa-a-la-accion\/"},"wordCount":540,"commentCount":0,"publisher":{"@id":"https:\/\/www.metrica-global.com\/#organization"},"image":{"@id":"https:\/\/www.metrica-global.com\/pt\/inteligencia-artificial-en-el-mundo-corporativo-de-la-promesa-a-la-accion\/#primaryimage"},"thumbnailUrl":"https:\/\/www.metrica-global.com\/wp-content\/uploads\/2025\/07\/AI.jpg","keywords":["asistente virtual","Consultor\u00eda","corporativo","IA","Inteligencia Artificial","inteligencia artificial generativa","Nuevas tecnolog\u00edas","productividad","Proyectos","Transformaci\u00f3n Digital"],"articleSection":["Atualidade","Qualidade","Services"],"inLanguage":"pt-PT","potentialAction":[{"@type":"CommentAction","name":"Comment","target":["https:\/\/www.metrica-global.com\/pt\/inteligencia-artificial-en-el-mundo-corporativo-de-la-promesa-a-la-accion\/#respond"]}]},{"@type":"WebPage","@id":"https:\/\/www.metrica-global.com\/pt\/inteligencia-artificial-en-el-mundo-corporativo-de-la-promesa-a-la-accion\/","url":"https:\/\/www.metrica-global.com\/pt\/inteligencia-artificial-en-el-mundo-corporativo-de-la-promesa-a-la-accion\/","name":"Intelig\u00eancia Artificial no mundo corporativo: da promessa \u00e0 a\u00e7\u00e3o - METRICA","isPartOf":{"@id":"https:\/\/www.metrica-global.com\/#website"},"primaryImageOfPage":{"@id":"https:\/\/www.metrica-global.com\/pt\/inteligencia-artificial-en-el-mundo-corporativo-de-la-promesa-a-la-accion\/#primaryimage"},"image":{"@id":"https:\/\/www.metrica-global.com\/pt\/inteligencia-artificial-en-el-mundo-corporativo-de-la-promesa-a-la-accion\/#primaryimage"},"thumbnailUrl":"https:\/\/www.metrica-global.com\/wp-content\/uploads\/2025\/07\/AI.jpg","datePublished":"2025-07-18T07:02:10+00:00","dateModified":"2025-08-26T11:59:55+00:00","description":"La Inteligencia Artificial ha llegado a las empresas para transformar la manera en que trabajan, deciden y crecen. Se trata de una oportunidad para avanzar m\u00e1s r\u00e1pido, con m\u00e1s foco y mejor informaci\u00f3n.","breadcrumb":{"@id":"https:\/\/www.metrica-global.com\/pt\/inteligencia-artificial-en-el-mundo-corporativo-de-la-promesa-a-la-accion\/#breadcrumb"},"inLanguage":"pt-PT","potentialAction":[{"@type":"ReadAction","target":["https:\/\/www.metrica-global.com\/pt\/inteligencia-artificial-en-el-mundo-corporativo-de-la-promesa-a-la-accion\/"]}]},{"@type":"ImageObject","inLanguage":"pt-PT","@id":"https:\/\/www.metrica-global.com\/pt\/inteligencia-artificial-en-el-mundo-corporativo-de-la-promesa-a-la-accion\/#primaryimage","url":"https:\/\/www.metrica-global.com\/wp-content\/uploads\/2025\/07\/AI.jpg","contentUrl":"https:\/\/www.metrica-global.com\/wp-content\/uploads\/2025\/07\/AI.jpg","width":1920,"height":1080},{"@type":"BreadcrumbList","@id":"https:\/\/www.metrica-global.com\/pt\/inteligencia-artificial-en-el-mundo-corporativo-de-la-promesa-a-la-accion\/#breadcrumb","itemListElement":[{"@type":"ListItem","position":1,"name":"Portada","item":"https:\/\/www.metrica-global.com\/pt\/"},{"@type":"ListItem","position":2,"name":"Intelig\u00eancia Artificial no mundo corporativo: da promessa \u00e0 a\u00e7\u00e3o"}]},{"@type":"WebSite","@id":"https:\/\/www.metrica-global.com\/#website","url":"https:\/\/www.metrica-global.com\/","name":"METRICA","description":"Servicios Globales IT","publisher":{"@id":"https:\/\/www.metrica-global.com\/#organization"},"potentialAction":[{"@type":"SearchAction","target":{"@type":"EntryPoint","urlTemplate":"https:\/\/www.metrica-global.com\/?s={search_term_string}"},"query-input":{"@type":"PropertyValueSpecification","valueRequired":true,"valueName":"search_term_string"}}],"inLanguage":"pt-PT"},{"@type":"Organization","@id":"https:\/\/www.metrica-global.com\/#organization","name":"METRICA","url":"https:\/\/www.metrica-global.com\/","logo":{"@type":"ImageObject","inLanguage":"pt-PT","@id":"https:\/\/www.metrica-global.com\/#\/schema\/logo\/image\/","url":"https:\/\/www.metrica-global.com\/wp-content\/uploads\/2023\/12\/logo-metrica.png","contentUrl":"https:\/\/www.metrica-global.com\/wp-content\/uploads\/2023\/12\/logo-metrica.png","width":332,"height":58,"caption":"METRICA"},"image":{"@id":"https:\/\/www.metrica-global.com\/#\/schema\/logo\/image\/"}},{"@type":"Person","@id":"https:\/\/www.metrica-global.com\/#\/schema\/person\/2f4208bdc63892f387a04f4106dd0fcb","name":"metrica","image":{"@type":"ImageObject","inLanguage":"pt-PT","@id":"https:\/\/www.metrica-global.com\/#\/schema\/person\/image\/","url":"https:\/\/secure.gravatar.com\/avatar\/735533d52394faf02a8736d8f477256b9fb421f39d81c48c55ea37c267061786?s=96&d=mm&r=g","contentUrl":"https:\/\/secure.gravatar.com\/avatar\/735533d52394faf02a8736d8f477256b9fb421f39d81c48c55ea37c267061786?s=96&d=mm&r=g","caption":"metrica"},"sameAs":["https:\/\/x.com\/desarrollo"],"url":"https:\/\/www.metrica-global.com\/pt\/author\/metrica\/"}]}},"_links":{"self":[{"href":"https:\/\/www.metrica-global.com\/pt\/wp-json\/wp\/v2\/posts\/13160","targetHints":{"allow":["GET"]}}],"collection":[{"href":"https:\/\/www.metrica-global.com\/pt\/wp-json\/wp\/v2\/posts"}],"about":[{"href":"https:\/\/www.metrica-global.com\/pt\/wp-json\/wp\/v2\/types\/post"}],"author":[{"embeddable":true,"href":"https:\/\/www.metrica-global.com\/pt\/wp-json\/wp\/v2\/users\/2"}],"replies":[{"embeddable":true,"href":"https:\/\/www.metrica-global.com\/pt\/wp-json\/wp\/v2\/comments?post=13160"}],"version-history":[{"count":2,"href":"https:\/\/www.metrica-global.com\/pt\/wp-json\/wp\/v2\/posts\/13160\/revisions"}],"predecessor-version":[{"id":13167,"href":"https:\/\/www.metrica-global.com\/pt\/wp-json\/wp\/v2\/posts\/13160\/revisions\/13167"}],"wp:featuredmedia":[{"embeddable":true,"href":"https:\/\/www.metrica-global.com\/pt\/wp-json\/wp\/v2\/media\/12043"}],"wp:attachment":[{"href":"https:\/\/www.metrica-global.com\/pt\/wp-json\/wp\/v2\/media?parent=13160"}],"wp:term":[{"taxonomy":"category","embeddable":true,"href":"https:\/\/www.metrica-global.com\/pt\/wp-json\/wp\/v2\/categories?post=13160"},{"taxonomy":"post_tag","embeddable":true,"href":"https:\/\/www.metrica-global.com\/pt\/wp-json\/wp\/v2\/tags?post=13160"}],"curies":[{"name":"wp","href":"https:\/\/api.w.org\/{rel}","templated":true}]}}