{"id":13217,"date":"2025-09-05T17:14:27","date_gmt":"2025-09-05T15:14:27","guid":{"rendered":"https:\/\/www.metrica-global.com\/vuelta-al-trabajo-5-claves-para-reforzar-tu-ciberseguridad-tras-las-vacaciones\/"},"modified":"2025-09-08T17:58:35","modified_gmt":"2025-09-08T15:58:35","slug":"vuelta-al-trabajo-5-claves-para-reforzar-tu-ciberseguridad-tras-las-vacaciones","status":"publish","type":"post","link":"https:\/\/www.metrica-global.com\/pt\/vuelta-al-trabajo-5-claves-para-reforzar-tu-ciberseguridad-tras-las-vacaciones\/","title":{"rendered":"Regresso ao trabalho: dicas para refor\u00e7ar a tua ciberseguran\u00e7a ap\u00f3s as f\u00e9rias de ver\u00e3o"},"content":{"rendered":"<p data-start=\"253\" data-end=\"592\">Depois das f\u00e9rias de ver\u00e3o, voltar ao trabalho n\u00e3o significa apenas organizar tarefas e reuni\u00f5es. \u00c9 tamb\u00e9m o momento ideal para rever e refor\u00e7ar os nossos h\u00e1bitos de <strong data-start=\"419\" data-end=\"437\">ciberseguran\u00e7a<\/strong>. Durante o per\u00edodo de descanso, \u00e9 comum relaxarmos certas pr\u00e1ticas digitais, o que pode deixar os nossos <strong data-start=\"543\" data-end=\"591\">dados pessoais e profissionais mais expostos<\/strong>.<\/p>\n<p data-start=\"594\" data-end=\"723\">Na METRICA, partilhamos contigo cinco medidas simples, mas eficazes, para garantir um regresso mais seguro ao ambiente digital.<\/p>\n<hr data-start=\"725\" data-end=\"728\" \/>\n<h2 data-start=\"730\" data-end=\"795\">Porque \u00e9 que a ciberseguran\u00e7a \u00e9 t\u00e3o importante ap\u00f3s as f\u00e9rias?<\/h2>\n<p data-start=\"797\" data-end=\"824\">Durante as f\u00e9rias, \u00e9 comum:<\/p>\n<ul data-start=\"826\" data-end=\"1036\">\n<li data-start=\"826\" data-end=\"860\">\n<p data-start=\"828\" data-end=\"860\">Ligar-se a redes Wi\u2011Fi p\u00fablicas;<\/p>\n<\/li>\n<li data-start=\"861\" data-end=\"906\">\n<p data-start=\"863\" data-end=\"906\">Fazer compras online a partir do telem\u00f3vel;<\/p>\n<\/li>\n<li data-start=\"907\" data-end=\"970\">\n<p data-start=\"909\" data-end=\"970\">Aceder a plataformas de trabalho em dispositivos partilhados;<\/p>\n<\/li>\n<li data-start=\"971\" data-end=\"1036\">\n<p data-start=\"973\" data-end=\"1036\">Partilhar localiza\u00e7\u00e3o ou documentos pessoais nas redes sociais.<\/p>\n<\/li>\n<\/ul>\n<p data-start=\"1038\" data-end=\"1145\">Estas a\u00e7\u00f5es aumentam o risco de <strong data-start=\"1070\" data-end=\"1142\">acessos n\u00e3o autorizados, roubo de identidade ou infe\u00e7\u00f5es por malware<\/strong>.<\/p>\n<p data-start=\"1147\" data-end=\"1275\">Ao regressar ao trabalho, o ideal \u00e9 fazer uma <strong data-start=\"1193\" data-end=\"1221\">revis\u00e3o digital completa<\/strong>, tal como fazemos com a agenda ou a caixa de entrada.<\/p>\n<hr data-start=\"1277\" data-end=\"1280\" \/>\n<h2 data-start=\"1282\" data-end=\"1337\">\ud83d\udee1\ufe0f 5 dicas para um regresso ao trabalho ciberseguro<\/h2>\n<h3 data-start=\"1339\" data-end=\"1392\">1. Atualiza o sistema operativo e as aplica\u00e7\u00f5es<\/h3>\n<p data-start=\"1393\" data-end=\"1501\">As atualiza\u00e7\u00f5es corrigem falhas de seguran\u00e7a. Garante que o teu equipamento e apps est\u00e3o sempre atualizados.<\/p>\n<h3 data-start=\"1503\" data-end=\"1556\">2. Altera as tuas palavras-passe ap\u00f3s as f\u00e9rias<\/h3>\n<p data-start=\"1557\" data-end=\"1723\">Principalmente as que d\u00e3o acesso a contas de email, plataformas empresariais ou aplica\u00e7\u00f5es sens\u00edveis. E sempre que poss\u00edvel, ativa a verifica\u00e7\u00e3o em dois passos (2FA).<\/p>\n<h3 data-start=\"1725\" data-end=\"1784\">3. Evita abrir emails suspeitos ou demasiado urgentes<\/h3>\n<p data-start=\"1785\" data-end=\"1925\">O phishing continua a ser uma das amea\u00e7as mais comuns. Desconfia de mensagens que criem alarme ou pe\u00e7am dados sens\u00edveis de forma inesperada.<\/p>\n<h3 data-start=\"1927\" data-end=\"1986\">4. Rev\u00ea os acessos e permiss\u00f5es de apps e plataformas<\/h3>\n<p data-start=\"1987\" data-end=\"2119\">Faz uma auditoria r\u00e1pida: que aplica\u00e7\u00f5es t\u00eam acesso aos teus dados? Remove permiss\u00f5es desnecess\u00e1rias ou de apps que j\u00e1 n\u00e3o utilizas.<\/p>\n<h3 data-start=\"2121\" data-end=\"2176\">5. Elimina redes Wi\u2011Fi p\u00fablicas ou n\u00e3o utilizadas<\/h3>\n<p data-start=\"2177\" data-end=\"2293\">Se te ligaste a redes abertas durante as f\u00e9rias, remove-as do dispositivo. Mant\u00e9m apenas redes seguras e conhecidas.<\/p>\n<hr data-start=\"2295\" data-end=\"2298\" \/>\n<h2 data-start=\"2300\" data-end=\"2344\">Uma cultura digital segura come\u00e7a contigo<\/h2>\n<p data-start=\"2346\" data-end=\"2522\">Na METRICA promovemos uma <strong data-start=\"2372\" data-end=\"2413\">cultura digital preventiva e proativa<\/strong>. A ciberseguran\u00e7a n\u00e3o \u00e9 apenas um tema t\u00e9cnico \u2014 \u00e9 uma responsabilidade coletiva e uma atitude no dia a dia.<\/p>\n<p data-start=\"2524\" data-end=\"2586\">Pequenos gestos, quando repetidos, fazem uma grande diferen\u00e7a.<\/p>\n<p data-start=\"2588\" data-end=\"2711\">\ud83d\udc49 Queres mais dicas como estas? Segue-nos nas redes sociais ou fala com a nossa equipa de especialistas em ciberseguran\u00e7a.<\/p>\n","protected":false},"excerpt":{"rendered":"<p>Durante o per\u00edodo de descanso, \u00e9 comum relaxarmos certas pr\u00e1ticas digitais, o que pode deixar os nossos dados pessoais e profissionais mais expostos.<\/p>\n","protected":false},"author":2,"featured_media":13211,"comment_status":"open","ping_status":"open","sticky":false,"template":"","format":"standard","meta":{"content-type":"","footnotes":""},"categories":[1472],"tags":[],"class_list":["post-13217","post","type-post","status-publish","format-standard","has-post-thumbnail","hentry","category-qualidade-pt"],"yoast_head":"<!-- This site is optimized with the Yoast SEO plugin v25.9 - https:\/\/yoast.com\/wordpress\/plugins\/seo\/ -->\n<title>Regresso ao trabalho: dicas para refor\u00e7ar a tua ciberseguran\u00e7a ap\u00f3s as f\u00e9rias de ver\u00e3o - METRICA<\/title>\n<meta name=\"robots\" content=\"index, follow, max-snippet:-1, max-image-preview:large, max-video-preview:-1\" \/>\n<link rel=\"canonical\" href=\"https:\/\/www.metrica-global.com\/pt\/vuelta-al-trabajo-5-claves-para-reforzar-tu-ciberseguridad-tras-las-vacaciones\/\" \/>\n<meta property=\"og:locale\" content=\"pt_PT\" \/>\n<meta property=\"og:type\" content=\"article\" \/>\n<meta property=\"og:title\" content=\"Regresso ao trabalho: dicas para refor\u00e7ar a tua ciberseguran\u00e7a ap\u00f3s as f\u00e9rias de ver\u00e3o - METRICA\" \/>\n<meta property=\"og:description\" content=\"Durante o per\u00edodo de descanso, \u00e9 comum relaxarmos certas pr\u00e1ticas digitais, o que pode deixar os nossos dados pessoais e profissionais mais expostos.\" \/>\n<meta property=\"og:url\" content=\"https:\/\/www.metrica-global.com\/pt\/vuelta-al-trabajo-5-claves-para-reforzar-tu-ciberseguridad-tras-las-vacaciones\/\" \/>\n<meta property=\"og:site_name\" content=\"METRICA\" \/>\n<meta property=\"article:published_time\" content=\"2025-09-05T15:14:27+00:00\" \/>\n<meta property=\"article:modified_time\" content=\"2025-09-08T15:58:35+00:00\" \/>\n<meta property=\"og:image\" content=\"https:\/\/www.metrica-global.com\/wp-content\/uploads\/2025\/09\/169-CIBER-VACAS.jpg\" \/>\n\t<meta property=\"og:image:width\" content=\"1920\" \/>\n\t<meta property=\"og:image:height\" content=\"1080\" \/>\n\t<meta property=\"og:image:type\" content=\"image\/jpeg\" \/>\n<meta name=\"author\" content=\"metrica\" \/>\n<meta name=\"twitter:card\" content=\"summary_large_image\" \/>\n<meta name=\"twitter:creator\" content=\"@desarrollo\" \/>\n<meta name=\"twitter:label1\" content=\"Written by\" \/>\n\t<meta name=\"twitter:data1\" content=\"metrica\" \/>\n\t<meta name=\"twitter:label2\" content=\"Est. reading time\" \/>\n\t<meta name=\"twitter:data2\" content=\"2 minutos\" \/>\n<script type=\"application\/ld+json\" class=\"yoast-schema-graph\">{\"@context\":\"https:\/\/schema.org\",\"@graph\":[{\"@type\":\"Article\",\"@id\":\"https:\/\/www.metrica-global.com\/pt\/vuelta-al-trabajo-5-claves-para-reforzar-tu-ciberseguridad-tras-las-vacaciones\/#article\",\"isPartOf\":{\"@id\":\"https:\/\/www.metrica-global.com\/pt\/vuelta-al-trabajo-5-claves-para-reforzar-tu-ciberseguridad-tras-las-vacaciones\/\"},\"author\":{\"name\":\"metrica\",\"@id\":\"https:\/\/www.metrica-global.com\/#\/schema\/person\/2f4208bdc63892f387a04f4106dd0fcb\"},\"headline\":\"Regresso ao trabalho: dicas para refor\u00e7ar a tua ciberseguran\u00e7a ap\u00f3s as f\u00e9rias de ver\u00e3o\",\"datePublished\":\"2025-09-05T15:14:27+00:00\",\"dateModified\":\"2025-09-08T15:58:35+00:00\",\"mainEntityOfPage\":{\"@id\":\"https:\/\/www.metrica-global.com\/pt\/vuelta-al-trabajo-5-claves-para-reforzar-tu-ciberseguridad-tras-las-vacaciones\/\"},\"wordCount\":427,\"commentCount\":0,\"publisher\":{\"@id\":\"https:\/\/www.metrica-global.com\/#organization\"},\"image\":{\"@id\":\"https:\/\/www.metrica-global.com\/pt\/vuelta-al-trabajo-5-claves-para-reforzar-tu-ciberseguridad-tras-las-vacaciones\/#primaryimage\"},\"thumbnailUrl\":\"https:\/\/www.metrica-global.com\/wp-content\/uploads\/2025\/09\/169-CIBER-VACAS.jpg\",\"articleSection\":[\"Qualidade\"],\"inLanguage\":\"pt-PT\",\"potentialAction\":[{\"@type\":\"CommentAction\",\"name\":\"Comment\",\"target\":[\"https:\/\/www.metrica-global.com\/pt\/vuelta-al-trabajo-5-claves-para-reforzar-tu-ciberseguridad-tras-las-vacaciones\/#respond\"]}]},{\"@type\":\"WebPage\",\"@id\":\"https:\/\/www.metrica-global.com\/pt\/vuelta-al-trabajo-5-claves-para-reforzar-tu-ciberseguridad-tras-las-vacaciones\/\",\"url\":\"https:\/\/www.metrica-global.com\/pt\/vuelta-al-trabajo-5-claves-para-reforzar-tu-ciberseguridad-tras-las-vacaciones\/\",\"name\":\"Regresso ao trabalho: dicas para refor\u00e7ar a tua ciberseguran\u00e7a ap\u00f3s as f\u00e9rias de ver\u00e3o - METRICA\",\"isPartOf\":{\"@id\":\"https:\/\/www.metrica-global.com\/#website\"},\"primaryImageOfPage\":{\"@id\":\"https:\/\/www.metrica-global.com\/pt\/vuelta-al-trabajo-5-claves-para-reforzar-tu-ciberseguridad-tras-las-vacaciones\/#primaryimage\"},\"image\":{\"@id\":\"https:\/\/www.metrica-global.com\/pt\/vuelta-al-trabajo-5-claves-para-reforzar-tu-ciberseguridad-tras-las-vacaciones\/#primaryimage\"},\"thumbnailUrl\":\"https:\/\/www.metrica-global.com\/wp-content\/uploads\/2025\/09\/169-CIBER-VACAS.jpg\",\"datePublished\":\"2025-09-05T15:14:27+00:00\",\"dateModified\":\"2025-09-08T15:58:35+00:00\",\"breadcrumb\":{\"@id\":\"https:\/\/www.metrica-global.com\/pt\/vuelta-al-trabajo-5-claves-para-reforzar-tu-ciberseguridad-tras-las-vacaciones\/#breadcrumb\"},\"inLanguage\":\"pt-PT\",\"potentialAction\":[{\"@type\":\"ReadAction\",\"target\":[\"https:\/\/www.metrica-global.com\/pt\/vuelta-al-trabajo-5-claves-para-reforzar-tu-ciberseguridad-tras-las-vacaciones\/\"]}]},{\"@type\":\"ImageObject\",\"inLanguage\":\"pt-PT\",\"@id\":\"https:\/\/www.metrica-global.com\/pt\/vuelta-al-trabajo-5-claves-para-reforzar-tu-ciberseguridad-tras-las-vacaciones\/#primaryimage\",\"url\":\"https:\/\/www.metrica-global.com\/wp-content\/uploads\/2025\/09\/169-CIBER-VACAS.jpg\",\"contentUrl\":\"https:\/\/www.metrica-global.com\/wp-content\/uploads\/2025\/09\/169-CIBER-VACAS.jpg\",\"width\":1920,\"height\":1080},{\"@type\":\"BreadcrumbList\",\"@id\":\"https:\/\/www.metrica-global.com\/pt\/vuelta-al-trabajo-5-claves-para-reforzar-tu-ciberseguridad-tras-las-vacaciones\/#breadcrumb\",\"itemListElement\":[{\"@type\":\"ListItem\",\"position\":1,\"name\":\"Portada\",\"item\":\"https:\/\/www.metrica-global.com\/pt\/\"},{\"@type\":\"ListItem\",\"position\":2,\"name\":\"Regresso ao trabalho: dicas para refor\u00e7ar a tua ciberseguran\u00e7a ap\u00f3s as f\u00e9rias de ver\u00e3o\"}]},{\"@type\":\"WebSite\",\"@id\":\"https:\/\/www.metrica-global.com\/#website\",\"url\":\"https:\/\/www.metrica-global.com\/\",\"name\":\"METRICA\",\"description\":\"Servicios Globales IT\",\"publisher\":{\"@id\":\"https:\/\/www.metrica-global.com\/#organization\"},\"potentialAction\":[{\"@type\":\"SearchAction\",\"target\":{\"@type\":\"EntryPoint\",\"urlTemplate\":\"https:\/\/www.metrica-global.com\/?s={search_term_string}\"},\"query-input\":{\"@type\":\"PropertyValueSpecification\",\"valueRequired\":true,\"valueName\":\"search_term_string\"}}],\"inLanguage\":\"pt-PT\"},{\"@type\":\"Organization\",\"@id\":\"https:\/\/www.metrica-global.com\/#organization\",\"name\":\"METRICA\",\"url\":\"https:\/\/www.metrica-global.com\/\",\"logo\":{\"@type\":\"ImageObject\",\"inLanguage\":\"pt-PT\",\"@id\":\"https:\/\/www.metrica-global.com\/#\/schema\/logo\/image\/\",\"url\":\"https:\/\/www.metrica-global.com\/wp-content\/uploads\/2023\/12\/logo-metrica.png\",\"contentUrl\":\"https:\/\/www.metrica-global.com\/wp-content\/uploads\/2023\/12\/logo-metrica.png\",\"width\":332,\"height\":58,\"caption\":\"METRICA\"},\"image\":{\"@id\":\"https:\/\/www.metrica-global.com\/#\/schema\/logo\/image\/\"}},{\"@type\":\"Person\",\"@id\":\"https:\/\/www.metrica-global.com\/#\/schema\/person\/2f4208bdc63892f387a04f4106dd0fcb\",\"name\":\"metrica\",\"image\":{\"@type\":\"ImageObject\",\"inLanguage\":\"pt-PT\",\"@id\":\"https:\/\/www.metrica-global.com\/#\/schema\/person\/image\/\",\"url\":\"https:\/\/secure.gravatar.com\/avatar\/735533d52394faf02a8736d8f477256b9fb421f39d81c48c55ea37c267061786?s=96&d=mm&r=g\",\"contentUrl\":\"https:\/\/secure.gravatar.com\/avatar\/735533d52394faf02a8736d8f477256b9fb421f39d81c48c55ea37c267061786?s=96&d=mm&r=g\",\"caption\":\"metrica\"},\"sameAs\":[\"https:\/\/x.com\/desarrollo\"],\"url\":\"https:\/\/www.metrica-global.com\/pt\/author\/metrica\/\"}]}<\/script>\n<!-- \/ Yoast SEO plugin. -->","yoast_head_json":{"title":"Regresso ao trabalho: dicas para refor\u00e7ar a tua ciberseguran\u00e7a ap\u00f3s as f\u00e9rias de ver\u00e3o - METRICA","robots":{"index":"index","follow":"follow","max-snippet":"max-snippet:-1","max-image-preview":"max-image-preview:large","max-video-preview":"max-video-preview:-1"},"canonical":"https:\/\/www.metrica-global.com\/pt\/vuelta-al-trabajo-5-claves-para-reforzar-tu-ciberseguridad-tras-las-vacaciones\/","og_locale":"pt_PT","og_type":"article","og_title":"Regresso ao trabalho: dicas para refor\u00e7ar a tua ciberseguran\u00e7a ap\u00f3s as f\u00e9rias de ver\u00e3o - METRICA","og_description":"Durante o per\u00edodo de descanso, \u00e9 comum relaxarmos certas pr\u00e1ticas digitais, o que pode deixar os nossos dados pessoais e profissionais mais expostos.","og_url":"https:\/\/www.metrica-global.com\/pt\/vuelta-al-trabajo-5-claves-para-reforzar-tu-ciberseguridad-tras-las-vacaciones\/","og_site_name":"METRICA","article_published_time":"2025-09-05T15:14:27+00:00","article_modified_time":"2025-09-08T15:58:35+00:00","og_image":[{"width":1920,"height":1080,"url":"https:\/\/www.metrica-global.com\/wp-content\/uploads\/2025\/09\/169-CIBER-VACAS.jpg","type":"image\/jpeg"}],"author":"metrica","twitter_card":"summary_large_image","twitter_creator":"@desarrollo","twitter_misc":{"Written by":"metrica","Est. reading time":"2 minutos"},"schema":{"@context":"https:\/\/schema.org","@graph":[{"@type":"Article","@id":"https:\/\/www.metrica-global.com\/pt\/vuelta-al-trabajo-5-claves-para-reforzar-tu-ciberseguridad-tras-las-vacaciones\/#article","isPartOf":{"@id":"https:\/\/www.metrica-global.com\/pt\/vuelta-al-trabajo-5-claves-para-reforzar-tu-ciberseguridad-tras-las-vacaciones\/"},"author":{"name":"metrica","@id":"https:\/\/www.metrica-global.com\/#\/schema\/person\/2f4208bdc63892f387a04f4106dd0fcb"},"headline":"Regresso ao trabalho: dicas para refor\u00e7ar a tua ciberseguran\u00e7a ap\u00f3s as f\u00e9rias de ver\u00e3o","datePublished":"2025-09-05T15:14:27+00:00","dateModified":"2025-09-08T15:58:35+00:00","mainEntityOfPage":{"@id":"https:\/\/www.metrica-global.com\/pt\/vuelta-al-trabajo-5-claves-para-reforzar-tu-ciberseguridad-tras-las-vacaciones\/"},"wordCount":427,"commentCount":0,"publisher":{"@id":"https:\/\/www.metrica-global.com\/#organization"},"image":{"@id":"https:\/\/www.metrica-global.com\/pt\/vuelta-al-trabajo-5-claves-para-reforzar-tu-ciberseguridad-tras-las-vacaciones\/#primaryimage"},"thumbnailUrl":"https:\/\/www.metrica-global.com\/wp-content\/uploads\/2025\/09\/169-CIBER-VACAS.jpg","articleSection":["Qualidade"],"inLanguage":"pt-PT","potentialAction":[{"@type":"CommentAction","name":"Comment","target":["https:\/\/www.metrica-global.com\/pt\/vuelta-al-trabajo-5-claves-para-reforzar-tu-ciberseguridad-tras-las-vacaciones\/#respond"]}]},{"@type":"WebPage","@id":"https:\/\/www.metrica-global.com\/pt\/vuelta-al-trabajo-5-claves-para-reforzar-tu-ciberseguridad-tras-las-vacaciones\/","url":"https:\/\/www.metrica-global.com\/pt\/vuelta-al-trabajo-5-claves-para-reforzar-tu-ciberseguridad-tras-las-vacaciones\/","name":"Regresso ao trabalho: dicas para refor\u00e7ar a tua ciberseguran\u00e7a ap\u00f3s as f\u00e9rias de ver\u00e3o - METRICA","isPartOf":{"@id":"https:\/\/www.metrica-global.com\/#website"},"primaryImageOfPage":{"@id":"https:\/\/www.metrica-global.com\/pt\/vuelta-al-trabajo-5-claves-para-reforzar-tu-ciberseguridad-tras-las-vacaciones\/#primaryimage"},"image":{"@id":"https:\/\/www.metrica-global.com\/pt\/vuelta-al-trabajo-5-claves-para-reforzar-tu-ciberseguridad-tras-las-vacaciones\/#primaryimage"},"thumbnailUrl":"https:\/\/www.metrica-global.com\/wp-content\/uploads\/2025\/09\/169-CIBER-VACAS.jpg","datePublished":"2025-09-05T15:14:27+00:00","dateModified":"2025-09-08T15:58:35+00:00","breadcrumb":{"@id":"https:\/\/www.metrica-global.com\/pt\/vuelta-al-trabajo-5-claves-para-reforzar-tu-ciberseguridad-tras-las-vacaciones\/#breadcrumb"},"inLanguage":"pt-PT","potentialAction":[{"@type":"ReadAction","target":["https:\/\/www.metrica-global.com\/pt\/vuelta-al-trabajo-5-claves-para-reforzar-tu-ciberseguridad-tras-las-vacaciones\/"]}]},{"@type":"ImageObject","inLanguage":"pt-PT","@id":"https:\/\/www.metrica-global.com\/pt\/vuelta-al-trabajo-5-claves-para-reforzar-tu-ciberseguridad-tras-las-vacaciones\/#primaryimage","url":"https:\/\/www.metrica-global.com\/wp-content\/uploads\/2025\/09\/169-CIBER-VACAS.jpg","contentUrl":"https:\/\/www.metrica-global.com\/wp-content\/uploads\/2025\/09\/169-CIBER-VACAS.jpg","width":1920,"height":1080},{"@type":"BreadcrumbList","@id":"https:\/\/www.metrica-global.com\/pt\/vuelta-al-trabajo-5-claves-para-reforzar-tu-ciberseguridad-tras-las-vacaciones\/#breadcrumb","itemListElement":[{"@type":"ListItem","position":1,"name":"Portada","item":"https:\/\/www.metrica-global.com\/pt\/"},{"@type":"ListItem","position":2,"name":"Regresso ao trabalho: dicas para refor\u00e7ar a tua ciberseguran\u00e7a ap\u00f3s as f\u00e9rias de ver\u00e3o"}]},{"@type":"WebSite","@id":"https:\/\/www.metrica-global.com\/#website","url":"https:\/\/www.metrica-global.com\/","name":"METRICA","description":"Servicios Globales IT","publisher":{"@id":"https:\/\/www.metrica-global.com\/#organization"},"potentialAction":[{"@type":"SearchAction","target":{"@type":"EntryPoint","urlTemplate":"https:\/\/www.metrica-global.com\/?s={search_term_string}"},"query-input":{"@type":"PropertyValueSpecification","valueRequired":true,"valueName":"search_term_string"}}],"inLanguage":"pt-PT"},{"@type":"Organization","@id":"https:\/\/www.metrica-global.com\/#organization","name":"METRICA","url":"https:\/\/www.metrica-global.com\/","logo":{"@type":"ImageObject","inLanguage":"pt-PT","@id":"https:\/\/www.metrica-global.com\/#\/schema\/logo\/image\/","url":"https:\/\/www.metrica-global.com\/wp-content\/uploads\/2023\/12\/logo-metrica.png","contentUrl":"https:\/\/www.metrica-global.com\/wp-content\/uploads\/2023\/12\/logo-metrica.png","width":332,"height":58,"caption":"METRICA"},"image":{"@id":"https:\/\/www.metrica-global.com\/#\/schema\/logo\/image\/"}},{"@type":"Person","@id":"https:\/\/www.metrica-global.com\/#\/schema\/person\/2f4208bdc63892f387a04f4106dd0fcb","name":"metrica","image":{"@type":"ImageObject","inLanguage":"pt-PT","@id":"https:\/\/www.metrica-global.com\/#\/schema\/person\/image\/","url":"https:\/\/secure.gravatar.com\/avatar\/735533d52394faf02a8736d8f477256b9fb421f39d81c48c55ea37c267061786?s=96&d=mm&r=g","contentUrl":"https:\/\/secure.gravatar.com\/avatar\/735533d52394faf02a8736d8f477256b9fb421f39d81c48c55ea37c267061786?s=96&d=mm&r=g","caption":"metrica"},"sameAs":["https:\/\/x.com\/desarrollo"],"url":"https:\/\/www.metrica-global.com\/pt\/author\/metrica\/"}]}},"_links":{"self":[{"href":"https:\/\/www.metrica-global.com\/pt\/wp-json\/wp\/v2\/posts\/13217","targetHints":{"allow":["GET"]}}],"collection":[{"href":"https:\/\/www.metrica-global.com\/pt\/wp-json\/wp\/v2\/posts"}],"about":[{"href":"https:\/\/www.metrica-global.com\/pt\/wp-json\/wp\/v2\/types\/post"}],"author":[{"embeddable":true,"href":"https:\/\/www.metrica-global.com\/pt\/wp-json\/wp\/v2\/users\/2"}],"replies":[{"embeddable":true,"href":"https:\/\/www.metrica-global.com\/pt\/wp-json\/wp\/v2\/comments?post=13217"}],"version-history":[{"count":1,"href":"https:\/\/www.metrica-global.com\/pt\/wp-json\/wp\/v2\/posts\/13217\/revisions"}],"predecessor-version":[{"id":13222,"href":"https:\/\/www.metrica-global.com\/pt\/wp-json\/wp\/v2\/posts\/13217\/revisions\/13222"}],"wp:featuredmedia":[{"embeddable":true,"href":"https:\/\/www.metrica-global.com\/pt\/wp-json\/wp\/v2\/media\/13211"}],"wp:attachment":[{"href":"https:\/\/www.metrica-global.com\/pt\/wp-json\/wp\/v2\/media?parent=13217"}],"wp:term":[{"taxonomy":"category","embeddable":true,"href":"https:\/\/www.metrica-global.com\/pt\/wp-json\/wp\/v2\/categories?post=13217"},{"taxonomy":"post_tag","embeddable":true,"href":"https:\/\/www.metrica-global.com\/pt\/wp-json\/wp\/v2\/tags?post=13217"}],"curies":[{"name":"wp","href":"https:\/\/api.w.org\/{rel}","templated":true}]}}