{"id":13424,"date":"2025-10-08T17:09:31","date_gmt":"2025-10-08T15:09:31","guid":{"rendered":"https:\/\/www.metrica-global.com\/?p=13424"},"modified":"2025-10-08T17:10:50","modified_gmt":"2025-10-08T15:10:50","slug":"portugal-potencia-tecnologica-em-ascensao","status":"publish","type":"post","link":"https:\/\/www.metrica-global.com\/pt\/portugal-potencia-tecnologica-em-ascensao\/","title":{"rendered":"Portugal, pot\u00eancia tecnol\u00f3gica em ascens\u00e3o"},"content":{"rendered":"<p data-start=\"319\" data-end=\"790\">Nos \u00faltimos anos, <strong data-start=\"337\" data-end=\"429\">Portugal tem vindo a afirmar-se como uma das principais pot\u00eancias tecnol\u00f3gicas da Europa<\/strong>. O ecossistema nacional das TIC \u2014 que engloba \u00e1reas como o software, a intelig\u00eancia artificial, as telecomunica\u00e7\u00f5es e os centros de dados \u2014 cresce de forma s\u00f3lida e cont\u00ednua. Atualmente, o pa\u00eds conta com <strong data-start=\"634\" data-end=\"674\">mais de 34.000 empresas tecnol\u00f3gicas<\/strong>, respons\u00e1veis por milhares de milh\u00f5es de euros em fatura\u00e7\u00e3o e pela cria\u00e7\u00e3o de empregos altamente qualificados. \ud83d\ude80<\/p>\n<h3 data-start=\"792\" data-end=\"842\">Um ecossistema tecnol\u00f3gico em plena expans\u00e3o<\/h3>\n<p data-start=\"843\" data-end=\"1129\">O investimento estrangeiro e a aposta em pol\u00edticas de inova\u00e7\u00e3o t\u00eam colocado <strong data-start=\"919\" data-end=\"971\">Portugal no mapa global da transforma\u00e7\u00e3o digital<\/strong>. Cidades como Lisboa, Porto e Braga tornaram-se polos de desenvolvimento tecnol\u00f3gico, atraindo startups, empresas multinacionais e centros de investiga\u00e7\u00e3o.<\/p>\n<p data-start=\"1131\" data-end=\"1547\">\ud83d\udd39 <strong data-start=\"1134\" data-end=\"1160\">Investimento cont\u00ednuo:<\/strong> Governos e empresas privadas refor\u00e7am a aposta em I&amp;D, infraestrutura digital e energias sustent\u00e1veis.<br data-start=\"1263\" data-end=\"1266\" \/>\ud83d\udd39 <strong data-start=\"1269\" data-end=\"1293\">Talento qualificado:<\/strong> A nova gera\u00e7\u00e3o de profissionais portugueses destaca-se pela forma\u00e7\u00e3o s\u00f3lida e pela capacidade de inova\u00e7\u00e3o.<br data-start=\"1400\" data-end=\"1403\" \/>\ud83d\udd39 <strong data-start=\"1406\" data-end=\"1433\">Abertura internacional:<\/strong> Portugal \u00e9 hoje um destino estrat\u00e9gico para empresas tecnol\u00f3gicas que procuram expandir opera\u00e7\u00f5es na Europa. \ud83c\udf0d<\/p>\n<h3 data-start=\"1549\" data-end=\"1598\">O papel da METRICA na transforma\u00e7\u00e3o digital<\/h3>\n<p data-start=\"1599\" data-end=\"1875\">Na <strong data-start=\"1602\" data-end=\"1613\">METRICA<\/strong>, acompanhamos de perto esta evolu\u00e7\u00e3o e contribu\u00edmos ativamente para o crescimento do ecossistema tecnol\u00f3gico portugu\u00eas. A nossa miss\u00e3o \u00e9 clara: <strong data-start=\"1758\" data-end=\"1872\">oferecer talento e solu\u00e7\u00f5es tecnol\u00f3gicas que impulsionem a inova\u00e7\u00e3o e a transforma\u00e7\u00e3o digital das organiza\u00e7\u00f5es<\/strong>.<\/p>\n<p data-start=\"1877\" data-end=\"2061\">Com uma abordagem <strong data-start=\"1895\" data-end=\"1925\">flex\u00edvel, pr\u00f3xima e humana<\/strong>, ajudamos empresas de diferentes setores a integrar tecnologias emergentes, otimizar processos e acelerar a sua transi\u00e7\u00e3o digital. \ud83d\udca1<\/p>\n<h3 data-start=\"2063\" data-end=\"2104\">Um futuro digital com ADN portugu\u00eas<\/h3>\n<p data-start=\"2105\" data-end=\"2401\">Portugal re\u00fane hoje os ingredientes ideais para se consolidar como refer\u00eancia europeia em tecnologia: talento, inova\u00e7\u00e3o e uma vis\u00e3o de futuro. Na METRICA, acreditamos que o pa\u00eds tem tudo para liderar a pr\u00f3xima d\u00e9cada de transforma\u00e7\u00e3o digital \u2014 e estamos orgulhosos de fazer parte desta jornada.<\/p>\n<p data-start=\"2403\" data-end=\"2456\">Porque o futuro da tecnologia fala portugu\u00eas. \ud83c\uddf5\ud83c\uddf9\u2728<\/p>\n","protected":false},"excerpt":{"rendered":"<p>Portugal est\u00e1 a posicionar-se como uma pot\u00eancia tecnol\u00f3gica europeia, com mais de 34.000 empresas TIC e um ecossistema em r\u00e1pido crescimento.<\/p>\n","protected":false},"author":2,"featured_media":13425,"comment_status":"open","ping_status":"open","sticky":false,"template":"","format":"standard","meta":{"content-type":"","footnotes":""},"categories":[1166],"tags":[3330,3329,3327,3326,1247,3331,3325,3332,3328,3304],"class_list":["post-13424","post","type-post","status-publish","format-standard","has-post-thumbnail","hentry","category-atualidade-pt","tag-centros-de-dados","tag-ecossistema-tecnologico-portugues","tag-empresas-tic","tag-inovacao-em-portugal","tag-inteligencia-artificial-pt","tag-metrica-portugal","tag-portugal-tecnologico","tag-talento-digital-pt","tag-tecnologia-europeia","tag-transformacao-digital"],"yoast_head":"<!-- This site is optimized with the Yoast SEO plugin v25.9 - https:\/\/yoast.com\/wordpress\/plugins\/seo\/ -->\n<title>Portugal, pot\u00eancia tecnol\u00f3gica em ascens\u00e3o - METRICA<\/title>\n<meta name=\"robots\" content=\"index, follow, max-snippet:-1, max-image-preview:large, max-video-preview:-1\" \/>\n<link rel=\"canonical\" href=\"https:\/\/www.metrica-global.com\/pt\/portugal-potencia-tecnologica-em-ascensao\/\" \/>\n<meta property=\"og:locale\" content=\"pt_PT\" \/>\n<meta property=\"og:type\" content=\"article\" \/>\n<meta property=\"og:title\" content=\"Portugal, pot\u00eancia tecnol\u00f3gica em ascens\u00e3o - METRICA\" \/>\n<meta property=\"og:description\" content=\"Portugal est\u00e1 a posicionar-se como uma pot\u00eancia tecnol\u00f3gica europeia, com mais de 34.000 empresas TIC e um ecossistema em r\u00e1pido crescimento.\" \/>\n<meta property=\"og:url\" content=\"https:\/\/www.metrica-global.com\/pt\/portugal-potencia-tecnologica-em-ascensao\/\" \/>\n<meta property=\"og:site_name\" content=\"METRICA\" \/>\n<meta property=\"article:published_time\" content=\"2025-10-08T15:09:31+00:00\" \/>\n<meta property=\"article:modified_time\" content=\"2025-10-08T15:10:50+00:00\" \/>\n<meta property=\"og:image\" content=\"https:\/\/www.metrica-global.com\/wp-content\/uploads\/2025\/10\/PORTU.jpg\" \/>\n\t<meta property=\"og:image:width\" content=\"1536\" \/>\n\t<meta property=\"og:image:height\" content=\"1024\" \/>\n\t<meta property=\"og:image:type\" content=\"image\/jpeg\" \/>\n<meta name=\"author\" content=\"metrica\" \/>\n<meta name=\"twitter:card\" content=\"summary_large_image\" \/>\n<meta name=\"twitter:creator\" content=\"@desarrollo\" \/>\n<meta name=\"twitter:label1\" content=\"Written by\" \/>\n\t<meta name=\"twitter:data1\" content=\"metrica\" \/>\n\t<meta name=\"twitter:label2\" content=\"Est. reading time\" \/>\n\t<meta name=\"twitter:data2\" content=\"2 minutos\" \/>\n<script type=\"application\/ld+json\" class=\"yoast-schema-graph\">{\"@context\":\"https:\/\/schema.org\",\"@graph\":[{\"@type\":\"Article\",\"@id\":\"https:\/\/www.metrica-global.com\/pt\/portugal-potencia-tecnologica-em-ascensao\/#article\",\"isPartOf\":{\"@id\":\"https:\/\/www.metrica-global.com\/pt\/portugal-potencia-tecnologica-em-ascensao\/\"},\"author\":{\"name\":\"metrica\",\"@id\":\"https:\/\/www.metrica-global.com\/#\/schema\/person\/2f4208bdc63892f387a04f4106dd0fcb\"},\"headline\":\"Portugal, pot\u00eancia tecnol\u00f3gica em ascens\u00e3o\",\"datePublished\":\"2025-10-08T15:09:31+00:00\",\"dateModified\":\"2025-10-08T15:10:50+00:00\",\"mainEntityOfPage\":{\"@id\":\"https:\/\/www.metrica-global.com\/pt\/portugal-potencia-tecnologica-em-ascensao\/\"},\"wordCount\":350,\"commentCount\":0,\"publisher\":{\"@id\":\"https:\/\/www.metrica-global.com\/#organization\"},\"image\":{\"@id\":\"https:\/\/www.metrica-global.com\/pt\/portugal-potencia-tecnologica-em-ascensao\/#primaryimage\"},\"thumbnailUrl\":\"https:\/\/www.metrica-global.com\/wp-content\/uploads\/2025\/10\/PORTU.jpg\",\"keywords\":[\"centros de dados\",\"ecossistema tecnol\u00f3gico portugu\u00eas\",\"empresas TIC\",\"inova\u00e7\u00e3o em Portugal\",\"Inteligencia Artificial\",\"METRICA Portugal\",\"Portugal tecnol\u00f3gico\",\"Talento Digital\",\"tecnologia europeia\",\"transforma\u00e7\u00e3o digital\"],\"articleSection\":[\"Atualidade\"],\"inLanguage\":\"pt-PT\",\"potentialAction\":[{\"@type\":\"CommentAction\",\"name\":\"Comment\",\"target\":[\"https:\/\/www.metrica-global.com\/pt\/portugal-potencia-tecnologica-em-ascensao\/#respond\"]}]},{\"@type\":\"WebPage\",\"@id\":\"https:\/\/www.metrica-global.com\/pt\/portugal-potencia-tecnologica-em-ascensao\/\",\"url\":\"https:\/\/www.metrica-global.com\/pt\/portugal-potencia-tecnologica-em-ascensao\/\",\"name\":\"Portugal, pot\u00eancia tecnol\u00f3gica em ascens\u00e3o - METRICA\",\"isPartOf\":{\"@id\":\"https:\/\/www.metrica-global.com\/#website\"},\"primaryImageOfPage\":{\"@id\":\"https:\/\/www.metrica-global.com\/pt\/portugal-potencia-tecnologica-em-ascensao\/#primaryimage\"},\"image\":{\"@id\":\"https:\/\/www.metrica-global.com\/pt\/portugal-potencia-tecnologica-em-ascensao\/#primaryimage\"},\"thumbnailUrl\":\"https:\/\/www.metrica-global.com\/wp-content\/uploads\/2025\/10\/PORTU.jpg\",\"datePublished\":\"2025-10-08T15:09:31+00:00\",\"dateModified\":\"2025-10-08T15:10:50+00:00\",\"breadcrumb\":{\"@id\":\"https:\/\/www.metrica-global.com\/pt\/portugal-potencia-tecnologica-em-ascensao\/#breadcrumb\"},\"inLanguage\":\"pt-PT\",\"potentialAction\":[{\"@type\":\"ReadAction\",\"target\":[\"https:\/\/www.metrica-global.com\/pt\/portugal-potencia-tecnologica-em-ascensao\/\"]}]},{\"@type\":\"ImageObject\",\"inLanguage\":\"pt-PT\",\"@id\":\"https:\/\/www.metrica-global.com\/pt\/portugal-potencia-tecnologica-em-ascensao\/#primaryimage\",\"url\":\"https:\/\/www.metrica-global.com\/wp-content\/uploads\/2025\/10\/PORTU.jpg\",\"contentUrl\":\"https:\/\/www.metrica-global.com\/wp-content\/uploads\/2025\/10\/PORTU.jpg\",\"width\":1536,\"height\":1024,\"caption\":\"PORTU\"},{\"@type\":\"BreadcrumbList\",\"@id\":\"https:\/\/www.metrica-global.com\/pt\/portugal-potencia-tecnologica-em-ascensao\/#breadcrumb\",\"itemListElement\":[{\"@type\":\"ListItem\",\"position\":1,\"name\":\"Portada\",\"item\":\"https:\/\/www.metrica-global.com\/pt\/\"},{\"@type\":\"ListItem\",\"position\":2,\"name\":\"Portugal, pot\u00eancia tecnol\u00f3gica em ascens\u00e3o\"}]},{\"@type\":\"WebSite\",\"@id\":\"https:\/\/www.metrica-global.com\/#website\",\"url\":\"https:\/\/www.metrica-global.com\/\",\"name\":\"METRICA\",\"description\":\"Servicios Globales IT\",\"publisher\":{\"@id\":\"https:\/\/www.metrica-global.com\/#organization\"},\"potentialAction\":[{\"@type\":\"SearchAction\",\"target\":{\"@type\":\"EntryPoint\",\"urlTemplate\":\"https:\/\/www.metrica-global.com\/?s={search_term_string}\"},\"query-input\":{\"@type\":\"PropertyValueSpecification\",\"valueRequired\":true,\"valueName\":\"search_term_string\"}}],\"inLanguage\":\"pt-PT\"},{\"@type\":\"Organization\",\"@id\":\"https:\/\/www.metrica-global.com\/#organization\",\"name\":\"METRICA\",\"url\":\"https:\/\/www.metrica-global.com\/\",\"logo\":{\"@type\":\"ImageObject\",\"inLanguage\":\"pt-PT\",\"@id\":\"https:\/\/www.metrica-global.com\/#\/schema\/logo\/image\/\",\"url\":\"https:\/\/www.metrica-global.com\/wp-content\/uploads\/2023\/12\/logo-metrica.png\",\"contentUrl\":\"https:\/\/www.metrica-global.com\/wp-content\/uploads\/2023\/12\/logo-metrica.png\",\"width\":332,\"height\":58,\"caption\":\"METRICA\"},\"image\":{\"@id\":\"https:\/\/www.metrica-global.com\/#\/schema\/logo\/image\/\"}},{\"@type\":\"Person\",\"@id\":\"https:\/\/www.metrica-global.com\/#\/schema\/person\/2f4208bdc63892f387a04f4106dd0fcb\",\"name\":\"metrica\",\"image\":{\"@type\":\"ImageObject\",\"inLanguage\":\"pt-PT\",\"@id\":\"https:\/\/www.metrica-global.com\/#\/schema\/person\/image\/\",\"url\":\"https:\/\/secure.gravatar.com\/avatar\/735533d52394faf02a8736d8f477256b9fb421f39d81c48c55ea37c267061786?s=96&d=mm&r=g\",\"contentUrl\":\"https:\/\/secure.gravatar.com\/avatar\/735533d52394faf02a8736d8f477256b9fb421f39d81c48c55ea37c267061786?s=96&d=mm&r=g\",\"caption\":\"metrica\"},\"sameAs\":[\"https:\/\/x.com\/desarrollo\"],\"url\":\"https:\/\/www.metrica-global.com\/pt\/author\/metrica\/\"}]}<\/script>\n<!-- \/ Yoast SEO plugin. -->","yoast_head_json":{"title":"Portugal, pot\u00eancia tecnol\u00f3gica em ascens\u00e3o - METRICA","robots":{"index":"index","follow":"follow","max-snippet":"max-snippet:-1","max-image-preview":"max-image-preview:large","max-video-preview":"max-video-preview:-1"},"canonical":"https:\/\/www.metrica-global.com\/pt\/portugal-potencia-tecnologica-em-ascensao\/","og_locale":"pt_PT","og_type":"article","og_title":"Portugal, pot\u00eancia tecnol\u00f3gica em ascens\u00e3o - METRICA","og_description":"Portugal est\u00e1 a posicionar-se como uma pot\u00eancia tecnol\u00f3gica europeia, com mais de 34.000 empresas TIC e um ecossistema em r\u00e1pido crescimento.","og_url":"https:\/\/www.metrica-global.com\/pt\/portugal-potencia-tecnologica-em-ascensao\/","og_site_name":"METRICA","article_published_time":"2025-10-08T15:09:31+00:00","article_modified_time":"2025-10-08T15:10:50+00:00","og_image":[{"width":1536,"height":1024,"url":"https:\/\/www.metrica-global.com\/wp-content\/uploads\/2025\/10\/PORTU.jpg","type":"image\/jpeg"}],"author":"metrica","twitter_card":"summary_large_image","twitter_creator":"@desarrollo","twitter_misc":{"Written by":"metrica","Est. reading time":"2 minutos"},"schema":{"@context":"https:\/\/schema.org","@graph":[{"@type":"Article","@id":"https:\/\/www.metrica-global.com\/pt\/portugal-potencia-tecnologica-em-ascensao\/#article","isPartOf":{"@id":"https:\/\/www.metrica-global.com\/pt\/portugal-potencia-tecnologica-em-ascensao\/"},"author":{"name":"metrica","@id":"https:\/\/www.metrica-global.com\/#\/schema\/person\/2f4208bdc63892f387a04f4106dd0fcb"},"headline":"Portugal, pot\u00eancia tecnol\u00f3gica em ascens\u00e3o","datePublished":"2025-10-08T15:09:31+00:00","dateModified":"2025-10-08T15:10:50+00:00","mainEntityOfPage":{"@id":"https:\/\/www.metrica-global.com\/pt\/portugal-potencia-tecnologica-em-ascensao\/"},"wordCount":350,"commentCount":0,"publisher":{"@id":"https:\/\/www.metrica-global.com\/#organization"},"image":{"@id":"https:\/\/www.metrica-global.com\/pt\/portugal-potencia-tecnologica-em-ascensao\/#primaryimage"},"thumbnailUrl":"https:\/\/www.metrica-global.com\/wp-content\/uploads\/2025\/10\/PORTU.jpg","keywords":["centros de dados","ecossistema tecnol\u00f3gico portugu\u00eas","empresas TIC","inova\u00e7\u00e3o em Portugal","Inteligencia Artificial","METRICA Portugal","Portugal tecnol\u00f3gico","Talento Digital","tecnologia europeia","transforma\u00e7\u00e3o digital"],"articleSection":["Atualidade"],"inLanguage":"pt-PT","potentialAction":[{"@type":"CommentAction","name":"Comment","target":["https:\/\/www.metrica-global.com\/pt\/portugal-potencia-tecnologica-em-ascensao\/#respond"]}]},{"@type":"WebPage","@id":"https:\/\/www.metrica-global.com\/pt\/portugal-potencia-tecnologica-em-ascensao\/","url":"https:\/\/www.metrica-global.com\/pt\/portugal-potencia-tecnologica-em-ascensao\/","name":"Portugal, pot\u00eancia tecnol\u00f3gica em ascens\u00e3o - METRICA","isPartOf":{"@id":"https:\/\/www.metrica-global.com\/#website"},"primaryImageOfPage":{"@id":"https:\/\/www.metrica-global.com\/pt\/portugal-potencia-tecnologica-em-ascensao\/#primaryimage"},"image":{"@id":"https:\/\/www.metrica-global.com\/pt\/portugal-potencia-tecnologica-em-ascensao\/#primaryimage"},"thumbnailUrl":"https:\/\/www.metrica-global.com\/wp-content\/uploads\/2025\/10\/PORTU.jpg","datePublished":"2025-10-08T15:09:31+00:00","dateModified":"2025-10-08T15:10:50+00:00","breadcrumb":{"@id":"https:\/\/www.metrica-global.com\/pt\/portugal-potencia-tecnologica-em-ascensao\/#breadcrumb"},"inLanguage":"pt-PT","potentialAction":[{"@type":"ReadAction","target":["https:\/\/www.metrica-global.com\/pt\/portugal-potencia-tecnologica-em-ascensao\/"]}]},{"@type":"ImageObject","inLanguage":"pt-PT","@id":"https:\/\/www.metrica-global.com\/pt\/portugal-potencia-tecnologica-em-ascensao\/#primaryimage","url":"https:\/\/www.metrica-global.com\/wp-content\/uploads\/2025\/10\/PORTU.jpg","contentUrl":"https:\/\/www.metrica-global.com\/wp-content\/uploads\/2025\/10\/PORTU.jpg","width":1536,"height":1024,"caption":"PORTU"},{"@type":"BreadcrumbList","@id":"https:\/\/www.metrica-global.com\/pt\/portugal-potencia-tecnologica-em-ascensao\/#breadcrumb","itemListElement":[{"@type":"ListItem","position":1,"name":"Portada","item":"https:\/\/www.metrica-global.com\/pt\/"},{"@type":"ListItem","position":2,"name":"Portugal, pot\u00eancia tecnol\u00f3gica em ascens\u00e3o"}]},{"@type":"WebSite","@id":"https:\/\/www.metrica-global.com\/#website","url":"https:\/\/www.metrica-global.com\/","name":"METRICA","description":"Servicios Globales IT","publisher":{"@id":"https:\/\/www.metrica-global.com\/#organization"},"potentialAction":[{"@type":"SearchAction","target":{"@type":"EntryPoint","urlTemplate":"https:\/\/www.metrica-global.com\/?s={search_term_string}"},"query-input":{"@type":"PropertyValueSpecification","valueRequired":true,"valueName":"search_term_string"}}],"inLanguage":"pt-PT"},{"@type":"Organization","@id":"https:\/\/www.metrica-global.com\/#organization","name":"METRICA","url":"https:\/\/www.metrica-global.com\/","logo":{"@type":"ImageObject","inLanguage":"pt-PT","@id":"https:\/\/www.metrica-global.com\/#\/schema\/logo\/image\/","url":"https:\/\/www.metrica-global.com\/wp-content\/uploads\/2023\/12\/logo-metrica.png","contentUrl":"https:\/\/www.metrica-global.com\/wp-content\/uploads\/2023\/12\/logo-metrica.png","width":332,"height":58,"caption":"METRICA"},"image":{"@id":"https:\/\/www.metrica-global.com\/#\/schema\/logo\/image\/"}},{"@type":"Person","@id":"https:\/\/www.metrica-global.com\/#\/schema\/person\/2f4208bdc63892f387a04f4106dd0fcb","name":"metrica","image":{"@type":"ImageObject","inLanguage":"pt-PT","@id":"https:\/\/www.metrica-global.com\/#\/schema\/person\/image\/","url":"https:\/\/secure.gravatar.com\/avatar\/735533d52394faf02a8736d8f477256b9fb421f39d81c48c55ea37c267061786?s=96&d=mm&r=g","contentUrl":"https:\/\/secure.gravatar.com\/avatar\/735533d52394faf02a8736d8f477256b9fb421f39d81c48c55ea37c267061786?s=96&d=mm&r=g","caption":"metrica"},"sameAs":["https:\/\/x.com\/desarrollo"],"url":"https:\/\/www.metrica-global.com\/pt\/author\/metrica\/"}]}},"_links":{"self":[{"href":"https:\/\/www.metrica-global.com\/pt\/wp-json\/wp\/v2\/posts\/13424","targetHints":{"allow":["GET"]}}],"collection":[{"href":"https:\/\/www.metrica-global.com\/pt\/wp-json\/wp\/v2\/posts"}],"about":[{"href":"https:\/\/www.metrica-global.com\/pt\/wp-json\/wp\/v2\/types\/post"}],"author":[{"embeddable":true,"href":"https:\/\/www.metrica-global.com\/pt\/wp-json\/wp\/v2\/users\/2"}],"replies":[{"embeddable":true,"href":"https:\/\/www.metrica-global.com\/pt\/wp-json\/wp\/v2\/comments?post=13424"}],"version-history":[{"count":1,"href":"https:\/\/www.metrica-global.com\/pt\/wp-json\/wp\/v2\/posts\/13424\/revisions"}],"predecessor-version":[{"id":13431,"href":"https:\/\/www.metrica-global.com\/pt\/wp-json\/wp\/v2\/posts\/13424\/revisions\/13431"}],"wp:featuredmedia":[{"embeddable":true,"href":"https:\/\/www.metrica-global.com\/pt\/wp-json\/wp\/v2\/media\/13425"}],"wp:attachment":[{"href":"https:\/\/www.metrica-global.com\/pt\/wp-json\/wp\/v2\/media?parent=13424"}],"wp:term":[{"taxonomy":"category","embeddable":true,"href":"https:\/\/www.metrica-global.com\/pt\/wp-json\/wp\/v2\/categories?post=13424"},{"taxonomy":"post_tag","embeddable":true,"href":"https:\/\/www.metrica-global.com\/pt\/wp-json\/wp\/v2\/tags?post=13424"}],"curies":[{"name":"wp","href":"https:\/\/api.w.org\/{rel}","templated":true}]}}