{"id":13508,"date":"2025-09-17T16:22:39","date_gmt":"2025-09-17T14:22:39","guid":{"rendered":"https:\/\/www.metrica-global.com\/metrica-renueva-su-patrocinio-con-el-cd-la-avanzada-para-impulsar-el-deporte-local\/"},"modified":"2025-10-10T09:25:31","modified_gmt":"2025-10-10T07:25:31","slug":"metrica-renueva-su-patrocinio-con-el-cd-la-avanzada-para-impulsar-el-deporte-local","status":"publish","type":"post","link":"https:\/\/www.metrica-global.com\/pt\/metrica-renueva-su-patrocinio-con-el-cd-la-avanzada-para-impulsar-el-deporte-local\/","title":{"rendered":"METRICA renova o seu patroc\u00ednio com o CD La Avanzada para impulsionar o desporto local"},"content":{"rendered":"<p data-start=\"254\" data-end=\"601\">Na <strong data-start=\"257\" data-end=\"268\">METRICA<\/strong>, entendemos o patroc\u00ednio desportivo como uma forma de gerar impacto positivo na comunidade. Por isso, temos orgulho em anunciar a renova\u00e7\u00e3o do nosso acordo com o <strong data-start=\"431\" data-end=\"461\">Club Deportivo La Avanzada<\/strong> para esta temporada, refor\u00e7ando assim uma colabora\u00e7\u00e3o que consolida o nosso compromisso com o talento, a paix\u00e3o e os valores partilhados.<\/p>\n<h3 data-start=\"603\" data-end=\"648\">Um patroc\u00ednio baseado em valores comuns<\/h3>\n<p data-start=\"650\" data-end=\"1025\">O <strong data-start=\"652\" data-end=\"670\">CD La Avanzada<\/strong> \u00e9 um clube que simboliza esfor\u00e7o, dedica\u00e7\u00e3o e trabalho em equipa \u2014 princ\u00edpios que se alinham com o ADN da <strong data-start=\"777\" data-end=\"788\">METRICA<\/strong>, constru\u00eddo sobre a proximidade, a flexibilidade, a proatividade e a humanidade. Mais do que um patroc\u00ednio, esta parceria representa um compromisso conjunto de crescimento sustentado em valores s\u00f3lidos que transcendem o campo de jogo.<\/p>\n<h3 data-start=\"1027\" data-end=\"1060\">Objetivos desta colabora\u00e7\u00e3o<\/h3>\n<p data-start=\"1062\" data-end=\"1107\">Com a renova\u00e7\u00e3o do patroc\u00ednio, pretendemos:<\/p>\n<ul data-start=\"1109\" data-end=\"1408\">\n<li data-start=\"1109\" data-end=\"1204\">\n<p data-start=\"1111\" data-end=\"1204\"><strong data-start=\"1111\" data-end=\"1143\">Impulsionar o desporto local<\/strong>, apoiando o crescimento de um clube em constante evolu\u00e7\u00e3o.<\/p>\n<\/li>\n<li data-start=\"1205\" data-end=\"1308\">\n<p data-start=\"1207\" data-end=\"1308\"><strong data-start=\"1207\" data-end=\"1246\">Apoiar o desenvolvimento do talento<\/strong>, oferecendo suporte a quem treina com paix\u00e3o e compromisso.<\/p>\n<\/li>\n<li data-start=\"1309\" data-end=\"1408\">\n<p data-start=\"1311\" data-end=\"1408\"><strong data-start=\"1311\" data-end=\"1346\">Refor\u00e7ar os valores partilhados<\/strong>, construindo la\u00e7os que v\u00e3o al\u00e9m dos resultados desportivos.<\/p>\n<\/li>\n<\/ul>\n<h3 data-start=\"1410\" data-end=\"1457\">Compromisso com a comunidade e inspira\u00e7\u00e3o<\/h3>\n<p data-start=\"1459\" data-end=\"1785\">Este acordo reflete a vis\u00e3o da <strong data-start=\"1490\" data-end=\"1501\">METRICA<\/strong> de continuar a construir comunidade e de apoiar projetos que inspiram tanto dentro como fora do \u00e2mbito desportivo. O desporto local \u00e9 um motor de coes\u00e3o social, e para n\u00f3s \u00e9 fundamental contribuir para o seu fortalecimento enquanto empresa tecnol\u00f3gica comprometida com a sociedade.<\/p>\n<p data-start=\"1787\" data-end=\"1950\">Al\u00e9m disso, acompanh\u00e1mos este an\u00fancio com um v\u00eddeo nas nossas redes sociais que reflete o entusiasmo de continuar a apoiar o <strong data-start=\"1912\" data-end=\"1930\">CD La Avanzada<\/strong> nesta nova etapa.<\/p>\n<h3 data-start=\"1952\" data-end=\"1991\">Uma temporada para crescer juntos<\/h3>\n<p data-start=\"1993\" data-end=\"2256\" data-is-last-node=\"\" data-is-only-node=\"\">Da <strong data-start=\"1996\" data-end=\"2007\">METRICA<\/strong>, desejamos muitos sucessos ao <strong data-start=\"2038\" data-end=\"2056\">CD La Avanzada<\/strong> nesta nova temporada. Estamos certos de que este caminho conjunto continuar\u00e1 a gerar valor para a comunidade e a demonstrar como o desporto e as empresas podem unir-se para criar um impacto positivo.<\/p>\n<div style=\"width: 720px;\" class=\"wp-video\"><!--[if lt IE 9]><script>document.createElement('video');<\/script><![endif]-->\n<video class=\"wp-video-shortcode\" id=\"video-13508-1\" width=\"720\" height=\"1280\" preload=\"metadata\" controls=\"controls\"><source type=\"video\/mp4\" src=\"https:\/\/www.metrica-global.com\/wp-content\/uploads\/2025\/09\/REEL-PATROCINIO-AAVV.mp4?_=1\" \/><a href=\"https:\/\/www.metrica-global.com\/wp-content\/uploads\/2025\/09\/REEL-PATROCINIO-AAVV.mp4\">https:\/\/www.metrica-global.com\/wp-content\/uploads\/2025\/09\/REEL-PATROCINIO-AAVV.mp4<\/a><\/video><\/div>\n","protected":false},"excerpt":{"rendered":"<p>O CD La Avanzada \u00e9 um clube que representa esfor\u00e7o, dedica\u00e7\u00e3o e trabalho em equipa \u2014 princ\u00edpios que est\u00e3o totalmente alinhados com o ADN da METRICA.<\/p>\n","protected":false},"author":2,"featured_media":13280,"comment_status":"open","ping_status":"open","sticky":false,"template":"","format":"standard","meta":{"content-type":"","footnotes":""},"categories":[1166],"tags":[3476,3474,3477,3475,3473,3424,2135,1536,3478,1231],"class_list":["post-13508","post","type-post","status-publish","format-standard","has-post-thumbnail","hentry","category-atualidade-pt","tag-avanzada-pt","tag-deporte-pt","tag-deporte-local-pt","tag-fuenlabrada-pt","tag-futbol-pt","tag-patrocinio-deportivo-pt","tag-patrocinioconproposito-pt","tag-rsc-pt","tag-talento-con-proposito-pt","tag-tecnologia-pt"],"yoast_head":"<!-- This site is optimized with the Yoast SEO plugin v25.9 - https:\/\/yoast.com\/wordpress\/plugins\/seo\/ -->\n<title>METRICA renova o seu patroc\u00ednio com o CD La Avanzada para impulsionar o desporto local - METRICA<\/title>\n<meta name=\"robots\" content=\"index, follow, max-snippet:-1, max-image-preview:large, max-video-preview:-1\" \/>\n<link rel=\"canonical\" href=\"https:\/\/www.metrica-global.com\/pt\/metrica-renueva-su-patrocinio-con-el-cd-la-avanzada-para-impulsar-el-deporte-local\/\" \/>\n<meta property=\"og:locale\" content=\"pt_PT\" \/>\n<meta property=\"og:type\" content=\"article\" \/>\n<meta property=\"og:title\" content=\"METRICA renova o seu patroc\u00ednio com o CD La Avanzada para impulsionar o desporto local - METRICA\" \/>\n<meta property=\"og:description\" content=\"O CD La Avanzada \u00e9 um clube que representa esfor\u00e7o, dedica\u00e7\u00e3o e trabalho em equipa \u2014 princ\u00edpios que est\u00e3o totalmente alinhados com o ADN da METRICA.\" \/>\n<meta property=\"og:url\" content=\"https:\/\/www.metrica-global.com\/pt\/metrica-renueva-su-patrocinio-con-el-cd-la-avanzada-para-impulsar-el-deporte-local\/\" \/>\n<meta property=\"og:site_name\" content=\"METRICA\" \/>\n<meta property=\"article:published_time\" content=\"2025-09-17T14:22:39+00:00\" \/>\n<meta property=\"article:modified_time\" content=\"2025-10-10T07:25:31+00:00\" \/>\n<meta property=\"og:image\" content=\"https:\/\/www.metrica-global.com\/wp-content\/uploads\/2025\/09\/BANNER-NOTICIAS-3.jpg\" \/>\n\t<meta property=\"og:image:width\" content=\"3456\" \/>\n\t<meta property=\"og:image:height\" content=\"1728\" \/>\n\t<meta property=\"og:image:type\" content=\"image\/jpeg\" \/>\n<meta name=\"author\" content=\"metrica\" \/>\n<meta name=\"twitter:card\" content=\"summary_large_image\" \/>\n<meta name=\"twitter:creator\" content=\"@desarrollo\" \/>\n<meta name=\"twitter:label1\" content=\"Written by\" \/>\n\t<meta name=\"twitter:data1\" content=\"metrica\" \/>\n\t<meta name=\"twitter:label2\" content=\"Est. reading time\" \/>\n\t<meta name=\"twitter:data2\" content=\"2 minutos\" \/>\n<script type=\"application\/ld+json\" class=\"yoast-schema-graph\">{\"@context\":\"https:\/\/schema.org\",\"@graph\":[{\"@type\":\"Article\",\"@id\":\"https:\/\/www.metrica-global.com\/pt\/metrica-renueva-su-patrocinio-con-el-cd-la-avanzada-para-impulsar-el-deporte-local\/#article\",\"isPartOf\":{\"@id\":\"https:\/\/www.metrica-global.com\/pt\/metrica-renueva-su-patrocinio-con-el-cd-la-avanzada-para-impulsar-el-deporte-local\/\"},\"author\":{\"name\":\"metrica\",\"@id\":\"https:\/\/www.metrica-global.com\/#\/schema\/person\/2f4208bdc63892f387a04f4106dd0fcb\"},\"headline\":\"METRICA renova o seu patroc\u00ednio com o CD La Avanzada para impulsionar o desporto local\",\"datePublished\":\"2025-09-17T14:22:39+00:00\",\"dateModified\":\"2025-10-10T07:25:31+00:00\",\"mainEntityOfPage\":{\"@id\":\"https:\/\/www.metrica-global.com\/pt\/metrica-renueva-su-patrocinio-con-el-cd-la-avanzada-para-impulsar-el-deporte-local\/\"},\"wordCount\":352,\"commentCount\":0,\"publisher\":{\"@id\":\"https:\/\/www.metrica-global.com\/#organization\"},\"image\":{\"@id\":\"https:\/\/www.metrica-global.com\/pt\/metrica-renueva-su-patrocinio-con-el-cd-la-avanzada-para-impulsar-el-deporte-local\/#primaryimage\"},\"thumbnailUrl\":\"https:\/\/www.metrica-global.com\/wp-content\/uploads\/2025\/09\/BANNER-NOTICIAS-3.jpg\",\"keywords\":[\"Avanzada\",\"deporte\",\"deporte local\",\"Fuenlabrada\",\"f\u00fatbol\",\"patrocinio deportivo\",\"PatrocinioConProposito\",\"RSC\",\"talento con prop\u00f3sito\",\"Tecnolog\u00eda\"],\"articleSection\":[\"Atualidade\"],\"inLanguage\":\"pt-PT\",\"potentialAction\":[{\"@type\":\"CommentAction\",\"name\":\"Comment\",\"target\":[\"https:\/\/www.metrica-global.com\/pt\/metrica-renueva-su-patrocinio-con-el-cd-la-avanzada-para-impulsar-el-deporte-local\/#respond\"]}]},{\"@type\":\"WebPage\",\"@id\":\"https:\/\/www.metrica-global.com\/pt\/metrica-renueva-su-patrocinio-con-el-cd-la-avanzada-para-impulsar-el-deporte-local\/\",\"url\":\"https:\/\/www.metrica-global.com\/pt\/metrica-renueva-su-patrocinio-con-el-cd-la-avanzada-para-impulsar-el-deporte-local\/\",\"name\":\"METRICA renova o seu patroc\u00ednio com o CD La Avanzada para impulsionar o desporto local - METRICA\",\"isPartOf\":{\"@id\":\"https:\/\/www.metrica-global.com\/#website\"},\"primaryImageOfPage\":{\"@id\":\"https:\/\/www.metrica-global.com\/pt\/metrica-renueva-su-patrocinio-con-el-cd-la-avanzada-para-impulsar-el-deporte-local\/#primaryimage\"},\"image\":{\"@id\":\"https:\/\/www.metrica-global.com\/pt\/metrica-renueva-su-patrocinio-con-el-cd-la-avanzada-para-impulsar-el-deporte-local\/#primaryimage\"},\"thumbnailUrl\":\"https:\/\/www.metrica-global.com\/wp-content\/uploads\/2025\/09\/BANNER-NOTICIAS-3.jpg\",\"datePublished\":\"2025-09-17T14:22:39+00:00\",\"dateModified\":\"2025-10-10T07:25:31+00:00\",\"breadcrumb\":{\"@id\":\"https:\/\/www.metrica-global.com\/pt\/metrica-renueva-su-patrocinio-con-el-cd-la-avanzada-para-impulsar-el-deporte-local\/#breadcrumb\"},\"inLanguage\":\"pt-PT\",\"potentialAction\":[{\"@type\":\"ReadAction\",\"target\":[\"https:\/\/www.metrica-global.com\/pt\/metrica-renueva-su-patrocinio-con-el-cd-la-avanzada-para-impulsar-el-deporte-local\/\"]}]},{\"@type\":\"ImageObject\",\"inLanguage\":\"pt-PT\",\"@id\":\"https:\/\/www.metrica-global.com\/pt\/metrica-renueva-su-patrocinio-con-el-cd-la-avanzada-para-impulsar-el-deporte-local\/#primaryimage\",\"url\":\"https:\/\/www.metrica-global.com\/wp-content\/uploads\/2025\/09\/BANNER-NOTICIAS-3.jpg\",\"contentUrl\":\"https:\/\/www.metrica-global.com\/wp-content\/uploads\/2025\/09\/BANNER-NOTICIAS-3.jpg\",\"width\":3456,\"height\":1728},{\"@type\":\"BreadcrumbList\",\"@id\":\"https:\/\/www.metrica-global.com\/pt\/metrica-renueva-su-patrocinio-con-el-cd-la-avanzada-para-impulsar-el-deporte-local\/#breadcrumb\",\"itemListElement\":[{\"@type\":\"ListItem\",\"position\":1,\"name\":\"Portada\",\"item\":\"https:\/\/www.metrica-global.com\/pt\/\"},{\"@type\":\"ListItem\",\"position\":2,\"name\":\"METRICA renova o seu patroc\u00ednio com o CD La Avanzada para impulsionar o desporto local\"}]},{\"@type\":\"WebSite\",\"@id\":\"https:\/\/www.metrica-global.com\/#website\",\"url\":\"https:\/\/www.metrica-global.com\/\",\"name\":\"METRICA\",\"description\":\"Servicios Globales IT\",\"publisher\":{\"@id\":\"https:\/\/www.metrica-global.com\/#organization\"},\"potentialAction\":[{\"@type\":\"SearchAction\",\"target\":{\"@type\":\"EntryPoint\",\"urlTemplate\":\"https:\/\/www.metrica-global.com\/?s={search_term_string}\"},\"query-input\":{\"@type\":\"PropertyValueSpecification\",\"valueRequired\":true,\"valueName\":\"search_term_string\"}}],\"inLanguage\":\"pt-PT\"},{\"@type\":\"Organization\",\"@id\":\"https:\/\/www.metrica-global.com\/#organization\",\"name\":\"METRICA\",\"url\":\"https:\/\/www.metrica-global.com\/\",\"logo\":{\"@type\":\"ImageObject\",\"inLanguage\":\"pt-PT\",\"@id\":\"https:\/\/www.metrica-global.com\/#\/schema\/logo\/image\/\",\"url\":\"https:\/\/www.metrica-global.com\/wp-content\/uploads\/2023\/12\/logo-metrica.png\",\"contentUrl\":\"https:\/\/www.metrica-global.com\/wp-content\/uploads\/2023\/12\/logo-metrica.png\",\"width\":332,\"height\":58,\"caption\":\"METRICA\"},\"image\":{\"@id\":\"https:\/\/www.metrica-global.com\/#\/schema\/logo\/image\/\"}},{\"@type\":\"Person\",\"@id\":\"https:\/\/www.metrica-global.com\/#\/schema\/person\/2f4208bdc63892f387a04f4106dd0fcb\",\"name\":\"metrica\",\"image\":{\"@type\":\"ImageObject\",\"inLanguage\":\"pt-PT\",\"@id\":\"https:\/\/www.metrica-global.com\/#\/schema\/person\/image\/\",\"url\":\"https:\/\/secure.gravatar.com\/avatar\/735533d52394faf02a8736d8f477256b9fb421f39d81c48c55ea37c267061786?s=96&d=mm&r=g\",\"contentUrl\":\"https:\/\/secure.gravatar.com\/avatar\/735533d52394faf02a8736d8f477256b9fb421f39d81c48c55ea37c267061786?s=96&d=mm&r=g\",\"caption\":\"metrica\"},\"sameAs\":[\"https:\/\/x.com\/desarrollo\"],\"url\":\"https:\/\/www.metrica-global.com\/pt\/author\/metrica\/\"}]}<\/script>\n<!-- \/ Yoast SEO plugin. -->","yoast_head_json":{"title":"METRICA renova o seu patroc\u00ednio com o CD La Avanzada para impulsionar o desporto local - METRICA","robots":{"index":"index","follow":"follow","max-snippet":"max-snippet:-1","max-image-preview":"max-image-preview:large","max-video-preview":"max-video-preview:-1"},"canonical":"https:\/\/www.metrica-global.com\/pt\/metrica-renueva-su-patrocinio-con-el-cd-la-avanzada-para-impulsar-el-deporte-local\/","og_locale":"pt_PT","og_type":"article","og_title":"METRICA renova o seu patroc\u00ednio com o CD La Avanzada para impulsionar o desporto local - METRICA","og_description":"O CD La Avanzada \u00e9 um clube que representa esfor\u00e7o, dedica\u00e7\u00e3o e trabalho em equipa \u2014 princ\u00edpios que est\u00e3o totalmente alinhados com o ADN da METRICA.","og_url":"https:\/\/www.metrica-global.com\/pt\/metrica-renueva-su-patrocinio-con-el-cd-la-avanzada-para-impulsar-el-deporte-local\/","og_site_name":"METRICA","article_published_time":"2025-09-17T14:22:39+00:00","article_modified_time":"2025-10-10T07:25:31+00:00","og_image":[{"width":3456,"height":1728,"url":"https:\/\/www.metrica-global.com\/wp-content\/uploads\/2025\/09\/BANNER-NOTICIAS-3.jpg","type":"image\/jpeg"}],"author":"metrica","twitter_card":"summary_large_image","twitter_creator":"@desarrollo","twitter_misc":{"Written by":"metrica","Est. reading time":"2 minutos"},"schema":{"@context":"https:\/\/schema.org","@graph":[{"@type":"Article","@id":"https:\/\/www.metrica-global.com\/pt\/metrica-renueva-su-patrocinio-con-el-cd-la-avanzada-para-impulsar-el-deporte-local\/#article","isPartOf":{"@id":"https:\/\/www.metrica-global.com\/pt\/metrica-renueva-su-patrocinio-con-el-cd-la-avanzada-para-impulsar-el-deporte-local\/"},"author":{"name":"metrica","@id":"https:\/\/www.metrica-global.com\/#\/schema\/person\/2f4208bdc63892f387a04f4106dd0fcb"},"headline":"METRICA renova o seu patroc\u00ednio com o CD La Avanzada para impulsionar o desporto local","datePublished":"2025-09-17T14:22:39+00:00","dateModified":"2025-10-10T07:25:31+00:00","mainEntityOfPage":{"@id":"https:\/\/www.metrica-global.com\/pt\/metrica-renueva-su-patrocinio-con-el-cd-la-avanzada-para-impulsar-el-deporte-local\/"},"wordCount":352,"commentCount":0,"publisher":{"@id":"https:\/\/www.metrica-global.com\/#organization"},"image":{"@id":"https:\/\/www.metrica-global.com\/pt\/metrica-renueva-su-patrocinio-con-el-cd-la-avanzada-para-impulsar-el-deporte-local\/#primaryimage"},"thumbnailUrl":"https:\/\/www.metrica-global.com\/wp-content\/uploads\/2025\/09\/BANNER-NOTICIAS-3.jpg","keywords":["Avanzada","deporte","deporte local","Fuenlabrada","f\u00fatbol","patrocinio deportivo","PatrocinioConProposito","RSC","talento con prop\u00f3sito","Tecnolog\u00eda"],"articleSection":["Atualidade"],"inLanguage":"pt-PT","potentialAction":[{"@type":"CommentAction","name":"Comment","target":["https:\/\/www.metrica-global.com\/pt\/metrica-renueva-su-patrocinio-con-el-cd-la-avanzada-para-impulsar-el-deporte-local\/#respond"]}]},{"@type":"WebPage","@id":"https:\/\/www.metrica-global.com\/pt\/metrica-renueva-su-patrocinio-con-el-cd-la-avanzada-para-impulsar-el-deporte-local\/","url":"https:\/\/www.metrica-global.com\/pt\/metrica-renueva-su-patrocinio-con-el-cd-la-avanzada-para-impulsar-el-deporte-local\/","name":"METRICA renova o seu patroc\u00ednio com o CD La Avanzada para impulsionar o desporto local - METRICA","isPartOf":{"@id":"https:\/\/www.metrica-global.com\/#website"},"primaryImageOfPage":{"@id":"https:\/\/www.metrica-global.com\/pt\/metrica-renueva-su-patrocinio-con-el-cd-la-avanzada-para-impulsar-el-deporte-local\/#primaryimage"},"image":{"@id":"https:\/\/www.metrica-global.com\/pt\/metrica-renueva-su-patrocinio-con-el-cd-la-avanzada-para-impulsar-el-deporte-local\/#primaryimage"},"thumbnailUrl":"https:\/\/www.metrica-global.com\/wp-content\/uploads\/2025\/09\/BANNER-NOTICIAS-3.jpg","datePublished":"2025-09-17T14:22:39+00:00","dateModified":"2025-10-10T07:25:31+00:00","breadcrumb":{"@id":"https:\/\/www.metrica-global.com\/pt\/metrica-renueva-su-patrocinio-con-el-cd-la-avanzada-para-impulsar-el-deporte-local\/#breadcrumb"},"inLanguage":"pt-PT","potentialAction":[{"@type":"ReadAction","target":["https:\/\/www.metrica-global.com\/pt\/metrica-renueva-su-patrocinio-con-el-cd-la-avanzada-para-impulsar-el-deporte-local\/"]}]},{"@type":"ImageObject","inLanguage":"pt-PT","@id":"https:\/\/www.metrica-global.com\/pt\/metrica-renueva-su-patrocinio-con-el-cd-la-avanzada-para-impulsar-el-deporte-local\/#primaryimage","url":"https:\/\/www.metrica-global.com\/wp-content\/uploads\/2025\/09\/BANNER-NOTICIAS-3.jpg","contentUrl":"https:\/\/www.metrica-global.com\/wp-content\/uploads\/2025\/09\/BANNER-NOTICIAS-3.jpg","width":3456,"height":1728},{"@type":"BreadcrumbList","@id":"https:\/\/www.metrica-global.com\/pt\/metrica-renueva-su-patrocinio-con-el-cd-la-avanzada-para-impulsar-el-deporte-local\/#breadcrumb","itemListElement":[{"@type":"ListItem","position":1,"name":"Portada","item":"https:\/\/www.metrica-global.com\/pt\/"},{"@type":"ListItem","position":2,"name":"METRICA renova o seu patroc\u00ednio com o CD La Avanzada para impulsionar o desporto local"}]},{"@type":"WebSite","@id":"https:\/\/www.metrica-global.com\/#website","url":"https:\/\/www.metrica-global.com\/","name":"METRICA","description":"Servicios Globales IT","publisher":{"@id":"https:\/\/www.metrica-global.com\/#organization"},"potentialAction":[{"@type":"SearchAction","target":{"@type":"EntryPoint","urlTemplate":"https:\/\/www.metrica-global.com\/?s={search_term_string}"},"query-input":{"@type":"PropertyValueSpecification","valueRequired":true,"valueName":"search_term_string"}}],"inLanguage":"pt-PT"},{"@type":"Organization","@id":"https:\/\/www.metrica-global.com\/#organization","name":"METRICA","url":"https:\/\/www.metrica-global.com\/","logo":{"@type":"ImageObject","inLanguage":"pt-PT","@id":"https:\/\/www.metrica-global.com\/#\/schema\/logo\/image\/","url":"https:\/\/www.metrica-global.com\/wp-content\/uploads\/2023\/12\/logo-metrica.png","contentUrl":"https:\/\/www.metrica-global.com\/wp-content\/uploads\/2023\/12\/logo-metrica.png","width":332,"height":58,"caption":"METRICA"},"image":{"@id":"https:\/\/www.metrica-global.com\/#\/schema\/logo\/image\/"}},{"@type":"Person","@id":"https:\/\/www.metrica-global.com\/#\/schema\/person\/2f4208bdc63892f387a04f4106dd0fcb","name":"metrica","image":{"@type":"ImageObject","inLanguage":"pt-PT","@id":"https:\/\/www.metrica-global.com\/#\/schema\/person\/image\/","url":"https:\/\/secure.gravatar.com\/avatar\/735533d52394faf02a8736d8f477256b9fb421f39d81c48c55ea37c267061786?s=96&d=mm&r=g","contentUrl":"https:\/\/secure.gravatar.com\/avatar\/735533d52394faf02a8736d8f477256b9fb421f39d81c48c55ea37c267061786?s=96&d=mm&r=g","caption":"metrica"},"sameAs":["https:\/\/x.com\/desarrollo"],"url":"https:\/\/www.metrica-global.com\/pt\/author\/metrica\/"}]}},"_links":{"self":[{"href":"https:\/\/www.metrica-global.com\/pt\/wp-json\/wp\/v2\/posts\/13508","targetHints":{"allow":["GET"]}}],"collection":[{"href":"https:\/\/www.metrica-global.com\/pt\/wp-json\/wp\/v2\/posts"}],"about":[{"href":"https:\/\/www.metrica-global.com\/pt\/wp-json\/wp\/v2\/types\/post"}],"author":[{"embeddable":true,"href":"https:\/\/www.metrica-global.com\/pt\/wp-json\/wp\/v2\/users\/2"}],"replies":[{"embeddable":true,"href":"https:\/\/www.metrica-global.com\/pt\/wp-json\/wp\/v2\/comments?post=13508"}],"version-history":[{"count":1,"href":"https:\/\/www.metrica-global.com\/pt\/wp-json\/wp\/v2\/posts\/13508\/revisions"}],"predecessor-version":[{"id":13512,"href":"https:\/\/www.metrica-global.com\/pt\/wp-json\/wp\/v2\/posts\/13508\/revisions\/13512"}],"wp:featuredmedia":[{"embeddable":true,"href":"https:\/\/www.metrica-global.com\/pt\/wp-json\/wp\/v2\/media\/13280"}],"wp:attachment":[{"href":"https:\/\/www.metrica-global.com\/pt\/wp-json\/wp\/v2\/media?parent=13508"}],"wp:term":[{"taxonomy":"category","embeddable":true,"href":"https:\/\/www.metrica-global.com\/pt\/wp-json\/wp\/v2\/categories?post=13508"},{"taxonomy":"post_tag","embeddable":true,"href":"https:\/\/www.metrica-global.com\/pt\/wp-json\/wp\/v2\/tags?post=13508"}],"curies":[{"name":"wp","href":"https:\/\/api.w.org\/{rel}","templated":true}]}}