{"id":13515,"date":"2025-09-12T14:15:25","date_gmt":"2025-09-12T12:15:25","guid":{"rendered":"https:\/\/www.metrica-global.com\/el-test-del-programador-que-perfil-eres-tu\/"},"modified":"2025-10-10T09:53:37","modified_gmt":"2025-10-10T07:53:37","slug":"el-test-del-programador-que-perfil-eres-tu","status":"publish","type":"post","link":"https:\/\/www.metrica-global.com\/pt\/el-test-del-programador-que-perfil-eres-tu\/","title":{"rendered":"O teste do programador: que perfil \u00e9s tu?"},"content":{"rendered":"<article class=\"text-token-text-primary w-full focus:outline-none [--shadow-height:45px] has-data-writing-block:pointer-events-none has-data-writing-block:-mt-(--shadow-height) has-data-writing-block:pt-(--shadow-height) [&amp;:has([data-writing-block])&gt;*]:pointer-events-auto scroll-mt-[calc(var(--header-height)+min(200px,max(70px,20svh)))]\" dir=\"auto\" tabindex=\"-1\" data-turn-id=\"request-68e7cc19-a398-832d-b244-995c14951e0a-4\" data-testid=\"conversation-turn-22\" data-scroll-anchor=\"true\" data-turn=\"assistant\">\n<div class=\"text-base my-auto mx-auto pb-10 [--thread-content-margin:--spacing(4)] thread-sm:[--thread-content-margin:--spacing(6)] thread-lg:[--thread-content-margin:--spacing(16)] px-(--thread-content-margin)\">\n<div class=\"[--thread-content-max-width:40rem] thread-lg:[--thread-content-max-width:48rem] mx-auto max-w-(--thread-content-max-width) flex-1 group\/turn-messages focus-visible:outline-hidden relative flex w-full min-w-0 flex-col agent-turn\" tabindex=\"-1\">\n<div class=\"flex max-w-full flex-col grow\">\n<div class=\"min-h-8 text-message relative flex w-full flex-col items-end gap-2 text-start break-words whitespace-normal [.text-message+&amp;]:mt-5\" dir=\"auto\" data-message-author-role=\"assistant\" data-message-id=\"8471475f-8381-47ff-b5d3-ef732db44a98\" data-message-model-slug=\"gpt-5\">\n<div class=\"flex w-full flex-col gap-1 empty:hidden first:pt-[1px]\">\n<div class=\"markdown prose dark:prose-invert w-full break-words light markdown-new-styling\">\n<p data-start=\"207\" data-end=\"542\">Todos os anos, a <strong data-start=\"224\" data-end=\"242\">13 de setembro<\/strong>, celebramos o <strong data-start=\"257\" data-end=\"279\">Dia do Programador<\/strong>, uma data dedicada a reconhecer as pessoas que tornam poss\u00edvel o mundo digital em que vivemos. Na <strong data-start=\"378\" data-end=\"389\">METRICA<\/strong>, acreditamos que, para al\u00e9m do c\u00f3digo, os programadores trazem talento, criatividade e engenho que transformam a forma como trabalhamos e comunicamos.<\/p>\n<p data-start=\"544\" data-end=\"788\">Para assinalar este dia, cri\u00e1mos um teste leve e divertido que te ajudar\u00e1 a descobrir que tipo de programador \u00e9s \u2014 porque por detr\u00e1s de cada linha de c\u00f3digo h\u00e1 sempre uma personalidade \u00fanica e um estilo de trabalho que merecem ser celebrados.<\/p>\n<h3 data-start=\"790\" data-end=\"834\">Porque celebramos o Dia do Programador<\/h3>\n<p data-start=\"836\" data-end=\"1048\">A programa\u00e7\u00e3o \u00e9 a base da transforma\u00e7\u00e3o digital que vivemos a n\u00edvel global. Gra\u00e7as aos programadores e desenvolvedores, as empresas podem inovar, otimizar processos e oferecer solu\u00e7\u00f5es mais flex\u00edveis e seguras.<\/p>\n<p data-start=\"1050\" data-end=\"1342\">Na <strong data-start=\"1053\" data-end=\"1064\">METRICA<\/strong>, trabalhamos todos os dias com equipas de programadores que trazem proximidade, flexibilidade e uma enorme capacidade de resolver desafios complexos com criatividade e humanidade. Valores que fazem parte do nosso ADN e que marcam a diferen\u00e7a em cada projeto que empreendemos.<\/p>\n<h3 data-start=\"1344\" data-end=\"1372\">O teste do programador<\/h3>\n<p data-start=\"1374\" data-end=\"1625\">O nosso teste inclui 7 perguntas r\u00e1pidas e simples que avaliam o teu estilo perante os desafios mais comuns da programa\u00e7\u00e3o. Desde como reages a um bug at\u00e9 ao objeto que nunca falta na tua secret\u00e1ria, cada resposta soma pontos para um de tr\u00eas perfis.<\/p>\n<h4 data-start=\"1627\" data-end=\"1657\">Experimenta aqui mesmo!<\/h4>\n<p data-start=\"1659\" data-end=\"1757\"><strong data-start=\"1659\" data-end=\"1685\">Quando v\u00eas um bug, tu\u2026<\/strong><br data-start=\"1685\" data-end=\"1688\" \/>a) Corriges logo<br data-start=\"1704\" data-end=\"1707\" \/>b) Culpas outra pessoa<br data-start=\"1729\" data-end=\"1732\" \/>c) Chamas-lhe <em data-start=\"1746\" data-end=\"1755\">feature<\/em><\/p>\n<p data-start=\"1759\" data-end=\"1839\"><strong data-start=\"1759\" data-end=\"1785\">O teu melhor aliado \u00e9\u2026<\/strong><br data-start=\"1785\" data-end=\"1788\" \/>a) O caf\u00e9<br data-start=\"1797\" data-end=\"1800\" \/>b) O Stack Overflow<br data-start=\"1819\" data-end=\"1822\" \/>c) O \u201cCtrl + Z\u201d<\/p>\n<p data-start=\"1841\" data-end=\"1974\"><strong data-start=\"1841\" data-end=\"1878\">Numa sexta-feira \u00e0s 18h preferes\u2026<\/strong><br data-start=\"1878\" data-end=\"1881\" \/>a) Fazer deploy (valente!)<br data-start=\"1907\" data-end=\"1910\" \/>b) Fugir sem olhar para tr\u00e1s<br data-start=\"1938\" data-end=\"1941\" \/>c) Esconder-te atr\u00e1s do monitor<\/p>\n<p data-start=\"1976\" data-end=\"2105\"><strong data-start=\"1976\" data-end=\"2014\">O teu editor de c\u00f3digo favorito \u00e9\u2026<\/strong><br data-start=\"2014\" data-end=\"2017\" \/>a) O mais r\u00e1pido e est\u00e1vel<br data-start=\"2043\" data-end=\"2046\" \/>b) O que tem mais plugins<br data-start=\"2071\" data-end=\"2074\" \/>c) O que quase nunca d\u00e1 erros<\/p>\n<p data-start=\"2107\" data-end=\"2248\"><strong data-start=\"2107\" data-end=\"2141\">Na tua secret\u00e1ria nunca falta\u2026<\/strong><br data-start=\"2141\" data-end=\"2144\" \/>a) Um caderno cheio de solu\u00e7\u00f5es<br data-start=\"2175\" data-end=\"2178\" \/>b) Autocolantes e gadgets tech<br data-start=\"2208\" data-end=\"2211\" \/>c) Restos de caf\u00e9 e post-its velhos<\/p>\n<p data-start=\"2250\" data-end=\"2390\"><strong data-start=\"2250\" data-end=\"2297\">Quando algu\u00e9m pede \u201cuma pequena altera\u00e7\u00e3o\u201d\u2026<\/strong><br data-start=\"2297\" data-end=\"2300\" \/>a) Implementas com m\u00e9todo<br data-start=\"2325\" data-end=\"2328\" \/>b) Transformas em algo ainda melhor<br data-start=\"2363\" data-end=\"2366\" \/>c) Ficas logo a tremer<\/p>\n<p data-start=\"2392\" data-end=\"2521\"><strong data-start=\"2392\" data-end=\"2423\">A frase que mais repetes \u00e9\u2026<\/strong><br data-start=\"2423\" data-end=\"2426\" \/>a) \u201cEst\u00e1 tudo controlado.\u201d<br data-start=\"2452\" data-end=\"2455\" \/>b) \u201cE se experiment\u00e1ssemos assim\u2026?\u201d<br data-start=\"2490\" data-end=\"2493\" \/>c) \u201cMas funcionava ontem!\u201d<\/p>\n<h3 data-start=\"2523\" data-end=\"2548\">Resultados do teste<\/h3>\n<p data-start=\"2550\" data-end=\"2648\">Agora que j\u00e1 tens as tuas respostas, v\u00ea qual foi a letra mais escolhida e descobre o teu perfil:<\/p>\n<p data-start=\"2650\" data-end=\"2804\">\u26a1 <strong data-start=\"2652\" data-end=\"2700\">Maioria de respostas A \u2192 O Solucionador Nato<\/strong><br data-start=\"2700\" data-end=\"2703\" \/>Met\u00f3dico, preciso e sempre com um plano. Sabes manter o controlo mesmo nos cen\u00e1rios mais complexos.<\/p>\n<p data-start=\"2806\" data-end=\"2981\">\u2728 <strong data-start=\"2808\" data-end=\"2859\">Maioria de respostas B \u2192 O Programador Criativo<\/strong><br data-start=\"2859\" data-end=\"2862\" \/>Inovador, curioso e cheio de novas ideias. N\u00e3o tens medo de experimentar e transformar um problema numa oportunidade.<\/p>\n<p data-start=\"2983\" data-end=\"3161\">\ud83e\udde9 <strong data-start=\"2986\" data-end=\"3039\">Maioria de respostas C \u2192 O Sobrevivente do C\u00f3digo<\/strong><br data-start=\"3039\" data-end=\"3042\" \/>Engenhoso, resistente e capaz de sair de qualquer bug. O importante \u00e9 que funcione \u2014 e tu encontras sempre uma forma.<\/p>\n<h3 data-start=\"3163\" data-end=\"3204\">Descobre o teu perfil e partilha-o!<\/h3>\n<p data-start=\"3206\" data-end=\"3404\">Quer te identifiques mais com o <strong data-start=\"3238\" data-end=\"3259\">Solucionador Nato<\/strong>, o <strong data-start=\"3263\" data-end=\"3287\">Programador Criativo<\/strong> ou o <strong data-start=\"3293\" data-end=\"3319\">Sobrevivente do C\u00f3digo<\/strong>, o essencial \u00e9 reconhecer que cada estilo acrescenta valor e enriquece as equipas.<\/p>\n<p data-start=\"3406\" data-end=\"3563\" data-is-last-node=\"\" data-is-only-node=\"\">\ud83d\udcac Convidamos-te a fazer o teste, descobrir o teu perfil e partilhar o resultado nas redes sociais. Vamos celebrar juntos o talento que move o mundo digital!<\/p>\n<\/div>\n<\/div>\n<\/div>\n<\/div>\n<\/div>\n<\/div>\n<\/article>\n","protected":false},"excerpt":{"rendered":"<p>Para celebrar o Dia do Programador, cri\u00e1mos um teste divertido que te vai ajudar a descobrir que tipo de perfil tens \u2014 para l\u00e1 do c\u00f3digo. Experimenta!<\/p>\n","protected":false},"author":2,"featured_media":13260,"comment_status":"open","ping_status":"open","sticky":false,"template":"","format":"standard","meta":{"content-type":"","footnotes":""},"categories":[1166],"tags":[1223,1432,3487,1268,3485,1374,1173,1231,3486],"class_list":["post-13515","post","type-post","status-publish","format-standard","has-post-thumbnail","hentry","category-atualidade-pt","tag-ambito-tecnologico-pt","tag-metrica-pt","tag-profesional-tecnologico-pt","tag-programacion-pt","tag-programador-pt","tag-programadores-pt","tag-sector-it-pt","tag-tecnologia-pt","tag-test-pt"],"yoast_head":"<!-- This site is optimized with the Yoast SEO plugin v25.9 - https:\/\/yoast.com\/wordpress\/plugins\/seo\/ -->\n<title>O teste do programador: que perfil \u00e9s tu? - METRICA<\/title>\n<meta name=\"robots\" content=\"index, follow, max-snippet:-1, max-image-preview:large, max-video-preview:-1\" \/>\n<link rel=\"canonical\" href=\"https:\/\/www.metrica-global.com\/pt\/el-test-del-programador-que-perfil-eres-tu\/\" \/>\n<meta property=\"og:locale\" content=\"pt_PT\" \/>\n<meta property=\"og:type\" content=\"article\" \/>\n<meta property=\"og:title\" content=\"O teste do programador: que perfil \u00e9s tu? - METRICA\" \/>\n<meta property=\"og:description\" content=\"Para celebrar o Dia do Programador, cri\u00e1mos um teste divertido que te vai ajudar a descobrir que tipo de perfil tens \u2014 para l\u00e1 do c\u00f3digo. Experimenta!\" \/>\n<meta property=\"og:url\" content=\"https:\/\/www.metrica-global.com\/pt\/el-test-del-programador-que-perfil-eres-tu\/\" \/>\n<meta property=\"og:site_name\" content=\"METRICA\" \/>\n<meta property=\"article:published_time\" content=\"2025-09-12T12:15:25+00:00\" \/>\n<meta property=\"article:modified_time\" content=\"2025-10-10T07:53:37+00:00\" \/>\n<meta property=\"og:image\" content=\"https:\/\/www.metrica-global.com\/wp-content\/uploads\/2025\/09\/BANNER-NOTICIAS-2.jpg\" \/>\n\t<meta property=\"og:image:width\" content=\"3456\" \/>\n\t<meta property=\"og:image:height\" content=\"1728\" \/>\n\t<meta property=\"og:image:type\" content=\"image\/jpeg\" \/>\n<meta name=\"author\" content=\"metrica\" \/>\n<meta name=\"twitter:card\" content=\"summary_large_image\" \/>\n<meta name=\"twitter:creator\" content=\"@desarrollo\" \/>\n<meta name=\"twitter:label1\" content=\"Written by\" \/>\n\t<meta name=\"twitter:data1\" content=\"metrica\" \/>\n\t<meta name=\"twitter:label2\" content=\"Est. reading time\" \/>\n\t<meta name=\"twitter:data2\" content=\"3 minutos\" \/>\n<script type=\"application\/ld+json\" class=\"yoast-schema-graph\">{\"@context\":\"https:\/\/schema.org\",\"@graph\":[{\"@type\":\"Article\",\"@id\":\"https:\/\/www.metrica-global.com\/pt\/el-test-del-programador-que-perfil-eres-tu\/#article\",\"isPartOf\":{\"@id\":\"https:\/\/www.metrica-global.com\/pt\/el-test-del-programador-que-perfil-eres-tu\/\"},\"author\":{\"name\":\"metrica\",\"@id\":\"https:\/\/www.metrica-global.com\/#\/schema\/person\/2f4208bdc63892f387a04f4106dd0fcb\"},\"headline\":\"O teste do programador: que perfil \u00e9s tu?\",\"datePublished\":\"2025-09-12T12:15:25+00:00\",\"dateModified\":\"2025-10-10T07:53:37+00:00\",\"mainEntityOfPage\":{\"@id\":\"https:\/\/www.metrica-global.com\/pt\/el-test-del-programador-que-perfil-eres-tu\/\"},\"wordCount\":548,\"commentCount\":0,\"publisher\":{\"@id\":\"https:\/\/www.metrica-global.com\/#organization\"},\"image\":{\"@id\":\"https:\/\/www.metrica-global.com\/pt\/el-test-del-programador-que-perfil-eres-tu\/#primaryimage\"},\"thumbnailUrl\":\"https:\/\/www.metrica-global.com\/wp-content\/uploads\/2025\/09\/BANNER-NOTICIAS-2.jpg\",\"keywords\":[\"\u00c1mbito Tecnol\u00f3gico\",\"M\u00e9trica\",\"profesional tecnol\u00f3gico\",\"Programaci\u00f3n\",\"programador\",\"Programadores\",\"Sector IT\",\"Tecnolog\u00eda\",\"test\"],\"articleSection\":[\"Atualidade\"],\"inLanguage\":\"pt-PT\",\"potentialAction\":[{\"@type\":\"CommentAction\",\"name\":\"Comment\",\"target\":[\"https:\/\/www.metrica-global.com\/pt\/el-test-del-programador-que-perfil-eres-tu\/#respond\"]}]},{\"@type\":\"WebPage\",\"@id\":\"https:\/\/www.metrica-global.com\/pt\/el-test-del-programador-que-perfil-eres-tu\/\",\"url\":\"https:\/\/www.metrica-global.com\/pt\/el-test-del-programador-que-perfil-eres-tu\/\",\"name\":\"O teste do programador: que perfil \u00e9s tu? - METRICA\",\"isPartOf\":{\"@id\":\"https:\/\/www.metrica-global.com\/#website\"},\"primaryImageOfPage\":{\"@id\":\"https:\/\/www.metrica-global.com\/pt\/el-test-del-programador-que-perfil-eres-tu\/#primaryimage\"},\"image\":{\"@id\":\"https:\/\/www.metrica-global.com\/pt\/el-test-del-programador-que-perfil-eres-tu\/#primaryimage\"},\"thumbnailUrl\":\"https:\/\/www.metrica-global.com\/wp-content\/uploads\/2025\/09\/BANNER-NOTICIAS-2.jpg\",\"datePublished\":\"2025-09-12T12:15:25+00:00\",\"dateModified\":\"2025-10-10T07:53:37+00:00\",\"breadcrumb\":{\"@id\":\"https:\/\/www.metrica-global.com\/pt\/el-test-del-programador-que-perfil-eres-tu\/#breadcrumb\"},\"inLanguage\":\"pt-PT\",\"potentialAction\":[{\"@type\":\"ReadAction\",\"target\":[\"https:\/\/www.metrica-global.com\/pt\/el-test-del-programador-que-perfil-eres-tu\/\"]}]},{\"@type\":\"ImageObject\",\"inLanguage\":\"pt-PT\",\"@id\":\"https:\/\/www.metrica-global.com\/pt\/el-test-del-programador-que-perfil-eres-tu\/#primaryimage\",\"url\":\"https:\/\/www.metrica-global.com\/wp-content\/uploads\/2025\/09\/BANNER-NOTICIAS-2.jpg\",\"contentUrl\":\"https:\/\/www.metrica-global.com\/wp-content\/uploads\/2025\/09\/BANNER-NOTICIAS-2.jpg\",\"width\":3456,\"height\":1728},{\"@type\":\"BreadcrumbList\",\"@id\":\"https:\/\/www.metrica-global.com\/pt\/el-test-del-programador-que-perfil-eres-tu\/#breadcrumb\",\"itemListElement\":[{\"@type\":\"ListItem\",\"position\":1,\"name\":\"Portada\",\"item\":\"https:\/\/www.metrica-global.com\/pt\/\"},{\"@type\":\"ListItem\",\"position\":2,\"name\":\"O teste do programador: que perfil \u00e9s tu?\"}]},{\"@type\":\"WebSite\",\"@id\":\"https:\/\/www.metrica-global.com\/#website\",\"url\":\"https:\/\/www.metrica-global.com\/\",\"name\":\"METRICA\",\"description\":\"Servicios Globales IT\",\"publisher\":{\"@id\":\"https:\/\/www.metrica-global.com\/#organization\"},\"potentialAction\":[{\"@type\":\"SearchAction\",\"target\":{\"@type\":\"EntryPoint\",\"urlTemplate\":\"https:\/\/www.metrica-global.com\/?s={search_term_string}\"},\"query-input\":{\"@type\":\"PropertyValueSpecification\",\"valueRequired\":true,\"valueName\":\"search_term_string\"}}],\"inLanguage\":\"pt-PT\"},{\"@type\":\"Organization\",\"@id\":\"https:\/\/www.metrica-global.com\/#organization\",\"name\":\"METRICA\",\"url\":\"https:\/\/www.metrica-global.com\/\",\"logo\":{\"@type\":\"ImageObject\",\"inLanguage\":\"pt-PT\",\"@id\":\"https:\/\/www.metrica-global.com\/#\/schema\/logo\/image\/\",\"url\":\"https:\/\/www.metrica-global.com\/wp-content\/uploads\/2023\/12\/logo-metrica.png\",\"contentUrl\":\"https:\/\/www.metrica-global.com\/wp-content\/uploads\/2023\/12\/logo-metrica.png\",\"width\":332,\"height\":58,\"caption\":\"METRICA\"},\"image\":{\"@id\":\"https:\/\/www.metrica-global.com\/#\/schema\/logo\/image\/\"}},{\"@type\":\"Person\",\"@id\":\"https:\/\/www.metrica-global.com\/#\/schema\/person\/2f4208bdc63892f387a04f4106dd0fcb\",\"name\":\"metrica\",\"image\":{\"@type\":\"ImageObject\",\"inLanguage\":\"pt-PT\",\"@id\":\"https:\/\/www.metrica-global.com\/#\/schema\/person\/image\/\",\"url\":\"https:\/\/secure.gravatar.com\/avatar\/735533d52394faf02a8736d8f477256b9fb421f39d81c48c55ea37c267061786?s=96&d=mm&r=g\",\"contentUrl\":\"https:\/\/secure.gravatar.com\/avatar\/735533d52394faf02a8736d8f477256b9fb421f39d81c48c55ea37c267061786?s=96&d=mm&r=g\",\"caption\":\"metrica\"},\"sameAs\":[\"https:\/\/x.com\/desarrollo\"],\"url\":\"https:\/\/www.metrica-global.com\/pt\/author\/metrica\/\"}]}<\/script>\n<!-- \/ Yoast SEO plugin. -->","yoast_head_json":{"title":"O teste do programador: que perfil \u00e9s tu? - METRICA","robots":{"index":"index","follow":"follow","max-snippet":"max-snippet:-1","max-image-preview":"max-image-preview:large","max-video-preview":"max-video-preview:-1"},"canonical":"https:\/\/www.metrica-global.com\/pt\/el-test-del-programador-que-perfil-eres-tu\/","og_locale":"pt_PT","og_type":"article","og_title":"O teste do programador: que perfil \u00e9s tu? - METRICA","og_description":"Para celebrar o Dia do Programador, cri\u00e1mos um teste divertido que te vai ajudar a descobrir que tipo de perfil tens \u2014 para l\u00e1 do c\u00f3digo. Experimenta!","og_url":"https:\/\/www.metrica-global.com\/pt\/el-test-del-programador-que-perfil-eres-tu\/","og_site_name":"METRICA","article_published_time":"2025-09-12T12:15:25+00:00","article_modified_time":"2025-10-10T07:53:37+00:00","og_image":[{"width":3456,"height":1728,"url":"https:\/\/www.metrica-global.com\/wp-content\/uploads\/2025\/09\/BANNER-NOTICIAS-2.jpg","type":"image\/jpeg"}],"author":"metrica","twitter_card":"summary_large_image","twitter_creator":"@desarrollo","twitter_misc":{"Written by":"metrica","Est. reading time":"3 minutos"},"schema":{"@context":"https:\/\/schema.org","@graph":[{"@type":"Article","@id":"https:\/\/www.metrica-global.com\/pt\/el-test-del-programador-que-perfil-eres-tu\/#article","isPartOf":{"@id":"https:\/\/www.metrica-global.com\/pt\/el-test-del-programador-que-perfil-eres-tu\/"},"author":{"name":"metrica","@id":"https:\/\/www.metrica-global.com\/#\/schema\/person\/2f4208bdc63892f387a04f4106dd0fcb"},"headline":"O teste do programador: que perfil \u00e9s tu?","datePublished":"2025-09-12T12:15:25+00:00","dateModified":"2025-10-10T07:53:37+00:00","mainEntityOfPage":{"@id":"https:\/\/www.metrica-global.com\/pt\/el-test-del-programador-que-perfil-eres-tu\/"},"wordCount":548,"commentCount":0,"publisher":{"@id":"https:\/\/www.metrica-global.com\/#organization"},"image":{"@id":"https:\/\/www.metrica-global.com\/pt\/el-test-del-programador-que-perfil-eres-tu\/#primaryimage"},"thumbnailUrl":"https:\/\/www.metrica-global.com\/wp-content\/uploads\/2025\/09\/BANNER-NOTICIAS-2.jpg","keywords":["\u00c1mbito Tecnol\u00f3gico","M\u00e9trica","profesional tecnol\u00f3gico","Programaci\u00f3n","programador","Programadores","Sector IT","Tecnolog\u00eda","test"],"articleSection":["Atualidade"],"inLanguage":"pt-PT","potentialAction":[{"@type":"CommentAction","name":"Comment","target":["https:\/\/www.metrica-global.com\/pt\/el-test-del-programador-que-perfil-eres-tu\/#respond"]}]},{"@type":"WebPage","@id":"https:\/\/www.metrica-global.com\/pt\/el-test-del-programador-que-perfil-eres-tu\/","url":"https:\/\/www.metrica-global.com\/pt\/el-test-del-programador-que-perfil-eres-tu\/","name":"O teste do programador: que perfil \u00e9s tu? - METRICA","isPartOf":{"@id":"https:\/\/www.metrica-global.com\/#website"},"primaryImageOfPage":{"@id":"https:\/\/www.metrica-global.com\/pt\/el-test-del-programador-que-perfil-eres-tu\/#primaryimage"},"image":{"@id":"https:\/\/www.metrica-global.com\/pt\/el-test-del-programador-que-perfil-eres-tu\/#primaryimage"},"thumbnailUrl":"https:\/\/www.metrica-global.com\/wp-content\/uploads\/2025\/09\/BANNER-NOTICIAS-2.jpg","datePublished":"2025-09-12T12:15:25+00:00","dateModified":"2025-10-10T07:53:37+00:00","breadcrumb":{"@id":"https:\/\/www.metrica-global.com\/pt\/el-test-del-programador-que-perfil-eres-tu\/#breadcrumb"},"inLanguage":"pt-PT","potentialAction":[{"@type":"ReadAction","target":["https:\/\/www.metrica-global.com\/pt\/el-test-del-programador-que-perfil-eres-tu\/"]}]},{"@type":"ImageObject","inLanguage":"pt-PT","@id":"https:\/\/www.metrica-global.com\/pt\/el-test-del-programador-que-perfil-eres-tu\/#primaryimage","url":"https:\/\/www.metrica-global.com\/wp-content\/uploads\/2025\/09\/BANNER-NOTICIAS-2.jpg","contentUrl":"https:\/\/www.metrica-global.com\/wp-content\/uploads\/2025\/09\/BANNER-NOTICIAS-2.jpg","width":3456,"height":1728},{"@type":"BreadcrumbList","@id":"https:\/\/www.metrica-global.com\/pt\/el-test-del-programador-que-perfil-eres-tu\/#breadcrumb","itemListElement":[{"@type":"ListItem","position":1,"name":"Portada","item":"https:\/\/www.metrica-global.com\/pt\/"},{"@type":"ListItem","position":2,"name":"O teste do programador: que perfil \u00e9s tu?"}]},{"@type":"WebSite","@id":"https:\/\/www.metrica-global.com\/#website","url":"https:\/\/www.metrica-global.com\/","name":"METRICA","description":"Servicios Globales IT","publisher":{"@id":"https:\/\/www.metrica-global.com\/#organization"},"potentialAction":[{"@type":"SearchAction","target":{"@type":"EntryPoint","urlTemplate":"https:\/\/www.metrica-global.com\/?s={search_term_string}"},"query-input":{"@type":"PropertyValueSpecification","valueRequired":true,"valueName":"search_term_string"}}],"inLanguage":"pt-PT"},{"@type":"Organization","@id":"https:\/\/www.metrica-global.com\/#organization","name":"METRICA","url":"https:\/\/www.metrica-global.com\/","logo":{"@type":"ImageObject","inLanguage":"pt-PT","@id":"https:\/\/www.metrica-global.com\/#\/schema\/logo\/image\/","url":"https:\/\/www.metrica-global.com\/wp-content\/uploads\/2023\/12\/logo-metrica.png","contentUrl":"https:\/\/www.metrica-global.com\/wp-content\/uploads\/2023\/12\/logo-metrica.png","width":332,"height":58,"caption":"METRICA"},"image":{"@id":"https:\/\/www.metrica-global.com\/#\/schema\/logo\/image\/"}},{"@type":"Person","@id":"https:\/\/www.metrica-global.com\/#\/schema\/person\/2f4208bdc63892f387a04f4106dd0fcb","name":"metrica","image":{"@type":"ImageObject","inLanguage":"pt-PT","@id":"https:\/\/www.metrica-global.com\/#\/schema\/person\/image\/","url":"https:\/\/secure.gravatar.com\/avatar\/735533d52394faf02a8736d8f477256b9fb421f39d81c48c55ea37c267061786?s=96&d=mm&r=g","contentUrl":"https:\/\/secure.gravatar.com\/avatar\/735533d52394faf02a8736d8f477256b9fb421f39d81c48c55ea37c267061786?s=96&d=mm&r=g","caption":"metrica"},"sameAs":["https:\/\/x.com\/desarrollo"],"url":"https:\/\/www.metrica-global.com\/pt\/author\/metrica\/"}]}},"_links":{"self":[{"href":"https:\/\/www.metrica-global.com\/pt\/wp-json\/wp\/v2\/posts\/13515","targetHints":{"allow":["GET"]}}],"collection":[{"href":"https:\/\/www.metrica-global.com\/pt\/wp-json\/wp\/v2\/posts"}],"about":[{"href":"https:\/\/www.metrica-global.com\/pt\/wp-json\/wp\/v2\/types\/post"}],"author":[{"embeddable":true,"href":"https:\/\/www.metrica-global.com\/pt\/wp-json\/wp\/v2\/users\/2"}],"replies":[{"embeddable":true,"href":"https:\/\/www.metrica-global.com\/pt\/wp-json\/wp\/v2\/comments?post=13515"}],"version-history":[{"count":1,"href":"https:\/\/www.metrica-global.com\/pt\/wp-json\/wp\/v2\/posts\/13515\/revisions"}],"predecessor-version":[{"id":13519,"href":"https:\/\/www.metrica-global.com\/pt\/wp-json\/wp\/v2\/posts\/13515\/revisions\/13519"}],"wp:featuredmedia":[{"embeddable":true,"href":"https:\/\/www.metrica-global.com\/pt\/wp-json\/wp\/v2\/media\/13260"}],"wp:attachment":[{"href":"https:\/\/www.metrica-global.com\/pt\/wp-json\/wp\/v2\/media?parent=13515"}],"wp:term":[{"taxonomy":"category","embeddable":true,"href":"https:\/\/www.metrica-global.com\/pt\/wp-json\/wp\/v2\/categories?post=13515"},{"taxonomy":"post_tag","embeddable":true,"href":"https:\/\/www.metrica-global.com\/pt\/wp-json\/wp\/v2\/tags?post=13515"}],"curies":[{"name":"wp","href":"https:\/\/api.w.org\/{rel}","templated":true}]}}