{"id":13570,"date":"2025-10-16T16:00:56","date_gmt":"2025-10-16T14:00:56","guid":{"rendered":"https:\/\/www.metrica-global.com\/?p=13570"},"modified":"2025-10-16T15:59:39","modified_gmt":"2025-10-16T13:59:39","slug":"agentic-ai-el-umbral-de-la-inteligencia-artificial-autonoma","status":"publish","type":"post","link":"https:\/\/www.metrica-global.com\/pt\/agentic-ai-el-umbral-de-la-inteligencia-artificial-autonoma\/","title":{"rendered":"Agentic AI: estaremos \u00e0 porta da era da Intelig\u00eancia Artificial aut\u00f3noma?"},"content":{"rendered":"<p data-start=\"608\" data-end=\"929\">O termo <em data-start=\"616\" data-end=\"628\">Agentic AI<\/em> refere-se a uma <strong data-start=\"645\" data-end=\"698\">Intelig\u00eancia Artificial com capacidade de ag\u00eancia<\/strong>, ou seja, que pode <strong data-start=\"718\" data-end=\"750\">planear, executar e aprender<\/strong> sem supervis\u00e3o humana direta. J\u00e1 n\u00e3o falamos de simples ferramentas preditivas, mas de <strong data-start=\"838\" data-end=\"926\">agentes inteligentes capazes de raciocinar, adaptar-se e tomar decis\u00f5es estrat\u00e9gicas<\/strong>.<\/p>\n<p data-start=\"931\" data-end=\"1165\">Este novo paradigma representa um salto significativo na evolu\u00e7\u00e3o da IA, colocando-nos no limiar de uma era em que as m\u00e1quinas n\u00e3o apenas seguem instru\u00e7\u00f5es, mas <strong data-start=\"1092\" data-end=\"1129\">agem de forma proativa e aut\u00f3noma<\/strong> para atingir objetivos definidos.<\/p>\n<hr data-start=\"1167\" data-end=\"1170\" \/>\n<h3 data-start=\"1172\" data-end=\"1220\"><strong data-start=\"1176\" data-end=\"1220\">Principais caracter\u00edsticas da Agentic AI<\/strong><\/h3>\n<p data-start=\"1222\" data-end=\"1357\">Na nossa recente publica\u00e7\u00e3o nas redes sociais, a METRICA destacou quatro pilares que definem o potencial transformador da Agentic AI:<\/p>\n<ul data-start=\"1359\" data-end=\"1725\">\n<li data-start=\"1359\" data-end=\"1432\">\n<p data-start=\"1361\" data-end=\"1432\"><strong data-start=\"1361\" data-end=\"1384\">Decis\u00f5es aut\u00f3nomas:<\/strong> otimizam processos e respostas em tempo real.<\/p>\n<\/li>\n<li data-start=\"1433\" data-end=\"1526\">\n<p data-start=\"1435\" data-end=\"1526\"><strong data-start=\"1435\" data-end=\"1463\">Aprendizagem adaptativa:<\/strong> ajusta-se a contextos vari\u00e1veis para melhorar continuamente.<\/p>\n<\/li>\n<li data-start=\"1527\" data-end=\"1634\">\n<p data-start=\"1529\" data-end=\"1634\"><strong data-start=\"1529\" data-end=\"1556\">Integra\u00e7\u00e3o inteligente:<\/strong> conecta sistemas e fontes de dados diversas para oferecer uma vis\u00e3o global.<\/p>\n<\/li>\n<li data-start=\"1635\" data-end=\"1725\">\n<p data-start=\"1637\" data-end=\"1725\"><strong data-start=\"1637\" data-end=\"1658\">A\u00e7\u00e3o estrat\u00e9gica:<\/strong> orienta as opera\u00e7\u00f5es para a efici\u00eancia e resultados mensur\u00e1veis.<\/p>\n<\/li>\n<\/ul>\n<p data-start=\"1727\" data-end=\"1947\">Estas capacidades abrem novas oportunidades para as organiza\u00e7\u00f5es que procuram <strong data-start=\"1805\" data-end=\"1847\">efici\u00eancia, personaliza\u00e7\u00e3o e agilidade<\/strong>, mas tamb\u00e9m colocam desafios relacionados com a <strong data-start=\"1896\" data-end=\"1931\">\u00e9tica, transpar\u00eancia e controlo<\/strong> dos sistemas.<\/p>\n<hr data-start=\"1949\" data-end=\"1952\" \/>\n<h3 data-start=\"1954\" data-end=\"1994\"><strong data-start=\"1958\" data-end=\"1994\">Implica\u00e7\u00f5es para as organiza\u00e7\u00f5es<\/strong><\/h3>\n<p data-start=\"1996\" data-end=\"2219\">O avan\u00e7o da Agentic AI exige que as organiza\u00e7\u00f5es redefinam a forma como interagem com a tecnologia. J\u00e1 n\u00e3o se trata apenas de adotar ferramentas digitais, mas de <strong data-start=\"2158\" data-end=\"2216\">criar ambientes colaborativos entre humanos e m\u00e1quinas<\/strong>.<\/p>\n<p data-start=\"2221\" data-end=\"2445\">Neste contexto, o papel dos profissionais tamb\u00e9m evolui: a IA n\u00e3o substitui as pessoas \u2014 <strong data-start=\"2310\" data-end=\"2342\">potencia as suas capacidades<\/strong>, permitindo que se concentrem na criatividade, na estrat\u00e9gia e na tomada de decis\u00f5es de maior valor.<\/p>\n<hr data-start=\"2447\" data-end=\"2450\" \/>\n<h3 data-start=\"2452\" data-end=\"2484\"><strong data-start=\"2456\" data-end=\"2484\">A nossa vis\u00e3o na METRICA<\/strong><\/h3>\n<p data-start=\"2486\" data-end=\"2715\">Na METRICA acreditamos numa <strong data-start=\"2514\" data-end=\"2556\">tecnologia respons\u00e1vel, \u00e9tica e humana<\/strong>, que impulsiona a inova\u00e7\u00e3o sem perder de vista o prop\u00f3sito que nos guia: <em data-start=\"2630\" data-end=\"2713\">fornecer talento e solu\u00e7\u00f5es tecnol\u00f3gicas que impulsionem a transforma\u00e7\u00e3o digital.<\/em><\/p>\n<p data-start=\"2717\" data-end=\"2914\">Acreditamos que a Agentic AI deve ser uma aliada, n\u00e3o uma substituta \u2014 uma ferramenta para multiplicar o impacto positivo e caminhar rumo a um futuro mais inteligente, eficiente e sustent\u00e1vel. \ud83c\udf10<\/p>\n<p data-start=\"2916\" data-end=\"3013\">Porque, como afirm\u00e1mos na nossa \u00faltima publica\u00e7\u00e3o:<br data-start=\"2966\" data-end=\"2969\" \/><strong data-start=\"2969\" data-end=\"3013\">O futuro j\u00e1 n\u00e3o se programa \u2014 treina-se.<\/strong><\/p>\n","protected":false},"excerpt":{"rendered":"<p>Na METRICA, analisamos como esta tecnologia est\u00e1 a transformar o panorama empresarial e quais os desafios que a sua ado\u00e7\u00e3o respons\u00e1vel implica.<\/p>\n","protected":false},"author":2,"featured_media":13559,"comment_status":"open","ping_status":"open","sticky":false,"template":"","format":"standard","meta":{"content-type":"","footnotes":""},"categories":[1166,1472],"tags":[3539,3274,3537,3310,1371,3538,3403,1247,302,1432,3541,3540,3269],"class_list":["post-13570","post","type-post","status-publish","format-standard","has-post-thumbnail","hentry","category-atualidade-pt","category-qualidade-pt","tag-agentic-ai-pt","tag-ai-pt","tag-automatizacion-pt","tag-futuro-digital","tag-ia-pt","tag-ia-responsable-pt","tag-innovacion-tecnologica-pt","tag-inteligencia-artificial-pt","tag-metrica-2","tag-metrica-pt","tag-metricacare-pt","tag-tecnologia-empresarial-pt","tag-transformacion-digital-pt"],"yoast_head":"<!-- This site is optimized with the Yoast SEO plugin v25.9 - https:\/\/yoast.com\/wordpress\/plugins\/seo\/ -->\n<title>Agentic AI: estaremos \u00e0 porta da era da Intelig\u00eancia Artificial aut\u00f3noma? - METRICA<\/title>\n<meta name=\"robots\" content=\"index, follow, max-snippet:-1, max-image-preview:large, max-video-preview:-1\" \/>\n<link rel=\"canonical\" href=\"https:\/\/www.metrica-global.com\/agentic-ai-el-umbral-de-la-inteligencia-artificial-autonoma\/\" \/>\n<meta property=\"og:locale\" content=\"pt_PT\" \/>\n<meta property=\"og:type\" content=\"article\" \/>\n<meta property=\"og:title\" content=\"Agentic AI: estaremos \u00e0 porta da era da Intelig\u00eancia Artificial aut\u00f3noma? - METRICA\" \/>\n<meta property=\"og:description\" content=\"Na METRICA, analisamos como esta tecnologia est\u00e1 a transformar o panorama empresarial e quais os desafios que a sua ado\u00e7\u00e3o respons\u00e1vel implica.\" \/>\n<meta property=\"og:url\" content=\"https:\/\/www.metrica-global.com\/agentic-ai-el-umbral-de-la-inteligencia-artificial-autonoma\/\" \/>\n<meta property=\"og:site_name\" content=\"METRICA\" \/>\n<meta property=\"article:published_time\" content=\"2025-10-16T14:00:56+00:00\" \/>\n<meta property=\"og:image\" content=\"https:\/\/www.metrica-global.com\/wp-content\/uploads\/2025\/10\/banner-agentive-ahi.jpg\" \/>\n\t<meta property=\"og:image:width\" content=\"3456\" \/>\n\t<meta property=\"og:image:height\" content=\"1728\" \/>\n\t<meta property=\"og:image:type\" content=\"image\/jpeg\" \/>\n<meta name=\"author\" content=\"metrica\" \/>\n<meta name=\"twitter:card\" content=\"summary_large_image\" \/>\n<meta name=\"twitter:creator\" content=\"@desarrollo\" \/>\n<meta name=\"twitter:label1\" content=\"Written by\" \/>\n\t<meta name=\"twitter:data1\" content=\"metrica\" \/>\n\t<meta name=\"twitter:label2\" content=\"Est. reading time\" \/>\n\t<meta name=\"twitter:data2\" content=\"2 minutos\" \/>\n<script type=\"application\/ld+json\" class=\"yoast-schema-graph\">{\"@context\":\"https:\/\/schema.org\",\"@graph\":[{\"@type\":\"Article\",\"@id\":\"https:\/\/www.metrica-global.com\/agentic-ai-el-umbral-de-la-inteligencia-artificial-autonoma\/#article\",\"isPartOf\":{\"@id\":\"https:\/\/www.metrica-global.com\/agentic-ai-el-umbral-de-la-inteligencia-artificial-autonoma\/\"},\"author\":{\"name\":\"metrica\",\"@id\":\"https:\/\/www.metrica-global.com\/#\/schema\/person\/2f4208bdc63892f387a04f4106dd0fcb\"},\"headline\":\"Agentic AI: estaremos \u00e0 porta da era da Intelig\u00eancia Artificial aut\u00f3noma?\",\"datePublished\":\"2025-10-16T14:00:56+00:00\",\"mainEntityOfPage\":{\"@id\":\"https:\/\/www.metrica-global.com\/agentic-ai-el-umbral-de-la-inteligencia-artificial-autonoma\/\"},\"wordCount\":391,\"commentCount\":0,\"publisher\":{\"@id\":\"https:\/\/www.metrica-global.com\/#organization\"},\"image\":{\"@id\":\"https:\/\/www.metrica-global.com\/agentic-ai-el-umbral-de-la-inteligencia-artificial-autonoma\/#primaryimage\"},\"thumbnailUrl\":\"https:\/\/www.metrica-global.com\/wp-content\/uploads\/2025\/10\/banner-agentive-ahi.jpg\",\"keywords\":[\"Agentic AI\",\"AI\",\"Automatizaci\u00f3n\",\"futuro digital\",\"IA\",\"IA responsable\",\"innovaci\u00f3n tecnol\u00f3gica\",\"Inteligencia Artificial\",\"METRICA\",\"M\u00e9trica\",\"METRICACare\",\"Tecnolog\u00eda Empresarial\",\"Transformaci\u00f3n Digital\"],\"articleSection\":[\"Atualidade\",\"Qualidade\"],\"inLanguage\":\"pt-PT\",\"potentialAction\":[{\"@type\":\"CommentAction\",\"name\":\"Comment\",\"target\":[\"https:\/\/www.metrica-global.com\/agentic-ai-el-umbral-de-la-inteligencia-artificial-autonoma\/#respond\"]}]},{\"@type\":\"WebPage\",\"@id\":\"https:\/\/www.metrica-global.com\/agentic-ai-el-umbral-de-la-inteligencia-artificial-autonoma\/\",\"url\":\"https:\/\/www.metrica-global.com\/agentic-ai-el-umbral-de-la-inteligencia-artificial-autonoma\/\",\"name\":\"Agentic AI: estaremos \u00e0 porta da era da Intelig\u00eancia Artificial aut\u00f3noma? - METRICA\",\"isPartOf\":{\"@id\":\"https:\/\/www.metrica-global.com\/#website\"},\"primaryImageOfPage\":{\"@id\":\"https:\/\/www.metrica-global.com\/agentic-ai-el-umbral-de-la-inteligencia-artificial-autonoma\/#primaryimage\"},\"image\":{\"@id\":\"https:\/\/www.metrica-global.com\/agentic-ai-el-umbral-de-la-inteligencia-artificial-autonoma\/#primaryimage\"},\"thumbnailUrl\":\"https:\/\/www.metrica-global.com\/wp-content\/uploads\/2025\/10\/banner-agentive-ahi.jpg\",\"datePublished\":\"2025-10-16T14:00:56+00:00\",\"breadcrumb\":{\"@id\":\"https:\/\/www.metrica-global.com\/agentic-ai-el-umbral-de-la-inteligencia-artificial-autonoma\/#breadcrumb\"},\"inLanguage\":\"pt-PT\",\"potentialAction\":[{\"@type\":\"ReadAction\",\"target\":[\"https:\/\/www.metrica-global.com\/agentic-ai-el-umbral-de-la-inteligencia-artificial-autonoma\/\"]}]},{\"@type\":\"ImageObject\",\"inLanguage\":\"pt-PT\",\"@id\":\"https:\/\/www.metrica-global.com\/agentic-ai-el-umbral-de-la-inteligencia-artificial-autonoma\/#primaryimage\",\"url\":\"https:\/\/www.metrica-global.com\/wp-content\/uploads\/2025\/10\/banner-agentive-ahi.jpg\",\"contentUrl\":\"https:\/\/www.metrica-global.com\/wp-content\/uploads\/2025\/10\/banner-agentive-ahi.jpg\",\"width\":3456,\"height\":1728,\"caption\":\"Agentic AI\"},{\"@type\":\"BreadcrumbList\",\"@id\":\"https:\/\/www.metrica-global.com\/agentic-ai-el-umbral-de-la-inteligencia-artificial-autonoma\/#breadcrumb\",\"itemListElement\":[{\"@type\":\"ListItem\",\"position\":1,\"name\":\"Portada\",\"item\":\"https:\/\/www.metrica-global.com\/pt\/\"},{\"@type\":\"ListItem\",\"position\":2,\"name\":\"Agentic AI: estaremos \u00e0 porta da era da Intelig\u00eancia Artificial aut\u00f3noma?\"}]},{\"@type\":\"WebSite\",\"@id\":\"https:\/\/www.metrica-global.com\/#website\",\"url\":\"https:\/\/www.metrica-global.com\/\",\"name\":\"METRICA\",\"description\":\"Servicios Globales IT\",\"publisher\":{\"@id\":\"https:\/\/www.metrica-global.com\/#organization\"},\"potentialAction\":[{\"@type\":\"SearchAction\",\"target\":{\"@type\":\"EntryPoint\",\"urlTemplate\":\"https:\/\/www.metrica-global.com\/?s={search_term_string}\"},\"query-input\":{\"@type\":\"PropertyValueSpecification\",\"valueRequired\":true,\"valueName\":\"search_term_string\"}}],\"inLanguage\":\"pt-PT\"},{\"@type\":\"Organization\",\"@id\":\"https:\/\/www.metrica-global.com\/#organization\",\"name\":\"METRICA\",\"url\":\"https:\/\/www.metrica-global.com\/\",\"logo\":{\"@type\":\"ImageObject\",\"inLanguage\":\"pt-PT\",\"@id\":\"https:\/\/www.metrica-global.com\/#\/schema\/logo\/image\/\",\"url\":\"https:\/\/www.metrica-global.com\/wp-content\/uploads\/2023\/12\/logo-metrica.png\",\"contentUrl\":\"https:\/\/www.metrica-global.com\/wp-content\/uploads\/2023\/12\/logo-metrica.png\",\"width\":332,\"height\":58,\"caption\":\"METRICA\"},\"image\":{\"@id\":\"https:\/\/www.metrica-global.com\/#\/schema\/logo\/image\/\"}},{\"@type\":\"Person\",\"@id\":\"https:\/\/www.metrica-global.com\/#\/schema\/person\/2f4208bdc63892f387a04f4106dd0fcb\",\"name\":\"metrica\",\"image\":{\"@type\":\"ImageObject\",\"inLanguage\":\"pt-PT\",\"@id\":\"https:\/\/www.metrica-global.com\/#\/schema\/person\/image\/\",\"url\":\"https:\/\/secure.gravatar.com\/avatar\/735533d52394faf02a8736d8f477256b9fb421f39d81c48c55ea37c267061786?s=96&d=mm&r=g\",\"contentUrl\":\"https:\/\/secure.gravatar.com\/avatar\/735533d52394faf02a8736d8f477256b9fb421f39d81c48c55ea37c267061786?s=96&d=mm&r=g\",\"caption\":\"metrica\"},\"sameAs\":[\"https:\/\/x.com\/desarrollo\"],\"url\":\"https:\/\/www.metrica-global.com\/pt\/author\/metrica\/\"}]}<\/script>\n<!-- \/ Yoast SEO plugin. -->","yoast_head_json":{"title":"Agentic AI: estaremos \u00e0 porta da era da Intelig\u00eancia Artificial aut\u00f3noma? - METRICA","robots":{"index":"index","follow":"follow","max-snippet":"max-snippet:-1","max-image-preview":"max-image-preview:large","max-video-preview":"max-video-preview:-1"},"canonical":"https:\/\/www.metrica-global.com\/agentic-ai-el-umbral-de-la-inteligencia-artificial-autonoma\/","og_locale":"pt_PT","og_type":"article","og_title":"Agentic AI: estaremos \u00e0 porta da era da Intelig\u00eancia Artificial aut\u00f3noma? - METRICA","og_description":"Na METRICA, analisamos como esta tecnologia est\u00e1 a transformar o panorama empresarial e quais os desafios que a sua ado\u00e7\u00e3o respons\u00e1vel implica.","og_url":"https:\/\/www.metrica-global.com\/agentic-ai-el-umbral-de-la-inteligencia-artificial-autonoma\/","og_site_name":"METRICA","article_published_time":"2025-10-16T14:00:56+00:00","og_image":[{"width":3456,"height":1728,"url":"https:\/\/www.metrica-global.com\/wp-content\/uploads\/2025\/10\/banner-agentive-ahi.jpg","type":"image\/jpeg"}],"author":"metrica","twitter_card":"summary_large_image","twitter_creator":"@desarrollo","twitter_misc":{"Written by":"metrica","Est. reading time":"2 minutos"},"schema":{"@context":"https:\/\/schema.org","@graph":[{"@type":"Article","@id":"https:\/\/www.metrica-global.com\/agentic-ai-el-umbral-de-la-inteligencia-artificial-autonoma\/#article","isPartOf":{"@id":"https:\/\/www.metrica-global.com\/agentic-ai-el-umbral-de-la-inteligencia-artificial-autonoma\/"},"author":{"name":"metrica","@id":"https:\/\/www.metrica-global.com\/#\/schema\/person\/2f4208bdc63892f387a04f4106dd0fcb"},"headline":"Agentic AI: estaremos \u00e0 porta da era da Intelig\u00eancia Artificial aut\u00f3noma?","datePublished":"2025-10-16T14:00:56+00:00","mainEntityOfPage":{"@id":"https:\/\/www.metrica-global.com\/agentic-ai-el-umbral-de-la-inteligencia-artificial-autonoma\/"},"wordCount":391,"commentCount":0,"publisher":{"@id":"https:\/\/www.metrica-global.com\/#organization"},"image":{"@id":"https:\/\/www.metrica-global.com\/agentic-ai-el-umbral-de-la-inteligencia-artificial-autonoma\/#primaryimage"},"thumbnailUrl":"https:\/\/www.metrica-global.com\/wp-content\/uploads\/2025\/10\/banner-agentive-ahi.jpg","keywords":["Agentic AI","AI","Automatizaci\u00f3n","futuro digital","IA","IA responsable","innovaci\u00f3n tecnol\u00f3gica","Inteligencia Artificial","METRICA","M\u00e9trica","METRICACare","Tecnolog\u00eda Empresarial","Transformaci\u00f3n Digital"],"articleSection":["Atualidade","Qualidade"],"inLanguage":"pt-PT","potentialAction":[{"@type":"CommentAction","name":"Comment","target":["https:\/\/www.metrica-global.com\/agentic-ai-el-umbral-de-la-inteligencia-artificial-autonoma\/#respond"]}]},{"@type":"WebPage","@id":"https:\/\/www.metrica-global.com\/agentic-ai-el-umbral-de-la-inteligencia-artificial-autonoma\/","url":"https:\/\/www.metrica-global.com\/agentic-ai-el-umbral-de-la-inteligencia-artificial-autonoma\/","name":"Agentic AI: estaremos \u00e0 porta da era da Intelig\u00eancia Artificial aut\u00f3noma? - METRICA","isPartOf":{"@id":"https:\/\/www.metrica-global.com\/#website"},"primaryImageOfPage":{"@id":"https:\/\/www.metrica-global.com\/agentic-ai-el-umbral-de-la-inteligencia-artificial-autonoma\/#primaryimage"},"image":{"@id":"https:\/\/www.metrica-global.com\/agentic-ai-el-umbral-de-la-inteligencia-artificial-autonoma\/#primaryimage"},"thumbnailUrl":"https:\/\/www.metrica-global.com\/wp-content\/uploads\/2025\/10\/banner-agentive-ahi.jpg","datePublished":"2025-10-16T14:00:56+00:00","breadcrumb":{"@id":"https:\/\/www.metrica-global.com\/agentic-ai-el-umbral-de-la-inteligencia-artificial-autonoma\/#breadcrumb"},"inLanguage":"pt-PT","potentialAction":[{"@type":"ReadAction","target":["https:\/\/www.metrica-global.com\/agentic-ai-el-umbral-de-la-inteligencia-artificial-autonoma\/"]}]},{"@type":"ImageObject","inLanguage":"pt-PT","@id":"https:\/\/www.metrica-global.com\/agentic-ai-el-umbral-de-la-inteligencia-artificial-autonoma\/#primaryimage","url":"https:\/\/www.metrica-global.com\/wp-content\/uploads\/2025\/10\/banner-agentive-ahi.jpg","contentUrl":"https:\/\/www.metrica-global.com\/wp-content\/uploads\/2025\/10\/banner-agentive-ahi.jpg","width":3456,"height":1728,"caption":"Agentic AI"},{"@type":"BreadcrumbList","@id":"https:\/\/www.metrica-global.com\/agentic-ai-el-umbral-de-la-inteligencia-artificial-autonoma\/#breadcrumb","itemListElement":[{"@type":"ListItem","position":1,"name":"Portada","item":"https:\/\/www.metrica-global.com\/pt\/"},{"@type":"ListItem","position":2,"name":"Agentic AI: estaremos \u00e0 porta da era da Intelig\u00eancia Artificial aut\u00f3noma?"}]},{"@type":"WebSite","@id":"https:\/\/www.metrica-global.com\/#website","url":"https:\/\/www.metrica-global.com\/","name":"METRICA","description":"Servicios Globales IT","publisher":{"@id":"https:\/\/www.metrica-global.com\/#organization"},"potentialAction":[{"@type":"SearchAction","target":{"@type":"EntryPoint","urlTemplate":"https:\/\/www.metrica-global.com\/?s={search_term_string}"},"query-input":{"@type":"PropertyValueSpecification","valueRequired":true,"valueName":"search_term_string"}}],"inLanguage":"pt-PT"},{"@type":"Organization","@id":"https:\/\/www.metrica-global.com\/#organization","name":"METRICA","url":"https:\/\/www.metrica-global.com\/","logo":{"@type":"ImageObject","inLanguage":"pt-PT","@id":"https:\/\/www.metrica-global.com\/#\/schema\/logo\/image\/","url":"https:\/\/www.metrica-global.com\/wp-content\/uploads\/2023\/12\/logo-metrica.png","contentUrl":"https:\/\/www.metrica-global.com\/wp-content\/uploads\/2023\/12\/logo-metrica.png","width":332,"height":58,"caption":"METRICA"},"image":{"@id":"https:\/\/www.metrica-global.com\/#\/schema\/logo\/image\/"}},{"@type":"Person","@id":"https:\/\/www.metrica-global.com\/#\/schema\/person\/2f4208bdc63892f387a04f4106dd0fcb","name":"metrica","image":{"@type":"ImageObject","inLanguage":"pt-PT","@id":"https:\/\/www.metrica-global.com\/#\/schema\/person\/image\/","url":"https:\/\/secure.gravatar.com\/avatar\/735533d52394faf02a8736d8f477256b9fb421f39d81c48c55ea37c267061786?s=96&d=mm&r=g","contentUrl":"https:\/\/secure.gravatar.com\/avatar\/735533d52394faf02a8736d8f477256b9fb421f39d81c48c55ea37c267061786?s=96&d=mm&r=g","caption":"metrica"},"sameAs":["https:\/\/x.com\/desarrollo"],"url":"https:\/\/www.metrica-global.com\/pt\/author\/metrica\/"}]}},"_links":{"self":[{"href":"https:\/\/www.metrica-global.com\/pt\/wp-json\/wp\/v2\/posts\/13570","targetHints":{"allow":["GET"]}}],"collection":[{"href":"https:\/\/www.metrica-global.com\/pt\/wp-json\/wp\/v2\/posts"}],"about":[{"href":"https:\/\/www.metrica-global.com\/pt\/wp-json\/wp\/v2\/types\/post"}],"author":[{"embeddable":true,"href":"https:\/\/www.metrica-global.com\/pt\/wp-json\/wp\/v2\/users\/2"}],"replies":[{"embeddable":true,"href":"https:\/\/www.metrica-global.com\/pt\/wp-json\/wp\/v2\/comments?post=13570"}],"version-history":[{"count":2,"href":"https:\/\/www.metrica-global.com\/pt\/wp-json\/wp\/v2\/posts\/13570\/revisions"}],"predecessor-version":[{"id":13573,"href":"https:\/\/www.metrica-global.com\/pt\/wp-json\/wp\/v2\/posts\/13570\/revisions\/13573"}],"wp:featuredmedia":[{"embeddable":true,"href":"https:\/\/www.metrica-global.com\/pt\/wp-json\/wp\/v2\/media\/13559"}],"wp:attachment":[{"href":"https:\/\/www.metrica-global.com\/pt\/wp-json\/wp\/v2\/media?parent=13570"}],"wp:term":[{"taxonomy":"category","embeddable":true,"href":"https:\/\/www.metrica-global.com\/pt\/wp-json\/wp\/v2\/categories?post=13570"},{"taxonomy":"post_tag","embeddable":true,"href":"https:\/\/www.metrica-global.com\/pt\/wp-json\/wp\/v2\/tags?post=13570"}],"curies":[{"name":"wp","href":"https:\/\/api.w.org\/{rel}","templated":true}]}}