{"id":13996,"date":"2025-11-27T16:00:48","date_gmt":"2025-11-27T15:00:48","guid":{"rendered":"https:\/\/www.metrica-global.com\/?p=13996"},"modified":"2025-11-27T15:06:51","modified_gmt":"2025-11-27T14:06:51","slug":"care-month-2025-o-impacto-do-mes-de-voluntariado-na-metrica","status":"publish","type":"post","link":"https:\/\/www.metrica-global.com\/pt\/care-month-2025-o-impacto-do-mes-de-voluntariado-na-metrica\/","title":{"rendered":"CARE MONTH 2025: O impacto do m\u00eas de voluntariado na METRICA"},"content":{"rendered":"<p data-start=\"362\" data-end=\"815\">A iniciativa <strong data-start=\"375\" data-end=\"394\">CARE MONTH 2025<\/strong> voltou a ser um dos momentos mais significativos do ano na METRICA. Durante os meses de outubro e novembro, as nossas equipas de todas as regi\u00f5es participaram em atividades de voluntariado corporativo, desafios desportivos focados no bem-estar e a\u00e7\u00f5es orientadas para a sustentabilidade. Este programa anual refor\u00e7a o nosso compromisso com as pessoas, com a comunidade e com a cria\u00e7\u00e3o de impacto positivo a n\u00edvel global.<\/p>\n<p data-start=\"817\" data-end=\"1009\">Este ano, reunimos tamb\u00e9m os melhores momentos num <strong data-start=\"868\" data-end=\"883\">v\u00eddeo recap<\/strong> j\u00e1 dispon\u00edvel nas nossas redes sociais \u2014 um resumo visual cheio de energia que reflete o prop\u00f3sito e os valores que nos unem.<\/p>\n<h2 data-start=\"1011\" data-end=\"1049\">Uma edi\u00e7\u00e3o verdadeiramente global<\/h2>\n<p data-start=\"1050\" data-end=\"1254\">O CARE MONTH 2025 decorreu em simult\u00e2neo nas nossas sedes de <strong data-start=\"1111\" data-end=\"1162\">Espanha, Portugal, Peru, Chile e Estados Unidos<\/strong>, refor\u00e7ando o alcance internacional da iniciativa e fortalecendo o nosso sentido de equipa.<\/p>\n<p data-start=\"1256\" data-end=\"1304\">Entre as atividades mais relevantes estiveram:<\/p>\n<ul data-start=\"1305\" data-end=\"1612\">\n<li data-start=\"1305\" data-end=\"1395\">\n<p data-start=\"1307\" data-end=\"1395\"><strong data-start=\"1307\" data-end=\"1339\">A\u00e7\u00f5es de voluntariado locais<\/strong>, adaptadas \u00e0s necessidades espec\u00edficas de cada regi\u00e3o<\/p>\n<\/li>\n<li data-start=\"1396\" data-end=\"1506\">\n<p data-start=\"1398\" data-end=\"1506\"><strong data-start=\"1398\" data-end=\"1436\">Eventos desportivos e de bem-estar<\/strong>, com desafios por equipas e atividades de acumula\u00e7\u00e3o de quil\u00f3metros<\/p>\n<\/li>\n<li data-start=\"1507\" data-end=\"1612\">\n<p data-start=\"1509\" data-end=\"1612\">Um <strong data-start=\"1512\" data-end=\"1530\">webinar global<\/strong> focado na redu\u00e7\u00e3o da pegada ecol\u00f3gica, reunindo profissionais de todas as sedes<\/p>\n<\/li>\n<\/ul>\n<h2 data-start=\"1614\" data-end=\"1656\">Um impacto mensur\u00e1vel e significativo<\/h2>\n<p data-start=\"1657\" data-end=\"1737\">Os resultados desta edi\u00e7\u00e3o demonstram o compromisso coletivo das nossas pessoas:<\/p>\n<ul data-start=\"1739\" data-end=\"1889\">\n<li data-start=\"1739\" data-end=\"1808\">\n<p data-start=\"1741\" data-end=\"1808\"><strong data-start=\"1741\" data-end=\"1770\">Mais de 170 participantes<\/strong> em atividades sociais e desportivas<\/p>\n<\/li>\n<li data-start=\"1809\" data-end=\"1889\">\n<p data-start=\"1811\" data-end=\"1889\"><strong data-start=\"1811\" data-end=\"1851\">Mais de 5.000 quil\u00f3metros acumulados<\/strong>, comprovando que cada esfor\u00e7o conta<\/p>\n<\/li>\n<\/ul>\n<p data-start=\"1891\" data-end=\"2020\">Estes n\u00fameros refletem mais do que participa\u00e7\u00e3o\u2014they traduzem um prop\u00f3sito comum e uma vontade genu\u00edna de gerar impacto positivo.<\/p>\n<h2 data-start=\"2022\" data-end=\"2071\">O que o CARE MONTH representa para a METRICA<\/h2>\n<p data-start=\"2072\" data-end=\"2423\">Mais do que as atividades em si, o CARE MONTH \u00e9 uma oportunidade para refor\u00e7ar os valores que nos caracterizam: proximidade, flexibilidade, proatividade e humanismo.<br data-start=\"2237\" data-end=\"2240\" \/>Na METRICA, acreditamos em cuidar uns dos outros, em movimentar-nos juntos e em construir um futuro mais saud\u00e1vel e sustent\u00e1vel atrav\u00e9s da tecnologia, da colabora\u00e7\u00e3o e da a\u00e7\u00e3o social.<\/p>\n<p data-start=\"2425\" data-end=\"2569\">Continuaremos a promover iniciativas que fortale\u00e7am a nossa cultura e ampliem a nossa contribui\u00e7\u00e3o para a sociedade \u2014 sempre como uma s\u00f3 equipa.<\/p>\n","protected":false},"excerpt":{"rendered":"<p>Revemos as a\u00e7\u00f5es realizadas em todas as nossas sedes e o impacto gerado em termos de solidariedade, bem-estar e sustentabilidade.<\/p>\n","protected":false},"author":2,"featured_media":13992,"comment_status":"open","ping_status":"open","sticky":false,"template":"","format":"standard","meta":{"content-type":"","footnotes":""},"categories":[1166,1836],"tags":[4281,3671,3426,4285,3941,4282,4280,3430,3322,4283,4284,4279,4019],"class_list":["post-13996","post","type-post","status-publish","format-standard","has-post-thumbnail","hentry","category-atualidade-pt","category-sustainability-pt","tag-acoes-solidarias-empresa","tag-bem-estar-no-trabalho","tag-care-month-pt","tag-cultura-organizacional-metrica-pt","tag-equipa-metrica","tag-impacto-social-corporativo","tag-iniciativas-esg","tag-metrica-care-pt","tag-responsabilidad-social-corporativa","tag-responsabilidade-social-nas-empresas","tag-saude-e-bem-estar-corporativo","tag-sustentabilidade-empresarial","tag-voluntariado-corporativo-pt"],"yoast_head":"<!-- This site is optimized with the Yoast SEO plugin v25.9 - https:\/\/yoast.com\/wordpress\/plugins\/seo\/ -->\n<title>CARE MONTH 2025: O impacto do m\u00eas de voluntariado na METRICA - METRICA<\/title>\n<meta name=\"robots\" content=\"index, follow, max-snippet:-1, max-image-preview:large, max-video-preview:-1\" \/>\n<link rel=\"canonical\" href=\"https:\/\/www.metrica-global.com\/?p=13986\" \/>\n<meta property=\"og:locale\" content=\"pt_PT\" \/>\n<meta property=\"og:type\" content=\"article\" \/>\n<meta property=\"og:title\" content=\"CARE MONTH 2025: O impacto do m\u00eas de voluntariado na METRICA - METRICA\" \/>\n<meta property=\"og:description\" content=\"Revemos as a\u00e7\u00f5es realizadas em todas as nossas sedes e o impacto gerado em termos de solidariedade, bem-estar e sustentabilidade.\" \/>\n<meta property=\"og:url\" content=\"https:\/\/www.metrica-global.com\/?p=13986\" \/>\n<meta property=\"og:site_name\" content=\"METRICA\" \/>\n<meta property=\"article:published_time\" content=\"2025-11-27T15:00:48+00:00\" \/>\n<meta property=\"og:image\" content=\"https:\/\/www.metrica-global.com\/wp-content\/uploads\/2025\/11\/banner-care-month.jpg\" \/>\n\t<meta property=\"og:image:width\" content=\"3456\" \/>\n\t<meta property=\"og:image:height\" content=\"1728\" \/>\n\t<meta property=\"og:image:type\" content=\"image\/jpeg\" \/>\n<meta name=\"author\" content=\"metrica\" \/>\n<meta name=\"twitter:card\" content=\"summary_large_image\" \/>\n<meta name=\"twitter:creator\" content=\"@desarrollo\" \/>\n<meta name=\"twitter:label1\" content=\"Written by\" \/>\n\t<meta name=\"twitter:data1\" content=\"metrica\" \/>\n\t<meta name=\"twitter:label2\" content=\"Est. reading time\" \/>\n\t<meta name=\"twitter:data2\" content=\"2 minutos\" \/>\n<script type=\"application\/ld+json\" class=\"yoast-schema-graph\">{\"@context\":\"https:\/\/schema.org\",\"@graph\":[{\"@type\":\"Article\",\"@id\":\"https:\/\/www.metrica-global.com\/?p=13986#article\",\"isPartOf\":{\"@id\":\"https:\/\/www.metrica-global.com\/?p=13986\"},\"author\":{\"name\":\"metrica\",\"@id\":\"https:\/\/www.metrica-global.com\/#\/schema\/person\/2f4208bdc63892f387a04f4106dd0fcb\"},\"headline\":\"CARE MONTH 2025: O impacto do m\u00eas de voluntariado na METRICA\",\"datePublished\":\"2025-11-27T15:00:48+00:00\",\"mainEntityOfPage\":{\"@id\":\"https:\/\/www.metrica-global.com\/?p=13986\"},\"wordCount\":366,\"commentCount\":0,\"publisher\":{\"@id\":\"https:\/\/www.metrica-global.com\/#organization\"},\"image\":{\"@id\":\"https:\/\/www.metrica-global.com\/?p=13986#primaryimage\"},\"thumbnailUrl\":\"https:\/\/www.metrica-global.com\/wp-content\/uploads\/2025\/11\/banner-care-month.jpg\",\"keywords\":[\"a\u00e7\u00f5es solid\u00e1rias empresa\",\"Bem-Estar no Trabalho\",\"CARE Month\",\"cultura organizacional METRICA\",\"equipa METRICA\",\"impacto social corporativo\",\"iniciativas ESG\",\"METRICA Care\",\"responsabilidad social corporativa\",\"responsabilidade social nas empresas\",\"sa\u00fade e bem-estar corporativo\",\"sustentabilidade empresarial\",\"voluntariado corporativo\"],\"articleSection\":[\"Atualidade\",\"Sustainability\"],\"inLanguage\":\"pt-PT\",\"potentialAction\":[{\"@type\":\"CommentAction\",\"name\":\"Comment\",\"target\":[\"https:\/\/www.metrica-global.com\/?p=13986#respond\"]}]},{\"@type\":\"WebPage\",\"@id\":\"https:\/\/www.metrica-global.com\/?p=13986\",\"url\":\"https:\/\/www.metrica-global.com\/?p=13986\",\"name\":\"CARE MONTH 2025: O impacto do m\u00eas de voluntariado na METRICA - METRICA\",\"isPartOf\":{\"@id\":\"https:\/\/www.metrica-global.com\/#website\"},\"primaryImageOfPage\":{\"@id\":\"https:\/\/www.metrica-global.com\/?p=13986#primaryimage\"},\"image\":{\"@id\":\"https:\/\/www.metrica-global.com\/?p=13986#primaryimage\"},\"thumbnailUrl\":\"https:\/\/www.metrica-global.com\/wp-content\/uploads\/2025\/11\/banner-care-month.jpg\",\"datePublished\":\"2025-11-27T15:00:48+00:00\",\"breadcrumb\":{\"@id\":\"https:\/\/www.metrica-global.com\/?p=13986#breadcrumb\"},\"inLanguage\":\"pt-PT\",\"potentialAction\":[{\"@type\":\"ReadAction\",\"target\":[\"https:\/\/www.metrica-global.com\/?p=13986\"]}]},{\"@type\":\"ImageObject\",\"inLanguage\":\"pt-PT\",\"@id\":\"https:\/\/www.metrica-global.com\/?p=13986#primaryimage\",\"url\":\"https:\/\/www.metrica-global.com\/wp-content\/uploads\/2025\/11\/banner-care-month.jpg\",\"contentUrl\":\"https:\/\/www.metrica-global.com\/wp-content\/uploads\/2025\/11\/banner-care-month.jpg\",\"width\":3456,\"height\":1728},{\"@type\":\"BreadcrumbList\",\"@id\":\"https:\/\/www.metrica-global.com\/?p=13986#breadcrumb\",\"itemListElement\":[{\"@type\":\"ListItem\",\"position\":1,\"name\":\"Portada\",\"item\":\"https:\/\/www.metrica-global.com\/pt\/\"},{\"@type\":\"ListItem\",\"position\":2,\"name\":\"CARE MONTH 2025: O impacto do m\u00eas de voluntariado na METRICA\"}]},{\"@type\":\"WebSite\",\"@id\":\"https:\/\/www.metrica-global.com\/#website\",\"url\":\"https:\/\/www.metrica-global.com\/\",\"name\":\"METRICA\",\"description\":\"Servicios Globales IT\",\"publisher\":{\"@id\":\"https:\/\/www.metrica-global.com\/#organization\"},\"potentialAction\":[{\"@type\":\"SearchAction\",\"target\":{\"@type\":\"EntryPoint\",\"urlTemplate\":\"https:\/\/www.metrica-global.com\/?s={search_term_string}\"},\"query-input\":{\"@type\":\"PropertyValueSpecification\",\"valueRequired\":true,\"valueName\":\"search_term_string\"}}],\"inLanguage\":\"pt-PT\"},{\"@type\":\"Organization\",\"@id\":\"https:\/\/www.metrica-global.com\/#organization\",\"name\":\"METRICA\",\"url\":\"https:\/\/www.metrica-global.com\/\",\"logo\":{\"@type\":\"ImageObject\",\"inLanguage\":\"pt-PT\",\"@id\":\"https:\/\/www.metrica-global.com\/#\/schema\/logo\/image\/\",\"url\":\"https:\/\/www.metrica-global.com\/wp-content\/uploads\/2023\/12\/logo-metrica.png\",\"contentUrl\":\"https:\/\/www.metrica-global.com\/wp-content\/uploads\/2023\/12\/logo-metrica.png\",\"width\":332,\"height\":58,\"caption\":\"METRICA\"},\"image\":{\"@id\":\"https:\/\/www.metrica-global.com\/#\/schema\/logo\/image\/\"}},{\"@type\":\"Person\",\"@id\":\"https:\/\/www.metrica-global.com\/#\/schema\/person\/2f4208bdc63892f387a04f4106dd0fcb\",\"name\":\"metrica\",\"image\":{\"@type\":\"ImageObject\",\"inLanguage\":\"pt-PT\",\"@id\":\"https:\/\/www.metrica-global.com\/#\/schema\/person\/image\/\",\"url\":\"https:\/\/secure.gravatar.com\/avatar\/735533d52394faf02a8736d8f477256b9fb421f39d81c48c55ea37c267061786?s=96&d=mm&r=g\",\"contentUrl\":\"https:\/\/secure.gravatar.com\/avatar\/735533d52394faf02a8736d8f477256b9fb421f39d81c48c55ea37c267061786?s=96&d=mm&r=g\",\"caption\":\"metrica\"},\"sameAs\":[\"https:\/\/x.com\/desarrollo\"],\"url\":\"https:\/\/www.metrica-global.com\/pt\/author\/metrica\/\"}]}<\/script>\n<!-- \/ Yoast SEO plugin. -->","yoast_head_json":{"title":"CARE MONTH 2025: O impacto do m\u00eas de voluntariado na METRICA - METRICA","robots":{"index":"index","follow":"follow","max-snippet":"max-snippet:-1","max-image-preview":"max-image-preview:large","max-video-preview":"max-video-preview:-1"},"canonical":"https:\/\/www.metrica-global.com\/?p=13986","og_locale":"pt_PT","og_type":"article","og_title":"CARE MONTH 2025: O impacto do m\u00eas de voluntariado na METRICA - METRICA","og_description":"Revemos as a\u00e7\u00f5es realizadas em todas as nossas sedes e o impacto gerado em termos de solidariedade, bem-estar e sustentabilidade.","og_url":"https:\/\/www.metrica-global.com\/?p=13986","og_site_name":"METRICA","article_published_time":"2025-11-27T15:00:48+00:00","og_image":[{"width":3456,"height":1728,"url":"https:\/\/www.metrica-global.com\/wp-content\/uploads\/2025\/11\/banner-care-month.jpg","type":"image\/jpeg"}],"author":"metrica","twitter_card":"summary_large_image","twitter_creator":"@desarrollo","twitter_misc":{"Written by":"metrica","Est. reading time":"2 minutos"},"schema":{"@context":"https:\/\/schema.org","@graph":[{"@type":"Article","@id":"https:\/\/www.metrica-global.com\/?p=13986#article","isPartOf":{"@id":"https:\/\/www.metrica-global.com\/?p=13986"},"author":{"name":"metrica","@id":"https:\/\/www.metrica-global.com\/#\/schema\/person\/2f4208bdc63892f387a04f4106dd0fcb"},"headline":"CARE MONTH 2025: O impacto do m\u00eas de voluntariado na METRICA","datePublished":"2025-11-27T15:00:48+00:00","mainEntityOfPage":{"@id":"https:\/\/www.metrica-global.com\/?p=13986"},"wordCount":366,"commentCount":0,"publisher":{"@id":"https:\/\/www.metrica-global.com\/#organization"},"image":{"@id":"https:\/\/www.metrica-global.com\/?p=13986#primaryimage"},"thumbnailUrl":"https:\/\/www.metrica-global.com\/wp-content\/uploads\/2025\/11\/banner-care-month.jpg","keywords":["a\u00e7\u00f5es solid\u00e1rias empresa","Bem-Estar no Trabalho","CARE Month","cultura organizacional METRICA","equipa METRICA","impacto social corporativo","iniciativas ESG","METRICA Care","responsabilidad social corporativa","responsabilidade social nas empresas","sa\u00fade e bem-estar corporativo","sustentabilidade empresarial","voluntariado corporativo"],"articleSection":["Atualidade","Sustainability"],"inLanguage":"pt-PT","potentialAction":[{"@type":"CommentAction","name":"Comment","target":["https:\/\/www.metrica-global.com\/?p=13986#respond"]}]},{"@type":"WebPage","@id":"https:\/\/www.metrica-global.com\/?p=13986","url":"https:\/\/www.metrica-global.com\/?p=13986","name":"CARE MONTH 2025: O impacto do m\u00eas de voluntariado na METRICA - METRICA","isPartOf":{"@id":"https:\/\/www.metrica-global.com\/#website"},"primaryImageOfPage":{"@id":"https:\/\/www.metrica-global.com\/?p=13986#primaryimage"},"image":{"@id":"https:\/\/www.metrica-global.com\/?p=13986#primaryimage"},"thumbnailUrl":"https:\/\/www.metrica-global.com\/wp-content\/uploads\/2025\/11\/banner-care-month.jpg","datePublished":"2025-11-27T15:00:48+00:00","breadcrumb":{"@id":"https:\/\/www.metrica-global.com\/?p=13986#breadcrumb"},"inLanguage":"pt-PT","potentialAction":[{"@type":"ReadAction","target":["https:\/\/www.metrica-global.com\/?p=13986"]}]},{"@type":"ImageObject","inLanguage":"pt-PT","@id":"https:\/\/www.metrica-global.com\/?p=13986#primaryimage","url":"https:\/\/www.metrica-global.com\/wp-content\/uploads\/2025\/11\/banner-care-month.jpg","contentUrl":"https:\/\/www.metrica-global.com\/wp-content\/uploads\/2025\/11\/banner-care-month.jpg","width":3456,"height":1728},{"@type":"BreadcrumbList","@id":"https:\/\/www.metrica-global.com\/?p=13986#breadcrumb","itemListElement":[{"@type":"ListItem","position":1,"name":"Portada","item":"https:\/\/www.metrica-global.com\/pt\/"},{"@type":"ListItem","position":2,"name":"CARE MONTH 2025: O impacto do m\u00eas de voluntariado na METRICA"}]},{"@type":"WebSite","@id":"https:\/\/www.metrica-global.com\/#website","url":"https:\/\/www.metrica-global.com\/","name":"METRICA","description":"Servicios Globales IT","publisher":{"@id":"https:\/\/www.metrica-global.com\/#organization"},"potentialAction":[{"@type":"SearchAction","target":{"@type":"EntryPoint","urlTemplate":"https:\/\/www.metrica-global.com\/?s={search_term_string}"},"query-input":{"@type":"PropertyValueSpecification","valueRequired":true,"valueName":"search_term_string"}}],"inLanguage":"pt-PT"},{"@type":"Organization","@id":"https:\/\/www.metrica-global.com\/#organization","name":"METRICA","url":"https:\/\/www.metrica-global.com\/","logo":{"@type":"ImageObject","inLanguage":"pt-PT","@id":"https:\/\/www.metrica-global.com\/#\/schema\/logo\/image\/","url":"https:\/\/www.metrica-global.com\/wp-content\/uploads\/2023\/12\/logo-metrica.png","contentUrl":"https:\/\/www.metrica-global.com\/wp-content\/uploads\/2023\/12\/logo-metrica.png","width":332,"height":58,"caption":"METRICA"},"image":{"@id":"https:\/\/www.metrica-global.com\/#\/schema\/logo\/image\/"}},{"@type":"Person","@id":"https:\/\/www.metrica-global.com\/#\/schema\/person\/2f4208bdc63892f387a04f4106dd0fcb","name":"metrica","image":{"@type":"ImageObject","inLanguage":"pt-PT","@id":"https:\/\/www.metrica-global.com\/#\/schema\/person\/image\/","url":"https:\/\/secure.gravatar.com\/avatar\/735533d52394faf02a8736d8f477256b9fb421f39d81c48c55ea37c267061786?s=96&d=mm&r=g","contentUrl":"https:\/\/secure.gravatar.com\/avatar\/735533d52394faf02a8736d8f477256b9fb421f39d81c48c55ea37c267061786?s=96&d=mm&r=g","caption":"metrica"},"sameAs":["https:\/\/x.com\/desarrollo"],"url":"https:\/\/www.metrica-global.com\/pt\/author\/metrica\/"}]}},"_links":{"self":[{"href":"https:\/\/www.metrica-global.com\/pt\/wp-json\/wp\/v2\/posts\/13996","targetHints":{"allow":["GET"]}}],"collection":[{"href":"https:\/\/www.metrica-global.com\/pt\/wp-json\/wp\/v2\/posts"}],"about":[{"href":"https:\/\/www.metrica-global.com\/pt\/wp-json\/wp\/v2\/types\/post"}],"author":[{"embeddable":true,"href":"https:\/\/www.metrica-global.com\/pt\/wp-json\/wp\/v2\/users\/2"}],"replies":[{"embeddable":true,"href":"https:\/\/www.metrica-global.com\/pt\/wp-json\/wp\/v2\/comments?post=13996"}],"version-history":[{"count":1,"href":"https:\/\/www.metrica-global.com\/pt\/wp-json\/wp\/v2\/posts\/13996\/revisions"}],"predecessor-version":[{"id":13997,"href":"https:\/\/www.metrica-global.com\/pt\/wp-json\/wp\/v2\/posts\/13996\/revisions\/13997"}],"wp:featuredmedia":[{"embeddable":true,"href":"https:\/\/www.metrica-global.com\/pt\/wp-json\/wp\/v2\/media\/13992"}],"wp:attachment":[{"href":"https:\/\/www.metrica-global.com\/pt\/wp-json\/wp\/v2\/media?parent=13996"}],"wp:term":[{"taxonomy":"category","embeddable":true,"href":"https:\/\/www.metrica-global.com\/pt\/wp-json\/wp\/v2\/categories?post=13996"},{"taxonomy":"post_tag","embeddable":true,"href":"https:\/\/www.metrica-global.com\/pt\/wp-json\/wp\/v2\/tags?post=13996"}],"curies":[{"name":"wp","href":"https:\/\/api.w.org\/{rel}","templated":true}]}}