{"id":14065,"date":"2026-01-15T16:00:06","date_gmt":"2026-01-15T15:00:06","guid":{"rendered":"https:\/\/www.metrica-global.com\/?p=14065"},"modified":"2026-01-15T13:29:36","modified_gmt":"2026-01-15T12:29:36","slug":"tecnologias-que-marcaran-el-2026-claves-para-la-transformacion-digital-corporativa","status":"publish","type":"post","link":"https:\/\/www.metrica-global.com\/pt\/tecnologias-que-marcaran-el-2026-claves-para-la-transformacion-digital-corporativa\/","title":{"rendered":"Tecnologias que marcar\u00e3o 2026: chaves para a transforma\u00e7\u00e3o digital das empresas"},"content":{"rendered":"<p>A inova\u00e7\u00e3o tecnol\u00f3gica avan\u00e7a a um ritmo sem precedentes e 2026 afirma\u2011se como um ano decisivo para as organiza\u00e7\u00f5es que pretendem liderar a transforma\u00e7\u00e3o digital. Tecnologias como a intelig\u00eancia artificial aut\u00f3noma, a hiperautoma\u00e7\u00e3o ou as plataformas de dados inteligentes deixar\u00e3o de ser tend\u00eancias emergentes para se tornarem verdadeiras vantagens competitivas.<\/p>\n<p>Na METRICA analisamos as\u00a0<span class=\"font-semibold\" data-streamdown=\"strong\">tecnologias que marcar\u00e3o 2026<\/span>\u00a0e como a sua ado\u00e7\u00e3o estrat\u00e9gica pode impulsionar a efici\u00eancia, a seguran\u00e7a e a tomada de decis\u00e3o nas empresas.<\/p>\n<hr class=\"my-6 border-border\" data-streamdown=\"horizontal-rule\" \/>\n<h2 class=\"mt-6 mb-2 font-semibold text-2xl\" data-streamdown=\"heading-2\">Intelig\u00eancia Artificial ag\u00eantica: a evolu\u00e7\u00e3o da IA empresarial<\/h2>\n<p>A Intelig\u00eancia Artificial ag\u00eantica representa um salto qualitativo face \u00e0 IA tradicional. Estes sistemas s\u00e3o capazes de\u00a0<span class=\"font-semibold\" data-streamdown=\"strong\">tomar decis\u00f5es, executar a\u00e7\u00f5es e aprender de forma aut\u00f3noma<\/span>, interagindo com pessoas e outros sistemas digitais.<\/p>\n<p>No contexto empresarial, a IA ag\u00eantica permitir\u00e1 otimizar processos complexos, melhorar a experi\u00eancia do cliente, acelerar o desenvolvimento de software e apoiar decis\u00f5es estrat\u00e9gicas baseadas em dados em tempo real.<\/p>\n<hr class=\"my-6 border-border\" data-streamdown=\"horizontal-rule\" \/>\n<h2 class=\"mt-6 mb-2 font-semibold text-2xl\" data-streamdown=\"heading-2\">Hiperautoma\u00e7\u00e3o: efici\u00eancia e escalabilidade end\u2011to\u2011end<\/h2>\n<p>A hiperautoma\u00e7\u00e3o combina tecnologias como\u00a0<span class=\"font-semibold\" data-streamdown=\"strong\">Robotic Process Automation (RPA)<\/span>, intelig\u00eancia artificial e anal\u00edtica avan\u00e7ada para automatizar processos de neg\u00f3cio de ponta a ponta.<\/p>\n<p>Em 2026, esta abordagem ser\u00e1 fundamental para reduzir custos operacionais, aumentar a produtividade e escalar opera\u00e7\u00f5es de forma sustent\u00e1vel, libertando as equipas humanas de tarefas repetitivas e de baixo valor acrescentado.<\/p>\n<hr class=\"my-6 border-border\" data-streamdown=\"horizontal-rule\" \/>\n<h2 class=\"mt-6 mb-2 font-semibold text-2xl\" data-streamdown=\"heading-2\">Edge Computing e IoT avan\u00e7ado: dados e decis\u00f5es em tempo real<\/h2>\n<p>O crescimento da Internet das Coisas (IoT) e do Edge Computing est\u00e1 a transformar a forma como os dados s\u00e3o processados. Ao aproximar a computa\u00e7\u00e3o da origem da informa\u00e7\u00e3o, as empresas conseguem\u00a0<span class=\"font-semibold\" data-streamdown=\"strong\">reduzir a lat\u00eancia, refor\u00e7ar a seguran\u00e7a e atuar em tempo real<\/span>.<\/p>\n<p>Estas tecnologias ser\u00e3o essenciais em sectores como a ind\u00fastria 4.0, as smart cities, a log\u00edstica inteligente e ambientes cr\u00edticos onde a rapidez de resposta \u00e9 determinante.<\/p>\n<hr class=\"my-6 border-border\" data-streamdown=\"horizontal-rule\" \/>\n<h2 class=\"mt-6 mb-2 font-semibold text-2xl\" data-streamdown=\"heading-2\">Ciberseguran\u00e7a preditiva e Zero Trust: uma abordagem preventiva<\/h2>\n<p>A acelera\u00e7\u00e3o da digitaliza\u00e7\u00e3o traz consigo novos desafios de seguran\u00e7a. Os modelos\u00a0<span class=\"font-semibold\" data-streamdown=\"strong\">Zero Trust<\/span>, apoiados por intelig\u00eancia artificial, permitem validar continuamente utilizadores, dispositivos e acessos, antecipando amea\u00e7as antes que estas se concretizem.<\/p>\n<p>Em 2026, a ciberseguran\u00e7a preditiva ser\u00e1 um pilar estrat\u00e9gico para proteger dados, garantir a continuidade do neg\u00f3cio e refor\u00e7ar a confian\u00e7a digital.<\/p>\n<hr class=\"my-6 border-border\" data-streamdown=\"horizontal-rule\" \/>\n<h2 class=\"mt-6 mb-2 font-semibold text-2xl\" data-streamdown=\"heading-2\">Plataformas de dados inteligentes: do dado \u00e0 decis\u00e3o<\/h2>\n<p>As organiza\u00e7\u00f5es geram grandes volumes de dados, mas o seu verdadeiro valor est\u00e1 na capacidade de os transformar em conhecimento acion\u00e1vel. As\u00a0<span class=\"font-semibold\" data-streamdown=\"strong\">plataformas de dados inteligentes<\/span>\u00a0permitem unificar, governar e explorar a informa\u00e7\u00e3o em tempo real.<\/p>\n<p>Estas arquiteturas possibilitam decis\u00f5es mais r\u00e1pidas e informadas, impulsionam a anal\u00edtica avan\u00e7ada e melhoram a escalabilidade dos sistemas de informa\u00e7\u00e3o.<\/p>\n<hr class=\"my-6 border-border\" data-streamdown=\"horizontal-rule\" \/>\n<h2 class=\"mt-6 mb-2 font-semibold text-2xl\" data-streamdown=\"heading-2\">Preparar hoje o caminho para liderar o amanh\u00e3<\/h2>\n<p>As tecnologias que marcar\u00e3o 2026 n\u00e3o devem ser encaradas de forma isolada. O seu sucesso depende de uma integra\u00e7\u00e3o coerente na estrat\u00e9gia empresarial, com uma abordagem respons\u00e1vel, segura e centrada nas pessoas.<\/p>\n<p>Na METRICA acompanhamos as organiza\u00e7\u00f5es neste percurso, ajudando\u2011as a antecipar o futuro e a transformar a inova\u00e7\u00e3o tecnol\u00f3gica em valor real para o neg\u00f3cio. Recentemente, partilh\u00e1mos nas nossas redes sociais uma publica\u00e7\u00e3o visual sobre estas tend\u00eancias, refor\u00e7ando o nosso compromisso com a divulga\u00e7\u00e3o e a transforma\u00e7\u00e3o digital.<\/p>\n<hr class=\"my-6 border-border\" data-streamdown=\"horizontal-rule\" \/>\n<h3 class=\"mt-6 mb-2 font-semibold text-xl\" data-streamdown=\"heading-3\">Excerto (Meta description)<\/h3>\n<p>As tecnologias que marcar\u00e3o 2026 ir\u00e3o definir o futuro da transforma\u00e7\u00e3o digital. Descubra como a IA ag\u00eantica, a hiperautoma\u00e7\u00e3o e os dados v\u00e3o impulsionar as empresas.<\/p>\n","protected":false},"excerpt":{"rendered":"<p>As tecnologias que marcar\u00e3o 2026 ir\u00e3o definir o futuro da transforma\u00e7\u00e3o digital. Descubra como a IA ag\u00eantica, a hiperautoma\u00e7\u00e3o e os dados v\u00e3o impulsionar as empresas.<\/p>\n","protected":false},"author":2,"featured_media":14062,"comment_status":"open","ping_status":"open","sticky":false,"template":"","format":"standard","meta":{"content-type":"","footnotes":""},"categories":[1166,1472,2121],"tags":[4323,4385,4389,4383,3939,1247,4386,1432,4390,4374,4388,3304,4382],"class_list":["post-14065","post","type-post","status-publish","format-standard","has-post-thumbnail","hentry","category-atualidade-pt","category-qualidade-pt","category-services-pt","tag-ciberseguranca","tag-edge-computing-pt","tag-hiperautomacao","tag-ia-agentica-pt","tag-inovacao-tecnologica","tag-inteligencia-artificial-pt","tag-iot-pt","tag-metrica-pt","tag-plataformas-de-dados","tag-plataformas-de-datos","tag-tendencias-tecnologicas-2026-pt","tag-transformacao-digital","tag-zero-trust-pt"],"yoast_head":"<!-- This site is optimized with the Yoast SEO plugin v25.9 - https:\/\/yoast.com\/wordpress\/plugins\/seo\/ -->\n<title>Tecnologias que marcar\u00e3o 2026: chaves para a transforma\u00e7\u00e3o digital das empresas - METRICA<\/title>\n<meta name=\"robots\" content=\"index, follow, max-snippet:-1, max-image-preview:large, max-video-preview:-1\" \/>\n<link rel=\"canonical\" href=\"https:\/\/www.metrica-global.com\/tecnologias-que-marcaran-el-2026-claves-para-la-transformacion-digital-corporativa\/\" \/>\n<meta property=\"og:locale\" content=\"pt_PT\" \/>\n<meta property=\"og:type\" content=\"article\" \/>\n<meta property=\"og:title\" content=\"Tecnologias que marcar\u00e3o 2026: chaves para a transforma\u00e7\u00e3o digital das empresas - METRICA\" \/>\n<meta property=\"og:description\" content=\"As tecnologias que marcar\u00e3o 2026 ir\u00e3o definir o futuro da transforma\u00e7\u00e3o digital. Descubra como a IA ag\u00eantica, a hiperautoma\u00e7\u00e3o e os dados v\u00e3o impulsionar as empresas.\" \/>\n<meta property=\"og:url\" content=\"https:\/\/www.metrica-global.com\/tecnologias-que-marcaran-el-2026-claves-para-la-transformacion-digital-corporativa\/\" \/>\n<meta property=\"og:site_name\" content=\"METRICA\" \/>\n<meta property=\"article:published_time\" content=\"2026-01-15T15:00:06+00:00\" \/>\n<meta property=\"og:image\" content=\"https:\/\/www.metrica-global.com\/wp-content\/uploads\/2026\/01\/banner-tech-26.jpg\" \/>\n\t<meta property=\"og:image:width\" content=\"2560\" \/>\n\t<meta property=\"og:image:height\" content=\"1132\" \/>\n\t<meta property=\"og:image:type\" content=\"image\/jpeg\" \/>\n<meta name=\"author\" content=\"metrica\" \/>\n<meta name=\"twitter:card\" content=\"summary_large_image\" \/>\n<meta name=\"twitter:creator\" content=\"@desarrollo\" \/>\n<meta name=\"twitter:label1\" content=\"Written by\" \/>\n\t<meta name=\"twitter:data1\" content=\"metrica\" \/>\n\t<meta name=\"twitter:label2\" content=\"Est. reading time\" \/>\n\t<meta name=\"twitter:data2\" content=\"3 minutos\" \/>\n<script type=\"application\/ld+json\" class=\"yoast-schema-graph\">{\"@context\":\"https:\/\/schema.org\",\"@graph\":[{\"@type\":\"Article\",\"@id\":\"https:\/\/www.metrica-global.com\/tecnologias-que-marcaran-el-2026-claves-para-la-transformacion-digital-corporativa\/#article\",\"isPartOf\":{\"@id\":\"https:\/\/www.metrica-global.com\/tecnologias-que-marcaran-el-2026-claves-para-la-transformacion-digital-corporativa\/\"},\"author\":{\"name\":\"metrica\",\"@id\":\"https:\/\/www.metrica-global.com\/#\/schema\/person\/2f4208bdc63892f387a04f4106dd0fcb\"},\"headline\":\"Tecnologias que marcar\u00e3o 2026: chaves para a transforma\u00e7\u00e3o digital das empresas\",\"datePublished\":\"2026-01-15T15:00:06+00:00\",\"mainEntityOfPage\":{\"@id\":\"https:\/\/www.metrica-global.com\/tecnologias-que-marcaran-el-2026-claves-para-la-transformacion-digital-corporativa\/\"},\"wordCount\":626,\"commentCount\":0,\"publisher\":{\"@id\":\"https:\/\/www.metrica-global.com\/#organization\"},\"image\":{\"@id\":\"https:\/\/www.metrica-global.com\/tecnologias-que-marcaran-el-2026-claves-para-la-transformacion-digital-corporativa\/#primaryimage\"},\"thumbnailUrl\":\"https:\/\/www.metrica-global.com\/wp-content\/uploads\/2026\/01\/banner-tech-26.jpg\",\"keywords\":[\"ciberseguran\u00e7a\",\"edge computing\",\"hiperautoma\u00e7\u00e3o\",\"IA ag\u00e9ntica\",\"inova\u00e7\u00e3o tecnol\u00f3gica\",\"Inteligencia Artificial\",\"IoT\",\"M\u00e9trica\",\"plataformas de dados\",\"plataformas de datos\",\"tendencias tecnol\u00f3gicas 2026\",\"transforma\u00e7\u00e3o digital\",\"Zero Trust\"],\"articleSection\":[\"Atualidade\",\"Qualidade\",\"Services\"],\"inLanguage\":\"pt-PT\",\"potentialAction\":[{\"@type\":\"CommentAction\",\"name\":\"Comment\",\"target\":[\"https:\/\/www.metrica-global.com\/tecnologias-que-marcaran-el-2026-claves-para-la-transformacion-digital-corporativa\/#respond\"]}]},{\"@type\":\"WebPage\",\"@id\":\"https:\/\/www.metrica-global.com\/tecnologias-que-marcaran-el-2026-claves-para-la-transformacion-digital-corporativa\/\",\"url\":\"https:\/\/www.metrica-global.com\/tecnologias-que-marcaran-el-2026-claves-para-la-transformacion-digital-corporativa\/\",\"name\":\"Tecnologias que marcar\u00e3o 2026: chaves para a transforma\u00e7\u00e3o digital das empresas - METRICA\",\"isPartOf\":{\"@id\":\"https:\/\/www.metrica-global.com\/#website\"},\"primaryImageOfPage\":{\"@id\":\"https:\/\/www.metrica-global.com\/tecnologias-que-marcaran-el-2026-claves-para-la-transformacion-digital-corporativa\/#primaryimage\"},\"image\":{\"@id\":\"https:\/\/www.metrica-global.com\/tecnologias-que-marcaran-el-2026-claves-para-la-transformacion-digital-corporativa\/#primaryimage\"},\"thumbnailUrl\":\"https:\/\/www.metrica-global.com\/wp-content\/uploads\/2026\/01\/banner-tech-26.jpg\",\"datePublished\":\"2026-01-15T15:00:06+00:00\",\"breadcrumb\":{\"@id\":\"https:\/\/www.metrica-global.com\/tecnologias-que-marcaran-el-2026-claves-para-la-transformacion-digital-corporativa\/#breadcrumb\"},\"inLanguage\":\"pt-PT\",\"potentialAction\":[{\"@type\":\"ReadAction\",\"target\":[\"https:\/\/www.metrica-global.com\/tecnologias-que-marcaran-el-2026-claves-para-la-transformacion-digital-corporativa\/\"]}]},{\"@type\":\"ImageObject\",\"inLanguage\":\"pt-PT\",\"@id\":\"https:\/\/www.metrica-global.com\/tecnologias-que-marcaran-el-2026-claves-para-la-transformacion-digital-corporativa\/#primaryimage\",\"url\":\"https:\/\/www.metrica-global.com\/wp-content\/uploads\/2026\/01\/banner-tech-26.jpg\",\"contentUrl\":\"https:\/\/www.metrica-global.com\/wp-content\/uploads\/2026\/01\/banner-tech-26.jpg\",\"width\":2560,\"height\":1132},{\"@type\":\"BreadcrumbList\",\"@id\":\"https:\/\/www.metrica-global.com\/tecnologias-que-marcaran-el-2026-claves-para-la-transformacion-digital-corporativa\/#breadcrumb\",\"itemListElement\":[{\"@type\":\"ListItem\",\"position\":1,\"name\":\"Portada\",\"item\":\"https:\/\/www.metrica-global.com\/pt\/\"},{\"@type\":\"ListItem\",\"position\":2,\"name\":\"Tecnologias que marcar\u00e3o 2026: chaves para a transforma\u00e7\u00e3o digital das empresas\"}]},{\"@type\":\"WebSite\",\"@id\":\"https:\/\/www.metrica-global.com\/#website\",\"url\":\"https:\/\/www.metrica-global.com\/\",\"name\":\"METRICA\",\"description\":\"Servicios Globales IT\",\"publisher\":{\"@id\":\"https:\/\/www.metrica-global.com\/#organization\"},\"potentialAction\":[{\"@type\":\"SearchAction\",\"target\":{\"@type\":\"EntryPoint\",\"urlTemplate\":\"https:\/\/www.metrica-global.com\/?s={search_term_string}\"},\"query-input\":{\"@type\":\"PropertyValueSpecification\",\"valueRequired\":true,\"valueName\":\"search_term_string\"}}],\"inLanguage\":\"pt-PT\"},{\"@type\":\"Organization\",\"@id\":\"https:\/\/www.metrica-global.com\/#organization\",\"name\":\"METRICA\",\"url\":\"https:\/\/www.metrica-global.com\/\",\"logo\":{\"@type\":\"ImageObject\",\"inLanguage\":\"pt-PT\",\"@id\":\"https:\/\/www.metrica-global.com\/#\/schema\/logo\/image\/\",\"url\":\"https:\/\/www.metrica-global.com\/wp-content\/uploads\/2023\/12\/logo-metrica.png\",\"contentUrl\":\"https:\/\/www.metrica-global.com\/wp-content\/uploads\/2023\/12\/logo-metrica.png\",\"width\":332,\"height\":58,\"caption\":\"METRICA\"},\"image\":{\"@id\":\"https:\/\/www.metrica-global.com\/#\/schema\/logo\/image\/\"}},{\"@type\":\"Person\",\"@id\":\"https:\/\/www.metrica-global.com\/#\/schema\/person\/2f4208bdc63892f387a04f4106dd0fcb\",\"name\":\"metrica\",\"image\":{\"@type\":\"ImageObject\",\"inLanguage\":\"pt-PT\",\"@id\":\"https:\/\/www.metrica-global.com\/#\/schema\/person\/image\/\",\"url\":\"https:\/\/secure.gravatar.com\/avatar\/735533d52394faf02a8736d8f477256b9fb421f39d81c48c55ea37c267061786?s=96&d=mm&r=g\",\"contentUrl\":\"https:\/\/secure.gravatar.com\/avatar\/735533d52394faf02a8736d8f477256b9fb421f39d81c48c55ea37c267061786?s=96&d=mm&r=g\",\"caption\":\"metrica\"},\"sameAs\":[\"https:\/\/x.com\/desarrollo\"],\"url\":\"https:\/\/www.metrica-global.com\/pt\/author\/metrica\/\"}]}<\/script>\n<!-- \/ Yoast SEO plugin. -->","yoast_head_json":{"title":"Tecnologias que marcar\u00e3o 2026: chaves para a transforma\u00e7\u00e3o digital das empresas - METRICA","robots":{"index":"index","follow":"follow","max-snippet":"max-snippet:-1","max-image-preview":"max-image-preview:large","max-video-preview":"max-video-preview:-1"},"canonical":"https:\/\/www.metrica-global.com\/tecnologias-que-marcaran-el-2026-claves-para-la-transformacion-digital-corporativa\/","og_locale":"pt_PT","og_type":"article","og_title":"Tecnologias que marcar\u00e3o 2026: chaves para a transforma\u00e7\u00e3o digital das empresas - METRICA","og_description":"As tecnologias que marcar\u00e3o 2026 ir\u00e3o definir o futuro da transforma\u00e7\u00e3o digital. Descubra como a IA ag\u00eantica, a hiperautoma\u00e7\u00e3o e os dados v\u00e3o impulsionar as empresas.","og_url":"https:\/\/www.metrica-global.com\/tecnologias-que-marcaran-el-2026-claves-para-la-transformacion-digital-corporativa\/","og_site_name":"METRICA","article_published_time":"2026-01-15T15:00:06+00:00","og_image":[{"width":2560,"height":1132,"url":"https:\/\/www.metrica-global.com\/wp-content\/uploads\/2026\/01\/banner-tech-26.jpg","type":"image\/jpeg"}],"author":"metrica","twitter_card":"summary_large_image","twitter_creator":"@desarrollo","twitter_misc":{"Written by":"metrica","Est. reading time":"3 minutos"},"schema":{"@context":"https:\/\/schema.org","@graph":[{"@type":"Article","@id":"https:\/\/www.metrica-global.com\/tecnologias-que-marcaran-el-2026-claves-para-la-transformacion-digital-corporativa\/#article","isPartOf":{"@id":"https:\/\/www.metrica-global.com\/tecnologias-que-marcaran-el-2026-claves-para-la-transformacion-digital-corporativa\/"},"author":{"name":"metrica","@id":"https:\/\/www.metrica-global.com\/#\/schema\/person\/2f4208bdc63892f387a04f4106dd0fcb"},"headline":"Tecnologias que marcar\u00e3o 2026: chaves para a transforma\u00e7\u00e3o digital das empresas","datePublished":"2026-01-15T15:00:06+00:00","mainEntityOfPage":{"@id":"https:\/\/www.metrica-global.com\/tecnologias-que-marcaran-el-2026-claves-para-la-transformacion-digital-corporativa\/"},"wordCount":626,"commentCount":0,"publisher":{"@id":"https:\/\/www.metrica-global.com\/#organization"},"image":{"@id":"https:\/\/www.metrica-global.com\/tecnologias-que-marcaran-el-2026-claves-para-la-transformacion-digital-corporativa\/#primaryimage"},"thumbnailUrl":"https:\/\/www.metrica-global.com\/wp-content\/uploads\/2026\/01\/banner-tech-26.jpg","keywords":["ciberseguran\u00e7a","edge computing","hiperautoma\u00e7\u00e3o","IA ag\u00e9ntica","inova\u00e7\u00e3o tecnol\u00f3gica","Inteligencia Artificial","IoT","M\u00e9trica","plataformas de dados","plataformas de datos","tendencias tecnol\u00f3gicas 2026","transforma\u00e7\u00e3o digital","Zero Trust"],"articleSection":["Atualidade","Qualidade","Services"],"inLanguage":"pt-PT","potentialAction":[{"@type":"CommentAction","name":"Comment","target":["https:\/\/www.metrica-global.com\/tecnologias-que-marcaran-el-2026-claves-para-la-transformacion-digital-corporativa\/#respond"]}]},{"@type":"WebPage","@id":"https:\/\/www.metrica-global.com\/tecnologias-que-marcaran-el-2026-claves-para-la-transformacion-digital-corporativa\/","url":"https:\/\/www.metrica-global.com\/tecnologias-que-marcaran-el-2026-claves-para-la-transformacion-digital-corporativa\/","name":"Tecnologias que marcar\u00e3o 2026: chaves para a transforma\u00e7\u00e3o digital das empresas - METRICA","isPartOf":{"@id":"https:\/\/www.metrica-global.com\/#website"},"primaryImageOfPage":{"@id":"https:\/\/www.metrica-global.com\/tecnologias-que-marcaran-el-2026-claves-para-la-transformacion-digital-corporativa\/#primaryimage"},"image":{"@id":"https:\/\/www.metrica-global.com\/tecnologias-que-marcaran-el-2026-claves-para-la-transformacion-digital-corporativa\/#primaryimage"},"thumbnailUrl":"https:\/\/www.metrica-global.com\/wp-content\/uploads\/2026\/01\/banner-tech-26.jpg","datePublished":"2026-01-15T15:00:06+00:00","breadcrumb":{"@id":"https:\/\/www.metrica-global.com\/tecnologias-que-marcaran-el-2026-claves-para-la-transformacion-digital-corporativa\/#breadcrumb"},"inLanguage":"pt-PT","potentialAction":[{"@type":"ReadAction","target":["https:\/\/www.metrica-global.com\/tecnologias-que-marcaran-el-2026-claves-para-la-transformacion-digital-corporativa\/"]}]},{"@type":"ImageObject","inLanguage":"pt-PT","@id":"https:\/\/www.metrica-global.com\/tecnologias-que-marcaran-el-2026-claves-para-la-transformacion-digital-corporativa\/#primaryimage","url":"https:\/\/www.metrica-global.com\/wp-content\/uploads\/2026\/01\/banner-tech-26.jpg","contentUrl":"https:\/\/www.metrica-global.com\/wp-content\/uploads\/2026\/01\/banner-tech-26.jpg","width":2560,"height":1132},{"@type":"BreadcrumbList","@id":"https:\/\/www.metrica-global.com\/tecnologias-que-marcaran-el-2026-claves-para-la-transformacion-digital-corporativa\/#breadcrumb","itemListElement":[{"@type":"ListItem","position":1,"name":"Portada","item":"https:\/\/www.metrica-global.com\/pt\/"},{"@type":"ListItem","position":2,"name":"Tecnologias que marcar\u00e3o 2026: chaves para a transforma\u00e7\u00e3o digital das empresas"}]},{"@type":"WebSite","@id":"https:\/\/www.metrica-global.com\/#website","url":"https:\/\/www.metrica-global.com\/","name":"METRICA","description":"Servicios Globales IT","publisher":{"@id":"https:\/\/www.metrica-global.com\/#organization"},"potentialAction":[{"@type":"SearchAction","target":{"@type":"EntryPoint","urlTemplate":"https:\/\/www.metrica-global.com\/?s={search_term_string}"},"query-input":{"@type":"PropertyValueSpecification","valueRequired":true,"valueName":"search_term_string"}}],"inLanguage":"pt-PT"},{"@type":"Organization","@id":"https:\/\/www.metrica-global.com\/#organization","name":"METRICA","url":"https:\/\/www.metrica-global.com\/","logo":{"@type":"ImageObject","inLanguage":"pt-PT","@id":"https:\/\/www.metrica-global.com\/#\/schema\/logo\/image\/","url":"https:\/\/www.metrica-global.com\/wp-content\/uploads\/2023\/12\/logo-metrica.png","contentUrl":"https:\/\/www.metrica-global.com\/wp-content\/uploads\/2023\/12\/logo-metrica.png","width":332,"height":58,"caption":"METRICA"},"image":{"@id":"https:\/\/www.metrica-global.com\/#\/schema\/logo\/image\/"}},{"@type":"Person","@id":"https:\/\/www.metrica-global.com\/#\/schema\/person\/2f4208bdc63892f387a04f4106dd0fcb","name":"metrica","image":{"@type":"ImageObject","inLanguage":"pt-PT","@id":"https:\/\/www.metrica-global.com\/#\/schema\/person\/image\/","url":"https:\/\/secure.gravatar.com\/avatar\/735533d52394faf02a8736d8f477256b9fb421f39d81c48c55ea37c267061786?s=96&d=mm&r=g","contentUrl":"https:\/\/secure.gravatar.com\/avatar\/735533d52394faf02a8736d8f477256b9fb421f39d81c48c55ea37c267061786?s=96&d=mm&r=g","caption":"metrica"},"sameAs":["https:\/\/x.com\/desarrollo"],"url":"https:\/\/www.metrica-global.com\/pt\/author\/metrica\/"}]}},"_links":{"self":[{"href":"https:\/\/www.metrica-global.com\/pt\/wp-json\/wp\/v2\/posts\/14065","targetHints":{"allow":["GET"]}}],"collection":[{"href":"https:\/\/www.metrica-global.com\/pt\/wp-json\/wp\/v2\/posts"}],"about":[{"href":"https:\/\/www.metrica-global.com\/pt\/wp-json\/wp\/v2\/types\/post"}],"author":[{"embeddable":true,"href":"https:\/\/www.metrica-global.com\/pt\/wp-json\/wp\/v2\/users\/2"}],"replies":[{"embeddable":true,"href":"https:\/\/www.metrica-global.com\/pt\/wp-json\/wp\/v2\/comments?post=14065"}],"version-history":[{"count":1,"href":"https:\/\/www.metrica-global.com\/pt\/wp-json\/wp\/v2\/posts\/14065\/revisions"}],"predecessor-version":[{"id":14067,"href":"https:\/\/www.metrica-global.com\/pt\/wp-json\/wp\/v2\/posts\/14065\/revisions\/14067"}],"wp:featuredmedia":[{"embeddable":true,"href":"https:\/\/www.metrica-global.com\/pt\/wp-json\/wp\/v2\/media\/14062"}],"wp:attachment":[{"href":"https:\/\/www.metrica-global.com\/pt\/wp-json\/wp\/v2\/media?parent=14065"}],"wp:term":[{"taxonomy":"category","embeddable":true,"href":"https:\/\/www.metrica-global.com\/pt\/wp-json\/wp\/v2\/categories?post=14065"},{"taxonomy":"post_tag","embeddable":true,"href":"https:\/\/www.metrica-global.com\/pt\/wp-json\/wp\/v2\/tags?post=14065"}],"curies":[{"name":"wp","href":"https:\/\/api.w.org\/{rel}","templated":true}]}}