{"id":14078,"date":"2026-01-20T16:00:32","date_gmt":"2026-01-20T15:00:32","guid":{"rendered":"https:\/\/www.metrica-global.com\/?p=14078"},"modified":"2026-01-20T10:11:36","modified_gmt":"2026-01-20T09:11:36","slug":"metrica-lab-formacion-practica-en-programacion-que-impulsa-el-talento-it-junior","status":"publish","type":"post","link":"https:\/\/www.metrica-global.com\/pt\/metrica-lab-formacion-practica-en-programacion-que-impulsa-el-talento-it-junior\/","title":{"rendered":"METRICA LAB: Forma\u00e7\u00e3o pr\u00e1tica em IT para impulsionar o talento tecnol\u00f3gico j\u00fanior"},"content":{"rendered":"<p>O programa de est\u00e1gios\u00a0<span class=\"font-semibold\" data-streamdown=\"strong\">METRICA LAB<\/span>\u00a0concluiu com sucesso mais uma edi\u00e7\u00e3o, encerrando o percurso formativo dos participantes que iniciaram esta experi\u00eancia em setembro. O programa terminou com uma\u00a0<span class=\"font-semibold\" data-streamdown=\"strong\">jornada especial de apresenta\u00e7\u00e3o dos projetos finais<\/span>, na qual os estagi\u00e1rios demonstraram os conhecimentos t\u00e9cnicos e as compet\u00eancias profissionais adquiridas ao longo da forma\u00e7\u00e3o.<\/p>\n<p>O METRICA LAB foi criado com um objetivo claro:\u00a0<span class=\"font-semibold\" data-streamdown=\"strong\">desenvolver talento IT j\u00fanior<\/span>\u00a0atrav\u00e9s de uma forma\u00e7\u00e3o pr\u00e1tica, alinhada com as necessidades reais do neg\u00f3cio e do setor tecnol\u00f3gico.<\/p>\n<hr class=\"my-6 border-border\" data-streamdown=\"horizontal-rule\" \/>\n<h3 class=\"mt-6 mb-2 font-semibold text-xl\" data-streamdown=\"heading-3\">Crescimento t\u00e9cnico e evolu\u00e7\u00e3o em desenvolvimento de software<\/h3>\n<p>Um dos principais resultados desta edi\u00e7\u00e3o foi a\u00a0<span class=\"font-semibold\" data-streamdown=\"strong\">evolu\u00e7\u00e3o t\u00e9cnica significativa<\/span>\u00a0alcan\u00e7ada pelos estagi\u00e1rios. Ao longo do programa, os participantes refor\u00e7aram as suas compet\u00eancias em programa\u00e7\u00e3o, melhoraram a sua capacidade de resolu\u00e7\u00e3o de problemas e adquiriram experi\u00eancia pr\u00e1tica em desenvolvimento de software em ambientes profissionais.<\/p>\n<p>O percurso formativo estruturado, com foco na aplica\u00e7\u00e3o pr\u00e1tica dos conhecimentos e em casos reais, permitiu uma melhor compreens\u00e3o dos processos de desenvolvimento, das metodologias de trabalho e da din\u00e2mica das equipas em contexto corporativo.<\/p>\n<hr class=\"my-6 border-border\" data-streamdown=\"horizontal-rule\" \/>\n<h3 class=\"mt-6 mb-2 font-semibold text-xl\" data-streamdown=\"heading-3\">A import\u00e2ncia do acompanhamento e da forma\u00e7\u00e3o especializada<\/h3>\n<p>Os estagi\u00e1rios destacaram de forma consistente o acompanhamento do formador de IT\u00a0<span class=\"font-semibold\" data-streamdown=\"strong\">David<\/span>, cujo apoio cont\u00ednuo, conhecimento t\u00e9cnico e proximidade tiveram um papel fundamental no seu processo de aprendizagem e crescimento profissional.<\/p>\n<p>Este modelo de mentoria reflete o compromisso da METRICA com uma forma\u00e7\u00e3o de qualidade, centrada nas pessoas e orientada para resultados concretos.<\/p>\n<hr class=\"my-6 border-border\" data-streamdown=\"horizontal-rule\" \/>\n<h3 class=\"mt-6 mb-2 font-semibold text-xl\" data-streamdown=\"heading-3\">Uma transi\u00e7\u00e3o real para o ambiente profissional e corporativo<\/h3>\n<p>Para al\u00e9m das compet\u00eancias t\u00e9cnicas, o METRICA LAB proporciona uma verdadeira\u00a0<span class=\"font-semibold\" data-streamdown=\"strong\">imers\u00e3o no mundo profissional de IT<\/span>. Os participantes trabalharam de acordo com padr\u00f5es reais de mercado, adotaram boas pr\u00e1ticas corporativas e ganharam familiaridade com fluxos de trabalho e modelos de colabora\u00e7\u00e3o profissionais.<\/p>\n<p>Os estagi\u00e1rios salientaram ainda a\u00a0<span class=\"font-semibold\" data-streamdown=\"strong\">proximidade, o acompanhamento humano e o ambiente de confian\u00e7a<\/span>\u00a0vividos ao longo de todo o programa \u2014 valores que fazem parte da identidade e cultura da METRICA.<\/p>\n<hr class=\"my-6 border-border\" data-streamdown=\"horizontal-rule\" \/>\n<h3 class=\"mt-6 mb-2 font-semibold text-xl\" data-streamdown=\"heading-3\">As experi\u00eancias dos estagi\u00e1rios tamb\u00e9m nas redes sociais<\/h3>\n<p>Como parte do encerramento do programa, a METRICA partilhou nas suas redes sociais um\u00a0<span class=\"font-semibold\" data-streamdown=\"strong\">v\u00eddeo com os testemunhos dos estagi\u00e1rios<\/span>, onde estes contam a sua experi\u00eancia no METRICA LAB, os principais aprendizagens e a motiva\u00e7\u00e3o para, num futuro pr\u00f3ximo, integrarem a equipa da METRICA.<\/p>\n<p>Este conte\u00fado oferece uma vis\u00e3o aut\u00eantica do impacto do programa e refor\u00e7a a liga\u00e7\u00e3o entre forma\u00e7\u00e3o, empregabilidade e desenvolvimento profissional.<\/p>\n<hr class=\"my-6 border-border\" data-streamdown=\"horizontal-rule\" \/>\n<h3 class=\"mt-6 mb-2 font-semibold text-xl\" data-streamdown=\"heading-3\">METRICA LAB: a construir o futuro do talento tecnol\u00f3gico<\/h3>\n<p>A cada nova edi\u00e7\u00e3o, o METRICA LAB consolida-se como um\u00a0<span class=\"font-semibold\" data-streamdown=\"strong\">programa de refer\u00eancia em est\u00e1gios e forma\u00e7\u00e3o em IT<\/span>, contribuindo para a prepara\u00e7\u00e3o da pr\u00f3xima gera\u00e7\u00e3o de profissionais de tecnologia.<\/p>\n<p>Na METRICA, continuamos a apostar no talento, na inova\u00e7\u00e3o e nas pessoas, criando oportunidades reais de crescimento e construindo, em conjunto, o futuro do setor de IT.<\/p>\n","protected":false},"excerpt":{"rendered":"<p>Conclui-se uma nova edi\u00e7\u00e3o do nosso programa de est\u00e1gios, onde jovens talentos de IT refor\u00e7aram as suas compet\u00eancias t\u00e9cnicas e melhoraram o seu n\u00edvel de desenvolvimento.<\/p>\n","protected":false},"author":2,"featured_media":14076,"comment_status":"open","ping_status":"open","sticky":false,"template":"","format":"standard","meta":{"content-type":"","footnotes":""},"categories":[1166,1800],"tags":[4421,4419,4398,4420,4418,3886,1432,3736,4417,4401],"class_list":["post-14078","post","type-post","status-publish","format-standard","has-post-thumbnail","hentry","category-atualidade-pt","category-metricalab-pt","tag-competencias-digitais","tag-desenvolvimento-de-software","tag-empleo-tecnologico","tag-estagios-em-programacao","tag-formacao-em-it","tag-formacao-tecnologica","tag-metrica-pt","tag-metrica-lab-pt","tag-programa-de-estagios-it","tag-talento-it-junior-pt"],"yoast_head":"<!-- This site is optimized with the Yoast SEO plugin v25.9 - https:\/\/yoast.com\/wordpress\/plugins\/seo\/ -->\n<title>METRICA LAB: Forma\u00e7\u00e3o pr\u00e1tica em IT para impulsionar o talento tecnol\u00f3gico j\u00fanior - METRICA<\/title>\n<meta name=\"robots\" content=\"index, follow, max-snippet:-1, max-image-preview:large, max-video-preview:-1\" \/>\n<link rel=\"canonical\" href=\"https:\/\/www.metrica-global.com\/metrica-lab-formacion-practica-en-programacion-que-impulsa-el-talento-it-junior\/\" \/>\n<meta property=\"og:locale\" content=\"pt_PT\" \/>\n<meta property=\"og:type\" content=\"article\" \/>\n<meta property=\"og:title\" content=\"METRICA LAB: Forma\u00e7\u00e3o pr\u00e1tica em IT para impulsionar o talento tecnol\u00f3gico j\u00fanior - METRICA\" \/>\n<meta property=\"og:description\" content=\"Conclui-se uma nova edi\u00e7\u00e3o do nosso programa de est\u00e1gios, onde jovens talentos de IT refor\u00e7aram as suas compet\u00eancias t\u00e9cnicas e melhoraram o seu n\u00edvel de desenvolvimento.\" \/>\n<meta property=\"og:url\" content=\"https:\/\/www.metrica-global.com\/metrica-lab-formacion-practica-en-programacion-que-impulsa-el-talento-it-junior\/\" \/>\n<meta property=\"og:site_name\" content=\"METRICA\" \/>\n<meta property=\"article:published_time\" content=\"2026-01-20T15:00:32+00:00\" \/>\n<meta property=\"og:image\" content=\"https:\/\/www.metrica-global.com\/wp-content\/uploads\/2026\/01\/BANNER-NOTICIAS-1.jpg\" \/>\n\t<meta property=\"og:image:width\" content=\"3456\" \/>\n\t<meta property=\"og:image:height\" content=\"1728\" \/>\n\t<meta property=\"og:image:type\" content=\"image\/jpeg\" \/>\n<meta name=\"author\" content=\"metrica\" \/>\n<meta name=\"twitter:card\" content=\"summary_large_image\" \/>\n<meta name=\"twitter:creator\" content=\"@desarrollo\" \/>\n<meta name=\"twitter:label1\" content=\"Written by\" \/>\n\t<meta name=\"twitter:data1\" content=\"metrica\" \/>\n\t<meta name=\"twitter:label2\" content=\"Est. reading time\" \/>\n\t<meta name=\"twitter:data2\" content=\"3 minutos\" \/>\n<script type=\"application\/ld+json\" class=\"yoast-schema-graph\">{\"@context\":\"https:\/\/schema.org\",\"@graph\":[{\"@type\":\"Article\",\"@id\":\"https:\/\/www.metrica-global.com\/metrica-lab-formacion-practica-en-programacion-que-impulsa-el-talento-it-junior\/#article\",\"isPartOf\":{\"@id\":\"https:\/\/www.metrica-global.com\/metrica-lab-formacion-practica-en-programacion-que-impulsa-el-talento-it-junior\/\"},\"author\":{\"name\":\"metrica\",\"@id\":\"https:\/\/www.metrica-global.com\/#\/schema\/person\/2f4208bdc63892f387a04f4106dd0fcb\"},\"headline\":\"METRICA LAB: Forma\u00e7\u00e3o pr\u00e1tica em IT para impulsionar o talento tecnol\u00f3gico j\u00fanior\",\"datePublished\":\"2026-01-20T15:00:32+00:00\",\"mainEntityOfPage\":{\"@id\":\"https:\/\/www.metrica-global.com\/metrica-lab-formacion-practica-en-programacion-que-impulsa-el-talento-it-junior\/\"},\"wordCount\":539,\"commentCount\":0,\"publisher\":{\"@id\":\"https:\/\/www.metrica-global.com\/#organization\"},\"image\":{\"@id\":\"https:\/\/www.metrica-global.com\/metrica-lab-formacion-practica-en-programacion-que-impulsa-el-talento-it-junior\/#primaryimage\"},\"thumbnailUrl\":\"https:\/\/www.metrica-global.com\/wp-content\/uploads\/2026\/01\/BANNER-NOTICIAS-1.jpg\",\"keywords\":[\"compet\u00eancias digitais\",\"desenvolvimento de software\",\"empleo tecnol\u00f3gico\",\"est\u00e1gios em programa\u00e7\u00e3o\",\"forma\u00e7\u00e3o em IT\",\"Forma\u00e7\u00e3o Tecnol\u00f3gica\",\"M\u00e9trica\",\"METRICA LAB\",\"programa de est\u00e1gios IT\",\"talento IT junior\"],\"articleSection\":[\"Atualidade\",\"MetricaLab\"],\"inLanguage\":\"pt-PT\",\"potentialAction\":[{\"@type\":\"CommentAction\",\"name\":\"Comment\",\"target\":[\"https:\/\/www.metrica-global.com\/metrica-lab-formacion-practica-en-programacion-que-impulsa-el-talento-it-junior\/#respond\"]}]},{\"@type\":\"WebPage\",\"@id\":\"https:\/\/www.metrica-global.com\/metrica-lab-formacion-practica-en-programacion-que-impulsa-el-talento-it-junior\/\",\"url\":\"https:\/\/www.metrica-global.com\/metrica-lab-formacion-practica-en-programacion-que-impulsa-el-talento-it-junior\/\",\"name\":\"METRICA LAB: Forma\u00e7\u00e3o pr\u00e1tica em IT para impulsionar o talento tecnol\u00f3gico j\u00fanior - METRICA\",\"isPartOf\":{\"@id\":\"https:\/\/www.metrica-global.com\/#website\"},\"primaryImageOfPage\":{\"@id\":\"https:\/\/www.metrica-global.com\/metrica-lab-formacion-practica-en-programacion-que-impulsa-el-talento-it-junior\/#primaryimage\"},\"image\":{\"@id\":\"https:\/\/www.metrica-global.com\/metrica-lab-formacion-practica-en-programacion-que-impulsa-el-talento-it-junior\/#primaryimage\"},\"thumbnailUrl\":\"https:\/\/www.metrica-global.com\/wp-content\/uploads\/2026\/01\/BANNER-NOTICIAS-1.jpg\",\"datePublished\":\"2026-01-20T15:00:32+00:00\",\"breadcrumb\":{\"@id\":\"https:\/\/www.metrica-global.com\/metrica-lab-formacion-practica-en-programacion-que-impulsa-el-talento-it-junior\/#breadcrumb\"},\"inLanguage\":\"pt-PT\",\"potentialAction\":[{\"@type\":\"ReadAction\",\"target\":[\"https:\/\/www.metrica-global.com\/metrica-lab-formacion-practica-en-programacion-que-impulsa-el-talento-it-junior\/\"]}]},{\"@type\":\"ImageObject\",\"inLanguage\":\"pt-PT\",\"@id\":\"https:\/\/www.metrica-global.com\/metrica-lab-formacion-practica-en-programacion-que-impulsa-el-talento-it-junior\/#primaryimage\",\"url\":\"https:\/\/www.metrica-global.com\/wp-content\/uploads\/2026\/01\/BANNER-NOTICIAS-1.jpg\",\"contentUrl\":\"https:\/\/www.metrica-global.com\/wp-content\/uploads\/2026\/01\/BANNER-NOTICIAS-1.jpg\",\"width\":3456,\"height\":1728},{\"@type\":\"BreadcrumbList\",\"@id\":\"https:\/\/www.metrica-global.com\/metrica-lab-formacion-practica-en-programacion-que-impulsa-el-talento-it-junior\/#breadcrumb\",\"itemListElement\":[{\"@type\":\"ListItem\",\"position\":1,\"name\":\"Portada\",\"item\":\"https:\/\/www.metrica-global.com\/pt\/\"},{\"@type\":\"ListItem\",\"position\":2,\"name\":\"METRICA LAB: Forma\u00e7\u00e3o pr\u00e1tica em IT para impulsionar o talento tecnol\u00f3gico j\u00fanior\"}]},{\"@type\":\"WebSite\",\"@id\":\"https:\/\/www.metrica-global.com\/#website\",\"url\":\"https:\/\/www.metrica-global.com\/\",\"name\":\"METRICA\",\"description\":\"Servicios Globales IT\",\"publisher\":{\"@id\":\"https:\/\/www.metrica-global.com\/#organization\"},\"potentialAction\":[{\"@type\":\"SearchAction\",\"target\":{\"@type\":\"EntryPoint\",\"urlTemplate\":\"https:\/\/www.metrica-global.com\/?s={search_term_string}\"},\"query-input\":{\"@type\":\"PropertyValueSpecification\",\"valueRequired\":true,\"valueName\":\"search_term_string\"}}],\"inLanguage\":\"pt-PT\"},{\"@type\":\"Organization\",\"@id\":\"https:\/\/www.metrica-global.com\/#organization\",\"name\":\"METRICA\",\"url\":\"https:\/\/www.metrica-global.com\/\",\"logo\":{\"@type\":\"ImageObject\",\"inLanguage\":\"pt-PT\",\"@id\":\"https:\/\/www.metrica-global.com\/#\/schema\/logo\/image\/\",\"url\":\"https:\/\/www.metrica-global.com\/wp-content\/uploads\/2023\/12\/logo-metrica.png\",\"contentUrl\":\"https:\/\/www.metrica-global.com\/wp-content\/uploads\/2023\/12\/logo-metrica.png\",\"width\":332,\"height\":58,\"caption\":\"METRICA\"},\"image\":{\"@id\":\"https:\/\/www.metrica-global.com\/#\/schema\/logo\/image\/\"}},{\"@type\":\"Person\",\"@id\":\"https:\/\/www.metrica-global.com\/#\/schema\/person\/2f4208bdc63892f387a04f4106dd0fcb\",\"name\":\"metrica\",\"image\":{\"@type\":\"ImageObject\",\"inLanguage\":\"pt-PT\",\"@id\":\"https:\/\/www.metrica-global.com\/#\/schema\/person\/image\/\",\"url\":\"https:\/\/secure.gravatar.com\/avatar\/735533d52394faf02a8736d8f477256b9fb421f39d81c48c55ea37c267061786?s=96&d=mm&r=g\",\"contentUrl\":\"https:\/\/secure.gravatar.com\/avatar\/735533d52394faf02a8736d8f477256b9fb421f39d81c48c55ea37c267061786?s=96&d=mm&r=g\",\"caption\":\"metrica\"},\"sameAs\":[\"https:\/\/x.com\/desarrollo\"],\"url\":\"https:\/\/www.metrica-global.com\/pt\/author\/metrica\/\"}]}<\/script>\n<!-- \/ Yoast SEO plugin. -->","yoast_head_json":{"title":"METRICA LAB: Forma\u00e7\u00e3o pr\u00e1tica em IT para impulsionar o talento tecnol\u00f3gico j\u00fanior - METRICA","robots":{"index":"index","follow":"follow","max-snippet":"max-snippet:-1","max-image-preview":"max-image-preview:large","max-video-preview":"max-video-preview:-1"},"canonical":"https:\/\/www.metrica-global.com\/metrica-lab-formacion-practica-en-programacion-que-impulsa-el-talento-it-junior\/","og_locale":"pt_PT","og_type":"article","og_title":"METRICA LAB: Forma\u00e7\u00e3o pr\u00e1tica em IT para impulsionar o talento tecnol\u00f3gico j\u00fanior - METRICA","og_description":"Conclui-se uma nova edi\u00e7\u00e3o do nosso programa de est\u00e1gios, onde jovens talentos de IT refor\u00e7aram as suas compet\u00eancias t\u00e9cnicas e melhoraram o seu n\u00edvel de desenvolvimento.","og_url":"https:\/\/www.metrica-global.com\/metrica-lab-formacion-practica-en-programacion-que-impulsa-el-talento-it-junior\/","og_site_name":"METRICA","article_published_time":"2026-01-20T15:00:32+00:00","og_image":[{"width":3456,"height":1728,"url":"https:\/\/www.metrica-global.com\/wp-content\/uploads\/2026\/01\/BANNER-NOTICIAS-1.jpg","type":"image\/jpeg"}],"author":"metrica","twitter_card":"summary_large_image","twitter_creator":"@desarrollo","twitter_misc":{"Written by":"metrica","Est. reading time":"3 minutos"},"schema":{"@context":"https:\/\/schema.org","@graph":[{"@type":"Article","@id":"https:\/\/www.metrica-global.com\/metrica-lab-formacion-practica-en-programacion-que-impulsa-el-talento-it-junior\/#article","isPartOf":{"@id":"https:\/\/www.metrica-global.com\/metrica-lab-formacion-practica-en-programacion-que-impulsa-el-talento-it-junior\/"},"author":{"name":"metrica","@id":"https:\/\/www.metrica-global.com\/#\/schema\/person\/2f4208bdc63892f387a04f4106dd0fcb"},"headline":"METRICA LAB: Forma\u00e7\u00e3o pr\u00e1tica em IT para impulsionar o talento tecnol\u00f3gico j\u00fanior","datePublished":"2026-01-20T15:00:32+00:00","mainEntityOfPage":{"@id":"https:\/\/www.metrica-global.com\/metrica-lab-formacion-practica-en-programacion-que-impulsa-el-talento-it-junior\/"},"wordCount":539,"commentCount":0,"publisher":{"@id":"https:\/\/www.metrica-global.com\/#organization"},"image":{"@id":"https:\/\/www.metrica-global.com\/metrica-lab-formacion-practica-en-programacion-que-impulsa-el-talento-it-junior\/#primaryimage"},"thumbnailUrl":"https:\/\/www.metrica-global.com\/wp-content\/uploads\/2026\/01\/BANNER-NOTICIAS-1.jpg","keywords":["compet\u00eancias digitais","desenvolvimento de software","empleo tecnol\u00f3gico","est\u00e1gios em programa\u00e7\u00e3o","forma\u00e7\u00e3o em IT","Forma\u00e7\u00e3o Tecnol\u00f3gica","M\u00e9trica","METRICA LAB","programa de est\u00e1gios IT","talento IT junior"],"articleSection":["Atualidade","MetricaLab"],"inLanguage":"pt-PT","potentialAction":[{"@type":"CommentAction","name":"Comment","target":["https:\/\/www.metrica-global.com\/metrica-lab-formacion-practica-en-programacion-que-impulsa-el-talento-it-junior\/#respond"]}]},{"@type":"WebPage","@id":"https:\/\/www.metrica-global.com\/metrica-lab-formacion-practica-en-programacion-que-impulsa-el-talento-it-junior\/","url":"https:\/\/www.metrica-global.com\/metrica-lab-formacion-practica-en-programacion-que-impulsa-el-talento-it-junior\/","name":"METRICA LAB: Forma\u00e7\u00e3o pr\u00e1tica em IT para impulsionar o talento tecnol\u00f3gico j\u00fanior - METRICA","isPartOf":{"@id":"https:\/\/www.metrica-global.com\/#website"},"primaryImageOfPage":{"@id":"https:\/\/www.metrica-global.com\/metrica-lab-formacion-practica-en-programacion-que-impulsa-el-talento-it-junior\/#primaryimage"},"image":{"@id":"https:\/\/www.metrica-global.com\/metrica-lab-formacion-practica-en-programacion-que-impulsa-el-talento-it-junior\/#primaryimage"},"thumbnailUrl":"https:\/\/www.metrica-global.com\/wp-content\/uploads\/2026\/01\/BANNER-NOTICIAS-1.jpg","datePublished":"2026-01-20T15:00:32+00:00","breadcrumb":{"@id":"https:\/\/www.metrica-global.com\/metrica-lab-formacion-practica-en-programacion-que-impulsa-el-talento-it-junior\/#breadcrumb"},"inLanguage":"pt-PT","potentialAction":[{"@type":"ReadAction","target":["https:\/\/www.metrica-global.com\/metrica-lab-formacion-practica-en-programacion-que-impulsa-el-talento-it-junior\/"]}]},{"@type":"ImageObject","inLanguage":"pt-PT","@id":"https:\/\/www.metrica-global.com\/metrica-lab-formacion-practica-en-programacion-que-impulsa-el-talento-it-junior\/#primaryimage","url":"https:\/\/www.metrica-global.com\/wp-content\/uploads\/2026\/01\/BANNER-NOTICIAS-1.jpg","contentUrl":"https:\/\/www.metrica-global.com\/wp-content\/uploads\/2026\/01\/BANNER-NOTICIAS-1.jpg","width":3456,"height":1728},{"@type":"BreadcrumbList","@id":"https:\/\/www.metrica-global.com\/metrica-lab-formacion-practica-en-programacion-que-impulsa-el-talento-it-junior\/#breadcrumb","itemListElement":[{"@type":"ListItem","position":1,"name":"Portada","item":"https:\/\/www.metrica-global.com\/pt\/"},{"@type":"ListItem","position":2,"name":"METRICA LAB: Forma\u00e7\u00e3o pr\u00e1tica em IT para impulsionar o talento tecnol\u00f3gico j\u00fanior"}]},{"@type":"WebSite","@id":"https:\/\/www.metrica-global.com\/#website","url":"https:\/\/www.metrica-global.com\/","name":"METRICA","description":"Servicios Globales IT","publisher":{"@id":"https:\/\/www.metrica-global.com\/#organization"},"potentialAction":[{"@type":"SearchAction","target":{"@type":"EntryPoint","urlTemplate":"https:\/\/www.metrica-global.com\/?s={search_term_string}"},"query-input":{"@type":"PropertyValueSpecification","valueRequired":true,"valueName":"search_term_string"}}],"inLanguage":"pt-PT"},{"@type":"Organization","@id":"https:\/\/www.metrica-global.com\/#organization","name":"METRICA","url":"https:\/\/www.metrica-global.com\/","logo":{"@type":"ImageObject","inLanguage":"pt-PT","@id":"https:\/\/www.metrica-global.com\/#\/schema\/logo\/image\/","url":"https:\/\/www.metrica-global.com\/wp-content\/uploads\/2023\/12\/logo-metrica.png","contentUrl":"https:\/\/www.metrica-global.com\/wp-content\/uploads\/2023\/12\/logo-metrica.png","width":332,"height":58,"caption":"METRICA"},"image":{"@id":"https:\/\/www.metrica-global.com\/#\/schema\/logo\/image\/"}},{"@type":"Person","@id":"https:\/\/www.metrica-global.com\/#\/schema\/person\/2f4208bdc63892f387a04f4106dd0fcb","name":"metrica","image":{"@type":"ImageObject","inLanguage":"pt-PT","@id":"https:\/\/www.metrica-global.com\/#\/schema\/person\/image\/","url":"https:\/\/secure.gravatar.com\/avatar\/735533d52394faf02a8736d8f477256b9fb421f39d81c48c55ea37c267061786?s=96&d=mm&r=g","contentUrl":"https:\/\/secure.gravatar.com\/avatar\/735533d52394faf02a8736d8f477256b9fb421f39d81c48c55ea37c267061786?s=96&d=mm&r=g","caption":"metrica"},"sameAs":["https:\/\/x.com\/desarrollo"],"url":"https:\/\/www.metrica-global.com\/pt\/author\/metrica\/"}]}},"_links":{"self":[{"href":"https:\/\/www.metrica-global.com\/pt\/wp-json\/wp\/v2\/posts\/14078","targetHints":{"allow":["GET"]}}],"collection":[{"href":"https:\/\/www.metrica-global.com\/pt\/wp-json\/wp\/v2\/posts"}],"about":[{"href":"https:\/\/www.metrica-global.com\/pt\/wp-json\/wp\/v2\/types\/post"}],"author":[{"embeddable":true,"href":"https:\/\/www.metrica-global.com\/pt\/wp-json\/wp\/v2\/users\/2"}],"replies":[{"embeddable":true,"href":"https:\/\/www.metrica-global.com\/pt\/wp-json\/wp\/v2\/comments?post=14078"}],"version-history":[{"count":1,"href":"https:\/\/www.metrica-global.com\/pt\/wp-json\/wp\/v2\/posts\/14078\/revisions"}],"predecessor-version":[{"id":14082,"href":"https:\/\/www.metrica-global.com\/pt\/wp-json\/wp\/v2\/posts\/14078\/revisions\/14082"}],"wp:featuredmedia":[{"embeddable":true,"href":"https:\/\/www.metrica-global.com\/pt\/wp-json\/wp\/v2\/media\/14076"}],"wp:attachment":[{"href":"https:\/\/www.metrica-global.com\/pt\/wp-json\/wp\/v2\/media?parent=14078"}],"wp:term":[{"taxonomy":"category","embeddable":true,"href":"https:\/\/www.metrica-global.com\/pt\/wp-json\/wp\/v2\/categories?post=14078"},{"taxonomy":"post_tag","embeddable":true,"href":"https:\/\/www.metrica-global.com\/pt\/wp-json\/wp\/v2\/tags?post=14078"}],"curies":[{"name":"wp","href":"https:\/\/api.w.org\/{rel}","templated":true}]}}