{"id":14329,"date":"2026-03-05T16:00:17","date_gmt":"2026-03-05T15:00:17","guid":{"rendered":"https:\/\/www.metrica-global.com\/?p=14329"},"modified":"2026-03-05T09:45:50","modified_gmt":"2026-03-05T08:45:50","slug":"energia-responsable-para-un-futuro-sostenible-eficiencia-energetica-en-el-entorno-empresarial","status":"publish","type":"post","link":"https:\/\/www.metrica-global.com\/pt\/energia-responsable-para-un-futuro-sostenible-eficiencia-energetica-en-el-entorno-empresarial\/","title":{"rendered":"Energia respons\u00e1vel, para um futuro sustent\u00e1vel: efici\u00eancia energ\u00e9tica no ambiente empresarial"},"content":{"rendered":"<p>A\u00a0<span class=\"font-semibold\" data-streamdown=\"strong\">efici\u00eancia energ\u00e9tica<\/span>\u00a0tornou\u2011se um pilar estrat\u00e9gico para as organiza\u00e7\u00f5es que apostam na sustentabilidade e na otimiza\u00e7\u00e3o de recursos. Num contexto de transforma\u00e7\u00e3o digital e transi\u00e7\u00e3o energ\u00e9tica, melhorar a utiliza\u00e7\u00e3o da energia n\u00e3o s\u00f3 reduz custos operacionais, como tamb\u00e9m contribui para diminuir o impacto ambiental e refor\u00e7ar a responsabilidade corporativa.<\/p>\n<p>No \u00e2mbito do\u00a0<span class=\"font-semibold\" data-streamdown=\"strong\">Dia Mundial da Efici\u00eancia Energ\u00e9tica<\/span>, na METRICA queremos destacar a import\u00e2ncia de integrar a efici\u00eancia energ\u00e9tica na estrat\u00e9gia empresarial e tecnol\u00f3gica.<\/p>\n<h2 class=\"mt-6 mb-2 font-semibold text-2xl\" data-streamdown=\"heading-2\">Porque \u00e9 fundamental a efici\u00eancia energ\u00e9tica nas empresas?<\/h2>\n<p>A atividade empresarial, especialmente em setores intensivos em tecnologia, implica um consumo energ\u00e9tico significativo. Infraestruturas IT, centros de dados, dispositivos conectados e sistemas digitais exigem uma gest\u00e3o eficiente para evitar consumos desnecess\u00e1rios e reduzir emiss\u00f5es.<\/p>\n<p>Promover a efici\u00eancia energ\u00e9tica nas empresas permite:<\/p>\n<ul class=\"ml-4 list-outside list-disc whitespace-normal\" data-streamdown=\"unordered-list\">\n<li class=\"\">Reduzir a pegada de carbono corporativa.<\/li>\n<li class=\"\">Otimizar custos operacionais a m\u00e9dio e longo prazo.<\/li>\n<li class=\"\">Melhorar a reputa\u00e7\u00e3o e o posicionamento em mat\u00e9ria de sustentabilidade.<\/li>\n<li class=\"\">Cumprir normas e objetivos ambientais cada vez mais exigentes.<\/li>\n<\/ul>\n<p>Neste contexto, a tecnologia desempenha um papel essencial como facilitadora de solu\u00e7\u00f5es mais eficientes e sustent\u00e1veis.<\/p>\n<h2 class=\"mt-6 mb-2 font-semibold text-2xl\" data-streamdown=\"heading-2\">5 medidas para melhorar a efici\u00eancia energ\u00e9tica no ambiente corporativo<\/h2>\n<p>Para avan\u00e7ar para um modelo energ\u00e9tico mais respons\u00e1vel, as organiza\u00e7\u00f5es podem implementar diferentes iniciativas:<\/p>\n<h3 class=\"mt-6 mb-2 font-semibold text-xl\" data-streamdown=\"heading-3\">1. Auditoria e monitoriza\u00e7\u00e3o do consumo energ\u00e9tico<\/h3>\n<p>Analisar e medir o consumo permite identificar inefici\u00eancias e definir planos de melhoria baseados em dados concretos.<\/p>\n<h3 class=\"mt-6 mb-2 font-semibold text-xl\" data-streamdown=\"heading-3\">2. Infraestrutura tecnol\u00f3gica energeticamente eficiente<\/h3>\n<p>A moderniza\u00e7\u00e3o de equipamentos, a virtualiza\u00e7\u00e3o e a otimiza\u00e7\u00e3o de ambientes IT reduzem significativamente o consumo energ\u00e9tico.<\/p>\n<h3 class=\"mt-6 mb-2 font-semibold text-xl\" data-streamdown=\"heading-3\">3. Integra\u00e7\u00e3o de energias limpas e renov\u00e1veis<\/h3>\n<p>Incorporar fontes de energia renov\u00e1vel na estrat\u00e9gia corporativa contribui para diminuir a depend\u00eancia de combust\u00edveis f\u00f3sseis e reduzir o impacto ambiental.<\/p>\n<h3 class=\"mt-6 mb-2 font-semibold text-xl\" data-streamdown=\"heading-3\">4. Digitaliza\u00e7\u00e3o orientada para a otimiza\u00e7\u00e3o<\/h3>\n<p>A automatiza\u00e7\u00e3o de processos e a utiliza\u00e7\u00e3o inteligente de dados permitem minimizar consumos desnecess\u00e1rios e melhorar a efici\u00eancia operacional.<\/p>\n<h3 class=\"mt-6 mb-2 font-semibold text-xl\" data-streamdown=\"heading-3\">5. Cultura corporativa alinhada com a sustentabilidade<\/h3>\n<p>Promover h\u00e1bitos respons\u00e1veis entre as equipas \u00e9 essencial para consolidar uma estrat\u00e9gia energ\u00e9tica sustent\u00e1vel a longo prazo.<\/p>\n<h2 class=\"mt-6 mb-2 font-semibold text-2xl\" data-streamdown=\"heading-2\">Tecnologia e sustentabilidade: um compromisso estrat\u00e9gico<\/h2>\n<p>Na METRICA entendemos que a inova\u00e7\u00e3o tecnol\u00f3gica deve caminhar lado a lado com a responsabilidade ambiental. Apostamos na otimiza\u00e7\u00e3o de recursos, na digitaliza\u00e7\u00e3o eficiente e na melhoria cont\u00ednua como pilares para impulsionar um desenvolvimento tecnol\u00f3gico sustent\u00e1vel.<\/p>\n<p>A efici\u00eancia energ\u00e9tica n\u00e3o \u00e9 uma a\u00e7\u00e3o isolada, mas sim um processo cont\u00ednuo que combina estrat\u00e9gia, tecnologia e consciencializa\u00e7\u00e3o. Avan\u00e7ar para um futuro mais sustent\u00e1vel implica integrar crit\u00e9rios de efici\u00eancia em cada decis\u00e3o corporativa.<\/p>\n<p>Porque uma energia respons\u00e1vel \u00e9 a base de um futuro sustent\u00e1vel.<\/p>\n","protected":false},"excerpt":{"rendered":"<p>Descobre a import\u00e2ncia da efici\u00eancia energ\u00e9tica no ambiente empresarial e as principais medidas para promover um modelo sustent\u00e1vel.<\/p>\n","protected":false},"author":2,"featured_media":14327,"comment_status":"open","ping_status":"open","sticky":false,"template":"","format":"standard","meta":{"content-type":"","footnotes":""},"categories":[1166,1836],"tags":[4692,1840,4686,4689,4688,1432,4690,4693,4678,4201,4279,4691,4687],"class_list":["post-14329","post","type-post","status-publish","format-standard","has-post-thumbnail","hentry","category-atualidade-pt","category-sustainability-pt","tag-digitalizacao-eficiente","tag-eficiencia-energetica-pt","tag-energia-responsavel","tag-energias-limpas","tag-energias-renovaveis","tag-metrica-pt","tag-otimizacao-energetica","tag-reducao-da-pegada-de-carbono","tag-reduccion-de-huella-de-carbono","tag-sustentabilidade-corporativa","tag-sustentabilidade-empresarial","tag-tecnologia-sustentavel","tag-transicao-energetica"],"yoast_head":"<!-- This site is optimized with the Yoast SEO plugin v25.9 - https:\/\/yoast.com\/wordpress\/plugins\/seo\/ -->\n<title>Energia respons\u00e1vel, para um futuro sustent\u00e1vel: efici\u00eancia energ\u00e9tica no ambiente empresarial - METRICA<\/title>\n<meta name=\"robots\" content=\"index, follow, max-snippet:-1, max-image-preview:large, max-video-preview:-1\" \/>\n<link rel=\"canonical\" href=\"https:\/\/www.metrica-global.com\/energia-responsable-para-un-futuro-sostenible-eficiencia-energetica-en-el-entorno-empresarial\/\" \/>\n<meta property=\"og:locale\" content=\"pt_PT\" \/>\n<meta property=\"og:type\" content=\"article\" \/>\n<meta property=\"og:title\" content=\"Energia respons\u00e1vel, para um futuro sustent\u00e1vel: efici\u00eancia energ\u00e9tica no ambiente empresarial - METRICA\" \/>\n<meta property=\"og:description\" content=\"Descobre a import\u00e2ncia da efici\u00eancia energ\u00e9tica no ambiente empresarial e as principais medidas para promover um modelo sustent\u00e1vel.\" \/>\n<meta property=\"og:url\" content=\"https:\/\/www.metrica-global.com\/energia-responsable-para-un-futuro-sostenible-eficiencia-energetica-en-el-entorno-empresarial\/\" \/>\n<meta property=\"og:site_name\" content=\"METRICA\" \/>\n<meta property=\"article:published_time\" content=\"2026-03-05T15:00:17+00:00\" \/>\n<meta property=\"og:image\" content=\"https:\/\/www.metrica-global.com\/wp-content\/uploads\/2026\/03\/169-BANNER.jpg\" \/>\n\t<meta property=\"og:image:width\" content=\"960\" \/>\n\t<meta property=\"og:image:height\" content=\"425\" \/>\n\t<meta property=\"og:image:type\" content=\"image\/jpeg\" \/>\n<meta name=\"author\" content=\"metrica\" \/>\n<meta name=\"twitter:card\" content=\"summary_large_image\" \/>\n<meta name=\"twitter:creator\" content=\"@desarrollo\" \/>\n<meta name=\"twitter:label1\" content=\"Written by\" \/>\n\t<meta name=\"twitter:data1\" content=\"metrica\" \/>\n\t<meta name=\"twitter:label2\" content=\"Est. reading time\" \/>\n\t<meta name=\"twitter:data2\" content=\"3 minutos\" \/>\n<script type=\"application\/ld+json\" class=\"yoast-schema-graph\">{\"@context\":\"https:\/\/schema.org\",\"@graph\":[{\"@type\":\"Article\",\"@id\":\"https:\/\/www.metrica-global.com\/energia-responsable-para-un-futuro-sostenible-eficiencia-energetica-en-el-entorno-empresarial\/#article\",\"isPartOf\":{\"@id\":\"https:\/\/www.metrica-global.com\/energia-responsable-para-un-futuro-sostenible-eficiencia-energetica-en-el-entorno-empresarial\/\"},\"author\":{\"name\":\"metrica\",\"@id\":\"https:\/\/www.metrica-global.com\/#\/schema\/person\/2f4208bdc63892f387a04f4106dd0fcb\"},\"headline\":\"Energia respons\u00e1vel, para um futuro sustent\u00e1vel: efici\u00eancia energ\u00e9tica no ambiente empresarial\",\"datePublished\":\"2026-03-05T15:00:17+00:00\",\"mainEntityOfPage\":{\"@id\":\"https:\/\/www.metrica-global.com\/energia-responsable-para-un-futuro-sostenible-eficiencia-energetica-en-el-entorno-empresarial\/\"},\"wordCount\":499,\"commentCount\":0,\"publisher\":{\"@id\":\"https:\/\/www.metrica-global.com\/#organization\"},\"image\":{\"@id\":\"https:\/\/www.metrica-global.com\/energia-responsable-para-un-futuro-sostenible-eficiencia-energetica-en-el-entorno-empresarial\/#primaryimage\"},\"thumbnailUrl\":\"https:\/\/www.metrica-global.com\/wp-content\/uploads\/2026\/03\/169-BANNER.jpg\",\"keywords\":[\"digitaliza\u00e7\u00e3o eficiente\",\"Eficiencia energetica\",\"energia respons\u00e1vel\",\"energias limpas\",\"energias renov\u00e1veis\",\"M\u00e9trica\",\"otimiza\u00e7\u00e3o energ\u00e9tica\",\"redu\u00e7\u00e3o da pegada de carbono\",\"reducci\u00f3n de huella de carbono\",\"sustentabilidade corporativa\",\"sustentabilidade empresarial\",\"tecnologia sustent\u00e1vel\",\"transi\u00e7\u00e3o energ\u00e9tica\"],\"articleSection\":[\"Atualidade\",\"Sustainability\"],\"inLanguage\":\"pt-PT\",\"potentialAction\":[{\"@type\":\"CommentAction\",\"name\":\"Comment\",\"target\":[\"https:\/\/www.metrica-global.com\/energia-responsable-para-un-futuro-sostenible-eficiencia-energetica-en-el-entorno-empresarial\/#respond\"]}]},{\"@type\":\"WebPage\",\"@id\":\"https:\/\/www.metrica-global.com\/energia-responsable-para-un-futuro-sostenible-eficiencia-energetica-en-el-entorno-empresarial\/\",\"url\":\"https:\/\/www.metrica-global.com\/energia-responsable-para-un-futuro-sostenible-eficiencia-energetica-en-el-entorno-empresarial\/\",\"name\":\"Energia respons\u00e1vel, para um futuro sustent\u00e1vel: efici\u00eancia energ\u00e9tica no ambiente empresarial - METRICA\",\"isPartOf\":{\"@id\":\"https:\/\/www.metrica-global.com\/#website\"},\"primaryImageOfPage\":{\"@id\":\"https:\/\/www.metrica-global.com\/energia-responsable-para-un-futuro-sostenible-eficiencia-energetica-en-el-entorno-empresarial\/#primaryimage\"},\"image\":{\"@id\":\"https:\/\/www.metrica-global.com\/energia-responsable-para-un-futuro-sostenible-eficiencia-energetica-en-el-entorno-empresarial\/#primaryimage\"},\"thumbnailUrl\":\"https:\/\/www.metrica-global.com\/wp-content\/uploads\/2026\/03\/169-BANNER.jpg\",\"datePublished\":\"2026-03-05T15:00:17+00:00\",\"breadcrumb\":{\"@id\":\"https:\/\/www.metrica-global.com\/energia-responsable-para-un-futuro-sostenible-eficiencia-energetica-en-el-entorno-empresarial\/#breadcrumb\"},\"inLanguage\":\"pt-PT\",\"potentialAction\":[{\"@type\":\"ReadAction\",\"target\":[\"https:\/\/www.metrica-global.com\/energia-responsable-para-un-futuro-sostenible-eficiencia-energetica-en-el-entorno-empresarial\/\"]}]},{\"@type\":\"ImageObject\",\"inLanguage\":\"pt-PT\",\"@id\":\"https:\/\/www.metrica-global.com\/energia-responsable-para-un-futuro-sostenible-eficiencia-energetica-en-el-entorno-empresarial\/#primaryimage\",\"url\":\"https:\/\/www.metrica-global.com\/wp-content\/uploads\/2026\/03\/169-BANNER.jpg\",\"contentUrl\":\"https:\/\/www.metrica-global.com\/wp-content\/uploads\/2026\/03\/169-BANNER.jpg\",\"width\":960,\"height\":425,\"caption\":\"16:9 LINKEDIN - 169 BANNER\"},{\"@type\":\"BreadcrumbList\",\"@id\":\"https:\/\/www.metrica-global.com\/energia-responsable-para-un-futuro-sostenible-eficiencia-energetica-en-el-entorno-empresarial\/#breadcrumb\",\"itemListElement\":[{\"@type\":\"ListItem\",\"position\":1,\"name\":\"Portada\",\"item\":\"https:\/\/www.metrica-global.com\/pt\/\"},{\"@type\":\"ListItem\",\"position\":2,\"name\":\"Energia respons\u00e1vel, para um futuro sustent\u00e1vel: efici\u00eancia energ\u00e9tica no ambiente empresarial\"}]},{\"@type\":\"WebSite\",\"@id\":\"https:\/\/www.metrica-global.com\/#website\",\"url\":\"https:\/\/www.metrica-global.com\/\",\"name\":\"METRICA\",\"description\":\"Servicios Globales IT\",\"publisher\":{\"@id\":\"https:\/\/www.metrica-global.com\/#organization\"},\"potentialAction\":[{\"@type\":\"SearchAction\",\"target\":{\"@type\":\"EntryPoint\",\"urlTemplate\":\"https:\/\/www.metrica-global.com\/?s={search_term_string}\"},\"query-input\":{\"@type\":\"PropertyValueSpecification\",\"valueRequired\":true,\"valueName\":\"search_term_string\"}}],\"inLanguage\":\"pt-PT\"},{\"@type\":\"Organization\",\"@id\":\"https:\/\/www.metrica-global.com\/#organization\",\"name\":\"METRICA\",\"url\":\"https:\/\/www.metrica-global.com\/\",\"logo\":{\"@type\":\"ImageObject\",\"inLanguage\":\"pt-PT\",\"@id\":\"https:\/\/www.metrica-global.com\/#\/schema\/logo\/image\/\",\"url\":\"https:\/\/www.metrica-global.com\/wp-content\/uploads\/2023\/12\/logo-metrica.png\",\"contentUrl\":\"https:\/\/www.metrica-global.com\/wp-content\/uploads\/2023\/12\/logo-metrica.png\",\"width\":332,\"height\":58,\"caption\":\"METRICA\"},\"image\":{\"@id\":\"https:\/\/www.metrica-global.com\/#\/schema\/logo\/image\/\"}},{\"@type\":\"Person\",\"@id\":\"https:\/\/www.metrica-global.com\/#\/schema\/person\/2f4208bdc63892f387a04f4106dd0fcb\",\"name\":\"metrica\",\"image\":{\"@type\":\"ImageObject\",\"inLanguage\":\"pt-PT\",\"@id\":\"https:\/\/www.metrica-global.com\/#\/schema\/person\/image\/\",\"url\":\"https:\/\/secure.gravatar.com\/avatar\/735533d52394faf02a8736d8f477256b9fb421f39d81c48c55ea37c267061786?s=96&d=mm&r=g\",\"contentUrl\":\"https:\/\/secure.gravatar.com\/avatar\/735533d52394faf02a8736d8f477256b9fb421f39d81c48c55ea37c267061786?s=96&d=mm&r=g\",\"caption\":\"metrica\"},\"sameAs\":[\"https:\/\/x.com\/desarrollo\"],\"url\":\"https:\/\/www.metrica-global.com\/pt\/author\/metrica\/\"}]}<\/script>\n<!-- \/ Yoast SEO plugin. -->","yoast_head_json":{"title":"Energia respons\u00e1vel, para um futuro sustent\u00e1vel: efici\u00eancia energ\u00e9tica no ambiente empresarial - METRICA","robots":{"index":"index","follow":"follow","max-snippet":"max-snippet:-1","max-image-preview":"max-image-preview:large","max-video-preview":"max-video-preview:-1"},"canonical":"https:\/\/www.metrica-global.com\/energia-responsable-para-un-futuro-sostenible-eficiencia-energetica-en-el-entorno-empresarial\/","og_locale":"pt_PT","og_type":"article","og_title":"Energia respons\u00e1vel, para um futuro sustent\u00e1vel: efici\u00eancia energ\u00e9tica no ambiente empresarial - METRICA","og_description":"Descobre a import\u00e2ncia da efici\u00eancia energ\u00e9tica no ambiente empresarial e as principais medidas para promover um modelo sustent\u00e1vel.","og_url":"https:\/\/www.metrica-global.com\/energia-responsable-para-un-futuro-sostenible-eficiencia-energetica-en-el-entorno-empresarial\/","og_site_name":"METRICA","article_published_time":"2026-03-05T15:00:17+00:00","og_image":[{"width":960,"height":425,"url":"https:\/\/www.metrica-global.com\/wp-content\/uploads\/2026\/03\/169-BANNER.jpg","type":"image\/jpeg"}],"author":"metrica","twitter_card":"summary_large_image","twitter_creator":"@desarrollo","twitter_misc":{"Written by":"metrica","Est. reading time":"3 minutos"},"schema":{"@context":"https:\/\/schema.org","@graph":[{"@type":"Article","@id":"https:\/\/www.metrica-global.com\/energia-responsable-para-un-futuro-sostenible-eficiencia-energetica-en-el-entorno-empresarial\/#article","isPartOf":{"@id":"https:\/\/www.metrica-global.com\/energia-responsable-para-un-futuro-sostenible-eficiencia-energetica-en-el-entorno-empresarial\/"},"author":{"name":"metrica","@id":"https:\/\/www.metrica-global.com\/#\/schema\/person\/2f4208bdc63892f387a04f4106dd0fcb"},"headline":"Energia respons\u00e1vel, para um futuro sustent\u00e1vel: efici\u00eancia energ\u00e9tica no ambiente empresarial","datePublished":"2026-03-05T15:00:17+00:00","mainEntityOfPage":{"@id":"https:\/\/www.metrica-global.com\/energia-responsable-para-un-futuro-sostenible-eficiencia-energetica-en-el-entorno-empresarial\/"},"wordCount":499,"commentCount":0,"publisher":{"@id":"https:\/\/www.metrica-global.com\/#organization"},"image":{"@id":"https:\/\/www.metrica-global.com\/energia-responsable-para-un-futuro-sostenible-eficiencia-energetica-en-el-entorno-empresarial\/#primaryimage"},"thumbnailUrl":"https:\/\/www.metrica-global.com\/wp-content\/uploads\/2026\/03\/169-BANNER.jpg","keywords":["digitaliza\u00e7\u00e3o eficiente","Eficiencia energetica","energia respons\u00e1vel","energias limpas","energias renov\u00e1veis","M\u00e9trica","otimiza\u00e7\u00e3o energ\u00e9tica","redu\u00e7\u00e3o da pegada de carbono","reducci\u00f3n de huella de carbono","sustentabilidade corporativa","sustentabilidade empresarial","tecnologia sustent\u00e1vel","transi\u00e7\u00e3o energ\u00e9tica"],"articleSection":["Atualidade","Sustainability"],"inLanguage":"pt-PT","potentialAction":[{"@type":"CommentAction","name":"Comment","target":["https:\/\/www.metrica-global.com\/energia-responsable-para-un-futuro-sostenible-eficiencia-energetica-en-el-entorno-empresarial\/#respond"]}]},{"@type":"WebPage","@id":"https:\/\/www.metrica-global.com\/energia-responsable-para-un-futuro-sostenible-eficiencia-energetica-en-el-entorno-empresarial\/","url":"https:\/\/www.metrica-global.com\/energia-responsable-para-un-futuro-sostenible-eficiencia-energetica-en-el-entorno-empresarial\/","name":"Energia respons\u00e1vel, para um futuro sustent\u00e1vel: efici\u00eancia energ\u00e9tica no ambiente empresarial - METRICA","isPartOf":{"@id":"https:\/\/www.metrica-global.com\/#website"},"primaryImageOfPage":{"@id":"https:\/\/www.metrica-global.com\/energia-responsable-para-un-futuro-sostenible-eficiencia-energetica-en-el-entorno-empresarial\/#primaryimage"},"image":{"@id":"https:\/\/www.metrica-global.com\/energia-responsable-para-un-futuro-sostenible-eficiencia-energetica-en-el-entorno-empresarial\/#primaryimage"},"thumbnailUrl":"https:\/\/www.metrica-global.com\/wp-content\/uploads\/2026\/03\/169-BANNER.jpg","datePublished":"2026-03-05T15:00:17+00:00","breadcrumb":{"@id":"https:\/\/www.metrica-global.com\/energia-responsable-para-un-futuro-sostenible-eficiencia-energetica-en-el-entorno-empresarial\/#breadcrumb"},"inLanguage":"pt-PT","potentialAction":[{"@type":"ReadAction","target":["https:\/\/www.metrica-global.com\/energia-responsable-para-un-futuro-sostenible-eficiencia-energetica-en-el-entorno-empresarial\/"]}]},{"@type":"ImageObject","inLanguage":"pt-PT","@id":"https:\/\/www.metrica-global.com\/energia-responsable-para-un-futuro-sostenible-eficiencia-energetica-en-el-entorno-empresarial\/#primaryimage","url":"https:\/\/www.metrica-global.com\/wp-content\/uploads\/2026\/03\/169-BANNER.jpg","contentUrl":"https:\/\/www.metrica-global.com\/wp-content\/uploads\/2026\/03\/169-BANNER.jpg","width":960,"height":425,"caption":"16:9 LINKEDIN - 169 BANNER"},{"@type":"BreadcrumbList","@id":"https:\/\/www.metrica-global.com\/energia-responsable-para-un-futuro-sostenible-eficiencia-energetica-en-el-entorno-empresarial\/#breadcrumb","itemListElement":[{"@type":"ListItem","position":1,"name":"Portada","item":"https:\/\/www.metrica-global.com\/pt\/"},{"@type":"ListItem","position":2,"name":"Energia respons\u00e1vel, para um futuro sustent\u00e1vel: efici\u00eancia energ\u00e9tica no ambiente empresarial"}]},{"@type":"WebSite","@id":"https:\/\/www.metrica-global.com\/#website","url":"https:\/\/www.metrica-global.com\/","name":"METRICA","description":"Servicios Globales IT","publisher":{"@id":"https:\/\/www.metrica-global.com\/#organization"},"potentialAction":[{"@type":"SearchAction","target":{"@type":"EntryPoint","urlTemplate":"https:\/\/www.metrica-global.com\/?s={search_term_string}"},"query-input":{"@type":"PropertyValueSpecification","valueRequired":true,"valueName":"search_term_string"}}],"inLanguage":"pt-PT"},{"@type":"Organization","@id":"https:\/\/www.metrica-global.com\/#organization","name":"METRICA","url":"https:\/\/www.metrica-global.com\/","logo":{"@type":"ImageObject","inLanguage":"pt-PT","@id":"https:\/\/www.metrica-global.com\/#\/schema\/logo\/image\/","url":"https:\/\/www.metrica-global.com\/wp-content\/uploads\/2023\/12\/logo-metrica.png","contentUrl":"https:\/\/www.metrica-global.com\/wp-content\/uploads\/2023\/12\/logo-metrica.png","width":332,"height":58,"caption":"METRICA"},"image":{"@id":"https:\/\/www.metrica-global.com\/#\/schema\/logo\/image\/"}},{"@type":"Person","@id":"https:\/\/www.metrica-global.com\/#\/schema\/person\/2f4208bdc63892f387a04f4106dd0fcb","name":"metrica","image":{"@type":"ImageObject","inLanguage":"pt-PT","@id":"https:\/\/www.metrica-global.com\/#\/schema\/person\/image\/","url":"https:\/\/secure.gravatar.com\/avatar\/735533d52394faf02a8736d8f477256b9fb421f39d81c48c55ea37c267061786?s=96&d=mm&r=g","contentUrl":"https:\/\/secure.gravatar.com\/avatar\/735533d52394faf02a8736d8f477256b9fb421f39d81c48c55ea37c267061786?s=96&d=mm&r=g","caption":"metrica"},"sameAs":["https:\/\/x.com\/desarrollo"],"url":"https:\/\/www.metrica-global.com\/pt\/author\/metrica\/"}]}},"_links":{"self":[{"href":"https:\/\/www.metrica-global.com\/pt\/wp-json\/wp\/v2\/posts\/14329","targetHints":{"allow":["GET"]}}],"collection":[{"href":"https:\/\/www.metrica-global.com\/pt\/wp-json\/wp\/v2\/posts"}],"about":[{"href":"https:\/\/www.metrica-global.com\/pt\/wp-json\/wp\/v2\/types\/post"}],"author":[{"embeddable":true,"href":"https:\/\/www.metrica-global.com\/pt\/wp-json\/wp\/v2\/users\/2"}],"replies":[{"embeddable":true,"href":"https:\/\/www.metrica-global.com\/pt\/wp-json\/wp\/v2\/comments?post=14329"}],"version-history":[{"count":2,"href":"https:\/\/www.metrica-global.com\/pt\/wp-json\/wp\/v2\/posts\/14329\/revisions"}],"predecessor-version":[{"id":14331,"href":"https:\/\/www.metrica-global.com\/pt\/wp-json\/wp\/v2\/posts\/14329\/revisions\/14331"}],"wp:featuredmedia":[{"embeddable":true,"href":"https:\/\/www.metrica-global.com\/pt\/wp-json\/wp\/v2\/media\/14327"}],"wp:attachment":[{"href":"https:\/\/www.metrica-global.com\/pt\/wp-json\/wp\/v2\/media?parent=14329"}],"wp:term":[{"taxonomy":"category","embeddable":true,"href":"https:\/\/www.metrica-global.com\/pt\/wp-json\/wp\/v2\/categories?post=14329"},{"taxonomy":"post_tag","embeddable":true,"href":"https:\/\/www.metrica-global.com\/pt\/wp-json\/wp\/v2\/tags?post=14329"}],"curies":[{"name":"wp","href":"https:\/\/api.w.org\/{rel}","templated":true}]}}