{"id":14343,"date":"2026-03-12T16:00:20","date_gmt":"2026-03-12T15:00:20","guid":{"rendered":"https:\/\/www.metrica-global.com\/?p=14343"},"modified":"2026-03-12T09:02:37","modified_gmt":"2026-03-12T08:02:37","slug":"internet-libre-vs-internet-segura-como-equilibrar-libertad-digital-y-ciberseguridad","status":"publish","type":"post","link":"https:\/\/www.metrica-global.com\/pt\/internet-libre-vs-internet-segura-como-equilibrar-libertad-digital-y-ciberseguridad\/","title":{"rendered":"Internet livre vs Internet segura: como equilibrar liberdade digital e ciberseguran\u00e7a"},"content":{"rendered":"<p>O debate sobre a censura na internet e a seguran\u00e7a digital \u00e9 um dos mais relevantes no atual contexto tecnol\u00f3gico. Num ambiente marcado pela hiperconectividade, pela Intelig\u00eancia Artificial e pelo crescimento constante das ciberamea\u00e7as, surge uma quest\u00e3o fundamental:<br \/>\n<span class=\"font-semibold\" data-streamdown=\"strong\">Como equilibrar uma internet livre com uma internet segura?<\/span><\/p>\n<p>No \u00e2mbito do Dia Mundial contra a Censura na Internet, na METRICA abrimos uma reflex\u00e3o sobre a import\u00e2ncia de encontrar um ponto de equil\u00edbrio entre liberdade digital, prote\u00e7\u00e3o de dados e seguran\u00e7a tecnol\u00f3gica.<\/p>\n<hr class=\"my-6 border-border\" data-streamdown=\"horizontal-rule\" \/>\n<h2 class=\"mt-6 mb-2 font-semibold text-2xl\" data-streamdown=\"heading-2\">O que \u00e9 a censura digital?<\/h2>\n<p>A censura digital ocorre quando o acesso \u00e0 informa\u00e7\u00e3o \u00e9 restringido, conte\u00fados s\u00e3o bloqueados ou o discurso online \u00e9 controlado de forma desproporcionada. Este tipo de pr\u00e1ticas pode afetar direitos digitais fundamentais, como a liberdade de express\u00e3o e o acesso a informa\u00e7\u00e3o veraz e plural.<\/p>\n<p>Na era digital, o acesso aberto \u00e0 informa\u00e7\u00e3o \u00e9 um pilar essencial para a transpar\u00eancia, a inova\u00e7\u00e3o e o desenvolvimento social. No entanto, a conversa sobre liberdade na internet n\u00e3o pode ignorar os riscos associados ao ambiente digital.<\/p>\n<hr class=\"my-6 border-border\" data-streamdown=\"horizontal-rule\" \/>\n<h2 class=\"mt-6 mb-2 font-semibold text-2xl\" data-streamdown=\"heading-2\">Os riscos reais do ambiente digital<\/h2>\n<p>Garantir uma internet livre n\u00e3o significa ignorar as amea\u00e7as existentes. Atualmente, organiza\u00e7\u00f5es e indiv\u00edduos est\u00e3o expostos a m\u00faltiplos riscos tecnol\u00f3gicos que exigem medidas de prote\u00e7\u00e3o adequadas.<\/p>\n<h3 class=\"mt-6 mb-2 font-semibold text-xl\" data-streamdown=\"heading-3\">Ciberseguran\u00e7a e amea\u00e7as digitais<\/h3>\n<p>Ataques como phishing, ransomware ou viola\u00e7\u00f5es de seguran\u00e7a colocam em risco dados pessoais, ativos digitais e a continuidade do neg\u00f3cio. A ciberseguran\u00e7a torna\u2011se, assim, um elemento indispens\u00e1vel para proteger a confian\u00e7a digital.<\/p>\n<h3 class=\"mt-6 mb-2 font-semibold text-xl\" data-streamdown=\"heading-3\">Prote\u00e7\u00e3o de menores e conte\u00fados sens\u00edveis<\/h3>\n<p>As plataformas digitais e redes sociais podem expor menores a conte\u00fados inadequados ou prejudiciais. Implementar mecanismos de prote\u00e7\u00e3o proporcionados e transparentes \u00e9 fundamental para garantir um ambiente digital mais seguro.<\/p>\n<h3 class=\"mt-6 mb-2 font-semibold text-xl\" data-streamdown=\"heading-3\">Regula\u00e7\u00e3o e usos proibidos da Intelig\u00eancia Artificial<\/h3>\n<p>O desenvolvimento acelerado da Intelig\u00eancia Artificial trouxe novas oportunidades, mas tamb\u00e9m desafios regulat\u00f3rios. Estabelecer limites claros face a usos indevidos ou proibidos da IA \u00e9 essencial para assegurar uma inova\u00e7\u00e3o \u00e9tica e respons\u00e1vel.<\/p>\n<hr class=\"my-6 border-border\" data-streamdown=\"horizontal-rule\" \/>\n<h2 class=\"mt-6 mb-2 font-semibold text-2xl\" data-streamdown=\"heading-2\">O grande desafio: proteger sem limitar<\/h2>\n<p>O verdadeiro desafio n\u00e3o est\u00e1 em escolher entre liberdade ou seguran\u00e7a, mas sim em encontrar o equil\u00edbrio adequado entre ambas.<\/p>\n<p>Algumas quest\u00f5es centrais neste debate incluem:<\/p>\n<ul class=\"ml-4 list-outside list-disc whitespace-normal\" data-streamdown=\"unordered-list\">\n<li class=\"\">Como proteger pessoas e organiza\u00e7\u00f5es sem comprometer direitos digitais?<\/li>\n<li class=\"\">Como combater a desinforma\u00e7\u00e3o sem restringir o acesso a informa\u00e7\u00e3o veraz?<\/li>\n<li class=\"\">Como regular a IA sem travar a inova\u00e7\u00e3o tecnol\u00f3gica?<\/li>\n<\/ul>\n<p>Este equil\u00edbrio exige governa\u00e7\u00e3o de dados, enquadramentos regulat\u00f3rios proporcionais, estrat\u00e9gias avan\u00e7adas de ciberseguran\u00e7a e uma vis\u00e3o \u00e9tica da transforma\u00e7\u00e3o digital.<\/p>\n<hr class=\"my-6 border-border\" data-streamdown=\"horizontal-rule\" \/>\n<h2 class=\"mt-6 mb-2 font-semibold text-2xl\" data-streamdown=\"heading-2\">O compromisso da METRICA com uma tecnologia respons\u00e1vel<\/h2>\n<p>Na METRICA apostamos numa transforma\u00e7\u00e3o digital que combine liberdade, seguran\u00e7a, \u00e9tica e responsabilidade. A nossa vis\u00e3o baseia\u2011se em:<\/p>\n<ul class=\"ml-4 list-outside list-disc whitespace-normal\" data-streamdown=\"unordered-list\">\n<li class=\"\">Estrat\u00e9gias s\u00f3lidas de ciberseguran\u00e7a<\/li>\n<li class=\"\">Prote\u00e7\u00e3o de dados e governa\u00e7\u00e3o digital<\/li>\n<li class=\"\">Implementa\u00e7\u00e3o respons\u00e1vel da Intelig\u00eancia Artificial<\/li>\n<li class=\"\">Inova\u00e7\u00e3o tecnol\u00f3gica orientada para a confian\u00e7a<\/li>\n<\/ul>\n<p>Recentemente partilh\u00e1mos nas nossas redes sociais uma publica\u00e7\u00e3o intitulada\u00a0<em>\u201cInternet livre VS Internet segura\u201d<\/em>, com o objetivo de promover esta reflex\u00e3o e refor\u00e7ar a import\u00e2ncia de um equil\u00edbrio sustent\u00e1vel no ecossistema digital.<\/p>\n<hr class=\"my-6 border-border\" data-streamdown=\"horizontal-rule\" \/>\n<h2 class=\"mt-6 mb-2 font-semibold text-2xl\" data-streamdown=\"heading-2\">Construir confian\u00e7a na era digital<\/h2>\n<p>O futuro da internet n\u00e3o deve ser encarado como uma dicotomia entre controlo e liberdade. Um ambiente digital s\u00f3lido \u00e9 aquele que protege sem censurar e regula sem limitar a inova\u00e7\u00e3o.<\/p>\n<p>Na METRICA trabalhamos para impulsionar solu\u00e7\u00f5es tecnol\u00f3gicas que reforcem a seguran\u00e7a digital e a prote\u00e7\u00e3o de dados, contribuindo para um ecossistema baseado na confian\u00e7a, na transpar\u00eancia e na responsabilidade.<\/p>\n<p>Porque o progresso tecnol\u00f3gico s\u00f3 \u00e9 sustent\u00e1vel quando est\u00e1 ao servi\u00e7o das pessoas.<\/p>\n","protected":false},"excerpt":{"rendered":"<p>Analisamos como equilibrar censura digital, ciberseguran\u00e7a, prote\u00e7\u00e3o de dados e regula\u00e7\u00e3o da Intelig\u00eancia Artificial na era digital.<\/p>\n","protected":false},"author":2,"featured_media":14341,"comment_status":"open","ping_status":"open","sticky":false,"template":"","format":"standard","meta":{"content-type":"","footnotes":""},"categories":[1166,1472],"tags":[4727,4323,4731,4714,4732,1247,4728,4729,1432,4320,4730,3304],"class_list":["post-14343","post","type-post","status-publish","format-standard","has-post-thumbnail","hentry","category-atualidade-pt","category-qualidade-pt","tag-censura-na-internet","tag-ciberseguranca","tag-direitos-digitais","tag-gobernanza-digital","tag-governacao-digital","tag-inteligencia-artificial-pt","tag-internet-livre","tag-internet-segura","tag-metrica-pt","tag-protecao-de-dados","tag-regulacao-da-ia","tag-transformacao-digital"],"yoast_head":"<!-- This site is optimized with the Yoast SEO plugin v25.9 - https:\/\/yoast.com\/wordpress\/plugins\/seo\/ -->\n<title>Internet livre vs Internet segura: como equilibrar liberdade digital e ciberseguran\u00e7a - METRICA<\/title>\n<meta name=\"robots\" content=\"index, follow, max-snippet:-1, max-image-preview:large, max-video-preview:-1\" \/>\n<link rel=\"canonical\" href=\"https:\/\/www.metrica-global.com\/internet-libre-vs-internet-segura-como-equilibrar-libertad-digital-y-ciberseguridad\/\" \/>\n<meta property=\"og:locale\" content=\"pt_PT\" \/>\n<meta property=\"og:type\" content=\"article\" \/>\n<meta property=\"og:title\" content=\"Internet livre vs Internet segura: como equilibrar liberdade digital e ciberseguran\u00e7a - METRICA\" \/>\n<meta property=\"og:description\" content=\"Analisamos como equilibrar censura digital, ciberseguran\u00e7a, prote\u00e7\u00e3o de dados e regula\u00e7\u00e3o da Intelig\u00eancia Artificial na era digital.\" \/>\n<meta property=\"og:url\" content=\"https:\/\/www.metrica-global.com\/internet-libre-vs-internet-segura-como-equilibrar-libertad-digital-y-ciberseguridad\/\" \/>\n<meta property=\"og:site_name\" content=\"METRICA\" \/>\n<meta property=\"article:published_time\" content=\"2026-03-12T15:00:20+00:00\" \/>\n<meta property=\"og:image\" content=\"https:\/\/www.metrica-global.com\/wp-content\/uploads\/2026\/03\/dia-censura-internet.jpg\" \/>\n\t<meta property=\"og:image:width\" content=\"2560\" \/>\n\t<meta property=\"og:image:height\" content=\"1037\" \/>\n\t<meta property=\"og:image:type\" content=\"image\/jpeg\" \/>\n<meta name=\"author\" content=\"metrica\" \/>\n<meta name=\"twitter:card\" content=\"summary_large_image\" \/>\n<meta name=\"twitter:creator\" content=\"@desarrollo\" \/>\n<meta name=\"twitter:label1\" content=\"Written by\" \/>\n\t<meta name=\"twitter:data1\" content=\"metrica\" \/>\n\t<meta name=\"twitter:label2\" content=\"Est. reading time\" \/>\n\t<meta name=\"twitter:data2\" content=\"3 minutos\" \/>\n<script type=\"application\/ld+json\" class=\"yoast-schema-graph\">{\"@context\":\"https:\/\/schema.org\",\"@graph\":[{\"@type\":\"Article\",\"@id\":\"https:\/\/www.metrica-global.com\/internet-libre-vs-internet-segura-como-equilibrar-libertad-digital-y-ciberseguridad\/#article\",\"isPartOf\":{\"@id\":\"https:\/\/www.metrica-global.com\/internet-libre-vs-internet-segura-como-equilibrar-libertad-digital-y-ciberseguridad\/\"},\"author\":{\"name\":\"metrica\",\"@id\":\"https:\/\/www.metrica-global.com\/#\/schema\/person\/2f4208bdc63892f387a04f4106dd0fcb\"},\"headline\":\"Internet livre vs Internet segura: como equilibrar liberdade digital e ciberseguran\u00e7a\",\"datePublished\":\"2026-03-12T15:00:20+00:00\",\"mainEntityOfPage\":{\"@id\":\"https:\/\/www.metrica-global.com\/internet-libre-vs-internet-segura-como-equilibrar-libertad-digital-y-ciberseguridad\/\"},\"wordCount\":655,\"commentCount\":0,\"publisher\":{\"@id\":\"https:\/\/www.metrica-global.com\/#organization\"},\"image\":{\"@id\":\"https:\/\/www.metrica-global.com\/internet-libre-vs-internet-segura-como-equilibrar-libertad-digital-y-ciberseguridad\/#primaryimage\"},\"thumbnailUrl\":\"https:\/\/www.metrica-global.com\/wp-content\/uploads\/2026\/03\/dia-censura-internet.jpg\",\"keywords\":[\"censura na internet\",\"ciberseguran\u00e7a\",\"direitos digitais\",\"gobernanza digital\",\"governa\u00e7\u00e3o digital\",\"Inteligencia Artificial\",\"internet livre\",\"internet segura\",\"M\u00e9trica\",\"prote\u00e7\u00e3o de dados\",\"regula\u00e7\u00e3o da IA\",\"transforma\u00e7\u00e3o digital\"],\"articleSection\":[\"Atualidade\",\"Qualidade\"],\"inLanguage\":\"pt-PT\",\"potentialAction\":[{\"@type\":\"CommentAction\",\"name\":\"Comment\",\"target\":[\"https:\/\/www.metrica-global.com\/internet-libre-vs-internet-segura-como-equilibrar-libertad-digital-y-ciberseguridad\/#respond\"]}]},{\"@type\":\"WebPage\",\"@id\":\"https:\/\/www.metrica-global.com\/internet-libre-vs-internet-segura-como-equilibrar-libertad-digital-y-ciberseguridad\/\",\"url\":\"https:\/\/www.metrica-global.com\/internet-libre-vs-internet-segura-como-equilibrar-libertad-digital-y-ciberseguridad\/\",\"name\":\"Internet livre vs Internet segura: como equilibrar liberdade digital e ciberseguran\u00e7a - METRICA\",\"isPartOf\":{\"@id\":\"https:\/\/www.metrica-global.com\/#website\"},\"primaryImageOfPage\":{\"@id\":\"https:\/\/www.metrica-global.com\/internet-libre-vs-internet-segura-como-equilibrar-libertad-digital-y-ciberseguridad\/#primaryimage\"},\"image\":{\"@id\":\"https:\/\/www.metrica-global.com\/internet-libre-vs-internet-segura-como-equilibrar-libertad-digital-y-ciberseguridad\/#primaryimage\"},\"thumbnailUrl\":\"https:\/\/www.metrica-global.com\/wp-content\/uploads\/2026\/03\/dia-censura-internet.jpg\",\"datePublished\":\"2026-03-12T15:00:20+00:00\",\"breadcrumb\":{\"@id\":\"https:\/\/www.metrica-global.com\/internet-libre-vs-internet-segura-como-equilibrar-libertad-digital-y-ciberseguridad\/#breadcrumb\"},\"inLanguage\":\"pt-PT\",\"potentialAction\":[{\"@type\":\"ReadAction\",\"target\":[\"https:\/\/www.metrica-global.com\/internet-libre-vs-internet-segura-como-equilibrar-libertad-digital-y-ciberseguridad\/\"]}]},{\"@type\":\"ImageObject\",\"inLanguage\":\"pt-PT\",\"@id\":\"https:\/\/www.metrica-global.com\/internet-libre-vs-internet-segura-como-equilibrar-libertad-digital-y-ciberseguridad\/#primaryimage\",\"url\":\"https:\/\/www.metrica-global.com\/wp-content\/uploads\/2026\/03\/dia-censura-internet.jpg\",\"contentUrl\":\"https:\/\/www.metrica-global.com\/wp-content\/uploads\/2026\/03\/dia-censura-internet.jpg\",\"width\":2560,\"height\":1037},{\"@type\":\"BreadcrumbList\",\"@id\":\"https:\/\/www.metrica-global.com\/internet-libre-vs-internet-segura-como-equilibrar-libertad-digital-y-ciberseguridad\/#breadcrumb\",\"itemListElement\":[{\"@type\":\"ListItem\",\"position\":1,\"name\":\"Portada\",\"item\":\"https:\/\/www.metrica-global.com\/pt\/\"},{\"@type\":\"ListItem\",\"position\":2,\"name\":\"Internet livre vs Internet segura: como equilibrar liberdade digital e ciberseguran\u00e7a\"}]},{\"@type\":\"WebSite\",\"@id\":\"https:\/\/www.metrica-global.com\/#website\",\"url\":\"https:\/\/www.metrica-global.com\/\",\"name\":\"METRICA\",\"description\":\"Servicios Globales IT\",\"publisher\":{\"@id\":\"https:\/\/www.metrica-global.com\/#organization\"},\"potentialAction\":[{\"@type\":\"SearchAction\",\"target\":{\"@type\":\"EntryPoint\",\"urlTemplate\":\"https:\/\/www.metrica-global.com\/?s={search_term_string}\"},\"query-input\":{\"@type\":\"PropertyValueSpecification\",\"valueRequired\":true,\"valueName\":\"search_term_string\"}}],\"inLanguage\":\"pt-PT\"},{\"@type\":\"Organization\",\"@id\":\"https:\/\/www.metrica-global.com\/#organization\",\"name\":\"METRICA\",\"url\":\"https:\/\/www.metrica-global.com\/\",\"logo\":{\"@type\":\"ImageObject\",\"inLanguage\":\"pt-PT\",\"@id\":\"https:\/\/www.metrica-global.com\/#\/schema\/logo\/image\/\",\"url\":\"https:\/\/www.metrica-global.com\/wp-content\/uploads\/2023\/12\/logo-metrica.png\",\"contentUrl\":\"https:\/\/www.metrica-global.com\/wp-content\/uploads\/2023\/12\/logo-metrica.png\",\"width\":332,\"height\":58,\"caption\":\"METRICA\"},\"image\":{\"@id\":\"https:\/\/www.metrica-global.com\/#\/schema\/logo\/image\/\"}},{\"@type\":\"Person\",\"@id\":\"https:\/\/www.metrica-global.com\/#\/schema\/person\/2f4208bdc63892f387a04f4106dd0fcb\",\"name\":\"metrica\",\"image\":{\"@type\":\"ImageObject\",\"inLanguage\":\"pt-PT\",\"@id\":\"https:\/\/www.metrica-global.com\/#\/schema\/person\/image\/\",\"url\":\"https:\/\/secure.gravatar.com\/avatar\/735533d52394faf02a8736d8f477256b9fb421f39d81c48c55ea37c267061786?s=96&d=mm&r=g\",\"contentUrl\":\"https:\/\/secure.gravatar.com\/avatar\/735533d52394faf02a8736d8f477256b9fb421f39d81c48c55ea37c267061786?s=96&d=mm&r=g\",\"caption\":\"metrica\"},\"sameAs\":[\"https:\/\/x.com\/desarrollo\"],\"url\":\"https:\/\/www.metrica-global.com\/pt\/author\/metrica\/\"}]}<\/script>\n<!-- \/ Yoast SEO plugin. -->","yoast_head_json":{"title":"Internet livre vs Internet segura: como equilibrar liberdade digital e ciberseguran\u00e7a - METRICA","robots":{"index":"index","follow":"follow","max-snippet":"max-snippet:-1","max-image-preview":"max-image-preview:large","max-video-preview":"max-video-preview:-1"},"canonical":"https:\/\/www.metrica-global.com\/internet-libre-vs-internet-segura-como-equilibrar-libertad-digital-y-ciberseguridad\/","og_locale":"pt_PT","og_type":"article","og_title":"Internet livre vs Internet segura: como equilibrar liberdade digital e ciberseguran\u00e7a - METRICA","og_description":"Analisamos como equilibrar censura digital, ciberseguran\u00e7a, prote\u00e7\u00e3o de dados e regula\u00e7\u00e3o da Intelig\u00eancia Artificial na era digital.","og_url":"https:\/\/www.metrica-global.com\/internet-libre-vs-internet-segura-como-equilibrar-libertad-digital-y-ciberseguridad\/","og_site_name":"METRICA","article_published_time":"2026-03-12T15:00:20+00:00","og_image":[{"width":2560,"height":1037,"url":"https:\/\/www.metrica-global.com\/wp-content\/uploads\/2026\/03\/dia-censura-internet.jpg","type":"image\/jpeg"}],"author":"metrica","twitter_card":"summary_large_image","twitter_creator":"@desarrollo","twitter_misc":{"Written by":"metrica","Est. reading time":"3 minutos"},"schema":{"@context":"https:\/\/schema.org","@graph":[{"@type":"Article","@id":"https:\/\/www.metrica-global.com\/internet-libre-vs-internet-segura-como-equilibrar-libertad-digital-y-ciberseguridad\/#article","isPartOf":{"@id":"https:\/\/www.metrica-global.com\/internet-libre-vs-internet-segura-como-equilibrar-libertad-digital-y-ciberseguridad\/"},"author":{"name":"metrica","@id":"https:\/\/www.metrica-global.com\/#\/schema\/person\/2f4208bdc63892f387a04f4106dd0fcb"},"headline":"Internet livre vs Internet segura: como equilibrar liberdade digital e ciberseguran\u00e7a","datePublished":"2026-03-12T15:00:20+00:00","mainEntityOfPage":{"@id":"https:\/\/www.metrica-global.com\/internet-libre-vs-internet-segura-como-equilibrar-libertad-digital-y-ciberseguridad\/"},"wordCount":655,"commentCount":0,"publisher":{"@id":"https:\/\/www.metrica-global.com\/#organization"},"image":{"@id":"https:\/\/www.metrica-global.com\/internet-libre-vs-internet-segura-como-equilibrar-libertad-digital-y-ciberseguridad\/#primaryimage"},"thumbnailUrl":"https:\/\/www.metrica-global.com\/wp-content\/uploads\/2026\/03\/dia-censura-internet.jpg","keywords":["censura na internet","ciberseguran\u00e7a","direitos digitais","gobernanza digital","governa\u00e7\u00e3o digital","Inteligencia Artificial","internet livre","internet segura","M\u00e9trica","prote\u00e7\u00e3o de dados","regula\u00e7\u00e3o da IA","transforma\u00e7\u00e3o digital"],"articleSection":["Atualidade","Qualidade"],"inLanguage":"pt-PT","potentialAction":[{"@type":"CommentAction","name":"Comment","target":["https:\/\/www.metrica-global.com\/internet-libre-vs-internet-segura-como-equilibrar-libertad-digital-y-ciberseguridad\/#respond"]}]},{"@type":"WebPage","@id":"https:\/\/www.metrica-global.com\/internet-libre-vs-internet-segura-como-equilibrar-libertad-digital-y-ciberseguridad\/","url":"https:\/\/www.metrica-global.com\/internet-libre-vs-internet-segura-como-equilibrar-libertad-digital-y-ciberseguridad\/","name":"Internet livre vs Internet segura: como equilibrar liberdade digital e ciberseguran\u00e7a - METRICA","isPartOf":{"@id":"https:\/\/www.metrica-global.com\/#website"},"primaryImageOfPage":{"@id":"https:\/\/www.metrica-global.com\/internet-libre-vs-internet-segura-como-equilibrar-libertad-digital-y-ciberseguridad\/#primaryimage"},"image":{"@id":"https:\/\/www.metrica-global.com\/internet-libre-vs-internet-segura-como-equilibrar-libertad-digital-y-ciberseguridad\/#primaryimage"},"thumbnailUrl":"https:\/\/www.metrica-global.com\/wp-content\/uploads\/2026\/03\/dia-censura-internet.jpg","datePublished":"2026-03-12T15:00:20+00:00","breadcrumb":{"@id":"https:\/\/www.metrica-global.com\/internet-libre-vs-internet-segura-como-equilibrar-libertad-digital-y-ciberseguridad\/#breadcrumb"},"inLanguage":"pt-PT","potentialAction":[{"@type":"ReadAction","target":["https:\/\/www.metrica-global.com\/internet-libre-vs-internet-segura-como-equilibrar-libertad-digital-y-ciberseguridad\/"]}]},{"@type":"ImageObject","inLanguage":"pt-PT","@id":"https:\/\/www.metrica-global.com\/internet-libre-vs-internet-segura-como-equilibrar-libertad-digital-y-ciberseguridad\/#primaryimage","url":"https:\/\/www.metrica-global.com\/wp-content\/uploads\/2026\/03\/dia-censura-internet.jpg","contentUrl":"https:\/\/www.metrica-global.com\/wp-content\/uploads\/2026\/03\/dia-censura-internet.jpg","width":2560,"height":1037},{"@type":"BreadcrumbList","@id":"https:\/\/www.metrica-global.com\/internet-libre-vs-internet-segura-como-equilibrar-libertad-digital-y-ciberseguridad\/#breadcrumb","itemListElement":[{"@type":"ListItem","position":1,"name":"Portada","item":"https:\/\/www.metrica-global.com\/pt\/"},{"@type":"ListItem","position":2,"name":"Internet livre vs Internet segura: como equilibrar liberdade digital e ciberseguran\u00e7a"}]},{"@type":"WebSite","@id":"https:\/\/www.metrica-global.com\/#website","url":"https:\/\/www.metrica-global.com\/","name":"METRICA","description":"Servicios Globales IT","publisher":{"@id":"https:\/\/www.metrica-global.com\/#organization"},"potentialAction":[{"@type":"SearchAction","target":{"@type":"EntryPoint","urlTemplate":"https:\/\/www.metrica-global.com\/?s={search_term_string}"},"query-input":{"@type":"PropertyValueSpecification","valueRequired":true,"valueName":"search_term_string"}}],"inLanguage":"pt-PT"},{"@type":"Organization","@id":"https:\/\/www.metrica-global.com\/#organization","name":"METRICA","url":"https:\/\/www.metrica-global.com\/","logo":{"@type":"ImageObject","inLanguage":"pt-PT","@id":"https:\/\/www.metrica-global.com\/#\/schema\/logo\/image\/","url":"https:\/\/www.metrica-global.com\/wp-content\/uploads\/2023\/12\/logo-metrica.png","contentUrl":"https:\/\/www.metrica-global.com\/wp-content\/uploads\/2023\/12\/logo-metrica.png","width":332,"height":58,"caption":"METRICA"},"image":{"@id":"https:\/\/www.metrica-global.com\/#\/schema\/logo\/image\/"}},{"@type":"Person","@id":"https:\/\/www.metrica-global.com\/#\/schema\/person\/2f4208bdc63892f387a04f4106dd0fcb","name":"metrica","image":{"@type":"ImageObject","inLanguage":"pt-PT","@id":"https:\/\/www.metrica-global.com\/#\/schema\/person\/image\/","url":"https:\/\/secure.gravatar.com\/avatar\/735533d52394faf02a8736d8f477256b9fb421f39d81c48c55ea37c267061786?s=96&d=mm&r=g","contentUrl":"https:\/\/secure.gravatar.com\/avatar\/735533d52394faf02a8736d8f477256b9fb421f39d81c48c55ea37c267061786?s=96&d=mm&r=g","caption":"metrica"},"sameAs":["https:\/\/x.com\/desarrollo"],"url":"https:\/\/www.metrica-global.com\/pt\/author\/metrica\/"}]}},"_links":{"self":[{"href":"https:\/\/www.metrica-global.com\/pt\/wp-json\/wp\/v2\/posts\/14343","targetHints":{"allow":["GET"]}}],"collection":[{"href":"https:\/\/www.metrica-global.com\/pt\/wp-json\/wp\/v2\/posts"}],"about":[{"href":"https:\/\/www.metrica-global.com\/pt\/wp-json\/wp\/v2\/types\/post"}],"author":[{"embeddable":true,"href":"https:\/\/www.metrica-global.com\/pt\/wp-json\/wp\/v2\/users\/2"}],"replies":[{"embeddable":true,"href":"https:\/\/www.metrica-global.com\/pt\/wp-json\/wp\/v2\/comments?post=14343"}],"version-history":[{"count":2,"href":"https:\/\/www.metrica-global.com\/pt\/wp-json\/wp\/v2\/posts\/14343\/revisions"}],"predecessor-version":[{"id":14347,"href":"https:\/\/www.metrica-global.com\/pt\/wp-json\/wp\/v2\/posts\/14343\/revisions\/14347"}],"wp:featuredmedia":[{"embeddable":true,"href":"https:\/\/www.metrica-global.com\/pt\/wp-json\/wp\/v2\/media\/14341"}],"wp:attachment":[{"href":"https:\/\/www.metrica-global.com\/pt\/wp-json\/wp\/v2\/media?parent=14343"}],"wp:term":[{"taxonomy":"category","embeddable":true,"href":"https:\/\/www.metrica-global.com\/pt\/wp-json\/wp\/v2\/categories?post=14343"},{"taxonomy":"post_tag","embeddable":true,"href":"https:\/\/www.metrica-global.com\/pt\/wp-json\/wp\/v2\/tags?post=14343"}],"curies":[{"name":"wp","href":"https:\/\/api.w.org\/{rel}","templated":true}]}}