{"id":14805,"date":"2026-04-23T16:00:19","date_gmt":"2026-04-23T14:00:19","guid":{"rendered":"https:\/\/www.metrica-global.com\/?p=14805"},"modified":"2026-04-23T09:08:54","modified_gmt":"2026-04-23T07:08:54","slug":"dia-internacional-de-las-ninas-en-las-tic-el-talento-femenino-en-tecnologia","status":"publish","type":"post","link":"https:\/\/www.metrica-global.com\/pt\/dia-internacional-de-las-ninas-en-las-tic-el-talento-femenino-en-tecnologia\/","title":{"rendered":"Dia Internacional das Raparigas nas TIC: o talento feminino na tecnologia"},"content":{"rendered":"<p>O\u00a0<span class=\"font-semibold\" data-streamdown=\"strong\">Dia Internacional das Raparigas nas TIC<\/span>\u00a0\u00e9 uma oportunidade para refletir sobre o papel do talento feminino no universo STEM (Ci\u00eancia, Tecnologia, Engenharia e Matem\u00e1tica) e sobre os desafios que ainda persistem no setor tecnol\u00f3gico.<\/p>\n<p>Na METRICA associamo\u2011nos a esta iniciativa destacando a import\u00e2ncia das mulheres na tecnologia, a lideran\u00e7a feminina no setor IT e o impacto positivo da diversidade nas equipas tecnol\u00f3gicas.<\/p>\n<hr class=\"my-6 border-border\" data-streamdown=\"horizontal-rule\" \/>\n<h2 class=\"mt-6 mb-2 font-semibold text-2xl\" data-streamdown=\"heading-2\">A desigualdade de g\u00e9nero no setor tecnol\u00f3gico<\/h2>\n<p>Atualmente,\u00a0<span class=\"font-semibold\" data-streamdown=\"strong\">apenas 25% dos cargos tecnol\u00f3gicos s\u00e3o ocupados por mulheres<\/span>, um dado que evidencia a persist\u00eancia da desigualdade de g\u00e9nero no setor digital. Embora cada vez mais mulheres escolham percursos acad\u00e9micos e profissionais em STEM e liderem projetos tecnol\u00f3gicos, ainda h\u00e1 um caminho a percorrer para alcan\u00e7ar uma representa\u00e7\u00e3o equilibrada.<\/p>\n<p>Promover o interesse pela tecnologia desde cedo e dar visibilidade a refer\u00eancias femininas na \u00e1rea STEM s\u00e3o passos fundamentais para construir um ecossistema digital mais inclusivo.<\/p>\n<hr class=\"my-6 border-border\" data-streamdown=\"horizontal-rule\" \/>\n<h2 class=\"mt-6 mb-2 font-semibold text-2xl\" data-streamdown=\"heading-2\">Diversidade e lideran\u00e7a feminina no setor IT<\/h2>\n<p>Para assinalar esta data, a METRICA deu voz a mulheres da nossa equipa a n\u00edvel internacional, que partilham a sua vis\u00e3o sobre o presente e o futuro do talento feminino no setor tecnol\u00f3gico:<\/p>\n<ul class=\"ml-4 list-outside list-disc whitespace-normal\" data-streamdown=\"unordered-list\">\n<li class=\"\">Em Espanha,\u00a0<span class=\"font-semibold\" data-streamdown=\"strong\">Raquel Padrino<\/span>\u00a0analisa a realidade atual da representa\u00e7\u00e3o feminina na tecnologia e a import\u00e2ncia de incentivar voca\u00e7\u00f5es STEM desde a base.<\/li>\n<li class=\"\">No Chile,\u00a0<span class=\"font-semibold\" data-streamdown=\"strong\">Carolina Castillo<\/span>\u00a0destaca a relev\u00e2ncia de contar com refer\u00eancias femininas que inspirem as novas gera\u00e7\u00f5es.<\/li>\n<li class=\"\">Em Portugal,\u00a0<span class=\"font-semibold\" data-streamdown=\"strong\">Mariana Lobo<\/span>\u00a0refor\u00e7a que a diversidade nas equipas tecnol\u00f3gicas \u00e9 um fator estrat\u00e9gico que contribui para decis\u00f5es mais informadas e eficazes.<\/li>\n<li class=\"\">Nos Estados Unidos,\u00a0<span class=\"font-semibold\" data-streamdown=\"strong\">Alejandra Carrozzo<\/span>\u00a0apresenta uma vis\u00e3o otimista sobre a evolu\u00e7\u00e3o da lideran\u00e7a feminina em STEM.<\/li>\n<li class=\"\">No Peru,\u00a0<span class=\"font-semibold\" data-streamdown=\"strong\">Milagros Lavi<\/span>\u00a0sublinha o compromisso da METRICA, onde mais de 30% da equipa \u00e9 composta por mulheres, presentes tanto em fun\u00e7\u00f5es tecnol\u00f3gicas como em cargos de lideran\u00e7a.<\/li>\n<\/ul>\n<p>A diversidade n\u00e3o \u00e9 apenas uma quest\u00e3o de equidade \u2014 \u00e9 tamb\u00e9m um elemento essencial para a inova\u00e7\u00e3o, a competitividade e a qualidade na tomada de decis\u00f5es.<\/p>\n<hr class=\"my-6 border-border\" data-streamdown=\"horizontal-rule\" \/>\n<h2 class=\"mt-6 mb-2 font-semibold text-2xl\" data-streamdown=\"heading-2\">O compromisso da METRICA com a diversidade e inclus\u00e3o no setor IT<\/h2>\n<p>Na METRICA acreditamos que a transforma\u00e7\u00e3o digital deve assentar numa base inclusiva e representativa. O nosso compromisso com a diversidade e inclus\u00e3o integra a nossa estrat\u00e9gia corporativa e reflete\u2011se em:<\/p>\n<ul class=\"ml-4 list-outside list-disc whitespace-normal\" data-streamdown=\"unordered-list\">\n<li class=\"\">Uma presen\u00e7a crescente de mulheres em fun\u00e7\u00f5es tecnol\u00f3gicas<\/li>\n<li class=\"\">A promo\u00e7\u00e3o da lideran\u00e7a feminina<\/li>\n<li class=\"\">Pol\u00edticas internas de igualdade e desenvolvimento de talento<\/li>\n<li class=\"\">Uma cultura organizacional orientada para a equidade e o crescimento profissional<\/li>\n<\/ul>\n<p>Impulsionar o talento feminino na tecnologia n\u00e3o \u00e9 apenas uma responsabilidade social, mas tamb\u00e9m uma aposta estrat\u00e9gica num setor IT mais forte e sustent\u00e1vel.<\/p>\n<hr class=\"my-6 border-border\" data-streamdown=\"horizontal-rule\" \/>\n<h2 class=\"mt-6 mb-2 font-semibold text-2xl\" data-streamdown=\"heading-2\">Construir o futuro do talento STEM<\/h2>\n<p>O futuro da tecnologia depender\u00e1 da capacidade de integrar diferentes perspetivas e de criar oportunidades reais para as pr\u00f3ximas gera\u00e7\u00f5es.<\/p>\n<p>Apoiar raparigas e jovens mulheres no seu interesse pelas TIC e pelas carreiras STEM \u00e9 investir em inova\u00e7\u00e3o, lideran\u00e7a e transforma\u00e7\u00e3o digital a longo prazo.<\/p>\n<p>Na METRICA continuamos a trabalhar para que o talento feminino tenha um papel central no presente e no futuro do setor tecnol\u00f3gico.<\/p>\n","protected":false},"excerpt":{"rendered":"<p>Descubra como a METRICA promove o talento feminino e refor\u00e7a o seu compromisso com a diversidade no setor tecnol\u00f3gico no Dia Internacional das Raparigas nas TIC.<\/p>\n","protected":false},"author":2,"featured_media":14801,"comment_status":"open","ping_status":"open","sticky":false,"template":"","format":"standard","meta":{"content-type":"","footnotes":""},"categories":[1166,1472],"tags":[4979,4974,4977,4950,4981,4980,4978,1432,4975,4976,3304],"class_list":["post-14805","post","type-post","status-publish","format-standard","has-post-thumbnail","hentry","category-atualidade-pt","category-qualidade-pt","tag-desigualdade-de-genero-na-tecnologia","tag-dia-internacional-das-raparigas-nas-tic","tag-diversidade-na-tecnologia","tag-igualdad-en-tecnologia","tag-igualdade-na-tecnologia","tag-inclusao-no-setor-it","tag-lideranca-feminina-it","tag-metrica-pt","tag-mulheres-na-tecnologia","tag-talento-feminino-stem","tag-transformacao-digital"],"yoast_head":"<!-- This site is optimized with the Yoast SEO plugin v25.9 - https:\/\/yoast.com\/wordpress\/plugins\/seo\/ -->\n<title>Dia Internacional das Raparigas nas TIC: o talento feminino na tecnologia - METRICA<\/title>\n<meta name=\"robots\" content=\"index, follow, max-snippet:-1, max-image-preview:large, max-video-preview:-1\" \/>\n<link rel=\"canonical\" href=\"https:\/\/www.metrica-global.com\/dia-internacional-de-las-ninas-en-las-tic-el-talento-femenino-en-tecnologia\/\" \/>\n<meta property=\"og:locale\" content=\"pt_PT\" \/>\n<meta property=\"og:type\" content=\"article\" \/>\n<meta property=\"og:title\" content=\"Dia Internacional das Raparigas nas TIC: o talento feminino na tecnologia - METRICA\" \/>\n<meta property=\"og:description\" content=\"Descubra como a METRICA promove o talento feminino e refor\u00e7a o seu compromisso com a diversidade no setor tecnol\u00f3gico no Dia Internacional das Raparigas nas TIC.\" \/>\n<meta property=\"og:url\" content=\"https:\/\/www.metrica-global.com\/dia-internacional-de-las-ninas-en-las-tic-el-talento-femenino-en-tecnologia\/\" \/>\n<meta property=\"og:site_name\" content=\"METRICA\" \/>\n<meta property=\"article:published_time\" content=\"2026-04-23T14:00:19+00:00\" \/>\n<meta property=\"og:image\" content=\"https:\/\/www.metrica-global.com\/wp-content\/uploads\/2026\/04\/BANNER-NINAS-TIC.jpg\" \/>\n\t<meta property=\"og:image:width\" content=\"2560\" \/>\n\t<meta property=\"og:image:height\" content=\"979\" \/>\n\t<meta property=\"og:image:type\" content=\"image\/jpeg\" \/>\n<meta name=\"author\" content=\"metrica\" \/>\n<meta name=\"twitter:card\" content=\"summary_large_image\" \/>\n<meta name=\"twitter:creator\" content=\"@desarrollo\" \/>\n<meta name=\"twitter:label1\" content=\"Written by\" \/>\n\t<meta name=\"twitter:data1\" content=\"metrica\" \/>\n\t<meta name=\"twitter:label2\" content=\"Est. reading time\" \/>\n\t<meta name=\"twitter:data2\" content=\"3 minutos\" \/>\n<script type=\"application\/ld+json\" class=\"yoast-schema-graph\">{\"@context\":\"https:\/\/schema.org\",\"@graph\":[{\"@type\":\"Article\",\"@id\":\"https:\/\/www.metrica-global.com\/dia-internacional-de-las-ninas-en-las-tic-el-talento-femenino-en-tecnologia\/#article\",\"isPartOf\":{\"@id\":\"https:\/\/www.metrica-global.com\/dia-internacional-de-las-ninas-en-las-tic-el-talento-femenino-en-tecnologia\/\"},\"author\":{\"name\":\"metrica\",\"@id\":\"https:\/\/www.metrica-global.com\/#\/schema\/person\/2f4208bdc63892f387a04f4106dd0fcb\"},\"headline\":\"Dia Internacional das Raparigas nas TIC: o talento feminino na tecnologia\",\"datePublished\":\"2026-04-23T14:00:19+00:00\",\"mainEntityOfPage\":{\"@id\":\"https:\/\/www.metrica-global.com\/dia-internacional-de-las-ninas-en-las-tic-el-talento-femenino-en-tecnologia\/\"},\"wordCount\":560,\"commentCount\":0,\"publisher\":{\"@id\":\"https:\/\/www.metrica-global.com\/#organization\"},\"image\":{\"@id\":\"https:\/\/www.metrica-global.com\/dia-internacional-de-las-ninas-en-las-tic-el-talento-femenino-en-tecnologia\/#primaryimage\"},\"thumbnailUrl\":\"https:\/\/www.metrica-global.com\/wp-content\/uploads\/2026\/04\/BANNER-NINAS-TIC.jpg\",\"keywords\":[\"desigualdade de g\u00e9nero na tecnologia\",\"Dia Internacional das Raparigas nas TIC\",\"diversidade na tecnologia\",\"igualdad en tecnolog\u00eda\",\"igualdade na tecnologia\",\"inclus\u00e3o no setor IT\",\"lideran\u00e7a feminina IT\",\"M\u00e9trica\",\"mulheres na tecnologia\",\"talento feminino STEM\",\"transforma\u00e7\u00e3o digital\"],\"articleSection\":[\"Atualidade\",\"Qualidade\"],\"inLanguage\":\"pt-PT\",\"potentialAction\":[{\"@type\":\"CommentAction\",\"name\":\"Comment\",\"target\":[\"https:\/\/www.metrica-global.com\/dia-internacional-de-las-ninas-en-las-tic-el-talento-femenino-en-tecnologia\/#respond\"]}]},{\"@type\":\"WebPage\",\"@id\":\"https:\/\/www.metrica-global.com\/dia-internacional-de-las-ninas-en-las-tic-el-talento-femenino-en-tecnologia\/\",\"url\":\"https:\/\/www.metrica-global.com\/dia-internacional-de-las-ninas-en-las-tic-el-talento-femenino-en-tecnologia\/\",\"name\":\"Dia Internacional das Raparigas nas TIC: o talento feminino na tecnologia - METRICA\",\"isPartOf\":{\"@id\":\"https:\/\/www.metrica-global.com\/#website\"},\"primaryImageOfPage\":{\"@id\":\"https:\/\/www.metrica-global.com\/dia-internacional-de-las-ninas-en-las-tic-el-talento-femenino-en-tecnologia\/#primaryimage\"},\"image\":{\"@id\":\"https:\/\/www.metrica-global.com\/dia-internacional-de-las-ninas-en-las-tic-el-talento-femenino-en-tecnologia\/#primaryimage\"},\"thumbnailUrl\":\"https:\/\/www.metrica-global.com\/wp-content\/uploads\/2026\/04\/BANNER-NINAS-TIC.jpg\",\"datePublished\":\"2026-04-23T14:00:19+00:00\",\"breadcrumb\":{\"@id\":\"https:\/\/www.metrica-global.com\/dia-internacional-de-las-ninas-en-las-tic-el-talento-femenino-en-tecnologia\/#breadcrumb\"},\"inLanguage\":\"pt-PT\",\"potentialAction\":[{\"@type\":\"ReadAction\",\"target\":[\"https:\/\/www.metrica-global.com\/dia-internacional-de-las-ninas-en-las-tic-el-talento-femenino-en-tecnologia\/\"]}]},{\"@type\":\"ImageObject\",\"inLanguage\":\"pt-PT\",\"@id\":\"https:\/\/www.metrica-global.com\/dia-internacional-de-las-ninas-en-las-tic-el-talento-femenino-en-tecnologia\/#primaryimage\",\"url\":\"https:\/\/www.metrica-global.com\/wp-content\/uploads\/2026\/04\/BANNER-NINAS-TIC.jpg\",\"contentUrl\":\"https:\/\/www.metrica-global.com\/wp-content\/uploads\/2026\/04\/BANNER-NINAS-TIC.jpg\",\"width\":2560,\"height\":979,\"caption\":\"D\u00eda Internacional de las Ni\u00f1as en las TIC: impulsando el talento femenino en tecnolog\u00eda\"},{\"@type\":\"BreadcrumbList\",\"@id\":\"https:\/\/www.metrica-global.com\/dia-internacional-de-las-ninas-en-las-tic-el-talento-femenino-en-tecnologia\/#breadcrumb\",\"itemListElement\":[{\"@type\":\"ListItem\",\"position\":1,\"name\":\"Portada\",\"item\":\"https:\/\/www.metrica-global.com\/pt\/\"},{\"@type\":\"ListItem\",\"position\":2,\"name\":\"Dia Internacional das Raparigas nas TIC: o talento feminino na tecnologia\"}]},{\"@type\":\"WebSite\",\"@id\":\"https:\/\/www.metrica-global.com\/#website\",\"url\":\"https:\/\/www.metrica-global.com\/\",\"name\":\"METRICA\",\"description\":\"Servicios Globales IT\",\"publisher\":{\"@id\":\"https:\/\/www.metrica-global.com\/#organization\"},\"potentialAction\":[{\"@type\":\"SearchAction\",\"target\":{\"@type\":\"EntryPoint\",\"urlTemplate\":\"https:\/\/www.metrica-global.com\/?s={search_term_string}\"},\"query-input\":{\"@type\":\"PropertyValueSpecification\",\"valueRequired\":true,\"valueName\":\"search_term_string\"}}],\"inLanguage\":\"pt-PT\"},{\"@type\":\"Organization\",\"@id\":\"https:\/\/www.metrica-global.com\/#organization\",\"name\":\"METRICA\",\"url\":\"https:\/\/www.metrica-global.com\/\",\"logo\":{\"@type\":\"ImageObject\",\"inLanguage\":\"pt-PT\",\"@id\":\"https:\/\/www.metrica-global.com\/#\/schema\/logo\/image\/\",\"url\":\"https:\/\/www.metrica-global.com\/wp-content\/uploads\/2023\/12\/logo-metrica.png\",\"contentUrl\":\"https:\/\/www.metrica-global.com\/wp-content\/uploads\/2023\/12\/logo-metrica.png\",\"width\":332,\"height\":58,\"caption\":\"METRICA\"},\"image\":{\"@id\":\"https:\/\/www.metrica-global.com\/#\/schema\/logo\/image\/\"}},{\"@type\":\"Person\",\"@id\":\"https:\/\/www.metrica-global.com\/#\/schema\/person\/2f4208bdc63892f387a04f4106dd0fcb\",\"name\":\"metrica\",\"image\":{\"@type\":\"ImageObject\",\"inLanguage\":\"pt-PT\",\"@id\":\"https:\/\/www.metrica-global.com\/#\/schema\/person\/image\/\",\"url\":\"https:\/\/secure.gravatar.com\/avatar\/735533d52394faf02a8736d8f477256b9fb421f39d81c48c55ea37c267061786?s=96&d=mm&r=g\",\"contentUrl\":\"https:\/\/secure.gravatar.com\/avatar\/735533d52394faf02a8736d8f477256b9fb421f39d81c48c55ea37c267061786?s=96&d=mm&r=g\",\"caption\":\"metrica\"},\"sameAs\":[\"https:\/\/x.com\/desarrollo\"],\"url\":\"https:\/\/www.metrica-global.com\/pt\/author\/metrica\/\"}]}<\/script>\n<!-- \/ Yoast SEO plugin. -->","yoast_head_json":{"title":"Dia Internacional das Raparigas nas TIC: o talento feminino na tecnologia - METRICA","robots":{"index":"index","follow":"follow","max-snippet":"max-snippet:-1","max-image-preview":"max-image-preview:large","max-video-preview":"max-video-preview:-1"},"canonical":"https:\/\/www.metrica-global.com\/dia-internacional-de-las-ninas-en-las-tic-el-talento-femenino-en-tecnologia\/","og_locale":"pt_PT","og_type":"article","og_title":"Dia Internacional das Raparigas nas TIC: o talento feminino na tecnologia - METRICA","og_description":"Descubra como a METRICA promove o talento feminino e refor\u00e7a o seu compromisso com a diversidade no setor tecnol\u00f3gico no Dia Internacional das Raparigas nas TIC.","og_url":"https:\/\/www.metrica-global.com\/dia-internacional-de-las-ninas-en-las-tic-el-talento-femenino-en-tecnologia\/","og_site_name":"METRICA","article_published_time":"2026-04-23T14:00:19+00:00","og_image":[{"width":2560,"height":979,"url":"https:\/\/www.metrica-global.com\/wp-content\/uploads\/2026\/04\/BANNER-NINAS-TIC.jpg","type":"image\/jpeg"}],"author":"metrica","twitter_card":"summary_large_image","twitter_creator":"@desarrollo","twitter_misc":{"Written by":"metrica","Est. reading time":"3 minutos"},"schema":{"@context":"https:\/\/schema.org","@graph":[{"@type":"Article","@id":"https:\/\/www.metrica-global.com\/dia-internacional-de-las-ninas-en-las-tic-el-talento-femenino-en-tecnologia\/#article","isPartOf":{"@id":"https:\/\/www.metrica-global.com\/dia-internacional-de-las-ninas-en-las-tic-el-talento-femenino-en-tecnologia\/"},"author":{"name":"metrica","@id":"https:\/\/www.metrica-global.com\/#\/schema\/person\/2f4208bdc63892f387a04f4106dd0fcb"},"headline":"Dia Internacional das Raparigas nas TIC: o talento feminino na tecnologia","datePublished":"2026-04-23T14:00:19+00:00","mainEntityOfPage":{"@id":"https:\/\/www.metrica-global.com\/dia-internacional-de-las-ninas-en-las-tic-el-talento-femenino-en-tecnologia\/"},"wordCount":560,"commentCount":0,"publisher":{"@id":"https:\/\/www.metrica-global.com\/#organization"},"image":{"@id":"https:\/\/www.metrica-global.com\/dia-internacional-de-las-ninas-en-las-tic-el-talento-femenino-en-tecnologia\/#primaryimage"},"thumbnailUrl":"https:\/\/www.metrica-global.com\/wp-content\/uploads\/2026\/04\/BANNER-NINAS-TIC.jpg","keywords":["desigualdade de g\u00e9nero na tecnologia","Dia Internacional das Raparigas nas TIC","diversidade na tecnologia","igualdad en tecnolog\u00eda","igualdade na tecnologia","inclus\u00e3o no setor IT","lideran\u00e7a feminina IT","M\u00e9trica","mulheres na tecnologia","talento feminino STEM","transforma\u00e7\u00e3o digital"],"articleSection":["Atualidade","Qualidade"],"inLanguage":"pt-PT","potentialAction":[{"@type":"CommentAction","name":"Comment","target":["https:\/\/www.metrica-global.com\/dia-internacional-de-las-ninas-en-las-tic-el-talento-femenino-en-tecnologia\/#respond"]}]},{"@type":"WebPage","@id":"https:\/\/www.metrica-global.com\/dia-internacional-de-las-ninas-en-las-tic-el-talento-femenino-en-tecnologia\/","url":"https:\/\/www.metrica-global.com\/dia-internacional-de-las-ninas-en-las-tic-el-talento-femenino-en-tecnologia\/","name":"Dia Internacional das Raparigas nas TIC: o talento feminino na tecnologia - METRICA","isPartOf":{"@id":"https:\/\/www.metrica-global.com\/#website"},"primaryImageOfPage":{"@id":"https:\/\/www.metrica-global.com\/dia-internacional-de-las-ninas-en-las-tic-el-talento-femenino-en-tecnologia\/#primaryimage"},"image":{"@id":"https:\/\/www.metrica-global.com\/dia-internacional-de-las-ninas-en-las-tic-el-talento-femenino-en-tecnologia\/#primaryimage"},"thumbnailUrl":"https:\/\/www.metrica-global.com\/wp-content\/uploads\/2026\/04\/BANNER-NINAS-TIC.jpg","datePublished":"2026-04-23T14:00:19+00:00","breadcrumb":{"@id":"https:\/\/www.metrica-global.com\/dia-internacional-de-las-ninas-en-las-tic-el-talento-femenino-en-tecnologia\/#breadcrumb"},"inLanguage":"pt-PT","potentialAction":[{"@type":"ReadAction","target":["https:\/\/www.metrica-global.com\/dia-internacional-de-las-ninas-en-las-tic-el-talento-femenino-en-tecnologia\/"]}]},{"@type":"ImageObject","inLanguage":"pt-PT","@id":"https:\/\/www.metrica-global.com\/dia-internacional-de-las-ninas-en-las-tic-el-talento-femenino-en-tecnologia\/#primaryimage","url":"https:\/\/www.metrica-global.com\/wp-content\/uploads\/2026\/04\/BANNER-NINAS-TIC.jpg","contentUrl":"https:\/\/www.metrica-global.com\/wp-content\/uploads\/2026\/04\/BANNER-NINAS-TIC.jpg","width":2560,"height":979,"caption":"D\u00eda Internacional de las Ni\u00f1as en las TIC: impulsando el talento femenino en tecnolog\u00eda"},{"@type":"BreadcrumbList","@id":"https:\/\/www.metrica-global.com\/dia-internacional-de-las-ninas-en-las-tic-el-talento-femenino-en-tecnologia\/#breadcrumb","itemListElement":[{"@type":"ListItem","position":1,"name":"Portada","item":"https:\/\/www.metrica-global.com\/pt\/"},{"@type":"ListItem","position":2,"name":"Dia Internacional das Raparigas nas TIC: o talento feminino na tecnologia"}]},{"@type":"WebSite","@id":"https:\/\/www.metrica-global.com\/#website","url":"https:\/\/www.metrica-global.com\/","name":"METRICA","description":"Servicios Globales IT","publisher":{"@id":"https:\/\/www.metrica-global.com\/#organization"},"potentialAction":[{"@type":"SearchAction","target":{"@type":"EntryPoint","urlTemplate":"https:\/\/www.metrica-global.com\/?s={search_term_string}"},"query-input":{"@type":"PropertyValueSpecification","valueRequired":true,"valueName":"search_term_string"}}],"inLanguage":"pt-PT"},{"@type":"Organization","@id":"https:\/\/www.metrica-global.com\/#organization","name":"METRICA","url":"https:\/\/www.metrica-global.com\/","logo":{"@type":"ImageObject","inLanguage":"pt-PT","@id":"https:\/\/www.metrica-global.com\/#\/schema\/logo\/image\/","url":"https:\/\/www.metrica-global.com\/wp-content\/uploads\/2023\/12\/logo-metrica.png","contentUrl":"https:\/\/www.metrica-global.com\/wp-content\/uploads\/2023\/12\/logo-metrica.png","width":332,"height":58,"caption":"METRICA"},"image":{"@id":"https:\/\/www.metrica-global.com\/#\/schema\/logo\/image\/"}},{"@type":"Person","@id":"https:\/\/www.metrica-global.com\/#\/schema\/person\/2f4208bdc63892f387a04f4106dd0fcb","name":"metrica","image":{"@type":"ImageObject","inLanguage":"pt-PT","@id":"https:\/\/www.metrica-global.com\/#\/schema\/person\/image\/","url":"https:\/\/secure.gravatar.com\/avatar\/735533d52394faf02a8736d8f477256b9fb421f39d81c48c55ea37c267061786?s=96&d=mm&r=g","contentUrl":"https:\/\/secure.gravatar.com\/avatar\/735533d52394faf02a8736d8f477256b9fb421f39d81c48c55ea37c267061786?s=96&d=mm&r=g","caption":"metrica"},"sameAs":["https:\/\/x.com\/desarrollo"],"url":"https:\/\/www.metrica-global.com\/pt\/author\/metrica\/"}]}},"_links":{"self":[{"href":"https:\/\/www.metrica-global.com\/pt\/wp-json\/wp\/v2\/posts\/14805","targetHints":{"allow":["GET"]}}],"collection":[{"href":"https:\/\/www.metrica-global.com\/pt\/wp-json\/wp\/v2\/posts"}],"about":[{"href":"https:\/\/www.metrica-global.com\/pt\/wp-json\/wp\/v2\/types\/post"}],"author":[{"embeddable":true,"href":"https:\/\/www.metrica-global.com\/pt\/wp-json\/wp\/v2\/users\/2"}],"replies":[{"embeddable":true,"href":"https:\/\/www.metrica-global.com\/pt\/wp-json\/wp\/v2\/comments?post=14805"}],"version-history":[{"count":2,"href":"https:\/\/www.metrica-global.com\/pt\/wp-json\/wp\/v2\/posts\/14805\/revisions"}],"predecessor-version":[{"id":14807,"href":"https:\/\/www.metrica-global.com\/pt\/wp-json\/wp\/v2\/posts\/14805\/revisions\/14807"}],"wp:featuredmedia":[{"embeddable":true,"href":"https:\/\/www.metrica-global.com\/pt\/wp-json\/wp\/v2\/media\/14801"}],"wp:attachment":[{"href":"https:\/\/www.metrica-global.com\/pt\/wp-json\/wp\/v2\/media?parent=14805"}],"wp:term":[{"taxonomy":"category","embeddable":true,"href":"https:\/\/www.metrica-global.com\/pt\/wp-json\/wp\/v2\/categories?post=14805"},{"taxonomy":"post_tag","embeddable":true,"href":"https:\/\/www.metrica-global.com\/pt\/wp-json\/wp\/v2\/tags?post=14805"}],"curies":[{"name":"wp","href":"https:\/\/api.w.org\/{rel}","templated":true}]}}