{"id":14836,"date":"2026-04-30T14:00:17","date_gmt":"2026-04-30T12:00:17","guid":{"rendered":"https:\/\/www.metrica-global.com\/?p=14836"},"modified":"2026-04-29T13:26:18","modified_gmt":"2026-04-29T11:26:18","slug":"talento-junior-de-alto-nivel-en-metrica-lab","status":"publish","type":"post","link":"https:\/\/www.metrica-global.com\/pt\/talento-junior-de-alto-nivel-en-metrica-lab\/","title":{"rendered":"Talento j\u00fanior de alto n\u00edvel na METRICA LAB"},"content":{"rendered":"<p>Num setor tecnol\u00f3gico altamente competitivo, o talento faz a diferen\u00e7a. Na METRICA, apostamos na atra\u00e7\u00e3o e desenvolvimento de perfis com elevado potencial atrav\u00e9s da\u00a0<span class=\"font-semibold\" data-streamdown=\"strong\">METRICA LAB<\/span>, o nosso programa de est\u00e1gios e desenvolvimento de talento j\u00fanior orientado para formar a pr\u00f3xima gera\u00e7\u00e3o de profissionais de IT.<\/p>\n<p>Hoje destacamos dois jovens profissionais que atualmente integram a METRICA LAB:<\/p>\n<ul class=\"ml-4 list-outside list-disc whitespace-normal\" data-streamdown=\"unordered-list\">\n<li class=\"\"><span class=\"font-semibold\" data-streamdown=\"strong\">Guillermo Delgado<\/span>, vencedor do\u00a0<span class=\"font-semibold\" data-streamdown=\"strong\">Programa\u2011Me 2026<\/span><\/li>\n<li class=\"\"><span class=\"font-semibold\" data-streamdown=\"strong\">Roberto Lucas<\/span>, vencedor do\u00a0<span class=\"font-semibold\" data-streamdown=\"strong\">Madrid\u2011Skills 2025<\/span><\/li>\n<\/ul>\n<p>A sua presen\u00e7a na METRICA refor\u00e7a o nosso compromisso com a excel\u00eancia tecnol\u00f3gica e com a integra\u00e7\u00e3o de talento j\u00fanior de alto n\u00edvel no setor das tecnologias de informa\u00e7\u00e3o.<\/p>\n<h2 class=\"mt-6 mb-2 font-semibold text-2xl\" data-streamdown=\"heading-2\">Excel\u00eancia t\u00e9cnica e proje\u00e7\u00e3o profissional<\/h2>\n<p>O Programa\u2011Me e o Madrid\u2011Skills s\u00e3o competi\u00e7\u00f5es de refer\u00eancia que avaliam compet\u00eancias t\u00e9cnicas avan\u00e7adas, nomeadamente:<\/p>\n<ul class=\"ml-4 list-outside list-disc whitespace-normal\" data-streamdown=\"unordered-list\">\n<li class=\"\">Resolu\u00e7\u00e3o complexa de problemas<\/li>\n<li class=\"\">Pensamento l\u00f3gico e anal\u00edtico<\/li>\n<li class=\"\">Dom\u00ednio de linguagens de programa\u00e7\u00e3o<\/li>\n<li class=\"\">Capacidade de desempenho em ambientes exigentes<\/li>\n<\/ul>\n<p>Ser vencedor neste tipo de concursos representa um forte reconhecimento t\u00e9cnico no setor IT e evidencia prepara\u00e7\u00e3o, dedica\u00e7\u00e3o e talento.<\/p>\n<p>Integrar perfis com este percurso na METRICA LAB fortalece o nosso ecossistema de talento j\u00fanior e consolida o posicionamento da METRICA como empresa tecnol\u00f3gica atrativa para profissionais altamente qualificados.<\/p>\n<h2 class=\"mt-6 mb-2 font-semibold text-2xl\" data-streamdown=\"heading-2\">METRICA LAB: a desenvolver a pr\u00f3xima gera\u00e7\u00e3o de talento tecnol\u00f3gico<\/h2>\n<p>A METRICA LAB foi concebida para facilitar a transi\u00e7\u00e3o entre o contexto acad\u00e9mico e o ambiente profissional. Atrav\u00e9s da participa\u00e7\u00e3o em projetos reais, acompanhamento t\u00e9cnico e integra\u00e7\u00e3o em equipas corporativas, o programa promove o desenvolvimento de compet\u00eancias t\u00e9cnicas e comportamentais.<\/p>\n<p>A integra\u00e7\u00e3o de jovens premiados em competi\u00e7\u00f5es tecnol\u00f3gicas demonstra a qualidade e ambi\u00e7\u00e3o dos profissionais que escolhem crescer connosco.<\/p>\n<h2 class=\"mt-6 mb-2 font-semibold text-2xl\" data-streamdown=\"heading-2\">Tecnologia com prop\u00f3sito e vis\u00e3o de futuro<\/h2>\n<p>Na METRICA acreditamos que o futuro do setor IT se constr\u00f3i combinando experi\u00eancia, cultura organizacional s\u00f3lida e talento emergente. Integrar perfis j\u00fanior de elevado n\u00edvel permite-nos continuar a desenvolver solu\u00e7\u00f5es tecnol\u00f3gicas inovadoras e alinhadas com os desafios do mercado.<\/p>\n<p>Recentemente partilh\u00e1mos nas nossas redes sociais um reel com excertos das entrevistas realizadas a Guillermo e Roberto, onde falam sobre a sua experi\u00eancia nas competi\u00e7\u00f5es e os seus objetivos profissionais no setor tecnol\u00f3gico.<\/p>\n<p>Continuamos a apostar no talento que ir\u00e1 impulsionar a pr\u00f3xima etapa da transforma\u00e7\u00e3o digital.<\/p>\n<p>Porque o futuro da tecnologia j\u00e1 come\u00e7ou \u2014 e est\u00e1 a crescer na METRICA.<\/p>\n","protected":false},"excerpt":{"rendered":"<p>Conhece Guillermo Delgado e Roberto Lucas, dois estudantes da METRICA LAB e vencedores de importantes concursos tecnol\u00f3gicos, que representam talento j\u00fanior de alto n\u00edvel na METRICA.<\/p>\n","protected":false},"author":2,"featured_media":14830,"comment_status":"open","ping_status":"open","sticky":false,"template":"","format":"standard","meta":{"content-type":"","footnotes":""},"categories":[1166,1800],"tags":[5048,5049,5050,5045,5046,3939,5042,1432,3736,5041,5029,5040,5047,3304],"class_list":["post-14836","post","type-post","status-publish","format-standard","has-post-thumbnail","hentry","category-atualidade-pt","category-metricalab-pt","tag-carreiras-em-tecnologia","tag-concursos-de-programacao","tag-desenvolvimento-profissional-it","tag-estagios-em-tecnologia","tag-formacao-it","tag-inovacao-tecnologica","tag-madrid-skills-2025-pt","tag-metrica-pt","tag-metrica-lab-pt","tag-programa-me-2026-pt","tag-programacion-competitiva","tag-talento-junior-it-pt","tag-talento-tecnologico-emergente","tag-transformacao-digital"],"yoast_head":"<!-- This site is optimized with the Yoast SEO plugin v25.9 - https:\/\/yoast.com\/wordpress\/plugins\/seo\/ -->\n<title>Talento j\u00fanior de alto n\u00edvel na METRICA LAB - METRICA<\/title>\n<meta name=\"robots\" content=\"index, follow, max-snippet:-1, max-image-preview:large, max-video-preview:-1\" \/>\n<link rel=\"canonical\" href=\"https:\/\/www.metrica-global.com\/talento-junior-de-alto-nivel-en-metrica-lab\/\" \/>\n<meta property=\"og:locale\" content=\"pt_PT\" \/>\n<meta property=\"og:type\" content=\"article\" \/>\n<meta property=\"og:title\" content=\"Talento j\u00fanior de alto n\u00edvel na METRICA LAB - METRICA\" \/>\n<meta property=\"og:description\" content=\"Conhece Guillermo Delgado e Roberto Lucas, dois estudantes da METRICA LAB e vencedores de importantes concursos tecnol\u00f3gicos, que representam talento j\u00fanior de alto n\u00edvel na METRICA.\" \/>\n<meta property=\"og:url\" content=\"https:\/\/www.metrica-global.com\/talento-junior-de-alto-nivel-en-metrica-lab\/\" \/>\n<meta property=\"og:site_name\" content=\"METRICA\" \/>\n<meta property=\"article:published_time\" content=\"2026-04-30T12:00:17+00:00\" \/>\n<meta property=\"og:image\" content=\"https:\/\/www.metrica-global.com\/wp-content\/uploads\/2026\/04\/BANNER-LAB.jpg\" \/>\n\t<meta property=\"og:image:width\" content=\"2560\" \/>\n\t<meta property=\"og:image:height\" content=\"1101\" \/>\n\t<meta property=\"og:image:type\" content=\"image\/jpeg\" \/>\n<meta name=\"author\" content=\"metrica\" \/>\n<meta name=\"twitter:card\" content=\"summary_large_image\" \/>\n<meta name=\"twitter:creator\" content=\"@desarrollo\" \/>\n<meta name=\"twitter:label1\" content=\"Written by\" \/>\n\t<meta name=\"twitter:data1\" content=\"metrica\" \/>\n\t<meta name=\"twitter:label2\" content=\"Est. reading time\" \/>\n\t<meta name=\"twitter:data2\" content=\"2 minutos\" \/>\n<script type=\"application\/ld+json\" class=\"yoast-schema-graph\">{\"@context\":\"https:\/\/schema.org\",\"@graph\":[{\"@type\":\"Article\",\"@id\":\"https:\/\/www.metrica-global.com\/talento-junior-de-alto-nivel-en-metrica-lab\/#article\",\"isPartOf\":{\"@id\":\"https:\/\/www.metrica-global.com\/talento-junior-de-alto-nivel-en-metrica-lab\/\"},\"author\":{\"name\":\"metrica\",\"@id\":\"https:\/\/www.metrica-global.com\/#\/schema\/person\/2f4208bdc63892f387a04f4106dd0fcb\"},\"headline\":\"Talento j\u00fanior de alto n\u00edvel na METRICA LAB\",\"datePublished\":\"2026-04-30T12:00:17+00:00\",\"mainEntityOfPage\":{\"@id\":\"https:\/\/www.metrica-global.com\/talento-junior-de-alto-nivel-en-metrica-lab\/\"},\"wordCount\":439,\"commentCount\":0,\"publisher\":{\"@id\":\"https:\/\/www.metrica-global.com\/#organization\"},\"image\":{\"@id\":\"https:\/\/www.metrica-global.com\/talento-junior-de-alto-nivel-en-metrica-lab\/#primaryimage\"},\"thumbnailUrl\":\"https:\/\/www.metrica-global.com\/wp-content\/uploads\/2026\/04\/BANNER-LAB.jpg\",\"keywords\":[\"carreiras em tecnologia\",\"concursos de programa\u00e7\u00e3o\",\"desenvolvimento profissional IT\",\"est\u00e1gios em tecnologia\",\"forma\u00e7\u00e3o IT\",\"inova\u00e7\u00e3o tecnol\u00f3gica\",\"Madrid-Skills 2025\",\"M\u00e9trica\",\"METRICA LAB\",\"Programa-Me 2026\",\"programaci\u00f3n competitiva\",\"talento junior IT\",\"talento tecnol\u00f3gico emergente\",\"transforma\u00e7\u00e3o digital\"],\"articleSection\":[\"Atualidade\",\"MetricaLab\"],\"inLanguage\":\"pt-PT\",\"potentialAction\":[{\"@type\":\"CommentAction\",\"name\":\"Comment\",\"target\":[\"https:\/\/www.metrica-global.com\/talento-junior-de-alto-nivel-en-metrica-lab\/#respond\"]}]},{\"@type\":\"WebPage\",\"@id\":\"https:\/\/www.metrica-global.com\/talento-junior-de-alto-nivel-en-metrica-lab\/\",\"url\":\"https:\/\/www.metrica-global.com\/talento-junior-de-alto-nivel-en-metrica-lab\/\",\"name\":\"Talento j\u00fanior de alto n\u00edvel na METRICA LAB - METRICA\",\"isPartOf\":{\"@id\":\"https:\/\/www.metrica-global.com\/#website\"},\"primaryImageOfPage\":{\"@id\":\"https:\/\/www.metrica-global.com\/talento-junior-de-alto-nivel-en-metrica-lab\/#primaryimage\"},\"image\":{\"@id\":\"https:\/\/www.metrica-global.com\/talento-junior-de-alto-nivel-en-metrica-lab\/#primaryimage\"},\"thumbnailUrl\":\"https:\/\/www.metrica-global.com\/wp-content\/uploads\/2026\/04\/BANNER-LAB.jpg\",\"datePublished\":\"2026-04-30T12:00:17+00:00\",\"breadcrumb\":{\"@id\":\"https:\/\/www.metrica-global.com\/talento-junior-de-alto-nivel-en-metrica-lab\/#breadcrumb\"},\"inLanguage\":\"pt-PT\",\"potentialAction\":[{\"@type\":\"ReadAction\",\"target\":[\"https:\/\/www.metrica-global.com\/talento-junior-de-alto-nivel-en-metrica-lab\/\"]}]},{\"@type\":\"ImageObject\",\"inLanguage\":\"pt-PT\",\"@id\":\"https:\/\/www.metrica-global.com\/talento-junior-de-alto-nivel-en-metrica-lab\/#primaryimage\",\"url\":\"https:\/\/www.metrica-global.com\/wp-content\/uploads\/2026\/04\/BANNER-LAB.jpg\",\"contentUrl\":\"https:\/\/www.metrica-global.com\/wp-content\/uploads\/2026\/04\/BANNER-LAB.jpg\",\"width\":2560,\"height\":1101},{\"@type\":\"BreadcrumbList\",\"@id\":\"https:\/\/www.metrica-global.com\/talento-junior-de-alto-nivel-en-metrica-lab\/#breadcrumb\",\"itemListElement\":[{\"@type\":\"ListItem\",\"position\":1,\"name\":\"Portada\",\"item\":\"https:\/\/www.metrica-global.com\/pt\/\"},{\"@type\":\"ListItem\",\"position\":2,\"name\":\"Talento j\u00fanior de alto n\u00edvel na METRICA LAB\"}]},{\"@type\":\"WebSite\",\"@id\":\"https:\/\/www.metrica-global.com\/#website\",\"url\":\"https:\/\/www.metrica-global.com\/\",\"name\":\"METRICA\",\"description\":\"Servicios Globales IT\",\"publisher\":{\"@id\":\"https:\/\/www.metrica-global.com\/#organization\"},\"potentialAction\":[{\"@type\":\"SearchAction\",\"target\":{\"@type\":\"EntryPoint\",\"urlTemplate\":\"https:\/\/www.metrica-global.com\/?s={search_term_string}\"},\"query-input\":{\"@type\":\"PropertyValueSpecification\",\"valueRequired\":true,\"valueName\":\"search_term_string\"}}],\"inLanguage\":\"pt-PT\"},{\"@type\":\"Organization\",\"@id\":\"https:\/\/www.metrica-global.com\/#organization\",\"name\":\"METRICA\",\"url\":\"https:\/\/www.metrica-global.com\/\",\"logo\":{\"@type\":\"ImageObject\",\"inLanguage\":\"pt-PT\",\"@id\":\"https:\/\/www.metrica-global.com\/#\/schema\/logo\/image\/\",\"url\":\"https:\/\/www.metrica-global.com\/wp-content\/uploads\/2023\/12\/logo-metrica.png\",\"contentUrl\":\"https:\/\/www.metrica-global.com\/wp-content\/uploads\/2023\/12\/logo-metrica.png\",\"width\":332,\"height\":58,\"caption\":\"METRICA\"},\"image\":{\"@id\":\"https:\/\/www.metrica-global.com\/#\/schema\/logo\/image\/\"}},{\"@type\":\"Person\",\"@id\":\"https:\/\/www.metrica-global.com\/#\/schema\/person\/2f4208bdc63892f387a04f4106dd0fcb\",\"name\":\"metrica\",\"image\":{\"@type\":\"ImageObject\",\"inLanguage\":\"pt-PT\",\"@id\":\"https:\/\/www.metrica-global.com\/#\/schema\/person\/image\/\",\"url\":\"https:\/\/secure.gravatar.com\/avatar\/735533d52394faf02a8736d8f477256b9fb421f39d81c48c55ea37c267061786?s=96&d=mm&r=g\",\"contentUrl\":\"https:\/\/secure.gravatar.com\/avatar\/735533d52394faf02a8736d8f477256b9fb421f39d81c48c55ea37c267061786?s=96&d=mm&r=g\",\"caption\":\"metrica\"},\"sameAs\":[\"https:\/\/x.com\/desarrollo\"],\"url\":\"https:\/\/www.metrica-global.com\/pt\/author\/metrica\/\"}]}<\/script>\n<!-- \/ Yoast SEO plugin. -->","yoast_head_json":{"title":"Talento j\u00fanior de alto n\u00edvel na METRICA LAB - METRICA","robots":{"index":"index","follow":"follow","max-snippet":"max-snippet:-1","max-image-preview":"max-image-preview:large","max-video-preview":"max-video-preview:-1"},"canonical":"https:\/\/www.metrica-global.com\/talento-junior-de-alto-nivel-en-metrica-lab\/","og_locale":"pt_PT","og_type":"article","og_title":"Talento j\u00fanior de alto n\u00edvel na METRICA LAB - METRICA","og_description":"Conhece Guillermo Delgado e Roberto Lucas, dois estudantes da METRICA LAB e vencedores de importantes concursos tecnol\u00f3gicos, que representam talento j\u00fanior de alto n\u00edvel na METRICA.","og_url":"https:\/\/www.metrica-global.com\/talento-junior-de-alto-nivel-en-metrica-lab\/","og_site_name":"METRICA","article_published_time":"2026-04-30T12:00:17+00:00","og_image":[{"width":2560,"height":1101,"url":"https:\/\/www.metrica-global.com\/wp-content\/uploads\/2026\/04\/BANNER-LAB.jpg","type":"image\/jpeg"}],"author":"metrica","twitter_card":"summary_large_image","twitter_creator":"@desarrollo","twitter_misc":{"Written by":"metrica","Est. reading time":"2 minutos"},"schema":{"@context":"https:\/\/schema.org","@graph":[{"@type":"Article","@id":"https:\/\/www.metrica-global.com\/talento-junior-de-alto-nivel-en-metrica-lab\/#article","isPartOf":{"@id":"https:\/\/www.metrica-global.com\/talento-junior-de-alto-nivel-en-metrica-lab\/"},"author":{"name":"metrica","@id":"https:\/\/www.metrica-global.com\/#\/schema\/person\/2f4208bdc63892f387a04f4106dd0fcb"},"headline":"Talento j\u00fanior de alto n\u00edvel na METRICA LAB","datePublished":"2026-04-30T12:00:17+00:00","mainEntityOfPage":{"@id":"https:\/\/www.metrica-global.com\/talento-junior-de-alto-nivel-en-metrica-lab\/"},"wordCount":439,"commentCount":0,"publisher":{"@id":"https:\/\/www.metrica-global.com\/#organization"},"image":{"@id":"https:\/\/www.metrica-global.com\/talento-junior-de-alto-nivel-en-metrica-lab\/#primaryimage"},"thumbnailUrl":"https:\/\/www.metrica-global.com\/wp-content\/uploads\/2026\/04\/BANNER-LAB.jpg","keywords":["carreiras em tecnologia","concursos de programa\u00e7\u00e3o","desenvolvimento profissional IT","est\u00e1gios em tecnologia","forma\u00e7\u00e3o IT","inova\u00e7\u00e3o tecnol\u00f3gica","Madrid-Skills 2025","M\u00e9trica","METRICA LAB","Programa-Me 2026","programaci\u00f3n competitiva","talento junior IT","talento tecnol\u00f3gico emergente","transforma\u00e7\u00e3o digital"],"articleSection":["Atualidade","MetricaLab"],"inLanguage":"pt-PT","potentialAction":[{"@type":"CommentAction","name":"Comment","target":["https:\/\/www.metrica-global.com\/talento-junior-de-alto-nivel-en-metrica-lab\/#respond"]}]},{"@type":"WebPage","@id":"https:\/\/www.metrica-global.com\/talento-junior-de-alto-nivel-en-metrica-lab\/","url":"https:\/\/www.metrica-global.com\/talento-junior-de-alto-nivel-en-metrica-lab\/","name":"Talento j\u00fanior de alto n\u00edvel na METRICA LAB - METRICA","isPartOf":{"@id":"https:\/\/www.metrica-global.com\/#website"},"primaryImageOfPage":{"@id":"https:\/\/www.metrica-global.com\/talento-junior-de-alto-nivel-en-metrica-lab\/#primaryimage"},"image":{"@id":"https:\/\/www.metrica-global.com\/talento-junior-de-alto-nivel-en-metrica-lab\/#primaryimage"},"thumbnailUrl":"https:\/\/www.metrica-global.com\/wp-content\/uploads\/2026\/04\/BANNER-LAB.jpg","datePublished":"2026-04-30T12:00:17+00:00","breadcrumb":{"@id":"https:\/\/www.metrica-global.com\/talento-junior-de-alto-nivel-en-metrica-lab\/#breadcrumb"},"inLanguage":"pt-PT","potentialAction":[{"@type":"ReadAction","target":["https:\/\/www.metrica-global.com\/talento-junior-de-alto-nivel-en-metrica-lab\/"]}]},{"@type":"ImageObject","inLanguage":"pt-PT","@id":"https:\/\/www.metrica-global.com\/talento-junior-de-alto-nivel-en-metrica-lab\/#primaryimage","url":"https:\/\/www.metrica-global.com\/wp-content\/uploads\/2026\/04\/BANNER-LAB.jpg","contentUrl":"https:\/\/www.metrica-global.com\/wp-content\/uploads\/2026\/04\/BANNER-LAB.jpg","width":2560,"height":1101},{"@type":"BreadcrumbList","@id":"https:\/\/www.metrica-global.com\/talento-junior-de-alto-nivel-en-metrica-lab\/#breadcrumb","itemListElement":[{"@type":"ListItem","position":1,"name":"Portada","item":"https:\/\/www.metrica-global.com\/pt\/"},{"@type":"ListItem","position":2,"name":"Talento j\u00fanior de alto n\u00edvel na METRICA LAB"}]},{"@type":"WebSite","@id":"https:\/\/www.metrica-global.com\/#website","url":"https:\/\/www.metrica-global.com\/","name":"METRICA","description":"Servicios Globales IT","publisher":{"@id":"https:\/\/www.metrica-global.com\/#organization"},"potentialAction":[{"@type":"SearchAction","target":{"@type":"EntryPoint","urlTemplate":"https:\/\/www.metrica-global.com\/?s={search_term_string}"},"query-input":{"@type":"PropertyValueSpecification","valueRequired":true,"valueName":"search_term_string"}}],"inLanguage":"pt-PT"},{"@type":"Organization","@id":"https:\/\/www.metrica-global.com\/#organization","name":"METRICA","url":"https:\/\/www.metrica-global.com\/","logo":{"@type":"ImageObject","inLanguage":"pt-PT","@id":"https:\/\/www.metrica-global.com\/#\/schema\/logo\/image\/","url":"https:\/\/www.metrica-global.com\/wp-content\/uploads\/2023\/12\/logo-metrica.png","contentUrl":"https:\/\/www.metrica-global.com\/wp-content\/uploads\/2023\/12\/logo-metrica.png","width":332,"height":58,"caption":"METRICA"},"image":{"@id":"https:\/\/www.metrica-global.com\/#\/schema\/logo\/image\/"}},{"@type":"Person","@id":"https:\/\/www.metrica-global.com\/#\/schema\/person\/2f4208bdc63892f387a04f4106dd0fcb","name":"metrica","image":{"@type":"ImageObject","inLanguage":"pt-PT","@id":"https:\/\/www.metrica-global.com\/#\/schema\/person\/image\/","url":"https:\/\/secure.gravatar.com\/avatar\/735533d52394faf02a8736d8f477256b9fb421f39d81c48c55ea37c267061786?s=96&d=mm&r=g","contentUrl":"https:\/\/secure.gravatar.com\/avatar\/735533d52394faf02a8736d8f477256b9fb421f39d81c48c55ea37c267061786?s=96&d=mm&r=g","caption":"metrica"},"sameAs":["https:\/\/x.com\/desarrollo"],"url":"https:\/\/www.metrica-global.com\/pt\/author\/metrica\/"}]}},"_links":{"self":[{"href":"https:\/\/www.metrica-global.com\/pt\/wp-json\/wp\/v2\/posts\/14836","targetHints":{"allow":["GET"]}}],"collection":[{"href":"https:\/\/www.metrica-global.com\/pt\/wp-json\/wp\/v2\/posts"}],"about":[{"href":"https:\/\/www.metrica-global.com\/pt\/wp-json\/wp\/v2\/types\/post"}],"author":[{"embeddable":true,"href":"https:\/\/www.metrica-global.com\/pt\/wp-json\/wp\/v2\/users\/2"}],"replies":[{"embeddable":true,"href":"https:\/\/www.metrica-global.com\/pt\/wp-json\/wp\/v2\/comments?post=14836"}],"version-history":[{"count":1,"href":"https:\/\/www.metrica-global.com\/pt\/wp-json\/wp\/v2\/posts\/14836\/revisions"}],"predecessor-version":[{"id":14837,"href":"https:\/\/www.metrica-global.com\/pt\/wp-json\/wp\/v2\/posts\/14836\/revisions\/14837"}],"wp:featuredmedia":[{"embeddable":true,"href":"https:\/\/www.metrica-global.com\/pt\/wp-json\/wp\/v2\/media\/14830"}],"wp:attachment":[{"href":"https:\/\/www.metrica-global.com\/pt\/wp-json\/wp\/v2\/media?parent=14836"}],"wp:term":[{"taxonomy":"category","embeddable":true,"href":"https:\/\/www.metrica-global.com\/pt\/wp-json\/wp\/v2\/categories?post=14836"},{"taxonomy":"post_tag","embeddable":true,"href":"https:\/\/www.metrica-global.com\/pt\/wp-json\/wp\/v2\/tags?post=14836"}],"curies":[{"name":"wp","href":"https:\/\/api.w.org\/{rel}","templated":true}]}}