{"id":7084,"date":"2025-03-31T16:10:22","date_gmt":"2025-03-31T14:10:22","guid":{"rendered":"https:\/\/www.metrica-global.com\/metrica-en-marcha-contra-el-cancer\/"},"modified":"2025-07-30T11:45:09","modified_gmt":"2025-07-30T09:45:09","slug":"metrica-en-marcha-contra-el-cancer","status":"publish","type":"post","link":"https:\/\/www.metrica-global.com\/pt\/metrica-en-marcha-contra-el-cancer\/","title":{"rendered":"METRICA em movimento contra o cancro"},"content":{"rendered":"\r\n<p data-start=\"100\" data-end=\"438\">Na METRICA, acreditamos que o compromisso com a sa\u00fade e o bem-estar deve fazer parte da nossa cultura empresarial. Por isso, no passado domingo, uma equipa composta por colegas, familiares e amigos participou na XII Corrida Madrid em Marcha contra o Cancro, um evento solid\u00e1rio organizado pela Associa\u00e7\u00e3o Espanhola Contra o Cancro (AECC).<\/p>\r\n<p data-start=\"440\" data-end=\"667\">Esta corrida n\u00e3o \u00e9 apenas uma das iniciativas desportivas solid\u00e1rias mais importantes do calend\u00e1rio em Madrid, mas tamb\u00e9m uma oportunidade para nos unirmos na luta contra uma doen\u00e7a que afeta milh\u00f5es de pessoas em todo o mundo.<\/p>\r\n<hr data-start=\"669\" data-end=\"672\" \/>\r\n<h3 data-section-id=\"15ff3dy\" data-start=\"674\" data-end=\"706\">Um percurso de solidariedade<\/h3>\r\n<p data-start=\"708\" data-end=\"1019\">Mais de 27.000 pessoas reuniram-se no centro de Madrid para correr ou caminhar em prol da investiga\u00e7\u00e3o e preven\u00e7\u00e3o do cancro. A jornada come\u00e7ou e terminou na Plaza de Col\u00f3n, com dois percursos pensados para diferentes n\u00edveis: um de 4 km e outro de 10 km, ambos atravessando o emblem\u00e1tico Paseo de la Castellana.<\/p>\r\n<p data-start=\"1021\" data-end=\"1299\">Desde cedo, a cidade encheu-se de uma impressionante mar\u00e9 verde, com t-shirts que simbolizavam o apoio \u00e0 causa. Entre elas, as da METRICA, cujos participantes mostraram mais uma vez que a nossa empresa \u00e9 muito mais do que tecnologia: somos pessoas comprometidas com a sociedade.<\/p>\r\n<hr data-start=\"1301\" data-end=\"1304\" \/>\r\n<h3 data-section-id=\"1hm4srf\" data-start=\"1306\" data-end=\"1360\">O compromisso da METRICA com a sa\u00fade e o bem-estar<\/h3>\r\n<p data-start=\"1362\" data-end=\"1631\">Na METRICA promovemos a import\u00e2ncia de adotar um estilo de vida saud\u00e1vel, tanto dentro como fora do ambiente de trabalho. Participar neste tipo de eventos faz parte da nossa aposta na responsabilidade social corporativa (RSC) e na promo\u00e7\u00e3o do bem-estar da nossa equipa.<\/p>\r\n<p data-start=\"1633\" data-end=\"1840\">Mais do que uma competi\u00e7\u00e3o, esta corrida foi uma oportunidade para partilhar um momento de companheirismo e esfor\u00e7o conjunto, refletindo valores fundamentais como supera\u00e7\u00e3o, resili\u00eancia e trabalho em equipa.<\/p>\r\n<hr data-start=\"1842\" data-end=\"1845\" \/>\r\n<h3 data-section-id=\"179zlnu\" data-start=\"1847\" data-end=\"1878\">Revive os melhores momentos<\/h3>\r\n<p data-start=\"1880\" data-end=\"2144\">A energia e emo\u00e7\u00e3o da corrida ficaram registadas nas nossas redes sociais, onde partilh\u00e1mos imagens e v\u00eddeos da experi\u00eancia. A participa\u00e7\u00e3o da METRICA na <em data-start=\"2034\" data-end=\"2068\">Madrid em Marcha contra o Cancro<\/em> \u00e9 mais uma prova do nosso compromisso com as causas que realmente importam.<\/p>\r\n<p data-start=\"2146\" data-end=\"2378\">Agradecemos a todas as pessoas que se juntaram a esta iniciativa e \u00e0 Associa\u00e7\u00e3o Espanhola Contra o Cancro por tornar poss\u00edvel um evento t\u00e3o necess\u00e1rio. Continuaremos a avan\u00e7ar juntos pela sa\u00fade, solidariedade e por um futuro melhor.<\/p>\r\n<p data-start=\"2380\" data-end=\"2466\">\ud83d\udccc Porque na METRICA n\u00e3o corremos apenas \u2014 caminhamos para um mundo mais comprometido.<\/p>\r\n<figure class=\"wp-block-gallery has-nested-images columns-default is-cropped\">\r\n\r\n\r\n<figure class=\"wp-block-image size-large\"><img decoding=\"async\" class=\"wp-image-1719\" src=\"https:\/\/themetricachange.com\/wp-content\/uploads\/2025\/03\/03-768x1024.jpg\" alt=\"\" \/><\/figure>\r\n\r\n\r\n\r\n<figure class=\"wp-block-image size-large\"><img decoding=\"async\" class=\"wp-image-1715\" src=\"https:\/\/themetricachange.com\/wp-content\/uploads\/2025\/03\/07-768x1024.jpg\" alt=\"\" \/><\/figure>\r\n\r\n\r\n\r\n<figure class=\"wp-block-image size-large\"><img decoding=\"async\" class=\"wp-image-1718\" src=\"https:\/\/themetricachange.com\/wp-content\/uploads\/2025\/03\/05-768x1024.jpg\" alt=\"\" \/><\/figure>\r\n\r\n\r\n\r\n<figure class=\"wp-block-image size-large\"><img decoding=\"async\" class=\"wp-image-1717\" src=\"https:\/\/themetricachange.com\/wp-content\/uploads\/2025\/03\/10-1024x768.jpg\" alt=\"\" \/><\/figure>\r\n\r\n\r\n\r\n<figure class=\"wp-block-image size-large\"><img fetchpriority=\"high\" decoding=\"async\" width=\"1024\" height=\"768\" class=\"wp-image-1712\" src=\"https:\/\/themetricachange.com\/wp-content\/uploads\/2025\/03\/02-1024x768.jpg\" alt=\"\" srcset=\"https:\/\/www.metrica-global.com\/wp-content\/uploads\/2025\/03\/02-1024x768.jpg 1024w, https:\/\/www.metrica-global.com\/wp-content\/uploads\/2025\/03\/02-300x225.jpg 300w, https:\/\/www.metrica-global.com\/wp-content\/uploads\/2025\/03\/02-768x576.jpg 768w, https:\/\/www.metrica-global.com\/wp-content\/uploads\/2025\/03\/02-1536x1152.jpg 1536w, https:\/\/www.metrica-global.com\/wp-content\/uploads\/2025\/03\/02.jpg 1600w\" sizes=\"(max-width: 1024px) 100vw, 1024px\" \/><\/figure>\r\n\r\n\r\n\r\n<figure class=\"wp-block-image size-large\"><img decoding=\"async\" width=\"1024\" height=\"768\" class=\"wp-image-1713\" src=\"https:\/\/themetricachange.com\/wp-content\/uploads\/2025\/03\/04-1024x768.jpg\" alt=\"\" srcset=\"https:\/\/www.metrica-global.com\/wp-content\/uploads\/2025\/03\/04-1024x768.jpg 1024w, https:\/\/www.metrica-global.com\/wp-content\/uploads\/2025\/03\/04-300x225.jpg 300w, https:\/\/www.metrica-global.com\/wp-content\/uploads\/2025\/03\/04-768x576.jpg 768w, https:\/\/www.metrica-global.com\/wp-content\/uploads\/2025\/03\/04-1536x1152.jpg 1536w, https:\/\/www.metrica-global.com\/wp-content\/uploads\/2025\/03\/04.jpg 1600w\" sizes=\"(max-width: 1024px) 100vw, 1024px\" \/><\/figure>\r\n\r\n\r\n\r\n<figure class=\"wp-block-image size-large\"><img decoding=\"async\" width=\"1024\" height=\"768\" class=\"wp-image-1711\" src=\"https:\/\/themetricachange.com\/wp-content\/uploads\/2025\/03\/06-1024x768.jpg\" alt=\"\" srcset=\"https:\/\/www.metrica-global.com\/wp-content\/uploads\/2025\/03\/06-1024x768.jpg 1024w, https:\/\/www.metrica-global.com\/wp-content\/uploads\/2025\/03\/06-300x225.jpg 300w, https:\/\/www.metrica-global.com\/wp-content\/uploads\/2025\/03\/06-768x576.jpg 768w, https:\/\/www.metrica-global.com\/wp-content\/uploads\/2025\/03\/06-1536x1152.jpg 1536w, https:\/\/www.metrica-global.com\/wp-content\/uploads\/2025\/03\/06.jpg 1600w\" sizes=\"(max-width: 1024px) 100vw, 1024px\" \/><\/figure>\r\n\r\n\r\n\r\n<figure class=\"wp-block-image size-large\"><img decoding=\"async\" class=\"wp-image-1716\" src=\"https:\/\/themetricachange.com\/wp-content\/uploads\/2025\/03\/08-768x1024.jpg\" alt=\"\" \/><\/figure>\r\n<\/figure>\r\n<!-- \/wp:post-content -->","protected":false},"excerpt":{"rendered":"<p>Na METRICA, acreditamos que o compromisso com a sa\u00fade e o bem-estar deve fazer parte da nossa cultura empresarial. Por isso, no passado domingo, uma equipa composta por colegas, familiares e amigos participou na XII Corrida Madrid em Marcha contra o Cancro, um evento solid\u00e1rio organizado pela Associa\u00e7\u00e3o Espanhola Contra o Cancro (AECC). Esta corrida [&hellip;]<\/p>\n","protected":false},"author":1,"featured_media":7085,"comment_status":"open","ping_status":"open","sticky":false,"template":"","format":"standard","meta":{"content-type":"","footnotes":""},"categories":[1166],"tags":[1194,1195,1196,1197,1198,1199,1200,1432,1202],"class_list":["post-7084","post","type-post","status-publish","format-standard","has-post-thumbnail","hentry","category-atualidade-pt","tag-carrera-contra-el-cancer-pt","tag-carrera-solidaria-pt","tag-contra-el-cancer-pt","tag-empresa-responsable-pt","tag-espana-pt","tag-evento-benefico-pt","tag-madrid-pt","tag-metrica-pt","tag-responsabilidad-social-pt"],"yoast_head":"<!-- This site is optimized with the Yoast SEO plugin v25.9 - https:\/\/yoast.com\/wordpress\/plugins\/seo\/ -->\n<title>METRICA em movimento contra o cancro - METRICA<\/title>\n<meta name=\"robots\" content=\"index, follow, max-snippet:-1, max-image-preview:large, max-video-preview:-1\" \/>\n<link rel=\"canonical\" href=\"https:\/\/www.metrica-global.com\/pt\/metrica-en-marcha-contra-el-cancer\/\" \/>\n<meta property=\"og:locale\" content=\"pt_PT\" \/>\n<meta property=\"og:type\" content=\"article\" \/>\n<meta property=\"og:title\" content=\"METRICA em movimento contra o cancro - METRICA\" \/>\n<meta property=\"og:description\" content=\"Na METRICA, acreditamos que o compromisso com a sa\u00fade e o bem-estar deve fazer parte da nossa cultura empresarial. Por isso, no passado domingo, uma equipa composta por colegas, familiares e amigos participou na XII Corrida Madrid em Marcha contra o Cancro, um evento solid\u00e1rio organizado pela Associa\u00e7\u00e3o Espanhola Contra o Cancro (AECC). Esta corrida [&hellip;]\" \/>\n<meta property=\"og:url\" content=\"https:\/\/www.metrica-global.com\/pt\/metrica-en-marcha-contra-el-cancer\/\" \/>\n<meta property=\"og:site_name\" content=\"METRICA\" \/>\n<meta property=\"article:published_time\" content=\"2025-03-31T14:10:22+00:00\" \/>\n<meta property=\"article:modified_time\" content=\"2025-07-30T09:45:09+00:00\" \/>\n<meta property=\"og:image\" content=\"https:\/\/www.metrica-global.com\/wp-content\/uploads\/2025\/03\/BANNER-CARRERA-MADRID-CANCER-scaled-1.jpg\" \/>\n\t<meta property=\"og:image:width\" content=\"2560\" \/>\n\t<meta property=\"og:image:height\" content=\"1074\" \/>\n\t<meta property=\"og:image:type\" content=\"image\/jpeg\" \/>\n<meta name=\"author\" content=\"desarrollo\" \/>\n<meta name=\"twitter:card\" content=\"summary_large_image\" \/>\n<meta name=\"twitter:label1\" content=\"Written by\" \/>\n\t<meta name=\"twitter:data1\" content=\"desarrollo\" \/>\n\t<meta name=\"twitter:label2\" content=\"Est. reading time\" \/>\n\t<meta name=\"twitter:data2\" content=\"4 minutos\" \/>\n<script type=\"application\/ld+json\" class=\"yoast-schema-graph\">{\"@context\":\"https:\/\/schema.org\",\"@graph\":[{\"@type\":\"Article\",\"@id\":\"https:\/\/www.metrica-global.com\/pt\/metrica-en-marcha-contra-el-cancer\/#article\",\"isPartOf\":{\"@id\":\"https:\/\/www.metrica-global.com\/pt\/metrica-en-marcha-contra-el-cancer\/\"},\"author\":{\"name\":\"desarrollo\",\"@id\":\"https:\/\/www.metrica-global.com\/#\/schema\/person\/78e8e629d9e5908167469b249f6f2cdc\"},\"headline\":\"METRICA em movimento contra o cancro\",\"datePublished\":\"2025-03-31T14:10:22+00:00\",\"dateModified\":\"2025-07-30T09:45:09+00:00\",\"mainEntityOfPage\":{\"@id\":\"https:\/\/www.metrica-global.com\/pt\/metrica-en-marcha-contra-el-cancer\/\"},\"wordCount\":404,\"commentCount\":0,\"publisher\":{\"@id\":\"https:\/\/www.metrica-global.com\/#organization\"},\"image\":{\"@id\":\"https:\/\/www.metrica-global.com\/pt\/metrica-en-marcha-contra-el-cancer\/#primaryimage\"},\"thumbnailUrl\":\"https:\/\/www.metrica-global.com\/wp-content\/uploads\/2025\/03\/BANNER-CARRERA-MADRID-CANCER-scaled-1.jpg\",\"keywords\":[\"Carrera Contra El Cancer\",\"Carrera Solidaria\",\"Contra El C\u00e1ncer\",\"Empresa responsable\",\"Espa\u00f1a\",\"Evento ben\u00e9fico\",\"Madrid\",\"M\u00e9trica\",\"Responsabilidad Social\"],\"articleSection\":[\"Atualidade\"],\"inLanguage\":\"pt-PT\",\"potentialAction\":[{\"@type\":\"CommentAction\",\"name\":\"Comment\",\"target\":[\"https:\/\/www.metrica-global.com\/pt\/metrica-en-marcha-contra-el-cancer\/#respond\"]}]},{\"@type\":\"WebPage\",\"@id\":\"https:\/\/www.metrica-global.com\/pt\/metrica-en-marcha-contra-el-cancer\/\",\"url\":\"https:\/\/www.metrica-global.com\/pt\/metrica-en-marcha-contra-el-cancer\/\",\"name\":\"METRICA em movimento contra o cancro - METRICA\",\"isPartOf\":{\"@id\":\"https:\/\/www.metrica-global.com\/#website\"},\"primaryImageOfPage\":{\"@id\":\"https:\/\/www.metrica-global.com\/pt\/metrica-en-marcha-contra-el-cancer\/#primaryimage\"},\"image\":{\"@id\":\"https:\/\/www.metrica-global.com\/pt\/metrica-en-marcha-contra-el-cancer\/#primaryimage\"},\"thumbnailUrl\":\"https:\/\/www.metrica-global.com\/wp-content\/uploads\/2025\/03\/BANNER-CARRERA-MADRID-CANCER-scaled-1.jpg\",\"datePublished\":\"2025-03-31T14:10:22+00:00\",\"dateModified\":\"2025-07-30T09:45:09+00:00\",\"breadcrumb\":{\"@id\":\"https:\/\/www.metrica-global.com\/pt\/metrica-en-marcha-contra-el-cancer\/#breadcrumb\"},\"inLanguage\":\"pt-PT\",\"potentialAction\":[{\"@type\":\"ReadAction\",\"target\":[\"https:\/\/www.metrica-global.com\/pt\/metrica-en-marcha-contra-el-cancer\/\"]}]},{\"@type\":\"ImageObject\",\"inLanguage\":\"pt-PT\",\"@id\":\"https:\/\/www.metrica-global.com\/pt\/metrica-en-marcha-contra-el-cancer\/#primaryimage\",\"url\":\"https:\/\/www.metrica-global.com\/wp-content\/uploads\/2025\/03\/BANNER-CARRERA-MADRID-CANCER-scaled-1.jpg\",\"contentUrl\":\"https:\/\/www.metrica-global.com\/wp-content\/uploads\/2025\/03\/BANNER-CARRERA-MADRID-CANCER-scaled-1.jpg\",\"width\":2560,\"height\":1074,\"caption\":\"BANNER CARRERA MADRID CANCER scaled 1\"},{\"@type\":\"BreadcrumbList\",\"@id\":\"https:\/\/www.metrica-global.com\/pt\/metrica-en-marcha-contra-el-cancer\/#breadcrumb\",\"itemListElement\":[{\"@type\":\"ListItem\",\"position\":1,\"name\":\"Portada\",\"item\":\"https:\/\/www.metrica-global.com\/pt\/\"},{\"@type\":\"ListItem\",\"position\":2,\"name\":\"METRICA em movimento contra o cancro\"}]},{\"@type\":\"WebSite\",\"@id\":\"https:\/\/www.metrica-global.com\/#website\",\"url\":\"https:\/\/www.metrica-global.com\/\",\"name\":\"METRICA\",\"description\":\"Servicios Globales IT\",\"publisher\":{\"@id\":\"https:\/\/www.metrica-global.com\/#organization\"},\"potentialAction\":[{\"@type\":\"SearchAction\",\"target\":{\"@type\":\"EntryPoint\",\"urlTemplate\":\"https:\/\/www.metrica-global.com\/?s={search_term_string}\"},\"query-input\":{\"@type\":\"PropertyValueSpecification\",\"valueRequired\":true,\"valueName\":\"search_term_string\"}}],\"inLanguage\":\"pt-PT\"},{\"@type\":\"Organization\",\"@id\":\"https:\/\/www.metrica-global.com\/#organization\",\"name\":\"METRICA\",\"url\":\"https:\/\/www.metrica-global.com\/\",\"logo\":{\"@type\":\"ImageObject\",\"inLanguage\":\"pt-PT\",\"@id\":\"https:\/\/www.metrica-global.com\/#\/schema\/logo\/image\/\",\"url\":\"https:\/\/www.metrica-global.com\/wp-content\/uploads\/2023\/12\/logo-metrica.png\",\"contentUrl\":\"https:\/\/www.metrica-global.com\/wp-content\/uploads\/2023\/12\/logo-metrica.png\",\"width\":332,\"height\":58,\"caption\":\"METRICA\"},\"image\":{\"@id\":\"https:\/\/www.metrica-global.com\/#\/schema\/logo\/image\/\"}},{\"@type\":\"Person\",\"@id\":\"https:\/\/www.metrica-global.com\/#\/schema\/person\/78e8e629d9e5908167469b249f6f2cdc\",\"name\":\"desarrollo\",\"image\":{\"@type\":\"ImageObject\",\"inLanguage\":\"pt-PT\",\"@id\":\"https:\/\/www.metrica-global.com\/#\/schema\/person\/image\/\",\"url\":\"https:\/\/secure.gravatar.com\/avatar\/d2653fb8f170e1382a31acc69dcf92e99545e6329805eb11d8a34443b058f3de?s=96&d=mm&r=g\",\"contentUrl\":\"https:\/\/secure.gravatar.com\/avatar\/d2653fb8f170e1382a31acc69dcf92e99545e6329805eb11d8a34443b058f3de?s=96&d=mm&r=g\",\"caption\":\"desarrollo\"},\"url\":\"https:\/\/www.metrica-global.com\/pt\/author\/desarrollo\/\"}]}<\/script>\n<!-- \/ Yoast SEO plugin. -->","yoast_head_json":{"title":"METRICA em movimento contra o cancro - METRICA","robots":{"index":"index","follow":"follow","max-snippet":"max-snippet:-1","max-image-preview":"max-image-preview:large","max-video-preview":"max-video-preview:-1"},"canonical":"https:\/\/www.metrica-global.com\/pt\/metrica-en-marcha-contra-el-cancer\/","og_locale":"pt_PT","og_type":"article","og_title":"METRICA em movimento contra o cancro - METRICA","og_description":"Na METRICA, acreditamos que o compromisso com a sa\u00fade e o bem-estar deve fazer parte da nossa cultura empresarial. Por isso, no passado domingo, uma equipa composta por colegas, familiares e amigos participou na XII Corrida Madrid em Marcha contra o Cancro, um evento solid\u00e1rio organizado pela Associa\u00e7\u00e3o Espanhola Contra o Cancro (AECC). Esta corrida [&hellip;]","og_url":"https:\/\/www.metrica-global.com\/pt\/metrica-en-marcha-contra-el-cancer\/","og_site_name":"METRICA","article_published_time":"2025-03-31T14:10:22+00:00","article_modified_time":"2025-07-30T09:45:09+00:00","og_image":[{"width":2560,"height":1074,"url":"https:\/\/www.metrica-global.com\/wp-content\/uploads\/2025\/03\/BANNER-CARRERA-MADRID-CANCER-scaled-1.jpg","type":"image\/jpeg"}],"author":"desarrollo","twitter_card":"summary_large_image","twitter_misc":{"Written by":"desarrollo","Est. reading time":"4 minutos"},"schema":{"@context":"https:\/\/schema.org","@graph":[{"@type":"Article","@id":"https:\/\/www.metrica-global.com\/pt\/metrica-en-marcha-contra-el-cancer\/#article","isPartOf":{"@id":"https:\/\/www.metrica-global.com\/pt\/metrica-en-marcha-contra-el-cancer\/"},"author":{"name":"desarrollo","@id":"https:\/\/www.metrica-global.com\/#\/schema\/person\/78e8e629d9e5908167469b249f6f2cdc"},"headline":"METRICA em movimento contra o cancro","datePublished":"2025-03-31T14:10:22+00:00","dateModified":"2025-07-30T09:45:09+00:00","mainEntityOfPage":{"@id":"https:\/\/www.metrica-global.com\/pt\/metrica-en-marcha-contra-el-cancer\/"},"wordCount":404,"commentCount":0,"publisher":{"@id":"https:\/\/www.metrica-global.com\/#organization"},"image":{"@id":"https:\/\/www.metrica-global.com\/pt\/metrica-en-marcha-contra-el-cancer\/#primaryimage"},"thumbnailUrl":"https:\/\/www.metrica-global.com\/wp-content\/uploads\/2025\/03\/BANNER-CARRERA-MADRID-CANCER-scaled-1.jpg","keywords":["Carrera Contra El Cancer","Carrera Solidaria","Contra El C\u00e1ncer","Empresa responsable","Espa\u00f1a","Evento ben\u00e9fico","Madrid","M\u00e9trica","Responsabilidad Social"],"articleSection":["Atualidade"],"inLanguage":"pt-PT","potentialAction":[{"@type":"CommentAction","name":"Comment","target":["https:\/\/www.metrica-global.com\/pt\/metrica-en-marcha-contra-el-cancer\/#respond"]}]},{"@type":"WebPage","@id":"https:\/\/www.metrica-global.com\/pt\/metrica-en-marcha-contra-el-cancer\/","url":"https:\/\/www.metrica-global.com\/pt\/metrica-en-marcha-contra-el-cancer\/","name":"METRICA em movimento contra o cancro - METRICA","isPartOf":{"@id":"https:\/\/www.metrica-global.com\/#website"},"primaryImageOfPage":{"@id":"https:\/\/www.metrica-global.com\/pt\/metrica-en-marcha-contra-el-cancer\/#primaryimage"},"image":{"@id":"https:\/\/www.metrica-global.com\/pt\/metrica-en-marcha-contra-el-cancer\/#primaryimage"},"thumbnailUrl":"https:\/\/www.metrica-global.com\/wp-content\/uploads\/2025\/03\/BANNER-CARRERA-MADRID-CANCER-scaled-1.jpg","datePublished":"2025-03-31T14:10:22+00:00","dateModified":"2025-07-30T09:45:09+00:00","breadcrumb":{"@id":"https:\/\/www.metrica-global.com\/pt\/metrica-en-marcha-contra-el-cancer\/#breadcrumb"},"inLanguage":"pt-PT","potentialAction":[{"@type":"ReadAction","target":["https:\/\/www.metrica-global.com\/pt\/metrica-en-marcha-contra-el-cancer\/"]}]},{"@type":"ImageObject","inLanguage":"pt-PT","@id":"https:\/\/www.metrica-global.com\/pt\/metrica-en-marcha-contra-el-cancer\/#primaryimage","url":"https:\/\/www.metrica-global.com\/wp-content\/uploads\/2025\/03\/BANNER-CARRERA-MADRID-CANCER-scaled-1.jpg","contentUrl":"https:\/\/www.metrica-global.com\/wp-content\/uploads\/2025\/03\/BANNER-CARRERA-MADRID-CANCER-scaled-1.jpg","width":2560,"height":1074,"caption":"BANNER CARRERA MADRID CANCER scaled 1"},{"@type":"BreadcrumbList","@id":"https:\/\/www.metrica-global.com\/pt\/metrica-en-marcha-contra-el-cancer\/#breadcrumb","itemListElement":[{"@type":"ListItem","position":1,"name":"Portada","item":"https:\/\/www.metrica-global.com\/pt\/"},{"@type":"ListItem","position":2,"name":"METRICA em movimento contra o cancro"}]},{"@type":"WebSite","@id":"https:\/\/www.metrica-global.com\/#website","url":"https:\/\/www.metrica-global.com\/","name":"METRICA","description":"Servicios Globales IT","publisher":{"@id":"https:\/\/www.metrica-global.com\/#organization"},"potentialAction":[{"@type":"SearchAction","target":{"@type":"EntryPoint","urlTemplate":"https:\/\/www.metrica-global.com\/?s={search_term_string}"},"query-input":{"@type":"PropertyValueSpecification","valueRequired":true,"valueName":"search_term_string"}}],"inLanguage":"pt-PT"},{"@type":"Organization","@id":"https:\/\/www.metrica-global.com\/#organization","name":"METRICA","url":"https:\/\/www.metrica-global.com\/","logo":{"@type":"ImageObject","inLanguage":"pt-PT","@id":"https:\/\/www.metrica-global.com\/#\/schema\/logo\/image\/","url":"https:\/\/www.metrica-global.com\/wp-content\/uploads\/2023\/12\/logo-metrica.png","contentUrl":"https:\/\/www.metrica-global.com\/wp-content\/uploads\/2023\/12\/logo-metrica.png","width":332,"height":58,"caption":"METRICA"},"image":{"@id":"https:\/\/www.metrica-global.com\/#\/schema\/logo\/image\/"}},{"@type":"Person","@id":"https:\/\/www.metrica-global.com\/#\/schema\/person\/78e8e629d9e5908167469b249f6f2cdc","name":"desarrollo","image":{"@type":"ImageObject","inLanguage":"pt-PT","@id":"https:\/\/www.metrica-global.com\/#\/schema\/person\/image\/","url":"https:\/\/secure.gravatar.com\/avatar\/d2653fb8f170e1382a31acc69dcf92e99545e6329805eb11d8a34443b058f3de?s=96&d=mm&r=g","contentUrl":"https:\/\/secure.gravatar.com\/avatar\/d2653fb8f170e1382a31acc69dcf92e99545e6329805eb11d8a34443b058f3de?s=96&d=mm&r=g","caption":"desarrollo"},"url":"https:\/\/www.metrica-global.com\/pt\/author\/desarrollo\/"}]}},"_links":{"self":[{"href":"https:\/\/www.metrica-global.com\/pt\/wp-json\/wp\/v2\/posts\/7084","targetHints":{"allow":["GET"]}}],"collection":[{"href":"https:\/\/www.metrica-global.com\/pt\/wp-json\/wp\/v2\/posts"}],"about":[{"href":"https:\/\/www.metrica-global.com\/pt\/wp-json\/wp\/v2\/types\/post"}],"author":[{"embeddable":true,"href":"https:\/\/www.metrica-global.com\/pt\/wp-json\/wp\/v2\/users\/1"}],"replies":[{"embeddable":true,"href":"https:\/\/www.metrica-global.com\/pt\/wp-json\/wp\/v2\/comments?post=7084"}],"version-history":[{"count":3,"href":"https:\/\/www.metrica-global.com\/pt\/wp-json\/wp\/v2\/posts\/7084\/revisions"}],"predecessor-version":[{"id":12452,"href":"https:\/\/www.metrica-global.com\/pt\/wp-json\/wp\/v2\/posts\/7084\/revisions\/12452"}],"wp:featuredmedia":[{"embeddable":true,"href":"https:\/\/www.metrica-global.com\/pt\/wp-json\/wp\/v2\/media\/7085"}],"wp:attachment":[{"href":"https:\/\/www.metrica-global.com\/pt\/wp-json\/wp\/v2\/media?parent=7084"}],"wp:term":[{"taxonomy":"category","embeddable":true,"href":"https:\/\/www.metrica-global.com\/pt\/wp-json\/wp\/v2\/categories?post=7084"},{"taxonomy":"post_tag","embeddable":true,"href":"https:\/\/www.metrica-global.com\/pt\/wp-json\/wp\/v2\/tags?post=7084"}],"curies":[{"name":"wp","href":"https:\/\/api.w.org\/{rel}","templated":true}]}}