{"id":7108,"date":"2025-02-27T16:37:43","date_gmt":"2025-02-27T15:37:43","guid":{"rendered":"https:\/\/www.metrica-global.com\/metrica-y-las-ong-a-nivel-global\/"},"modified":"2025-07-29T16:43:58","modified_gmt":"2025-07-29T14:43:58","slug":"metrica-y-las-ong-a-nivel-global","status":"publish","type":"post","link":"https:\/\/www.metrica-global.com\/pt\/metrica-y-las-ong-a-nivel-global\/","title":{"rendered":"A METRICA e as ONG a n\u00edvel global"},"content":{"rendered":"\r\n\r\n\r\n<p data-start=\"273\" data-end=\"523\">Na METRICA, a inova\u00e7\u00e3o e a tecnologia andam de m\u00e3os dadas com a responsabilidade social. Por isso, neste Dia Mundial das ONG, destacamos o nosso envolvimento com v\u00e1rias organiza\u00e7\u00f5es que trabalham em prol da sa\u00fade, da inclus\u00e3o e da prote\u00e7\u00e3o ambiental.<\/p>\r\n<p data-start=\"525\" data-end=\"725\">A n\u00edvel global, colaboramos com associa\u00e7\u00f5es que geram um impacto real nas comunidades onde estamos presentes, apoiando iniciativas solid\u00e1rias e participando em a\u00e7\u00f5es que promovem uma mudan\u00e7a positiva.<\/p>\r\n<hr data-start=\"727\" data-end=\"730\" \/>\r\n<h3 data-section-id=\"1wm6htq\" data-start=\"732\" data-end=\"779\">A nossa colabora\u00e7\u00e3o com ONG em todo o mundo<\/h3>\r\n<p data-start=\"781\" data-end=\"977\">A partir das nossas v\u00e1rias sedes, envolvemo-nos ativamente em projetos que procuram melhorar a qualidade de vida das pessoas e proteger o ambiente. Eis algumas das iniciativas em que participamos:<\/p>\r\n<hr data-start=\"979\" data-end=\"982\" \/>\r\n<h4 data-start=\"984\" data-end=\"1008\">\ud83d\udfe2 A\u00e7\u00f5es em Espanha<\/h4>\r\n<ul data-start=\"1010\" data-end=\"1800\">\r\n<li data-start=\"1010\" data-end=\"1153\">\r\n<p data-start=\"1012\" data-end=\"1153\"><strong data-start=\"1012\" data-end=\"1042\">Fundaci\u00f3n Oncolliga Girona<\/strong>: Patrocinamos a corrida Oncogravel, que apoia doentes oncol\u00f3gicos e promove a sensibiliza\u00e7\u00e3o sobre o cancro.<\/p>\r\n<\/li>\r\n<li data-start=\"1154\" data-end=\"1292\">\r\n<p data-start=\"1156\" data-end=\"1292\"><strong data-start=\"1156\" data-end=\"1178\">Banco de Alimentos<\/strong>: Atrav\u00e9s de doa\u00e7\u00f5es anuais, a nossa equipa contribui para garantir o acesso a alimentos para quem mais precisa.<\/p>\r\n<\/li>\r\n<li data-start=\"1293\" data-end=\"1475\">\r\n<p data-start=\"1295\" data-end=\"1475\"><strong data-start=\"1295\" data-end=\"1335\">Associa\u00e7\u00e3o Contra o Cancro de Madrid<\/strong>: Colaboramos com donativos e com a divulga\u00e7\u00e3o do seu trabalho, al\u00e9m de termos participado na \u201cMadrid en Marcha Contra el C\u00e1ncer\u201d em 2023.<\/p>\r\n<\/li>\r\n<li data-start=\"1476\" data-end=\"1656\">\r\n<p data-start=\"1478\" data-end=\"1656\"><strong data-start=\"1478\" data-end=\"1533\">Associa\u00e7\u00e3o Diabetes Madrid e Fundaci\u00f3n Novo Nordisk<\/strong>: Particip\u00e1mos na Caminhada Popular pela Diabetes de Madrid, apoiando a visibilidade e consciencializa\u00e7\u00e3o sobre a doen\u00e7a.<\/p>\r\n<\/li>\r\n<li data-start=\"1657\" data-end=\"1800\">\r\n<p data-start=\"1659\" data-end=\"1800\"><strong data-start=\"1659\" data-end=\"1689\">Associaci\u00f3 Aprenem Autisme<\/strong>: Estivemos presentes na CorreBlau 2024, em Barcelona, promovendo a inclus\u00e3o e a sensibiliza\u00e7\u00e3o para o autismo.<\/p>\r\n<\/li>\r\n<\/ul>\r\n<hr data-start=\"1802\" data-end=\"1805\" \/>\r\n<h4 data-start=\"1807\" data-end=\"1843\">\ud83c\udf31 Sustentabilidade em Portugal<\/h4>\r\n<ul data-start=\"1845\" data-end=\"2139\">\r\n<li data-start=\"1845\" data-end=\"2139\">\r\n<p data-start=\"1847\" data-end=\"2139\"><strong data-start=\"1847\" data-end=\"1869\">Plantar Uma \u00c1rvore<\/strong>: Desde 2023, colaboramos com esta ONG na refloresta\u00e7\u00e3o e recupera\u00e7\u00e3o de zonas degradadas em Portugal. Pelo segundo ano consecutivo, a nossa equipa participou na restaura\u00e7\u00e3o do Parque Natural de Sintra-Cascais, plantando esp\u00e9cies aut\u00f3ctones para preservar o ecossistema.<\/p>\r\n<\/li>\r\n<\/ul>\r\n<hr data-start=\"2141\" data-end=\"2144\" \/>\r\n<h4 data-start=\"2146\" data-end=\"2192\">\ud83e\udd1d Iniciativas sociais no Peru e no Chile<\/h4>\r\n<ul data-start=\"2194\" data-end=\"2595\">\r\n<li data-start=\"2194\" data-end=\"2325\">\r\n<p data-start=\"2196\" data-end=\"2325\"><strong data-start=\"2196\" data-end=\"2228\">Centro Integral IKUAL (Peru)<\/strong>: Apoiamo-lo na educa\u00e7\u00e3o e desenvolvimento de crian\u00e7as e jovens em situa\u00e7\u00e3o de vulnerabilidade.<\/p>\r\n<\/li>\r\n<li data-start=\"2326\" data-end=\"2462\">\r\n<p data-start=\"2328\" data-end=\"2462\"><strong data-start=\"2328\" data-end=\"2381\">Col\u00e9gio de Educa\u00e7\u00e3o Especial Juan Pablo II (Peru)<\/strong>: Contribu\u00edmos para a forma\u00e7\u00e3o de alunos com necessidades educativas especiais.<\/p>\r\n<\/li>\r\n<li data-start=\"2463\" data-end=\"2595\">\r\n<p data-start=\"2465\" data-end=\"2595\"><strong data-start=\"2465\" data-end=\"2501\">Fundaci\u00f3n Nuestros Hijos (Chile)<\/strong>: Colaboramos com esta funda\u00e7\u00e3o dedicada ao apoio a crian\u00e7as com cancro e respetivas fam\u00edlias.<\/p>\r\n<\/li>\r\n<\/ul>\r\n<hr data-start=\"2597\" data-end=\"2600\" \/>\r\n<h3 data-section-id=\"1yq3mp4\" data-start=\"2602\" data-end=\"2659\">Compromisso com a sustentabilidade e o impacto social<\/h3>\r\n<p data-start=\"2661\" data-end=\"2946\">Na METRICA, acreditamos que a responsabilidade social \u00e9 um pilar fundamental da nossa cultura empresarial. A sustentabilidade, juntamente com a integridade, a coragem e a solidez, faz parte dos nossos valores corporativos e orienta as nossas a\u00e7\u00f5es para um mundo mais justo e inclusivo.<\/p>\r\n<p data-start=\"2948\" data-end=\"3035\">Por isso, neste Dia Mundial das ONG, partilh\u00e1mos o nosso compromisso nas redes sociais:<\/p>\r\n<p data-start=\"3037\" data-end=\"3277\">\ud83d\udcf9 No <strong data-start=\"3043\" data-end=\"3056\">Instagram<\/strong>, public\u00e1mos um v\u00eddeo com todas as iniciativas globais com que colaboramos.<br data-start=\"3131\" data-end=\"3134\" \/>\ud83d\udcca No <strong data-start=\"3140\" data-end=\"3152\">LinkedIn<\/strong>, partilh\u00e1mos um carrossel com detalhes do nosso trabalho em Espanha e das organiza\u00e7\u00f5es com quem cooperamos a n\u00edvel nacional.<\/p>\r\n<p data-start=\"3279\" data-end=\"3337\">Se ainda n\u00e3o viste, convidamos-te a descobrir e partilhar.<\/p>\r\n<hr data-start=\"3339\" data-end=\"3342\" \/>\r\n<h3 data-section-id=\"1w9jbed\" data-start=\"3344\" data-end=\"3386\">Porque \u00e9 importante colaborar com ONG?<\/h3>\r\n<p data-start=\"3388\" data-end=\"3688\">As organiza\u00e7\u00f5es sem fins lucrativos desempenham um papel essencial na luta contra a desigualdade, na prote\u00e7\u00e3o do meio ambiente e na melhoria das condi\u00e7\u00f5es de vida de muitas pessoas. Na METRICA, acreditamos que cada pequena a\u00e7\u00e3o conta e que, atrav\u00e9s das nossas colabora\u00e7\u00f5es, podemos fazer a diferen\u00e7a.<\/p>\r\n<p data-start=\"3690\" data-end=\"3864\">Queres saber mais sobre o nosso compromisso social e ambiental? Segue-nos nas redes sociais e descobre como, juntos, podemos construir um futuro mais solid\u00e1rio e sustent\u00e1vel.<\/p>\r\n","protected":false},"excerpt":{"rendered":"<p>Neste Dia Mundial das ONG, queremos destacar o nosso compromisso com diversas organiza\u00e7\u00f5es que atuam em \u00e1reas essenciais como a sa\u00fade, a inclus\u00e3o social e a sustentabilidade.<\/p>\n","protected":false},"author":1,"featured_media":7109,"comment_status":"open","ping_status":"open","sticky":false,"template":"","format":"standard","meta":{"content-type":"","footnotes":""},"categories":[1166],"tags":[1283,1284,1285,1286,1287,1288,1252],"class_list":["post-7108","post","type-post","status-publish","format-standard","has-post-thumbnail","hentry","category-atualidade-pt","tag-accion-social-pt","tag-colaboracion-internacional-pt","tag-compromiso-empresarial-pt","tag-impacto-social-pt","tag-inclusion-pt","tag-ong-pt","tag-sostenibilidad-pt"],"yoast_head":"<!-- This site is optimized with the Yoast SEO plugin v25.9 - https:\/\/yoast.com\/wordpress\/plugins\/seo\/ -->\n<title>A METRICA e as ONG a n\u00edvel global - METRICA<\/title>\n<meta name=\"robots\" content=\"index, follow, max-snippet:-1, max-image-preview:large, max-video-preview:-1\" \/>\n<link rel=\"canonical\" href=\"https:\/\/www.metrica-global.com\/pt\/metrica-y-las-ong-a-nivel-global\/\" \/>\n<meta property=\"og:locale\" content=\"pt_PT\" \/>\n<meta property=\"og:type\" content=\"article\" \/>\n<meta property=\"og:title\" content=\"A METRICA e as ONG a n\u00edvel global - METRICA\" \/>\n<meta property=\"og:description\" content=\"Neste Dia Mundial das ONG, queremos destacar o nosso compromisso com diversas organiza\u00e7\u00f5es que atuam em \u00e1reas essenciais como a sa\u00fade, a inclus\u00e3o social e a sustentabilidade.\" \/>\n<meta property=\"og:url\" content=\"https:\/\/www.metrica-global.com\/pt\/metrica-y-las-ong-a-nivel-global\/\" \/>\n<meta property=\"og:site_name\" content=\"METRICA\" \/>\n<meta property=\"article:published_time\" content=\"2025-02-27T15:37:43+00:00\" \/>\n<meta property=\"article:modified_time\" content=\"2025-07-29T14:43:58+00:00\" \/>\n<meta property=\"og:image\" content=\"https:\/\/www.metrica-global.com\/wp-content\/uploads\/2025\/02\/BANNER-ONG-scaled-1.jpg\" \/>\n\t<meta property=\"og:image:width\" content=\"2560\" \/>\n\t<meta property=\"og:image:height\" content=\"1008\" \/>\n\t<meta property=\"og:image:type\" content=\"image\/jpeg\" \/>\n<meta name=\"author\" content=\"desarrollo\" \/>\n<meta name=\"twitter:card\" content=\"summary_large_image\" \/>\n<meta name=\"twitter:label1\" content=\"Written by\" \/>\n\t<meta name=\"twitter:data1\" content=\"desarrollo\" \/>\n\t<meta name=\"twitter:label2\" content=\"Est. reading time\" \/>\n\t<meta name=\"twitter:data2\" content=\"3 minutos\" \/>\n<script type=\"application\/ld+json\" class=\"yoast-schema-graph\">{\"@context\":\"https:\/\/schema.org\",\"@graph\":[{\"@type\":\"Article\",\"@id\":\"https:\/\/www.metrica-global.com\/pt\/metrica-y-las-ong-a-nivel-global\/#article\",\"isPartOf\":{\"@id\":\"https:\/\/www.metrica-global.com\/pt\/metrica-y-las-ong-a-nivel-global\/\"},\"author\":{\"name\":\"desarrollo\",\"@id\":\"https:\/\/www.metrica-global.com\/#\/schema\/person\/78e8e629d9e5908167469b249f6f2cdc\"},\"headline\":\"A METRICA e as ONG a n\u00edvel global\",\"datePublished\":\"2025-02-27T15:37:43+00:00\",\"dateModified\":\"2025-07-29T14:43:58+00:00\",\"mainEntityOfPage\":{\"@id\":\"https:\/\/www.metrica-global.com\/pt\/metrica-y-las-ong-a-nivel-global\/\"},\"wordCount\":580,\"commentCount\":0,\"publisher\":{\"@id\":\"https:\/\/www.metrica-global.com\/#organization\"},\"image\":{\"@id\":\"https:\/\/www.metrica-global.com\/pt\/metrica-y-las-ong-a-nivel-global\/#primaryimage\"},\"thumbnailUrl\":\"https:\/\/www.metrica-global.com\/wp-content\/uploads\/2025\/02\/BANNER-ONG-scaled-1.jpg\",\"keywords\":[\"Acci\u00f3n Social\",\"Colaboraci\u00f3n internacional\",\"Compromiso empresarial\",\"Impacto social\",\"Inclusi\u00f3n\",\"ONG\",\"Sostenibilidad\"],\"articleSection\":[\"Atualidade\"],\"inLanguage\":\"pt-PT\",\"potentialAction\":[{\"@type\":\"CommentAction\",\"name\":\"Comment\",\"target\":[\"https:\/\/www.metrica-global.com\/pt\/metrica-y-las-ong-a-nivel-global\/#respond\"]}]},{\"@type\":\"WebPage\",\"@id\":\"https:\/\/www.metrica-global.com\/pt\/metrica-y-las-ong-a-nivel-global\/\",\"url\":\"https:\/\/www.metrica-global.com\/pt\/metrica-y-las-ong-a-nivel-global\/\",\"name\":\"A METRICA e as ONG a n\u00edvel global - METRICA\",\"isPartOf\":{\"@id\":\"https:\/\/www.metrica-global.com\/#website\"},\"primaryImageOfPage\":{\"@id\":\"https:\/\/www.metrica-global.com\/pt\/metrica-y-las-ong-a-nivel-global\/#primaryimage\"},\"image\":{\"@id\":\"https:\/\/www.metrica-global.com\/pt\/metrica-y-las-ong-a-nivel-global\/#primaryimage\"},\"thumbnailUrl\":\"https:\/\/www.metrica-global.com\/wp-content\/uploads\/2025\/02\/BANNER-ONG-scaled-1.jpg\",\"datePublished\":\"2025-02-27T15:37:43+00:00\",\"dateModified\":\"2025-07-29T14:43:58+00:00\",\"breadcrumb\":{\"@id\":\"https:\/\/www.metrica-global.com\/pt\/metrica-y-las-ong-a-nivel-global\/#breadcrumb\"},\"inLanguage\":\"pt-PT\",\"potentialAction\":[{\"@type\":\"ReadAction\",\"target\":[\"https:\/\/www.metrica-global.com\/pt\/metrica-y-las-ong-a-nivel-global\/\"]}]},{\"@type\":\"ImageObject\",\"inLanguage\":\"pt-PT\",\"@id\":\"https:\/\/www.metrica-global.com\/pt\/metrica-y-las-ong-a-nivel-global\/#primaryimage\",\"url\":\"https:\/\/www.metrica-global.com\/wp-content\/uploads\/2025\/02\/BANNER-ONG-scaled-1.jpg\",\"contentUrl\":\"https:\/\/www.metrica-global.com\/wp-content\/uploads\/2025\/02\/BANNER-ONG-scaled-1.jpg\",\"width\":2560,\"height\":1008,\"caption\":\"BANNER ONG scaled 1\"},{\"@type\":\"BreadcrumbList\",\"@id\":\"https:\/\/www.metrica-global.com\/pt\/metrica-y-las-ong-a-nivel-global\/#breadcrumb\",\"itemListElement\":[{\"@type\":\"ListItem\",\"position\":1,\"name\":\"Portada\",\"item\":\"https:\/\/www.metrica-global.com\/pt\/\"},{\"@type\":\"ListItem\",\"position\":2,\"name\":\"A METRICA e as ONG a n\u00edvel global\"}]},{\"@type\":\"WebSite\",\"@id\":\"https:\/\/www.metrica-global.com\/#website\",\"url\":\"https:\/\/www.metrica-global.com\/\",\"name\":\"METRICA\",\"description\":\"Servicios Globales IT\",\"publisher\":{\"@id\":\"https:\/\/www.metrica-global.com\/#organization\"},\"potentialAction\":[{\"@type\":\"SearchAction\",\"target\":{\"@type\":\"EntryPoint\",\"urlTemplate\":\"https:\/\/www.metrica-global.com\/?s={search_term_string}\"},\"query-input\":{\"@type\":\"PropertyValueSpecification\",\"valueRequired\":true,\"valueName\":\"search_term_string\"}}],\"inLanguage\":\"pt-PT\"},{\"@type\":\"Organization\",\"@id\":\"https:\/\/www.metrica-global.com\/#organization\",\"name\":\"METRICA\",\"url\":\"https:\/\/www.metrica-global.com\/\",\"logo\":{\"@type\":\"ImageObject\",\"inLanguage\":\"pt-PT\",\"@id\":\"https:\/\/www.metrica-global.com\/#\/schema\/logo\/image\/\",\"url\":\"https:\/\/www.metrica-global.com\/wp-content\/uploads\/2023\/12\/logo-metrica.png\",\"contentUrl\":\"https:\/\/www.metrica-global.com\/wp-content\/uploads\/2023\/12\/logo-metrica.png\",\"width\":332,\"height\":58,\"caption\":\"METRICA\"},\"image\":{\"@id\":\"https:\/\/www.metrica-global.com\/#\/schema\/logo\/image\/\"}},{\"@type\":\"Person\",\"@id\":\"https:\/\/www.metrica-global.com\/#\/schema\/person\/78e8e629d9e5908167469b249f6f2cdc\",\"name\":\"desarrollo\",\"image\":{\"@type\":\"ImageObject\",\"inLanguage\":\"pt-PT\",\"@id\":\"https:\/\/www.metrica-global.com\/#\/schema\/person\/image\/\",\"url\":\"https:\/\/secure.gravatar.com\/avatar\/d2653fb8f170e1382a31acc69dcf92e99545e6329805eb11d8a34443b058f3de?s=96&d=mm&r=g\",\"contentUrl\":\"https:\/\/secure.gravatar.com\/avatar\/d2653fb8f170e1382a31acc69dcf92e99545e6329805eb11d8a34443b058f3de?s=96&d=mm&r=g\",\"caption\":\"desarrollo\"},\"url\":\"https:\/\/www.metrica-global.com\/pt\/author\/desarrollo\/\"}]}<\/script>\n<!-- \/ Yoast SEO plugin. -->","yoast_head_json":{"title":"A METRICA e as ONG a n\u00edvel global - METRICA","robots":{"index":"index","follow":"follow","max-snippet":"max-snippet:-1","max-image-preview":"max-image-preview:large","max-video-preview":"max-video-preview:-1"},"canonical":"https:\/\/www.metrica-global.com\/pt\/metrica-y-las-ong-a-nivel-global\/","og_locale":"pt_PT","og_type":"article","og_title":"A METRICA e as ONG a n\u00edvel global - METRICA","og_description":"Neste Dia Mundial das ONG, queremos destacar o nosso compromisso com diversas organiza\u00e7\u00f5es que atuam em \u00e1reas essenciais como a sa\u00fade, a inclus\u00e3o social e a sustentabilidade.","og_url":"https:\/\/www.metrica-global.com\/pt\/metrica-y-las-ong-a-nivel-global\/","og_site_name":"METRICA","article_published_time":"2025-02-27T15:37:43+00:00","article_modified_time":"2025-07-29T14:43:58+00:00","og_image":[{"width":2560,"height":1008,"url":"https:\/\/www.metrica-global.com\/wp-content\/uploads\/2025\/02\/BANNER-ONG-scaled-1.jpg","type":"image\/jpeg"}],"author":"desarrollo","twitter_card":"summary_large_image","twitter_misc":{"Written by":"desarrollo","Est. reading time":"3 minutos"},"schema":{"@context":"https:\/\/schema.org","@graph":[{"@type":"Article","@id":"https:\/\/www.metrica-global.com\/pt\/metrica-y-las-ong-a-nivel-global\/#article","isPartOf":{"@id":"https:\/\/www.metrica-global.com\/pt\/metrica-y-las-ong-a-nivel-global\/"},"author":{"name":"desarrollo","@id":"https:\/\/www.metrica-global.com\/#\/schema\/person\/78e8e629d9e5908167469b249f6f2cdc"},"headline":"A METRICA e as ONG a n\u00edvel global","datePublished":"2025-02-27T15:37:43+00:00","dateModified":"2025-07-29T14:43:58+00:00","mainEntityOfPage":{"@id":"https:\/\/www.metrica-global.com\/pt\/metrica-y-las-ong-a-nivel-global\/"},"wordCount":580,"commentCount":0,"publisher":{"@id":"https:\/\/www.metrica-global.com\/#organization"},"image":{"@id":"https:\/\/www.metrica-global.com\/pt\/metrica-y-las-ong-a-nivel-global\/#primaryimage"},"thumbnailUrl":"https:\/\/www.metrica-global.com\/wp-content\/uploads\/2025\/02\/BANNER-ONG-scaled-1.jpg","keywords":["Acci\u00f3n Social","Colaboraci\u00f3n internacional","Compromiso empresarial","Impacto social","Inclusi\u00f3n","ONG","Sostenibilidad"],"articleSection":["Atualidade"],"inLanguage":"pt-PT","potentialAction":[{"@type":"CommentAction","name":"Comment","target":["https:\/\/www.metrica-global.com\/pt\/metrica-y-las-ong-a-nivel-global\/#respond"]}]},{"@type":"WebPage","@id":"https:\/\/www.metrica-global.com\/pt\/metrica-y-las-ong-a-nivel-global\/","url":"https:\/\/www.metrica-global.com\/pt\/metrica-y-las-ong-a-nivel-global\/","name":"A METRICA e as ONG a n\u00edvel global - METRICA","isPartOf":{"@id":"https:\/\/www.metrica-global.com\/#website"},"primaryImageOfPage":{"@id":"https:\/\/www.metrica-global.com\/pt\/metrica-y-las-ong-a-nivel-global\/#primaryimage"},"image":{"@id":"https:\/\/www.metrica-global.com\/pt\/metrica-y-las-ong-a-nivel-global\/#primaryimage"},"thumbnailUrl":"https:\/\/www.metrica-global.com\/wp-content\/uploads\/2025\/02\/BANNER-ONG-scaled-1.jpg","datePublished":"2025-02-27T15:37:43+00:00","dateModified":"2025-07-29T14:43:58+00:00","breadcrumb":{"@id":"https:\/\/www.metrica-global.com\/pt\/metrica-y-las-ong-a-nivel-global\/#breadcrumb"},"inLanguage":"pt-PT","potentialAction":[{"@type":"ReadAction","target":["https:\/\/www.metrica-global.com\/pt\/metrica-y-las-ong-a-nivel-global\/"]}]},{"@type":"ImageObject","inLanguage":"pt-PT","@id":"https:\/\/www.metrica-global.com\/pt\/metrica-y-las-ong-a-nivel-global\/#primaryimage","url":"https:\/\/www.metrica-global.com\/wp-content\/uploads\/2025\/02\/BANNER-ONG-scaled-1.jpg","contentUrl":"https:\/\/www.metrica-global.com\/wp-content\/uploads\/2025\/02\/BANNER-ONG-scaled-1.jpg","width":2560,"height":1008,"caption":"BANNER ONG scaled 1"},{"@type":"BreadcrumbList","@id":"https:\/\/www.metrica-global.com\/pt\/metrica-y-las-ong-a-nivel-global\/#breadcrumb","itemListElement":[{"@type":"ListItem","position":1,"name":"Portada","item":"https:\/\/www.metrica-global.com\/pt\/"},{"@type":"ListItem","position":2,"name":"A METRICA e as ONG a n\u00edvel global"}]},{"@type":"WebSite","@id":"https:\/\/www.metrica-global.com\/#website","url":"https:\/\/www.metrica-global.com\/","name":"METRICA","description":"Servicios Globales IT","publisher":{"@id":"https:\/\/www.metrica-global.com\/#organization"},"potentialAction":[{"@type":"SearchAction","target":{"@type":"EntryPoint","urlTemplate":"https:\/\/www.metrica-global.com\/?s={search_term_string}"},"query-input":{"@type":"PropertyValueSpecification","valueRequired":true,"valueName":"search_term_string"}}],"inLanguage":"pt-PT"},{"@type":"Organization","@id":"https:\/\/www.metrica-global.com\/#organization","name":"METRICA","url":"https:\/\/www.metrica-global.com\/","logo":{"@type":"ImageObject","inLanguage":"pt-PT","@id":"https:\/\/www.metrica-global.com\/#\/schema\/logo\/image\/","url":"https:\/\/www.metrica-global.com\/wp-content\/uploads\/2023\/12\/logo-metrica.png","contentUrl":"https:\/\/www.metrica-global.com\/wp-content\/uploads\/2023\/12\/logo-metrica.png","width":332,"height":58,"caption":"METRICA"},"image":{"@id":"https:\/\/www.metrica-global.com\/#\/schema\/logo\/image\/"}},{"@type":"Person","@id":"https:\/\/www.metrica-global.com\/#\/schema\/person\/78e8e629d9e5908167469b249f6f2cdc","name":"desarrollo","image":{"@type":"ImageObject","inLanguage":"pt-PT","@id":"https:\/\/www.metrica-global.com\/#\/schema\/person\/image\/","url":"https:\/\/secure.gravatar.com\/avatar\/d2653fb8f170e1382a31acc69dcf92e99545e6329805eb11d8a34443b058f3de?s=96&d=mm&r=g","contentUrl":"https:\/\/secure.gravatar.com\/avatar\/d2653fb8f170e1382a31acc69dcf92e99545e6329805eb11d8a34443b058f3de?s=96&d=mm&r=g","caption":"desarrollo"},"url":"https:\/\/www.metrica-global.com\/pt\/author\/desarrollo\/"}]}},"_links":{"self":[{"href":"https:\/\/www.metrica-global.com\/pt\/wp-json\/wp\/v2\/posts\/7108","targetHints":{"allow":["GET"]}}],"collection":[{"href":"https:\/\/www.metrica-global.com\/pt\/wp-json\/wp\/v2\/posts"}],"about":[{"href":"https:\/\/www.metrica-global.com\/pt\/wp-json\/wp\/v2\/types\/post"}],"author":[{"embeddable":true,"href":"https:\/\/www.metrica-global.com\/pt\/wp-json\/wp\/v2\/users\/1"}],"replies":[{"embeddable":true,"href":"https:\/\/www.metrica-global.com\/pt\/wp-json\/wp\/v2\/comments?post=7108"}],"version-history":[{"count":3,"href":"https:\/\/www.metrica-global.com\/pt\/wp-json\/wp\/v2\/posts\/7108\/revisions"}],"predecessor-version":[{"id":12460,"href":"https:\/\/www.metrica-global.com\/pt\/wp-json\/wp\/v2\/posts\/7108\/revisions\/12460"}],"wp:featuredmedia":[{"embeddable":true,"href":"https:\/\/www.metrica-global.com\/pt\/wp-json\/wp\/v2\/media\/7109"}],"wp:attachment":[{"href":"https:\/\/www.metrica-global.com\/pt\/wp-json\/wp\/v2\/media?parent=7108"}],"wp:term":[{"taxonomy":"category","embeddable":true,"href":"https:\/\/www.metrica-global.com\/pt\/wp-json\/wp\/v2\/categories?post=7108"},{"taxonomy":"post_tag","embeddable":true,"href":"https:\/\/www.metrica-global.com\/pt\/wp-json\/wp\/v2\/tags?post=7108"}],"curies":[{"name":"wp","href":"https:\/\/api.w.org\/{rel}","templated":true}]}}