{"id":7114,"date":"2025-01-20T17:30:00","date_gmt":"2025-01-20T16:30:00","guid":{"rendered":"https:\/\/www.metrica-global.com\/the-metrica-challenge-2025\/"},"modified":"2025-07-30T11:45:49","modified_gmt":"2025-07-30T09:45:49","slug":"the-metrica-challenge-2025","status":"publish","type":"post","link":"https:\/\/www.metrica-global.com\/pt\/the-metrica-challenge-2025\/","title":{"rendered":"THE METRICA CHALLENGE 2025"},"content":{"rendered":"\r\n<p data-start=\"301\" data-end=\"786\">Na semana passada, a METRICA organizou o <strong data-start=\"342\" data-end=\"372\">The Metrica Challenge 2025<\/strong>, um evento anual que reuniu colaboradores e l\u00edderes das nossas sedes internacionais para refletir sobre os sucessos do \u00faltimo ano, planear o futuro e refor\u00e7ar os valores que definem a nossa cultura organizacional. Ao longo de dois dias, o evento tornou-se o epicentro da inova\u00e7\u00e3o, do trabalho em equipa e da vis\u00e3o estrat\u00e9gica, consolidando a METRICA como uma empresa comprometida com o crescimento e a excel\u00eancia.<\/p>\r\n<hr data-start=\"788\" data-end=\"791\" \/>\r\n<h3 data-section-id=\"1bw9gje\" data-start=\"793\" data-end=\"826\">An\u00e1lise de 2024 e rumo a 2025<\/h3>\r\n<p data-start=\"828\" data-end=\"1159\">O evento teve in\u00edcio com uma an\u00e1lise aprofundada dos resultados alcan\u00e7ados em 2024, destacando os principais marcos da empresa e tra\u00e7ando objetivos claros e ambiciosos para 2025. Este espa\u00e7o proporcionou a partilha de experi\u00eancias e estrat\u00e9gias entre equipas de diferentes mercados, promovendo o alinhamento e a aprendizagem m\u00fatua.<\/p>\r\n<hr data-start=\"1161\" data-end=\"1164\" \/>\r\n<h3 data-section-id=\"6bu5lh\" data-start=\"1166\" data-end=\"1243\">Temas-chave: Valores corporativos, Intelig\u00eancia Artificial e Globaliza\u00e7\u00e3o<\/h3>\r\n<p data-start=\"1245\" data-end=\"1459\">Um dos pilares do <em data-start=\"1263\" data-end=\"1291\">The Metrica Challenge 2025<\/em> foi o foco em temas essenciais como os <strong data-start=\"1331\" data-end=\"1355\">valores corporativos<\/strong>, a <strong data-start=\"1359\" data-end=\"1401\">ado\u00e7\u00e3o de Intelig\u00eancia Artificial (IA)<\/strong> para otimizar processos, e a <strong data-start=\"1431\" data-end=\"1447\">globaliza\u00e7\u00e3o<\/strong> da empresa.<\/p>\r\n<p data-start=\"1461\" data-end=\"1687\">Debateram-se estrat\u00e9gias para garantir um impacto positivo tanto no meio ambiente como nas comunidades onde operamos, ao mesmo tempo que se exploraram oportunidades de expans\u00e3o internacional e de refor\u00e7o das opera\u00e7\u00f5es globais.<\/p>\r\n<p data-start=\"1689\" data-end=\"1955\">A <strong data-start=\"1691\" data-end=\"1718\">Intelig\u00eancia Artificial<\/strong> teve tamb\u00e9m um papel central no evento. Demos os primeiros passos na implementa\u00e7\u00e3o de solu\u00e7\u00f5es baseadas em IA que nos permitir\u00e3o melhorar a efici\u00eancia e a tomada de decis\u00f5es \u2014 um verdadeiro marco na transforma\u00e7\u00e3o tecnol\u00f3gica da METRICA.<\/p>\r\n<hr data-start=\"1957\" data-end=\"1960\" \/>\r\n<h3 data-section-id=\"11l071\" data-start=\"1962\" data-end=\"2000\">Din\u00e2micas e palestras inspiradoras<\/h3>\r\n<p data-start=\"2002\" data-end=\"2368\">O evento n\u00e3o se centrou apenas em debates e an\u00e1lises estrat\u00e9gicas \u2014 inclu\u00edram-se tamb\u00e9m din\u00e2micas de grupo concebidas para refor\u00e7ar os nossos valores e promover o esp\u00edrito de equipa. Estes momentos foram fundamentais para fortalecer os la\u00e7os entre colaboradores das diferentes sedes e para recordar a import\u00e2ncia da colabora\u00e7\u00e3o na concretiza\u00e7\u00e3o dos nossos objetivos.<\/p>\r\n<p data-start=\"2370\" data-end=\"2438\">Tivemos ainda o privil\u00e9gio de contar com <strong data-start=\"2411\" data-end=\"2437\">palestras inspiradoras<\/strong>:<\/p>\r\n<ul data-start=\"2440\" data-end=\"2977\">\r\n<li data-start=\"2440\" data-end=\"2608\">\r\n<p data-start=\"2442\" data-end=\"2608\"><strong data-start=\"2442\" data-end=\"2461\">Dami\u00e1n Granados<\/strong>, Presidente de Marketing da COSENTINO, falou sobre a import\u00e2ncia de construir uma marca s\u00f3lida e com prop\u00f3sito, capaz de atrair e reter talento.<\/p>\r\n<\/li>\r\n<li data-start=\"2609\" data-end=\"2789\">\r\n<p data-start=\"2611\" data-end=\"2789\"><strong data-start=\"2611\" data-end=\"2628\">Javier Grande<\/strong>, piloto de motociclismo patrocinado pela METRICA, partilhou como os valores e o trabalho em equipa s\u00e3o fundamentais para alcan\u00e7ar o sucesso, em qualquer \u00e1rea.<\/p>\r\n<\/li>\r\n<li data-start=\"2790\" data-end=\"2977\">\r\n<p data-start=\"2792\" data-end=\"2977\"><strong data-start=\"2792\" data-end=\"2820\">Ra\u00fal Ord\u00f3\u00f1ez (Jaspeante)<\/strong>, especialista em Intelig\u00eancia Artificial, encerrou o evento com uma interven\u00e7\u00e3o inspiradora sobre o papel da IA como catalisador da melhoria organizacional.<\/p>\r\n<\/li>\r\n<\/ul>\r\n<hr data-start=\"2979\" data-end=\"2982\" \/>\r\n<h3 data-section-id=\"pov3m5\" data-start=\"2984\" data-end=\"3028\">Uma experi\u00eancia enriquecedora para todos<\/h3>\r\n<p data-start=\"3030\" data-end=\"3358\">O <em data-start=\"3032\" data-end=\"3060\">The Metrica Challenge 2025<\/em> foi uma experi\u00eancia \u00fanica, que proporcionou aos participantes novas perspetivas, ferramentas e motiva\u00e7\u00e3o para enfrentar os desafios do pr\u00f3ximo ano. Este tipo de encontros n\u00e3o s\u00f3 refor\u00e7am a nossa vis\u00e3o comum, como tamb\u00e9m nos posicionam como uma empresa de refer\u00eancia em inova\u00e7\u00e3o e sustentabilidade.<\/p>\r\n<p data-start=\"3360\" data-end=\"3586\">Na METRICA, agradecemos a todos os participantes e oradores por terem contribu\u00eddo para o sucesso deste evento. Continuaremos a trabalhar juntos por um futuro mais brilhante, mais inovador e mais alinhado com os nossos valores.<\/p>\r\n<p data-start=\"3588\" data-end=\"3644\"><strong data-start=\"3588\" data-end=\"3644\">Vemo-nos na pr\u00f3xima edi\u00e7\u00e3o do The Metrica Challenge!<\/strong><\/p>\r\n","protected":false},"excerpt":{"rendered":"<p>A METRICA celebra o THE METRICA CHALLENGE 2025, um evento anual que re\u00fane colaboradores das nossas sedes internacionais para refletir sobre os resultados, objetivos e valores que nos unem enquanto organiza\u00e7\u00e3o.<\/p>\n","protected":false},"author":1,"featured_media":7115,"comment_status":"open","ping_status":"open","sticky":false,"template":"","format":"standard","meta":{"content-type":"","footnotes":""},"categories":[1166],"tags":[1222,1223,1297,1247,1173,1252,1231,1298,1299,1300],"class_list":["post-7114","post","type-post","status-publish","format-standard","has-post-thumbnail","hentry","category-atualidade-pt","tag-2025-pt","tag-ambito-tecnologico-pt","tag-globalizacion-pt","tag-inteligencia-artificial-pt","tag-sector-it-pt","tag-sostenibilidad-pt","tag-tecnologia-pt","tag-the-metrica-challenge-pt","tag-trabajo-en-equipo-pt","tag-valores-corporativos-pt"],"yoast_head":"<!-- This site is optimized with the Yoast SEO plugin v25.9 - https:\/\/yoast.com\/wordpress\/plugins\/seo\/ -->\n<title>THE METRICA CHALLENGE 2025 - METRICA<\/title>\n<meta name=\"robots\" content=\"index, follow, max-snippet:-1, max-image-preview:large, max-video-preview:-1\" \/>\n<link rel=\"canonical\" href=\"https:\/\/www.metrica-global.com\/pt\/the-metrica-challenge-2025\/\" \/>\n<meta property=\"og:locale\" content=\"pt_PT\" \/>\n<meta property=\"og:type\" content=\"article\" \/>\n<meta property=\"og:title\" content=\"THE METRICA CHALLENGE 2025 - METRICA\" \/>\n<meta property=\"og:description\" content=\"A METRICA celebra o THE METRICA CHALLENGE 2025, um evento anual que re\u00fane colaboradores das nossas sedes internacionais para refletir sobre os resultados, objetivos e valores que nos unem enquanto organiza\u00e7\u00e3o.\" \/>\n<meta property=\"og:url\" content=\"https:\/\/www.metrica-global.com\/pt\/the-metrica-challenge-2025\/\" \/>\n<meta property=\"og:site_name\" content=\"METRICA\" \/>\n<meta property=\"article:published_time\" content=\"2025-01-20T16:30:00+00:00\" \/>\n<meta property=\"article:modified_time\" content=\"2025-07-30T09:45:49+00:00\" \/>\n<meta property=\"og:image\" content=\"https:\/\/www.metrica-global.com\/wp-content\/uploads\/2025\/01\/MINI-TMC-25-copia.png\" \/>\n\t<meta property=\"og:image:width\" content=\"1080\" \/>\n\t<meta property=\"og:image:height\" content=\"1080\" \/>\n\t<meta property=\"og:image:type\" content=\"image\/png\" \/>\n<meta name=\"author\" content=\"desarrollo\" \/>\n<meta name=\"twitter:card\" content=\"summary_large_image\" \/>\n<meta name=\"twitter:label1\" content=\"Written by\" \/>\n\t<meta name=\"twitter:data1\" content=\"desarrollo\" \/>\n\t<meta name=\"twitter:label2\" content=\"Est. reading time\" \/>\n\t<meta name=\"twitter:data2\" content=\"3 minutos\" \/>\n<script type=\"application\/ld+json\" class=\"yoast-schema-graph\">{\"@context\":\"https:\/\/schema.org\",\"@graph\":[{\"@type\":\"Article\",\"@id\":\"https:\/\/www.metrica-global.com\/pt\/the-metrica-challenge-2025\/#article\",\"isPartOf\":{\"@id\":\"https:\/\/www.metrica-global.com\/pt\/the-metrica-challenge-2025\/\"},\"author\":{\"name\":\"desarrollo\",\"@id\":\"https:\/\/www.metrica-global.com\/#\/schema\/person\/78e8e629d9e5908167469b249f6f2cdc\"},\"headline\":\"THE METRICA CHALLENGE 2025\",\"datePublished\":\"2025-01-20T16:30:00+00:00\",\"dateModified\":\"2025-07-30T09:45:49+00:00\",\"mainEntityOfPage\":{\"@id\":\"https:\/\/www.metrica-global.com\/pt\/the-metrica-challenge-2025\/\"},\"wordCount\":547,\"commentCount\":0,\"publisher\":{\"@id\":\"https:\/\/www.metrica-global.com\/#organization\"},\"image\":{\"@id\":\"https:\/\/www.metrica-global.com\/pt\/the-metrica-challenge-2025\/#primaryimage\"},\"thumbnailUrl\":\"https:\/\/www.metrica-global.com\/wp-content\/uploads\/2025\/01\/MINI-TMC-25-copia.png\",\"keywords\":[\"2025\",\"\u00c1mbito Tecnol\u00f3gico\",\"Globalizaci\u00f3n\",\"Inteligencia Artificial\",\"Sector IT\",\"Sostenibilidad\",\"Tecnolog\u00eda\",\"The Metrica Challenge\",\"Trabajo en equipo\",\"Valores corporativos\"],\"articleSection\":[\"Atualidade\"],\"inLanguage\":\"pt-PT\",\"potentialAction\":[{\"@type\":\"CommentAction\",\"name\":\"Comment\",\"target\":[\"https:\/\/www.metrica-global.com\/pt\/the-metrica-challenge-2025\/#respond\"]}]},{\"@type\":\"WebPage\",\"@id\":\"https:\/\/www.metrica-global.com\/pt\/the-metrica-challenge-2025\/\",\"url\":\"https:\/\/www.metrica-global.com\/pt\/the-metrica-challenge-2025\/\",\"name\":\"THE METRICA CHALLENGE 2025 - METRICA\",\"isPartOf\":{\"@id\":\"https:\/\/www.metrica-global.com\/#website\"},\"primaryImageOfPage\":{\"@id\":\"https:\/\/www.metrica-global.com\/pt\/the-metrica-challenge-2025\/#primaryimage\"},\"image\":{\"@id\":\"https:\/\/www.metrica-global.com\/pt\/the-metrica-challenge-2025\/#primaryimage\"},\"thumbnailUrl\":\"https:\/\/www.metrica-global.com\/wp-content\/uploads\/2025\/01\/MINI-TMC-25-copia.png\",\"datePublished\":\"2025-01-20T16:30:00+00:00\",\"dateModified\":\"2025-07-30T09:45:49+00:00\",\"breadcrumb\":{\"@id\":\"https:\/\/www.metrica-global.com\/pt\/the-metrica-challenge-2025\/#breadcrumb\"},\"inLanguage\":\"pt-PT\",\"potentialAction\":[{\"@type\":\"ReadAction\",\"target\":[\"https:\/\/www.metrica-global.com\/pt\/the-metrica-challenge-2025\/\"]}]},{\"@type\":\"ImageObject\",\"inLanguage\":\"pt-PT\",\"@id\":\"https:\/\/www.metrica-global.com\/pt\/the-metrica-challenge-2025\/#primaryimage\",\"url\":\"https:\/\/www.metrica-global.com\/wp-content\/uploads\/2025\/01\/MINI-TMC-25-copia.png\",\"contentUrl\":\"https:\/\/www.metrica-global.com\/wp-content\/uploads\/2025\/01\/MINI-TMC-25-copia.png\",\"width\":1080,\"height\":1080,\"caption\":\"MINI TMC 25 copia\"},{\"@type\":\"BreadcrumbList\",\"@id\":\"https:\/\/www.metrica-global.com\/pt\/the-metrica-challenge-2025\/#breadcrumb\",\"itemListElement\":[{\"@type\":\"ListItem\",\"position\":1,\"name\":\"Portada\",\"item\":\"https:\/\/www.metrica-global.com\/pt\/\"},{\"@type\":\"ListItem\",\"position\":2,\"name\":\"THE METRICA CHALLENGE 2025\"}]},{\"@type\":\"WebSite\",\"@id\":\"https:\/\/www.metrica-global.com\/#website\",\"url\":\"https:\/\/www.metrica-global.com\/\",\"name\":\"METRICA\",\"description\":\"Servicios Globales IT\",\"publisher\":{\"@id\":\"https:\/\/www.metrica-global.com\/#organization\"},\"potentialAction\":[{\"@type\":\"SearchAction\",\"target\":{\"@type\":\"EntryPoint\",\"urlTemplate\":\"https:\/\/www.metrica-global.com\/?s={search_term_string}\"},\"query-input\":{\"@type\":\"PropertyValueSpecification\",\"valueRequired\":true,\"valueName\":\"search_term_string\"}}],\"inLanguage\":\"pt-PT\"},{\"@type\":\"Organization\",\"@id\":\"https:\/\/www.metrica-global.com\/#organization\",\"name\":\"METRICA\",\"url\":\"https:\/\/www.metrica-global.com\/\",\"logo\":{\"@type\":\"ImageObject\",\"inLanguage\":\"pt-PT\",\"@id\":\"https:\/\/www.metrica-global.com\/#\/schema\/logo\/image\/\",\"url\":\"https:\/\/www.metrica-global.com\/wp-content\/uploads\/2023\/12\/logo-metrica.png\",\"contentUrl\":\"https:\/\/www.metrica-global.com\/wp-content\/uploads\/2023\/12\/logo-metrica.png\",\"width\":332,\"height\":58,\"caption\":\"METRICA\"},\"image\":{\"@id\":\"https:\/\/www.metrica-global.com\/#\/schema\/logo\/image\/\"}},{\"@type\":\"Person\",\"@id\":\"https:\/\/www.metrica-global.com\/#\/schema\/person\/78e8e629d9e5908167469b249f6f2cdc\",\"name\":\"desarrollo\",\"image\":{\"@type\":\"ImageObject\",\"inLanguage\":\"pt-PT\",\"@id\":\"https:\/\/www.metrica-global.com\/#\/schema\/person\/image\/\",\"url\":\"https:\/\/secure.gravatar.com\/avatar\/d2653fb8f170e1382a31acc69dcf92e99545e6329805eb11d8a34443b058f3de?s=96&d=mm&r=g\",\"contentUrl\":\"https:\/\/secure.gravatar.com\/avatar\/d2653fb8f170e1382a31acc69dcf92e99545e6329805eb11d8a34443b058f3de?s=96&d=mm&r=g\",\"caption\":\"desarrollo\"},\"url\":\"https:\/\/www.metrica-global.com\/pt\/author\/desarrollo\/\"}]}<\/script>\n<!-- \/ Yoast SEO plugin. -->","yoast_head_json":{"title":"THE METRICA CHALLENGE 2025 - METRICA","robots":{"index":"index","follow":"follow","max-snippet":"max-snippet:-1","max-image-preview":"max-image-preview:large","max-video-preview":"max-video-preview:-1"},"canonical":"https:\/\/www.metrica-global.com\/pt\/the-metrica-challenge-2025\/","og_locale":"pt_PT","og_type":"article","og_title":"THE METRICA CHALLENGE 2025 - METRICA","og_description":"A METRICA celebra o THE METRICA CHALLENGE 2025, um evento anual que re\u00fane colaboradores das nossas sedes internacionais para refletir sobre os resultados, objetivos e valores que nos unem enquanto organiza\u00e7\u00e3o.","og_url":"https:\/\/www.metrica-global.com\/pt\/the-metrica-challenge-2025\/","og_site_name":"METRICA","article_published_time":"2025-01-20T16:30:00+00:00","article_modified_time":"2025-07-30T09:45:49+00:00","og_image":[{"width":1080,"height":1080,"url":"https:\/\/www.metrica-global.com\/wp-content\/uploads\/2025\/01\/MINI-TMC-25-copia.png","type":"image\/png"}],"author":"desarrollo","twitter_card":"summary_large_image","twitter_misc":{"Written by":"desarrollo","Est. reading time":"3 minutos"},"schema":{"@context":"https:\/\/schema.org","@graph":[{"@type":"Article","@id":"https:\/\/www.metrica-global.com\/pt\/the-metrica-challenge-2025\/#article","isPartOf":{"@id":"https:\/\/www.metrica-global.com\/pt\/the-metrica-challenge-2025\/"},"author":{"name":"desarrollo","@id":"https:\/\/www.metrica-global.com\/#\/schema\/person\/78e8e629d9e5908167469b249f6f2cdc"},"headline":"THE METRICA CHALLENGE 2025","datePublished":"2025-01-20T16:30:00+00:00","dateModified":"2025-07-30T09:45:49+00:00","mainEntityOfPage":{"@id":"https:\/\/www.metrica-global.com\/pt\/the-metrica-challenge-2025\/"},"wordCount":547,"commentCount":0,"publisher":{"@id":"https:\/\/www.metrica-global.com\/#organization"},"image":{"@id":"https:\/\/www.metrica-global.com\/pt\/the-metrica-challenge-2025\/#primaryimage"},"thumbnailUrl":"https:\/\/www.metrica-global.com\/wp-content\/uploads\/2025\/01\/MINI-TMC-25-copia.png","keywords":["2025","\u00c1mbito Tecnol\u00f3gico","Globalizaci\u00f3n","Inteligencia Artificial","Sector IT","Sostenibilidad","Tecnolog\u00eda","The Metrica Challenge","Trabajo en equipo","Valores corporativos"],"articleSection":["Atualidade"],"inLanguage":"pt-PT","potentialAction":[{"@type":"CommentAction","name":"Comment","target":["https:\/\/www.metrica-global.com\/pt\/the-metrica-challenge-2025\/#respond"]}]},{"@type":"WebPage","@id":"https:\/\/www.metrica-global.com\/pt\/the-metrica-challenge-2025\/","url":"https:\/\/www.metrica-global.com\/pt\/the-metrica-challenge-2025\/","name":"THE METRICA CHALLENGE 2025 - METRICA","isPartOf":{"@id":"https:\/\/www.metrica-global.com\/#website"},"primaryImageOfPage":{"@id":"https:\/\/www.metrica-global.com\/pt\/the-metrica-challenge-2025\/#primaryimage"},"image":{"@id":"https:\/\/www.metrica-global.com\/pt\/the-metrica-challenge-2025\/#primaryimage"},"thumbnailUrl":"https:\/\/www.metrica-global.com\/wp-content\/uploads\/2025\/01\/MINI-TMC-25-copia.png","datePublished":"2025-01-20T16:30:00+00:00","dateModified":"2025-07-30T09:45:49+00:00","breadcrumb":{"@id":"https:\/\/www.metrica-global.com\/pt\/the-metrica-challenge-2025\/#breadcrumb"},"inLanguage":"pt-PT","potentialAction":[{"@type":"ReadAction","target":["https:\/\/www.metrica-global.com\/pt\/the-metrica-challenge-2025\/"]}]},{"@type":"ImageObject","inLanguage":"pt-PT","@id":"https:\/\/www.metrica-global.com\/pt\/the-metrica-challenge-2025\/#primaryimage","url":"https:\/\/www.metrica-global.com\/wp-content\/uploads\/2025\/01\/MINI-TMC-25-copia.png","contentUrl":"https:\/\/www.metrica-global.com\/wp-content\/uploads\/2025\/01\/MINI-TMC-25-copia.png","width":1080,"height":1080,"caption":"MINI TMC 25 copia"},{"@type":"BreadcrumbList","@id":"https:\/\/www.metrica-global.com\/pt\/the-metrica-challenge-2025\/#breadcrumb","itemListElement":[{"@type":"ListItem","position":1,"name":"Portada","item":"https:\/\/www.metrica-global.com\/pt\/"},{"@type":"ListItem","position":2,"name":"THE METRICA CHALLENGE 2025"}]},{"@type":"WebSite","@id":"https:\/\/www.metrica-global.com\/#website","url":"https:\/\/www.metrica-global.com\/","name":"METRICA","description":"Servicios Globales IT","publisher":{"@id":"https:\/\/www.metrica-global.com\/#organization"},"potentialAction":[{"@type":"SearchAction","target":{"@type":"EntryPoint","urlTemplate":"https:\/\/www.metrica-global.com\/?s={search_term_string}"},"query-input":{"@type":"PropertyValueSpecification","valueRequired":true,"valueName":"search_term_string"}}],"inLanguage":"pt-PT"},{"@type":"Organization","@id":"https:\/\/www.metrica-global.com\/#organization","name":"METRICA","url":"https:\/\/www.metrica-global.com\/","logo":{"@type":"ImageObject","inLanguage":"pt-PT","@id":"https:\/\/www.metrica-global.com\/#\/schema\/logo\/image\/","url":"https:\/\/www.metrica-global.com\/wp-content\/uploads\/2023\/12\/logo-metrica.png","contentUrl":"https:\/\/www.metrica-global.com\/wp-content\/uploads\/2023\/12\/logo-metrica.png","width":332,"height":58,"caption":"METRICA"},"image":{"@id":"https:\/\/www.metrica-global.com\/#\/schema\/logo\/image\/"}},{"@type":"Person","@id":"https:\/\/www.metrica-global.com\/#\/schema\/person\/78e8e629d9e5908167469b249f6f2cdc","name":"desarrollo","image":{"@type":"ImageObject","inLanguage":"pt-PT","@id":"https:\/\/www.metrica-global.com\/#\/schema\/person\/image\/","url":"https:\/\/secure.gravatar.com\/avatar\/d2653fb8f170e1382a31acc69dcf92e99545e6329805eb11d8a34443b058f3de?s=96&d=mm&r=g","contentUrl":"https:\/\/secure.gravatar.com\/avatar\/d2653fb8f170e1382a31acc69dcf92e99545e6329805eb11d8a34443b058f3de?s=96&d=mm&r=g","caption":"desarrollo"},"url":"https:\/\/www.metrica-global.com\/pt\/author\/desarrollo\/"}]}},"_links":{"self":[{"href":"https:\/\/www.metrica-global.com\/pt\/wp-json\/wp\/v2\/posts\/7114","targetHints":{"allow":["GET"]}}],"collection":[{"href":"https:\/\/www.metrica-global.com\/pt\/wp-json\/wp\/v2\/posts"}],"about":[{"href":"https:\/\/www.metrica-global.com\/pt\/wp-json\/wp\/v2\/types\/post"}],"author":[{"embeddable":true,"href":"https:\/\/www.metrica-global.com\/pt\/wp-json\/wp\/v2\/users\/1"}],"replies":[{"embeddable":true,"href":"https:\/\/www.metrica-global.com\/pt\/wp-json\/wp\/v2\/comments?post=7114"}],"version-history":[{"count":2,"href":"https:\/\/www.metrica-global.com\/pt\/wp-json\/wp\/v2\/posts\/7114\/revisions"}],"predecessor-version":[{"id":12461,"href":"https:\/\/www.metrica-global.com\/pt\/wp-json\/wp\/v2\/posts\/7114\/revisions\/12461"}],"wp:featuredmedia":[{"embeddable":true,"href":"https:\/\/www.metrica-global.com\/pt\/wp-json\/wp\/v2\/media\/7115"}],"wp:attachment":[{"href":"https:\/\/www.metrica-global.com\/pt\/wp-json\/wp\/v2\/media?parent=7114"}],"wp:term":[{"taxonomy":"category","embeddable":true,"href":"https:\/\/www.metrica-global.com\/pt\/wp-json\/wp\/v2\/categories?post=7114"},{"taxonomy":"post_tag","embeddable":true,"href":"https:\/\/www.metrica-global.com\/pt\/wp-json\/wp\/v2\/tags?post=7114"}],"curies":[{"name":"wp","href":"https:\/\/api.w.org\/{rel}","templated":true}]}}