{"id":7132,"date":"2024-12-03T12:00:00","date_gmt":"2024-12-03T11:00:00","guid":{"rendered":"https:\/\/www.metrica-global.com\/jornada-de-planeamiento-estrategico-en-peru\/"},"modified":"2025-07-30T11:46:01","modified_gmt":"2025-07-30T09:46:01","slug":"jornada-de-planeamiento-estrategico-en-peru","status":"publish","type":"post","link":"https:\/\/www.metrica-global.com\/pt\/jornada-de-planeamiento-estrategico-en-peru\/","title":{"rendered":"Jornada de Planeamento Estrat\u00e9gico no Peru"},"content":{"rendered":"\r\n<p data-start=\"306\" data-end=\"656\">Na METRICA, sabemos que o sucesso no setor tecnol\u00f3gico n\u00e3o se alcan\u00e7a de forma individual \u2014 \u00e9 atrav\u00e9s da colabora\u00e7\u00e3o que conseguimos crescer. Por isso, a nossa recente <strong data-start=\"474\" data-end=\"520\">Jornada de Planeamento Estrat\u00e9gico no Peru<\/strong> foi um momento chave para impulsionar o nosso desenvolvimento como empresa internacional num setor IT din\u00e2mico e em constante evolu\u00e7\u00e3o.<\/p>\r\n<p data-start=\"658\" data-end=\"995\">Durante esta jornada, as equipas de Espanha, Peru e Chile juntaram-se para analisar os desafios atuais, trocar ideias inovadoras e tra\u00e7ar objetivos estrat\u00e9gicos. Encontros como este n\u00e3o s\u00f3 refor\u00e7am a nossa vis\u00e3o global, como tamb\u00e9m nos ajudam a identificar novas oportunidades e a preparar-nos para um mercado em constante transforma\u00e7\u00e3o.<\/p>\r\n<hr data-start=\"997\" data-end=\"1000\" \/>\r\n<h3 data-section-id=\"1adgxyw\" data-start=\"1002\" data-end=\"1061\">Muito mais do que estrat\u00e9gia: uma verdadeira comunidade<\/h3>\r\n<p data-start=\"1063\" data-end=\"1387\">Para al\u00e9m dos planos e da defini\u00e7\u00e3o de metas, esta reuni\u00e3o tamb\u00e9m fortaleceu os la\u00e7os que nos unem enquanto equipa. Termin\u00e1mos o dia com uma enriquecedora sess\u00e3o de <em data-start=\"1228\" data-end=\"1240\">after-work<\/em> \u2014 um momento marcado pelo conv\u00edvio e pela proximidade, que nos lembrou que a METRICA n\u00e3o \u00e9 apenas uma equipa, <strong data-start=\"1351\" data-end=\"1386\">\u00e9 uma verdadeira fam\u00edlia global<\/strong>.<\/p>\r\n<hr data-start=\"1389\" data-end=\"1392\" \/>\r\n<h3 data-section-id=\"ri914w\" data-start=\"1394\" data-end=\"1427\">Uma vis\u00e3o clara para o futuro<\/h3>\r\n<p data-start=\"1429\" data-end=\"1766\">Esta jornada de trabalho e conex\u00e3o \u00e9 mais uma prova do nosso compromisso em continuar a liderar no setor IT, onde a <strong data-start=\"1545\" data-end=\"1557\">inova\u00e7\u00e3o<\/strong> e a <strong data-start=\"1562\" data-end=\"1590\">coopera\u00e7\u00e3o internacional<\/strong> s\u00e3o fatores essenciais. A colabora\u00e7\u00e3o entre as nossas diferentes sedes \u00e9 fundamental para desenvolver solu\u00e7\u00f5es tecnol\u00f3gicas que realmente fa\u00e7am a diferen\u00e7a num mercado global.<\/p>\r\n<p data-start=\"1768\" data-end=\"1978\">Convidamos-te a saber mais sobre este evento atrav\u00e9s das nossas redes sociais. Descobre como vivemos esta experi\u00eancia e junta-te \u00e0 conversa. Obrigado a todos os que tornaram poss\u00edvel este encontro t\u00e3o especial.<\/p>\r\n<p data-start=\"1980\" data-end=\"2055\"><strong data-start=\"1980\" data-end=\"2055\">Continuamos juntos, com paix\u00e3o, uni\u00e3o e uma vis\u00e3o clara rumo ao futuro!<\/strong><\/p>\r\n","protected":false},"excerpt":{"rendered":"<p>Durante este encontro, as equipas da METRICA Espanha, METRICA Andina e METRICA Chile reuniram-se para refletir sobre os desafios atuais, partilhar ideias inovadoras e definir objetivos estrat\u00e9gicos.<\/p>\n","protected":false},"author":1,"featured_media":7133,"comment_status":"open","ping_status":"open","sticky":false,"template":"","format":"standard","meta":{"content-type":"","footnotes":""},"categories":[1166],"tags":[1223,1284,1323,1324,1173,1231],"class_list":["post-7132","post","type-post","status-publish","format-standard","has-post-thumbnail","hentry","category-atualidade-pt","tag-ambito-tecnologico-pt","tag-colaboracion-internacional-pt","tag-desarrollo-de-negocio-pt","tag-empresa-tecnologica-pt","tag-sector-it-pt","tag-tecnologia-pt"],"yoast_head":"<!-- This site is optimized with the Yoast SEO plugin v25.9 - https:\/\/yoast.com\/wordpress\/plugins\/seo\/ -->\n<title>Jornada de Planeamento Estrat\u00e9gico no Peru - METRICA<\/title>\n<meta name=\"robots\" content=\"index, follow, max-snippet:-1, max-image-preview:large, max-video-preview:-1\" \/>\n<link rel=\"canonical\" href=\"https:\/\/www.metrica-global.com\/pt\/jornada-de-planeamiento-estrategico-en-peru\/\" \/>\n<meta property=\"og:locale\" content=\"pt_PT\" \/>\n<meta property=\"og:type\" content=\"article\" \/>\n<meta property=\"og:title\" content=\"Jornada de Planeamento Estrat\u00e9gico no Peru - METRICA\" \/>\n<meta property=\"og:description\" content=\"Durante este encontro, as equipas da METRICA Espanha, METRICA Andina e METRICA Chile reuniram-se para refletir sobre os desafios atuais, partilhar ideias inovadoras e definir objetivos estrat\u00e9gicos.\" \/>\n<meta property=\"og:url\" content=\"https:\/\/www.metrica-global.com\/pt\/jornada-de-planeamiento-estrategico-en-peru\/\" \/>\n<meta property=\"og:site_name\" content=\"METRICA\" \/>\n<meta property=\"article:published_time\" content=\"2024-12-03T11:00:00+00:00\" \/>\n<meta property=\"article:modified_time\" content=\"2025-07-30T09:46:01+00:00\" \/>\n<meta property=\"og:image\" content=\"https:\/\/www.metrica-global.com\/wp-content\/uploads\/2024\/12\/33-1024x576.png\" \/>\n\t<meta property=\"og:image:width\" content=\"1024\" \/>\n\t<meta property=\"og:image:height\" content=\"576\" \/>\n\t<meta property=\"og:image:type\" content=\"image\/png\" \/>\n<meta name=\"author\" content=\"desarrollo\" \/>\n<meta name=\"twitter:card\" content=\"summary_large_image\" \/>\n<meta name=\"twitter:label1\" content=\"Written by\" \/>\n\t<meta name=\"twitter:data1\" content=\"desarrollo\" \/>\n\t<meta name=\"twitter:label2\" content=\"Est. reading time\" \/>\n\t<meta name=\"twitter:data2\" content=\"2 minutos\" \/>\n<script type=\"application\/ld+json\" class=\"yoast-schema-graph\">{\"@context\":\"https:\/\/schema.org\",\"@graph\":[{\"@type\":\"Article\",\"@id\":\"https:\/\/www.metrica-global.com\/pt\/jornada-de-planeamiento-estrategico-en-peru\/#article\",\"isPartOf\":{\"@id\":\"https:\/\/www.metrica-global.com\/pt\/jornada-de-planeamiento-estrategico-en-peru\/\"},\"author\":{\"name\":\"desarrollo\",\"@id\":\"https:\/\/www.metrica-global.com\/#\/schema\/person\/78e8e629d9e5908167469b249f6f2cdc\"},\"headline\":\"Jornada de Planeamento Estrat\u00e9gico no Peru\",\"datePublished\":\"2024-12-03T11:00:00+00:00\",\"dateModified\":\"2025-07-30T09:46:01+00:00\",\"mainEntityOfPage\":{\"@id\":\"https:\/\/www.metrica-global.com\/pt\/jornada-de-planeamiento-estrategico-en-peru\/\"},\"wordCount\":309,\"commentCount\":0,\"publisher\":{\"@id\":\"https:\/\/www.metrica-global.com\/#organization\"},\"image\":{\"@id\":\"https:\/\/www.metrica-global.com\/pt\/jornada-de-planeamiento-estrategico-en-peru\/#primaryimage\"},\"thumbnailUrl\":\"https:\/\/www.metrica-global.com\/wp-content\/uploads\/2024\/12\/33.png\",\"keywords\":[\"\u00c1mbito Tecnol\u00f3gico\",\"Colaboraci\u00f3n internacional\",\"Desarrollo de negocio\",\"Empresa tecnol\u00f3gica\",\"Sector IT\",\"Tecnolog\u00eda\"],\"articleSection\":[\"Atualidade\"],\"inLanguage\":\"pt-PT\",\"potentialAction\":[{\"@type\":\"CommentAction\",\"name\":\"Comment\",\"target\":[\"https:\/\/www.metrica-global.com\/pt\/jornada-de-planeamiento-estrategico-en-peru\/#respond\"]}]},{\"@type\":\"WebPage\",\"@id\":\"https:\/\/www.metrica-global.com\/pt\/jornada-de-planeamiento-estrategico-en-peru\/\",\"url\":\"https:\/\/www.metrica-global.com\/pt\/jornada-de-planeamiento-estrategico-en-peru\/\",\"name\":\"Jornada de Planeamento Estrat\u00e9gico no Peru - METRICA\",\"isPartOf\":{\"@id\":\"https:\/\/www.metrica-global.com\/#website\"},\"primaryImageOfPage\":{\"@id\":\"https:\/\/www.metrica-global.com\/pt\/jornada-de-planeamiento-estrategico-en-peru\/#primaryimage\"},\"image\":{\"@id\":\"https:\/\/www.metrica-global.com\/pt\/jornada-de-planeamiento-estrategico-en-peru\/#primaryimage\"},\"thumbnailUrl\":\"https:\/\/www.metrica-global.com\/wp-content\/uploads\/2024\/12\/33.png\",\"datePublished\":\"2024-12-03T11:00:00+00:00\",\"dateModified\":\"2025-07-30T09:46:01+00:00\",\"breadcrumb\":{\"@id\":\"https:\/\/www.metrica-global.com\/pt\/jornada-de-planeamiento-estrategico-en-peru\/#breadcrumb\"},\"inLanguage\":\"pt-PT\",\"potentialAction\":[{\"@type\":\"ReadAction\",\"target\":[\"https:\/\/www.metrica-global.com\/pt\/jornada-de-planeamiento-estrategico-en-peru\/\"]}]},{\"@type\":\"ImageObject\",\"inLanguage\":\"pt-PT\",\"@id\":\"https:\/\/www.metrica-global.com\/pt\/jornada-de-planeamiento-estrategico-en-peru\/#primaryimage\",\"url\":\"https:\/\/www.metrica-global.com\/wp-content\/uploads\/2024\/12\/33.png\",\"contentUrl\":\"https:\/\/www.metrica-global.com\/wp-content\/uploads\/2024\/12\/33.png\",\"width\":1920,\"height\":1080,\"caption\":\"33\"},{\"@type\":\"BreadcrumbList\",\"@id\":\"https:\/\/www.metrica-global.com\/pt\/jornada-de-planeamiento-estrategico-en-peru\/#breadcrumb\",\"itemListElement\":[{\"@type\":\"ListItem\",\"position\":1,\"name\":\"Portada\",\"item\":\"https:\/\/www.metrica-global.com\/pt\/\"},{\"@type\":\"ListItem\",\"position\":2,\"name\":\"Jornada de Planeamento Estrat\u00e9gico no Peru\"}]},{\"@type\":\"WebSite\",\"@id\":\"https:\/\/www.metrica-global.com\/#website\",\"url\":\"https:\/\/www.metrica-global.com\/\",\"name\":\"METRICA\",\"description\":\"Servicios Globales IT\",\"publisher\":{\"@id\":\"https:\/\/www.metrica-global.com\/#organization\"},\"potentialAction\":[{\"@type\":\"SearchAction\",\"target\":{\"@type\":\"EntryPoint\",\"urlTemplate\":\"https:\/\/www.metrica-global.com\/?s={search_term_string}\"},\"query-input\":{\"@type\":\"PropertyValueSpecification\",\"valueRequired\":true,\"valueName\":\"search_term_string\"}}],\"inLanguage\":\"pt-PT\"},{\"@type\":\"Organization\",\"@id\":\"https:\/\/www.metrica-global.com\/#organization\",\"name\":\"METRICA\",\"url\":\"https:\/\/www.metrica-global.com\/\",\"logo\":{\"@type\":\"ImageObject\",\"inLanguage\":\"pt-PT\",\"@id\":\"https:\/\/www.metrica-global.com\/#\/schema\/logo\/image\/\",\"url\":\"https:\/\/www.metrica-global.com\/wp-content\/uploads\/2023\/12\/logo-metrica.png\",\"contentUrl\":\"https:\/\/www.metrica-global.com\/wp-content\/uploads\/2023\/12\/logo-metrica.png\",\"width\":332,\"height\":58,\"caption\":\"METRICA\"},\"image\":{\"@id\":\"https:\/\/www.metrica-global.com\/#\/schema\/logo\/image\/\"}},{\"@type\":\"Person\",\"@id\":\"https:\/\/www.metrica-global.com\/#\/schema\/person\/78e8e629d9e5908167469b249f6f2cdc\",\"name\":\"desarrollo\",\"image\":{\"@type\":\"ImageObject\",\"inLanguage\":\"pt-PT\",\"@id\":\"https:\/\/www.metrica-global.com\/#\/schema\/person\/image\/\",\"url\":\"https:\/\/secure.gravatar.com\/avatar\/d2653fb8f170e1382a31acc69dcf92e99545e6329805eb11d8a34443b058f3de?s=96&d=mm&r=g\",\"contentUrl\":\"https:\/\/secure.gravatar.com\/avatar\/d2653fb8f170e1382a31acc69dcf92e99545e6329805eb11d8a34443b058f3de?s=96&d=mm&r=g\",\"caption\":\"desarrollo\"},\"url\":\"https:\/\/www.metrica-global.com\/pt\/author\/desarrollo\/\"}]}<\/script>\n<!-- \/ Yoast SEO plugin. -->","yoast_head_json":{"title":"Jornada de Planeamento Estrat\u00e9gico no Peru - METRICA","robots":{"index":"index","follow":"follow","max-snippet":"max-snippet:-1","max-image-preview":"max-image-preview:large","max-video-preview":"max-video-preview:-1"},"canonical":"https:\/\/www.metrica-global.com\/pt\/jornada-de-planeamiento-estrategico-en-peru\/","og_locale":"pt_PT","og_type":"article","og_title":"Jornada de Planeamento Estrat\u00e9gico no Peru - METRICA","og_description":"Durante este encontro, as equipas da METRICA Espanha, METRICA Andina e METRICA Chile reuniram-se para refletir sobre os desafios atuais, partilhar ideias inovadoras e definir objetivos estrat\u00e9gicos.","og_url":"https:\/\/www.metrica-global.com\/pt\/jornada-de-planeamiento-estrategico-en-peru\/","og_site_name":"METRICA","article_published_time":"2024-12-03T11:00:00+00:00","article_modified_time":"2025-07-30T09:46:01+00:00","og_image":[{"width":1024,"height":576,"url":"https:\/\/www.metrica-global.com\/wp-content\/uploads\/2024\/12\/33-1024x576.png","type":"image\/png"}],"author":"desarrollo","twitter_card":"summary_large_image","twitter_misc":{"Written by":"desarrollo","Est. reading time":"2 minutos"},"schema":{"@context":"https:\/\/schema.org","@graph":[{"@type":"Article","@id":"https:\/\/www.metrica-global.com\/pt\/jornada-de-planeamiento-estrategico-en-peru\/#article","isPartOf":{"@id":"https:\/\/www.metrica-global.com\/pt\/jornada-de-planeamiento-estrategico-en-peru\/"},"author":{"name":"desarrollo","@id":"https:\/\/www.metrica-global.com\/#\/schema\/person\/78e8e629d9e5908167469b249f6f2cdc"},"headline":"Jornada de Planeamento Estrat\u00e9gico no Peru","datePublished":"2024-12-03T11:00:00+00:00","dateModified":"2025-07-30T09:46:01+00:00","mainEntityOfPage":{"@id":"https:\/\/www.metrica-global.com\/pt\/jornada-de-planeamiento-estrategico-en-peru\/"},"wordCount":309,"commentCount":0,"publisher":{"@id":"https:\/\/www.metrica-global.com\/#organization"},"image":{"@id":"https:\/\/www.metrica-global.com\/pt\/jornada-de-planeamiento-estrategico-en-peru\/#primaryimage"},"thumbnailUrl":"https:\/\/www.metrica-global.com\/wp-content\/uploads\/2024\/12\/33.png","keywords":["\u00c1mbito Tecnol\u00f3gico","Colaboraci\u00f3n internacional","Desarrollo de negocio","Empresa tecnol\u00f3gica","Sector IT","Tecnolog\u00eda"],"articleSection":["Atualidade"],"inLanguage":"pt-PT","potentialAction":[{"@type":"CommentAction","name":"Comment","target":["https:\/\/www.metrica-global.com\/pt\/jornada-de-planeamiento-estrategico-en-peru\/#respond"]}]},{"@type":"WebPage","@id":"https:\/\/www.metrica-global.com\/pt\/jornada-de-planeamiento-estrategico-en-peru\/","url":"https:\/\/www.metrica-global.com\/pt\/jornada-de-planeamiento-estrategico-en-peru\/","name":"Jornada de Planeamento Estrat\u00e9gico no Peru - METRICA","isPartOf":{"@id":"https:\/\/www.metrica-global.com\/#website"},"primaryImageOfPage":{"@id":"https:\/\/www.metrica-global.com\/pt\/jornada-de-planeamiento-estrategico-en-peru\/#primaryimage"},"image":{"@id":"https:\/\/www.metrica-global.com\/pt\/jornada-de-planeamiento-estrategico-en-peru\/#primaryimage"},"thumbnailUrl":"https:\/\/www.metrica-global.com\/wp-content\/uploads\/2024\/12\/33.png","datePublished":"2024-12-03T11:00:00+00:00","dateModified":"2025-07-30T09:46:01+00:00","breadcrumb":{"@id":"https:\/\/www.metrica-global.com\/pt\/jornada-de-planeamiento-estrategico-en-peru\/#breadcrumb"},"inLanguage":"pt-PT","potentialAction":[{"@type":"ReadAction","target":["https:\/\/www.metrica-global.com\/pt\/jornada-de-planeamiento-estrategico-en-peru\/"]}]},{"@type":"ImageObject","inLanguage":"pt-PT","@id":"https:\/\/www.metrica-global.com\/pt\/jornada-de-planeamiento-estrategico-en-peru\/#primaryimage","url":"https:\/\/www.metrica-global.com\/wp-content\/uploads\/2024\/12\/33.png","contentUrl":"https:\/\/www.metrica-global.com\/wp-content\/uploads\/2024\/12\/33.png","width":1920,"height":1080,"caption":"33"},{"@type":"BreadcrumbList","@id":"https:\/\/www.metrica-global.com\/pt\/jornada-de-planeamiento-estrategico-en-peru\/#breadcrumb","itemListElement":[{"@type":"ListItem","position":1,"name":"Portada","item":"https:\/\/www.metrica-global.com\/pt\/"},{"@type":"ListItem","position":2,"name":"Jornada de Planeamento Estrat\u00e9gico no Peru"}]},{"@type":"WebSite","@id":"https:\/\/www.metrica-global.com\/#website","url":"https:\/\/www.metrica-global.com\/","name":"METRICA","description":"Servicios Globales IT","publisher":{"@id":"https:\/\/www.metrica-global.com\/#organization"},"potentialAction":[{"@type":"SearchAction","target":{"@type":"EntryPoint","urlTemplate":"https:\/\/www.metrica-global.com\/?s={search_term_string}"},"query-input":{"@type":"PropertyValueSpecification","valueRequired":true,"valueName":"search_term_string"}}],"inLanguage":"pt-PT"},{"@type":"Organization","@id":"https:\/\/www.metrica-global.com\/#organization","name":"METRICA","url":"https:\/\/www.metrica-global.com\/","logo":{"@type":"ImageObject","inLanguage":"pt-PT","@id":"https:\/\/www.metrica-global.com\/#\/schema\/logo\/image\/","url":"https:\/\/www.metrica-global.com\/wp-content\/uploads\/2023\/12\/logo-metrica.png","contentUrl":"https:\/\/www.metrica-global.com\/wp-content\/uploads\/2023\/12\/logo-metrica.png","width":332,"height":58,"caption":"METRICA"},"image":{"@id":"https:\/\/www.metrica-global.com\/#\/schema\/logo\/image\/"}},{"@type":"Person","@id":"https:\/\/www.metrica-global.com\/#\/schema\/person\/78e8e629d9e5908167469b249f6f2cdc","name":"desarrollo","image":{"@type":"ImageObject","inLanguage":"pt-PT","@id":"https:\/\/www.metrica-global.com\/#\/schema\/person\/image\/","url":"https:\/\/secure.gravatar.com\/avatar\/d2653fb8f170e1382a31acc69dcf92e99545e6329805eb11d8a34443b058f3de?s=96&d=mm&r=g","contentUrl":"https:\/\/secure.gravatar.com\/avatar\/d2653fb8f170e1382a31acc69dcf92e99545e6329805eb11d8a34443b058f3de?s=96&d=mm&r=g","caption":"desarrollo"},"url":"https:\/\/www.metrica-global.com\/pt\/author\/desarrollo\/"}]}},"_links":{"self":[{"href":"https:\/\/www.metrica-global.com\/pt\/wp-json\/wp\/v2\/posts\/7132","targetHints":{"allow":["GET"]}}],"collection":[{"href":"https:\/\/www.metrica-global.com\/pt\/wp-json\/wp\/v2\/posts"}],"about":[{"href":"https:\/\/www.metrica-global.com\/pt\/wp-json\/wp\/v2\/types\/post"}],"author":[{"embeddable":true,"href":"https:\/\/www.metrica-global.com\/pt\/wp-json\/wp\/v2\/users\/1"}],"replies":[{"embeddable":true,"href":"https:\/\/www.metrica-global.com\/pt\/wp-json\/wp\/v2\/comments?post=7132"}],"version-history":[{"count":2,"href":"https:\/\/www.metrica-global.com\/pt\/wp-json\/wp\/v2\/posts\/7132\/revisions"}],"predecessor-version":[{"id":12463,"href":"https:\/\/www.metrica-global.com\/pt\/wp-json\/wp\/v2\/posts\/7132\/revisions\/12463"}],"wp:featuredmedia":[{"embeddable":true,"href":"https:\/\/www.metrica-global.com\/pt\/wp-json\/wp\/v2\/media\/7133"}],"wp:attachment":[{"href":"https:\/\/www.metrica-global.com\/pt\/wp-json\/wp\/v2\/media?parent=7132"}],"wp:term":[{"taxonomy":"category","embeddable":true,"href":"https:\/\/www.metrica-global.com\/pt\/wp-json\/wp\/v2\/categories?post=7132"},{"taxonomy":"post_tag","embeddable":true,"href":"https:\/\/www.metrica-global.com\/pt\/wp-json\/wp\/v2\/tags?post=7132"}],"curies":[{"name":"wp","href":"https:\/\/api.w.org\/{rel}","templated":true}]}}