{"id":7243,"date":"2025-03-19T16:47:30","date_gmt":"2025-03-19T15:47:30","guid":{"rendered":"https:\/\/www.metrica-global.com\/dia-internacional-del-aprendizaje-digital-en-metrica\/"},"modified":"2025-07-30T11:47:11","modified_gmt":"2025-07-30T09:47:11","slug":"dia-internacional-del-aprendizaje-digital-en-metrica","status":"publish","type":"post","link":"https:\/\/www.metrica-global.com\/pt\/dia-internacional-del-aprendizaje-digital-en-metrica\/","title":{"rendered":"Dia Internacional da Aprendizagem Digital na METRICA"},"content":{"rendered":"\r\n<p data-start=\"116\" data-end=\"300\">Todos os dias, milh\u00f5es de dados est\u00e3o em risco devido a ataques inform\u00e1ticos, <em data-start=\"194\" data-end=\"204\">phishing<\/em> ou m\u00e1s pr\u00e1ticas dos pr\u00f3prios utilizadores. A melhor defesa \u00e9 a forma\u00e7\u00e3o e a consciencializa\u00e7\u00e3o.<\/p>\r\n<p data-start=\"302\" data-end=\"607\">Na era digital, a <strong data-start=\"320\" data-end=\"338\">ciberseguran\u00e7a<\/strong> \u00e9 um pilar essencial para qualquer empresa. Todos os dias, milh\u00f5es de dados est\u00e3o em risco devido a ataques inform\u00e1ticos, esquemas de <em data-start=\"473\" data-end=\"483\">phishing<\/em> ou erros humanos. Na METRICA, acreditamos que a melhor defesa \u00e9 o conhecimento: <strong data-start=\"564\" data-end=\"606\">forma\u00e7\u00e3o cont\u00ednua e consciencializa\u00e7\u00e3o<\/strong>.<\/p>\r\n<hr data-start=\"609\" data-end=\"612\" \/>\r\n<h3 data-section-id=\"1t3sitm\" data-start=\"614\" data-end=\"662\">A import\u00e2ncia da ciberseguran\u00e7a nas empresas<\/h3>\r\n<p data-start=\"664\" data-end=\"926\">Os cibercriminosos n\u00e3o atacam apenas grandes corpora\u00e7\u00f5es \u2014 as pequenas e m\u00e9dias empresas s\u00e3o tamb\u00e9m alvos frequentes. Um simples descuido, como utilizar uma palavra-passe fraca ou clicar num link suspeito, pode abrir a porta a um ataque com consequ\u00eancias graves:<\/p>\r\n<p data-start=\"928\" data-end=\"1087\">\u2714 Perda de dados sens\u00edveis<br data-start=\"954\" data-end=\"957\" \/>\u2714 Interrup\u00e7\u00e3o das opera\u00e7\u00f5es da empresa<br data-start=\"995\" data-end=\"998\" \/>\u2714 Danos \u00e0 reputa\u00e7\u00e3o corporativa<br data-start=\"1029\" data-end=\"1032\" \/>\u2714 Risco de san\u00e7\u00f5es por incumprimento de regulamenta\u00e7\u00f5es<\/p>\r\n<p data-start=\"1089\" data-end=\"1316\">\u00c9 por isso que, h\u00e1 mais de um ano, na METRICA partilhamos regularmente conte\u00fados de ciberseguran\u00e7a nas nossas redes sociais \u2014 ajudando a nossa comunidade a proteger-se no mundo digital. E agora queremos testar o que aprendeste.<\/p>\r\n<hr data-start=\"1318\" data-end=\"1321\" \/>\r\n<h3 data-section-id=\"hzglo9\" data-start=\"1323\" data-end=\"1372\">Testa os teus conhecimentos em ciberseguran\u00e7a<\/h3>\r\n<p data-start=\"1374\" data-end=\"1552\">Para assinalar o <strong data-start=\"1391\" data-end=\"1436\">Dia Internacional da Aprendizagem Digital<\/strong>, lan\u00e7\u00e1mos um <strong data-start=\"1450\" data-end=\"1483\">quiz nas nossas redes sociais<\/strong> com 5 perguntas-chave sobre ciberseguran\u00e7a. Atreves-te a participar?<\/p>\r\n<p data-start=\"1554\" data-end=\"1860\">\ud83d\udccc <em data-start=\"1557\" data-end=\"1572\">Doomscrolling<\/em>: como afeta a tua seguran\u00e7a digital?<br data-start=\"1609\" data-end=\"1612\" \/>\ud83d\udccc Regra &#8220;Uma por dia&#8221;: um h\u00e1bito simples que te pode proteger<br data-start=\"1674\" data-end=\"1677\" \/>\ud83d\udccc <em data-start=\"1680\" data-end=\"1689\">Vishing<\/em>: a fraude telef\u00f3nica que continua a crescer<br data-start=\"1733\" data-end=\"1736\" \/>\ud83d\udccc Erros comuns no PC: h\u00e1bitos que colocam o teu equipamento em risco<br data-start=\"1805\" data-end=\"1808\" \/>\ud83d\udccc Mitos da ciberseguran\u00e7a: desmontar falsas cren\u00e7as<\/p>\r\n<p data-start=\"1862\" data-end=\"1982\">Acede \u00e0s nossas redes sociais e descobre se j\u00e1 \u00e9s um especialista em ciberseguran\u00e7a ou se ainda tens mais para aprender.<\/p>\r\n<hr data-start=\"1984\" data-end=\"1987\" \/>\r\n<h3 data-section-id=\"q09za9\" data-start=\"1989\" data-end=\"2037\">A ciberseguran\u00e7a \u00e9 responsabilidade de todos<\/h3>\r\n<p data-start=\"2039\" data-end=\"2220\">Cada colaborador \u00e9 uma pe\u00e7a fundamental na seguran\u00e7a da empresa. Estar bem informado e aplicar boas pr\u00e1ticas no dia a dia \u00e9 crucial para prevenir ataques e proteger os nossos dados.<\/p>\r\n<p data-start=\"2222\" data-end=\"2448\">\ud83d\udd39 Utiliza palavras-passe fortes e muda-as regularmente<br data-start=\"2277\" data-end=\"2280\" \/>\ud83d\udd39 Desconfia de emails ou chamadas suspeitas<br data-start=\"2324\" data-end=\"2327\" \/>\ud83d\udd39 Nunca partilhes informa\u00e7\u00e3o confidencial sem confirmar a fonte<br data-start=\"2391\" data-end=\"2394\" \/>\ud83d\udd39 Mant\u00e9m sempre atualizado o teu software e antiv\u00edrus<\/p>\r\n<p data-start=\"2450\" data-end=\"2622\">A ciberseguran\u00e7a n\u00e3o \u00e9 apenas um desafio tecnol\u00f3gico \u2014 \u00e9 um compromisso coletivo. Na METRICA, continuamos a trabalhar para tornar o ambiente digital mais seguro para todos.<\/p>\r\n<p data-start=\"2624\" data-end=\"2701\">\ud83d\udcf2 Quantas perguntas vais acertar? Visita as nossas redes sociais e descobre!<\/p>\r\n","protected":false},"excerpt":{"rendered":"<p>Todos os dias, milh\u00f5es de dados est\u00e3o em risco devido a ataques inform\u00e1ticos, phishing ou m\u00e1s pr\u00e1ticas dos pr\u00f3prios utilizadores. A melhor defesa \u00e9 a forma\u00e7\u00e3o e a consciencializa\u00e7\u00e3o.<\/p>\n","protected":false},"author":1,"featured_media":7244,"comment_status":"open","ping_status":"open","sticky":false,"template":"","format":"standard","meta":{"content-type":"","footnotes":""},"categories":[1472],"tags":[1223,1508,1474,1475,1351,1476,1509,1510,1511,1512,1479,1173,1231,1513],"class_list":["post-7243","post","type-post","status-publish","format-standard","has-post-thumbnail","hentry","category-qualidade-pt","tag-ambito-tecnologico-pt","tag-aprendizaje-digital-pt","tag-ciberataque-pt","tag-ciberestafa-pt","tag-ciberseguridad-pt","tag-consejos-de-seguridad-pt","tag-contrasena-pt","tag-doomscrolling-pt","tag-email-pt","tag-pc-pt","tag-proteccion-de-datos-pt","tag-sector-it-pt","tag-tecnologia-pt","tag-vishing-pt"],"yoast_head":"<!-- This site is optimized with the Yoast SEO plugin v25.9 - https:\/\/yoast.com\/wordpress\/plugins\/seo\/ -->\n<title>Dia Internacional da Aprendizagem Digital na METRICA - METRICA<\/title>\n<meta name=\"robots\" content=\"index, follow, max-snippet:-1, max-image-preview:large, max-video-preview:-1\" \/>\n<link rel=\"canonical\" href=\"https:\/\/www.metrica-global.com\/pt\/dia-internacional-del-aprendizaje-digital-en-metrica\/\" \/>\n<meta property=\"og:locale\" content=\"pt_PT\" \/>\n<meta property=\"og:type\" content=\"article\" \/>\n<meta property=\"og:title\" content=\"Dia Internacional da Aprendizagem Digital na METRICA - METRICA\" \/>\n<meta property=\"og:description\" content=\"Todos os dias, milh\u00f5es de dados est\u00e3o em risco devido a ataques inform\u00e1ticos, phishing ou m\u00e1s pr\u00e1ticas dos pr\u00f3prios utilizadores. A melhor defesa \u00e9 a forma\u00e7\u00e3o e a consciencializa\u00e7\u00e3o.\" \/>\n<meta property=\"og:url\" content=\"https:\/\/www.metrica-global.com\/pt\/dia-internacional-del-aprendizaje-digital-en-metrica\/\" \/>\n<meta property=\"og:site_name\" content=\"METRICA\" \/>\n<meta property=\"article:published_time\" content=\"2025-03-19T15:47:30+00:00\" \/>\n<meta property=\"article:modified_time\" content=\"2025-07-30T09:47:11+00:00\" \/>\n<meta property=\"og:image\" content=\"https:\/\/www.metrica-global.com\/wp-content\/uploads\/2025\/03\/banner-test-ciber-scaled-1.jpg\" \/>\n\t<meta property=\"og:image:width\" content=\"2560\" \/>\n\t<meta property=\"og:image:height\" content=\"1140\" \/>\n\t<meta property=\"og:image:type\" content=\"image\/jpeg\" \/>\n<meta name=\"author\" content=\"desarrollo\" \/>\n<meta name=\"twitter:card\" content=\"summary_large_image\" \/>\n<meta name=\"twitter:label1\" content=\"Written by\" \/>\n\t<meta name=\"twitter:data1\" content=\"desarrollo\" \/>\n\t<meta name=\"twitter:label2\" content=\"Est. reading time\" \/>\n\t<meta name=\"twitter:data2\" content=\"2 minutos\" \/>\n<script type=\"application\/ld+json\" class=\"yoast-schema-graph\">{\"@context\":\"https:\/\/schema.org\",\"@graph\":[{\"@type\":\"Article\",\"@id\":\"https:\/\/www.metrica-global.com\/pt\/dia-internacional-del-aprendizaje-digital-en-metrica\/#article\",\"isPartOf\":{\"@id\":\"https:\/\/www.metrica-global.com\/pt\/dia-internacional-del-aprendizaje-digital-en-metrica\/\"},\"author\":{\"name\":\"desarrollo\",\"@id\":\"https:\/\/www.metrica-global.com\/#\/schema\/person\/78e8e629d9e5908167469b249f6f2cdc\"},\"headline\":\"Dia Internacional da Aprendizagem Digital na METRICA\",\"datePublished\":\"2025-03-19T15:47:30+00:00\",\"dateModified\":\"2025-07-30T09:47:11+00:00\",\"mainEntityOfPage\":{\"@id\":\"https:\/\/www.metrica-global.com\/pt\/dia-internacional-del-aprendizaje-digital-en-metrica\/\"},\"wordCount\":418,\"commentCount\":0,\"publisher\":{\"@id\":\"https:\/\/www.metrica-global.com\/#organization\"},\"image\":{\"@id\":\"https:\/\/www.metrica-global.com\/pt\/dia-internacional-del-aprendizaje-digital-en-metrica\/#primaryimage\"},\"thumbnailUrl\":\"https:\/\/www.metrica-global.com\/wp-content\/uploads\/2025\/03\/banner-test-ciber-scaled-1.jpg\",\"keywords\":[\"\u00c1mbito Tecnol\u00f3gico\",\"Aprendizaje Digital\",\"Ciberataque\",\"Ciberestafa\",\"Ciberseguridad\",\"Consejos De Seguridad\",\"Contrase\u00f1a\",\"Doomscrolling\",\"Email\",\"PC\",\"Protecci\u00f3n de Datos\",\"Sector IT\",\"Tecnolog\u00eda\",\"Vishing\"],\"articleSection\":[\"Qualidade\"],\"inLanguage\":\"pt-PT\",\"potentialAction\":[{\"@type\":\"CommentAction\",\"name\":\"Comment\",\"target\":[\"https:\/\/www.metrica-global.com\/pt\/dia-internacional-del-aprendizaje-digital-en-metrica\/#respond\"]}]},{\"@type\":\"WebPage\",\"@id\":\"https:\/\/www.metrica-global.com\/pt\/dia-internacional-del-aprendizaje-digital-en-metrica\/\",\"url\":\"https:\/\/www.metrica-global.com\/pt\/dia-internacional-del-aprendizaje-digital-en-metrica\/\",\"name\":\"Dia Internacional da Aprendizagem Digital na METRICA - METRICA\",\"isPartOf\":{\"@id\":\"https:\/\/www.metrica-global.com\/#website\"},\"primaryImageOfPage\":{\"@id\":\"https:\/\/www.metrica-global.com\/pt\/dia-internacional-del-aprendizaje-digital-en-metrica\/#primaryimage\"},\"image\":{\"@id\":\"https:\/\/www.metrica-global.com\/pt\/dia-internacional-del-aprendizaje-digital-en-metrica\/#primaryimage\"},\"thumbnailUrl\":\"https:\/\/www.metrica-global.com\/wp-content\/uploads\/2025\/03\/banner-test-ciber-scaled-1.jpg\",\"datePublished\":\"2025-03-19T15:47:30+00:00\",\"dateModified\":\"2025-07-30T09:47:11+00:00\",\"breadcrumb\":{\"@id\":\"https:\/\/www.metrica-global.com\/pt\/dia-internacional-del-aprendizaje-digital-en-metrica\/#breadcrumb\"},\"inLanguage\":\"pt-PT\",\"potentialAction\":[{\"@type\":\"ReadAction\",\"target\":[\"https:\/\/www.metrica-global.com\/pt\/dia-internacional-del-aprendizaje-digital-en-metrica\/\"]}]},{\"@type\":\"ImageObject\",\"inLanguage\":\"pt-PT\",\"@id\":\"https:\/\/www.metrica-global.com\/pt\/dia-internacional-del-aprendizaje-digital-en-metrica\/#primaryimage\",\"url\":\"https:\/\/www.metrica-global.com\/wp-content\/uploads\/2025\/03\/banner-test-ciber-scaled-1.jpg\",\"contentUrl\":\"https:\/\/www.metrica-global.com\/wp-content\/uploads\/2025\/03\/banner-test-ciber-scaled-1.jpg\",\"width\":2560,\"height\":1140,\"caption\":\"banner test ciber scaled 1\"},{\"@type\":\"BreadcrumbList\",\"@id\":\"https:\/\/www.metrica-global.com\/pt\/dia-internacional-del-aprendizaje-digital-en-metrica\/#breadcrumb\",\"itemListElement\":[{\"@type\":\"ListItem\",\"position\":1,\"name\":\"Portada\",\"item\":\"https:\/\/www.metrica-global.com\/pt\/\"},{\"@type\":\"ListItem\",\"position\":2,\"name\":\"Dia Internacional da Aprendizagem Digital na METRICA\"}]},{\"@type\":\"WebSite\",\"@id\":\"https:\/\/www.metrica-global.com\/#website\",\"url\":\"https:\/\/www.metrica-global.com\/\",\"name\":\"METRICA\",\"description\":\"Servicios Globales IT\",\"publisher\":{\"@id\":\"https:\/\/www.metrica-global.com\/#organization\"},\"potentialAction\":[{\"@type\":\"SearchAction\",\"target\":{\"@type\":\"EntryPoint\",\"urlTemplate\":\"https:\/\/www.metrica-global.com\/?s={search_term_string}\"},\"query-input\":{\"@type\":\"PropertyValueSpecification\",\"valueRequired\":true,\"valueName\":\"search_term_string\"}}],\"inLanguage\":\"pt-PT\"},{\"@type\":\"Organization\",\"@id\":\"https:\/\/www.metrica-global.com\/#organization\",\"name\":\"METRICA\",\"url\":\"https:\/\/www.metrica-global.com\/\",\"logo\":{\"@type\":\"ImageObject\",\"inLanguage\":\"pt-PT\",\"@id\":\"https:\/\/www.metrica-global.com\/#\/schema\/logo\/image\/\",\"url\":\"https:\/\/www.metrica-global.com\/wp-content\/uploads\/2023\/12\/logo-metrica.png\",\"contentUrl\":\"https:\/\/www.metrica-global.com\/wp-content\/uploads\/2023\/12\/logo-metrica.png\",\"width\":332,\"height\":58,\"caption\":\"METRICA\"},\"image\":{\"@id\":\"https:\/\/www.metrica-global.com\/#\/schema\/logo\/image\/\"}},{\"@type\":\"Person\",\"@id\":\"https:\/\/www.metrica-global.com\/#\/schema\/person\/78e8e629d9e5908167469b249f6f2cdc\",\"name\":\"desarrollo\",\"image\":{\"@type\":\"ImageObject\",\"inLanguage\":\"pt-PT\",\"@id\":\"https:\/\/www.metrica-global.com\/#\/schema\/person\/image\/\",\"url\":\"https:\/\/secure.gravatar.com\/avatar\/d2653fb8f170e1382a31acc69dcf92e99545e6329805eb11d8a34443b058f3de?s=96&d=mm&r=g\",\"contentUrl\":\"https:\/\/secure.gravatar.com\/avatar\/d2653fb8f170e1382a31acc69dcf92e99545e6329805eb11d8a34443b058f3de?s=96&d=mm&r=g\",\"caption\":\"desarrollo\"},\"url\":\"https:\/\/www.metrica-global.com\/pt\/author\/desarrollo\/\"}]}<\/script>\n<!-- \/ Yoast SEO plugin. -->","yoast_head_json":{"title":"Dia Internacional da Aprendizagem Digital na METRICA - METRICA","robots":{"index":"index","follow":"follow","max-snippet":"max-snippet:-1","max-image-preview":"max-image-preview:large","max-video-preview":"max-video-preview:-1"},"canonical":"https:\/\/www.metrica-global.com\/pt\/dia-internacional-del-aprendizaje-digital-en-metrica\/","og_locale":"pt_PT","og_type":"article","og_title":"Dia Internacional da Aprendizagem Digital na METRICA - METRICA","og_description":"Todos os dias, milh\u00f5es de dados est\u00e3o em risco devido a ataques inform\u00e1ticos, phishing ou m\u00e1s pr\u00e1ticas dos pr\u00f3prios utilizadores. A melhor defesa \u00e9 a forma\u00e7\u00e3o e a consciencializa\u00e7\u00e3o.","og_url":"https:\/\/www.metrica-global.com\/pt\/dia-internacional-del-aprendizaje-digital-en-metrica\/","og_site_name":"METRICA","article_published_time":"2025-03-19T15:47:30+00:00","article_modified_time":"2025-07-30T09:47:11+00:00","og_image":[{"width":2560,"height":1140,"url":"https:\/\/www.metrica-global.com\/wp-content\/uploads\/2025\/03\/banner-test-ciber-scaled-1.jpg","type":"image\/jpeg"}],"author":"desarrollo","twitter_card":"summary_large_image","twitter_misc":{"Written by":"desarrollo","Est. reading time":"2 minutos"},"schema":{"@context":"https:\/\/schema.org","@graph":[{"@type":"Article","@id":"https:\/\/www.metrica-global.com\/pt\/dia-internacional-del-aprendizaje-digital-en-metrica\/#article","isPartOf":{"@id":"https:\/\/www.metrica-global.com\/pt\/dia-internacional-del-aprendizaje-digital-en-metrica\/"},"author":{"name":"desarrollo","@id":"https:\/\/www.metrica-global.com\/#\/schema\/person\/78e8e629d9e5908167469b249f6f2cdc"},"headline":"Dia Internacional da Aprendizagem Digital na METRICA","datePublished":"2025-03-19T15:47:30+00:00","dateModified":"2025-07-30T09:47:11+00:00","mainEntityOfPage":{"@id":"https:\/\/www.metrica-global.com\/pt\/dia-internacional-del-aprendizaje-digital-en-metrica\/"},"wordCount":418,"commentCount":0,"publisher":{"@id":"https:\/\/www.metrica-global.com\/#organization"},"image":{"@id":"https:\/\/www.metrica-global.com\/pt\/dia-internacional-del-aprendizaje-digital-en-metrica\/#primaryimage"},"thumbnailUrl":"https:\/\/www.metrica-global.com\/wp-content\/uploads\/2025\/03\/banner-test-ciber-scaled-1.jpg","keywords":["\u00c1mbito Tecnol\u00f3gico","Aprendizaje Digital","Ciberataque","Ciberestafa","Ciberseguridad","Consejos De Seguridad","Contrase\u00f1a","Doomscrolling","Email","PC","Protecci\u00f3n de Datos","Sector IT","Tecnolog\u00eda","Vishing"],"articleSection":["Qualidade"],"inLanguage":"pt-PT","potentialAction":[{"@type":"CommentAction","name":"Comment","target":["https:\/\/www.metrica-global.com\/pt\/dia-internacional-del-aprendizaje-digital-en-metrica\/#respond"]}]},{"@type":"WebPage","@id":"https:\/\/www.metrica-global.com\/pt\/dia-internacional-del-aprendizaje-digital-en-metrica\/","url":"https:\/\/www.metrica-global.com\/pt\/dia-internacional-del-aprendizaje-digital-en-metrica\/","name":"Dia Internacional da Aprendizagem Digital na METRICA - METRICA","isPartOf":{"@id":"https:\/\/www.metrica-global.com\/#website"},"primaryImageOfPage":{"@id":"https:\/\/www.metrica-global.com\/pt\/dia-internacional-del-aprendizaje-digital-en-metrica\/#primaryimage"},"image":{"@id":"https:\/\/www.metrica-global.com\/pt\/dia-internacional-del-aprendizaje-digital-en-metrica\/#primaryimage"},"thumbnailUrl":"https:\/\/www.metrica-global.com\/wp-content\/uploads\/2025\/03\/banner-test-ciber-scaled-1.jpg","datePublished":"2025-03-19T15:47:30+00:00","dateModified":"2025-07-30T09:47:11+00:00","breadcrumb":{"@id":"https:\/\/www.metrica-global.com\/pt\/dia-internacional-del-aprendizaje-digital-en-metrica\/#breadcrumb"},"inLanguage":"pt-PT","potentialAction":[{"@type":"ReadAction","target":["https:\/\/www.metrica-global.com\/pt\/dia-internacional-del-aprendizaje-digital-en-metrica\/"]}]},{"@type":"ImageObject","inLanguage":"pt-PT","@id":"https:\/\/www.metrica-global.com\/pt\/dia-internacional-del-aprendizaje-digital-en-metrica\/#primaryimage","url":"https:\/\/www.metrica-global.com\/wp-content\/uploads\/2025\/03\/banner-test-ciber-scaled-1.jpg","contentUrl":"https:\/\/www.metrica-global.com\/wp-content\/uploads\/2025\/03\/banner-test-ciber-scaled-1.jpg","width":2560,"height":1140,"caption":"banner test ciber scaled 1"},{"@type":"BreadcrumbList","@id":"https:\/\/www.metrica-global.com\/pt\/dia-internacional-del-aprendizaje-digital-en-metrica\/#breadcrumb","itemListElement":[{"@type":"ListItem","position":1,"name":"Portada","item":"https:\/\/www.metrica-global.com\/pt\/"},{"@type":"ListItem","position":2,"name":"Dia Internacional da Aprendizagem Digital na METRICA"}]},{"@type":"WebSite","@id":"https:\/\/www.metrica-global.com\/#website","url":"https:\/\/www.metrica-global.com\/","name":"METRICA","description":"Servicios Globales IT","publisher":{"@id":"https:\/\/www.metrica-global.com\/#organization"},"potentialAction":[{"@type":"SearchAction","target":{"@type":"EntryPoint","urlTemplate":"https:\/\/www.metrica-global.com\/?s={search_term_string}"},"query-input":{"@type":"PropertyValueSpecification","valueRequired":true,"valueName":"search_term_string"}}],"inLanguage":"pt-PT"},{"@type":"Organization","@id":"https:\/\/www.metrica-global.com\/#organization","name":"METRICA","url":"https:\/\/www.metrica-global.com\/","logo":{"@type":"ImageObject","inLanguage":"pt-PT","@id":"https:\/\/www.metrica-global.com\/#\/schema\/logo\/image\/","url":"https:\/\/www.metrica-global.com\/wp-content\/uploads\/2023\/12\/logo-metrica.png","contentUrl":"https:\/\/www.metrica-global.com\/wp-content\/uploads\/2023\/12\/logo-metrica.png","width":332,"height":58,"caption":"METRICA"},"image":{"@id":"https:\/\/www.metrica-global.com\/#\/schema\/logo\/image\/"}},{"@type":"Person","@id":"https:\/\/www.metrica-global.com\/#\/schema\/person\/78e8e629d9e5908167469b249f6f2cdc","name":"desarrollo","image":{"@type":"ImageObject","inLanguage":"pt-PT","@id":"https:\/\/www.metrica-global.com\/#\/schema\/person\/image\/","url":"https:\/\/secure.gravatar.com\/avatar\/d2653fb8f170e1382a31acc69dcf92e99545e6329805eb11d8a34443b058f3de?s=96&d=mm&r=g","contentUrl":"https:\/\/secure.gravatar.com\/avatar\/d2653fb8f170e1382a31acc69dcf92e99545e6329805eb11d8a34443b058f3de?s=96&d=mm&r=g","caption":"desarrollo"},"url":"https:\/\/www.metrica-global.com\/pt\/author\/desarrollo\/"}]}},"_links":{"self":[{"href":"https:\/\/www.metrica-global.com\/pt\/wp-json\/wp\/v2\/posts\/7243","targetHints":{"allow":["GET"]}}],"collection":[{"href":"https:\/\/www.metrica-global.com\/pt\/wp-json\/wp\/v2\/posts"}],"about":[{"href":"https:\/\/www.metrica-global.com\/pt\/wp-json\/wp\/v2\/types\/post"}],"author":[{"embeddable":true,"href":"https:\/\/www.metrica-global.com\/pt\/wp-json\/wp\/v2\/users\/1"}],"replies":[{"embeddable":true,"href":"https:\/\/www.metrica-global.com\/pt\/wp-json\/wp\/v2\/comments?post=7243"}],"version-history":[{"count":2,"href":"https:\/\/www.metrica-global.com\/pt\/wp-json\/wp\/v2\/posts\/7243\/revisions"}],"predecessor-version":[{"id":12465,"href":"https:\/\/www.metrica-global.com\/pt\/wp-json\/wp\/v2\/posts\/7243\/revisions\/12465"}],"wp:featuredmedia":[{"embeddable":true,"href":"https:\/\/www.metrica-global.com\/pt\/wp-json\/wp\/v2\/media\/7244"}],"wp:attachment":[{"href":"https:\/\/www.metrica-global.com\/pt\/wp-json\/wp\/v2\/media?parent=7243"}],"wp:term":[{"taxonomy":"category","embeddable":true,"href":"https:\/\/www.metrica-global.com\/pt\/wp-json\/wp\/v2\/categories?post=7243"},{"taxonomy":"post_tag","embeddable":true,"href":"https:\/\/www.metrica-global.com\/pt\/wp-json\/wp\/v2\/tags?post=7243"}],"curies":[{"name":"wp","href":"https:\/\/api.w.org\/{rel}","templated":true}]}}