{"id":7255,"date":"2025-02-20T17:30:00","date_gmt":"2025-02-20T16:30:00","guid":{"rendered":"https:\/\/www.metrica-global.com\/justicia-social-y-compliance-en-metrica\/"},"modified":"2025-07-30T11:47:20","modified_gmt":"2025-07-30T09:47:20","slug":"justicia-social-y-compliance-en-metrica","status":"publish","type":"post","link":"https:\/\/www.metrica-global.com\/pt\/justicia-social-y-compliance-en-metrica\/","title":{"rendered":"Justicia Social y Compliance en METRICA"},"content":{"rendered":"\r\n<p>La <strong>justicia social<\/strong> es un pilar fundamental para construir sociedades m\u00e1s equitativas, sostenibles y transparentes. En el mundo empresarial, su aplicaci\u00f3n va m\u00e1s all\u00e1 del cumplimiento normativo: implica una cultura basada en la <strong>\u00e9tica, los derechos humanos y la transparencia<\/strong>.<\/p>\r\n\r\n\r\n\r\n<p>En METRICA, creemos que la tecnolog\u00eda y la innovaci\u00f3n pueden ser herramientas clave para fomentar la justicia social. Por eso, hemos integrado este principio en nuestra forma de trabajar y en nuestras pol\u00edticas corporativas.<\/p>\r\n\r\n\r\n\r\n<h2 class=\"wp-block-heading\"><strong>\u00bfQu\u00e9 es la justicia social y por qu\u00e9 es importante en las empresas?<\/strong><\/h2>\r\n\r\n\r\n\r\n<p>La justicia social se basa en la equidad, la inclusi\u00f3n y la igualdad de oportunidades. Para las empresas, esto implica adoptar pr\u00e1cticas responsables que generen impacto positivo en la sociedad. Desde la gesti\u00f3n \u00e9tica hasta la transparencia corporativa, cada acci\u00f3n cuenta para construir un entorno m\u00e1s justo.<\/p>\r\n\r\n\r\n\r\n<h3 class=\"wp-block-heading\"><strong>METRICA y su compromiso con la justicia social<\/strong><\/h3>\r\n\r\n\r\n\r\n<p>Para nosotros, la justicia social no es solo un ideal, sino un compromiso tangible reflejado en tres pilares clave:<\/p>\r\n\r\n\r\n\r\n<h3 class=\"wp-block-heading\"><strong>1. \u00c9tica y Responsabilidad Social<\/strong><\/h3>\r\n\r\n\r\n\r\n<ul class=\"wp-block-list\">\r\n<li>Contamos con un <strong>C\u00f3digo de Conducta<\/strong> que promueve la \u00e9tica empresarial y el respeto a los valores corporativos.<\/li>\r\n\r\n\r\n\r\n<li>Apoyamos a entidades ben\u00e9ficas como el <strong>Banco de Alimentos<\/strong>, contribuyendo a mejorar la calidad de vida de comunidades vulnerables.<\/li>\r\n<\/ul>\r\n\r\n\r\n\r\n<h3 class=\"wp-block-heading\"><strong>2. Derechos Humanos y ODS<\/strong><\/h3>\r\n\r\n\r\n\r\n<ul class=\"wp-block-list\">\r\n<li>Estamos adheridos al <strong>Pacto Mundial de la ONU<\/strong>, reafirmando nuestro compromiso con los principios universales de derechos humanos, trabajo digno, medioambiente y lucha contra la corrupci\u00f3n.<\/li>\r\n\r\n\r\n\r\n<li>Nuestras iniciativas est\u00e1n alineadas con los <strong>Objetivos de Desarrollo Sostenible (ODS)<\/strong>, priorizando acciones en \u00e1reas como igualdad de g\u00e9nero, educaci\u00f3n de calidad, producci\u00f3n responsable y lucha contra el cambio clim\u00e1tico.<\/li>\r\n<\/ul>\r\n\r\n\r\n\r\n<h3 class=\"wp-block-heading\"><strong>3. Transparencia y Rendici\u00f3n de Cuentas<\/strong><\/h3>\r\n\r\n\r\n\r\n<ul class=\"wp-block-list\">\r\n<li>Implementamos pol\u00edticas de <strong>compliance<\/strong> para fomentar un entorno de trabajo \u00edntegro y libre de malas pr\u00e1cticas.<\/li>\r\n\r\n\r\n\r\n<li>Contamos con un <strong>modelo de prevenci\u00f3n de delitos, un plan de igualdad y un canal de denuncias<\/strong>, asegurando la transparencia dentro de la organizaci\u00f3n.<\/li>\r\n<\/ul>\r\n\r\n\r\n\r\n<h2 class=\"wp-block-heading\"><strong>El impacto de la justicia social en el mundo empresarial<\/strong><\/h2>\r\n\r\n\r\n\r\n<p>Las empresas que priorizan la justicia social no solo generan un impacto positivo en la sociedad, sino que tambi\u00e9n fortalecen su reputaci\u00f3n y confianza con clientes, inversores y colaboradores. En METRICA, sabemos que la responsabilidad corporativa es clave para un desarrollo sostenible y equitativo.<\/p>\r\n\r\n\r\n\r\n<p><strong>Nuestro compromiso es claro: seguir trabajando cada d\u00eda por un futuro m\u00e1s justo, transparente y sostenible.<\/strong><\/p>\r\n\r\n\r\n\r\n<p>Integrar la justicia social en la estrategia empresarial no es una opci\u00f3n, sino una necesidad en el mundo actual. La \u00e9tica, el respeto por los derechos humanos y la transparencia son valores esenciales para construir organizaciones m\u00e1s responsables y sostenibles.<\/p>\r\n\r\n\r\n\r\n<p>\u00bfQuieres saber m\u00e1s sobre nuestras iniciativas de responsabilidad social? S\u00edguenos en nuestras redes o visita nuestro blog para m\u00e1s informaci\u00f3n.<\/p>\r\n","protected":false},"excerpt":{"rendered":"<p>La tecnolog\u00eda y la innovaci\u00f3n pueden ser herramientas clave para fomentar la justicia social. Por eso, hemos integrado este principio en nuestras pol\u00edticas corporativas.<\/p>\n","protected":false},"author":1,"featured_media":7256,"comment_status":"open","ping_status":"open","sticky":false,"template":"","format":"standard","meta":{"content-type":"","footnotes":""},"categories":[1472],"tags":[1223,1548,1549,1533,1550,1551,1552,1202,1536,1173,1231,1537],"class_list":["post-7255","post","type-post","status-publish","format-standard","has-post-thumbnail","hentry","category-qualidade-pt","tag-ambito-tecnologico-pt","tag-ddhh-pt","tag-derechos-humanos-pt","tag-etica-empresarial-pt","tag-justicia-social-pt","tag-objetivos-de-desarrollo-sostenible-pt","tag-ods-pt","tag-responsabilidad-social-pt","tag-rsc-pt","tag-sector-it-pt","tag-tecnologia-pt","tag-transparencia-pt"],"yoast_head":"<!-- This site is optimized with the Yoast SEO plugin v25.9 - https:\/\/yoast.com\/wordpress\/plugins\/seo\/ -->\n<title>Justicia Social y Compliance en METRICA - METRICA<\/title>\n<meta name=\"robots\" content=\"index, follow, max-snippet:-1, max-image-preview:large, max-video-preview:-1\" \/>\n<link rel=\"canonical\" href=\"https:\/\/www.metrica-global.com\/pt\/justicia-social-y-compliance-en-metrica\/\" \/>\n<meta property=\"og:locale\" content=\"pt_PT\" \/>\n<meta property=\"og:type\" content=\"article\" \/>\n<meta property=\"og:title\" content=\"Justicia Social y Compliance en METRICA - METRICA\" \/>\n<meta property=\"og:description\" content=\"La tecnolog\u00eda y la innovaci\u00f3n pueden ser herramientas clave para fomentar la justicia social. Por eso, hemos integrado este principio en nuestras pol\u00edticas corporativas.\" \/>\n<meta property=\"og:url\" content=\"https:\/\/www.metrica-global.com\/pt\/justicia-social-y-compliance-en-metrica\/\" \/>\n<meta property=\"og:site_name\" content=\"METRICA\" \/>\n<meta property=\"article:published_time\" content=\"2025-02-20T16:30:00+00:00\" \/>\n<meta property=\"article:modified_time\" content=\"2025-07-30T09:47:20+00:00\" \/>\n<meta property=\"og:image\" content=\"https:\/\/www.metrica-global.com\/wp-content\/uploads\/2025\/02\/BANNER-COMPLIANCE-JS-scaled-1.jpg\" \/>\n\t<meta property=\"og:image:width\" content=\"2560\" \/>\n\t<meta property=\"og:image:height\" content=\"1045\" \/>\n\t<meta property=\"og:image:type\" content=\"image\/jpeg\" \/>\n<meta name=\"author\" content=\"desarrollo\" \/>\n<meta name=\"twitter:card\" content=\"summary_large_image\" \/>\n<meta name=\"twitter:label1\" content=\"Written by\" \/>\n\t<meta name=\"twitter:data1\" content=\"desarrollo\" \/>\n\t<meta name=\"twitter:label2\" content=\"Est. reading time\" \/>\n\t<meta name=\"twitter:data2\" content=\"3 minutos\" \/>\n<script type=\"application\/ld+json\" class=\"yoast-schema-graph\">{\"@context\":\"https:\/\/schema.org\",\"@graph\":[{\"@type\":\"Article\",\"@id\":\"https:\/\/www.metrica-global.com\/pt\/justicia-social-y-compliance-en-metrica\/#article\",\"isPartOf\":{\"@id\":\"https:\/\/www.metrica-global.com\/pt\/justicia-social-y-compliance-en-metrica\/\"},\"author\":{\"name\":\"desarrollo\",\"@id\":\"https:\/\/www.metrica-global.com\/#\/schema\/person\/78e8e629d9e5908167469b249f6f2cdc\"},\"headline\":\"Justicia Social y Compliance en METRICA\",\"datePublished\":\"2025-02-20T16:30:00+00:00\",\"dateModified\":\"2025-07-30T09:47:20+00:00\",\"mainEntityOfPage\":{\"@id\":\"https:\/\/www.metrica-global.com\/pt\/justicia-social-y-compliance-en-metrica\/\"},\"wordCount\":477,\"commentCount\":0,\"publisher\":{\"@id\":\"https:\/\/www.metrica-global.com\/#organization\"},\"image\":{\"@id\":\"https:\/\/www.metrica-global.com\/pt\/justicia-social-y-compliance-en-metrica\/#primaryimage\"},\"thumbnailUrl\":\"https:\/\/www.metrica-global.com\/wp-content\/uploads\/2025\/02\/BANNER-COMPLIANCE-JS-scaled-1.jpg\",\"keywords\":[\"\u00c1mbito Tecnol\u00f3gico\",\"DDHH\",\"Derechos Humanos\",\"\u00c9tica empresarial\",\"Justicia Social\",\"Objetivos de Desarrollo Sostenible\",\"ODS\",\"Responsabilidad Social\",\"RSC\",\"Sector IT\",\"Tecnolog\u00eda\",\"Transparencia\"],\"articleSection\":[\"Qualidade\"],\"inLanguage\":\"pt-PT\",\"potentialAction\":[{\"@type\":\"CommentAction\",\"name\":\"Comment\",\"target\":[\"https:\/\/www.metrica-global.com\/pt\/justicia-social-y-compliance-en-metrica\/#respond\"]}]},{\"@type\":\"WebPage\",\"@id\":\"https:\/\/www.metrica-global.com\/pt\/justicia-social-y-compliance-en-metrica\/\",\"url\":\"https:\/\/www.metrica-global.com\/pt\/justicia-social-y-compliance-en-metrica\/\",\"name\":\"Justicia Social y Compliance en METRICA - METRICA\",\"isPartOf\":{\"@id\":\"https:\/\/www.metrica-global.com\/#website\"},\"primaryImageOfPage\":{\"@id\":\"https:\/\/www.metrica-global.com\/pt\/justicia-social-y-compliance-en-metrica\/#primaryimage\"},\"image\":{\"@id\":\"https:\/\/www.metrica-global.com\/pt\/justicia-social-y-compliance-en-metrica\/#primaryimage\"},\"thumbnailUrl\":\"https:\/\/www.metrica-global.com\/wp-content\/uploads\/2025\/02\/BANNER-COMPLIANCE-JS-scaled-1.jpg\",\"datePublished\":\"2025-02-20T16:30:00+00:00\",\"dateModified\":\"2025-07-30T09:47:20+00:00\",\"breadcrumb\":{\"@id\":\"https:\/\/www.metrica-global.com\/pt\/justicia-social-y-compliance-en-metrica\/#breadcrumb\"},\"inLanguage\":\"pt-PT\",\"potentialAction\":[{\"@type\":\"ReadAction\",\"target\":[\"https:\/\/www.metrica-global.com\/pt\/justicia-social-y-compliance-en-metrica\/\"]}]},{\"@type\":\"ImageObject\",\"inLanguage\":\"pt-PT\",\"@id\":\"https:\/\/www.metrica-global.com\/pt\/justicia-social-y-compliance-en-metrica\/#primaryimage\",\"url\":\"https:\/\/www.metrica-global.com\/wp-content\/uploads\/2025\/02\/BANNER-COMPLIANCE-JS-scaled-1.jpg\",\"contentUrl\":\"https:\/\/www.metrica-global.com\/wp-content\/uploads\/2025\/02\/BANNER-COMPLIANCE-JS-scaled-1.jpg\",\"width\":2560,\"height\":1045,\"caption\":\"BANNER COMPLIANCE JS scaled 1\"},{\"@type\":\"BreadcrumbList\",\"@id\":\"https:\/\/www.metrica-global.com\/pt\/justicia-social-y-compliance-en-metrica\/#breadcrumb\",\"itemListElement\":[{\"@type\":\"ListItem\",\"position\":1,\"name\":\"Portada\",\"item\":\"https:\/\/www.metrica-global.com\/pt\/\"},{\"@type\":\"ListItem\",\"position\":2,\"name\":\"Justicia Social y Compliance en METRICA\"}]},{\"@type\":\"WebSite\",\"@id\":\"https:\/\/www.metrica-global.com\/#website\",\"url\":\"https:\/\/www.metrica-global.com\/\",\"name\":\"METRICA\",\"description\":\"Servicios Globales IT\",\"publisher\":{\"@id\":\"https:\/\/www.metrica-global.com\/#organization\"},\"potentialAction\":[{\"@type\":\"SearchAction\",\"target\":{\"@type\":\"EntryPoint\",\"urlTemplate\":\"https:\/\/www.metrica-global.com\/?s={search_term_string}\"},\"query-input\":{\"@type\":\"PropertyValueSpecification\",\"valueRequired\":true,\"valueName\":\"search_term_string\"}}],\"inLanguage\":\"pt-PT\"},{\"@type\":\"Organization\",\"@id\":\"https:\/\/www.metrica-global.com\/#organization\",\"name\":\"METRICA\",\"url\":\"https:\/\/www.metrica-global.com\/\",\"logo\":{\"@type\":\"ImageObject\",\"inLanguage\":\"pt-PT\",\"@id\":\"https:\/\/www.metrica-global.com\/#\/schema\/logo\/image\/\",\"url\":\"https:\/\/www.metrica-global.com\/wp-content\/uploads\/2023\/12\/logo-metrica.png\",\"contentUrl\":\"https:\/\/www.metrica-global.com\/wp-content\/uploads\/2023\/12\/logo-metrica.png\",\"width\":332,\"height\":58,\"caption\":\"METRICA\"},\"image\":{\"@id\":\"https:\/\/www.metrica-global.com\/#\/schema\/logo\/image\/\"}},{\"@type\":\"Person\",\"@id\":\"https:\/\/www.metrica-global.com\/#\/schema\/person\/78e8e629d9e5908167469b249f6f2cdc\",\"name\":\"desarrollo\",\"image\":{\"@type\":\"ImageObject\",\"inLanguage\":\"pt-PT\",\"@id\":\"https:\/\/www.metrica-global.com\/#\/schema\/person\/image\/\",\"url\":\"https:\/\/secure.gravatar.com\/avatar\/d2653fb8f170e1382a31acc69dcf92e99545e6329805eb11d8a34443b058f3de?s=96&d=mm&r=g\",\"contentUrl\":\"https:\/\/secure.gravatar.com\/avatar\/d2653fb8f170e1382a31acc69dcf92e99545e6329805eb11d8a34443b058f3de?s=96&d=mm&r=g\",\"caption\":\"desarrollo\"},\"url\":\"https:\/\/www.metrica-global.com\/pt\/author\/desarrollo\/\"}]}<\/script>\n<!-- \/ Yoast SEO plugin. -->","yoast_head_json":{"title":"Justicia Social y Compliance en METRICA - METRICA","robots":{"index":"index","follow":"follow","max-snippet":"max-snippet:-1","max-image-preview":"max-image-preview:large","max-video-preview":"max-video-preview:-1"},"canonical":"https:\/\/www.metrica-global.com\/pt\/justicia-social-y-compliance-en-metrica\/","og_locale":"pt_PT","og_type":"article","og_title":"Justicia Social y Compliance en METRICA - METRICA","og_description":"La tecnolog\u00eda y la innovaci\u00f3n pueden ser herramientas clave para fomentar la justicia social. Por eso, hemos integrado este principio en nuestras pol\u00edticas corporativas.","og_url":"https:\/\/www.metrica-global.com\/pt\/justicia-social-y-compliance-en-metrica\/","og_site_name":"METRICA","article_published_time":"2025-02-20T16:30:00+00:00","article_modified_time":"2025-07-30T09:47:20+00:00","og_image":[{"width":2560,"height":1045,"url":"https:\/\/www.metrica-global.com\/wp-content\/uploads\/2025\/02\/BANNER-COMPLIANCE-JS-scaled-1.jpg","type":"image\/jpeg"}],"author":"desarrollo","twitter_card":"summary_large_image","twitter_misc":{"Written by":"desarrollo","Est. reading time":"3 minutos"},"schema":{"@context":"https:\/\/schema.org","@graph":[{"@type":"Article","@id":"https:\/\/www.metrica-global.com\/pt\/justicia-social-y-compliance-en-metrica\/#article","isPartOf":{"@id":"https:\/\/www.metrica-global.com\/pt\/justicia-social-y-compliance-en-metrica\/"},"author":{"name":"desarrollo","@id":"https:\/\/www.metrica-global.com\/#\/schema\/person\/78e8e629d9e5908167469b249f6f2cdc"},"headline":"Justicia Social y Compliance en METRICA","datePublished":"2025-02-20T16:30:00+00:00","dateModified":"2025-07-30T09:47:20+00:00","mainEntityOfPage":{"@id":"https:\/\/www.metrica-global.com\/pt\/justicia-social-y-compliance-en-metrica\/"},"wordCount":477,"commentCount":0,"publisher":{"@id":"https:\/\/www.metrica-global.com\/#organization"},"image":{"@id":"https:\/\/www.metrica-global.com\/pt\/justicia-social-y-compliance-en-metrica\/#primaryimage"},"thumbnailUrl":"https:\/\/www.metrica-global.com\/wp-content\/uploads\/2025\/02\/BANNER-COMPLIANCE-JS-scaled-1.jpg","keywords":["\u00c1mbito Tecnol\u00f3gico","DDHH","Derechos Humanos","\u00c9tica empresarial","Justicia Social","Objetivos de Desarrollo Sostenible","ODS","Responsabilidad Social","RSC","Sector IT","Tecnolog\u00eda","Transparencia"],"articleSection":["Qualidade"],"inLanguage":"pt-PT","potentialAction":[{"@type":"CommentAction","name":"Comment","target":["https:\/\/www.metrica-global.com\/pt\/justicia-social-y-compliance-en-metrica\/#respond"]}]},{"@type":"WebPage","@id":"https:\/\/www.metrica-global.com\/pt\/justicia-social-y-compliance-en-metrica\/","url":"https:\/\/www.metrica-global.com\/pt\/justicia-social-y-compliance-en-metrica\/","name":"Justicia Social y Compliance en METRICA - METRICA","isPartOf":{"@id":"https:\/\/www.metrica-global.com\/#website"},"primaryImageOfPage":{"@id":"https:\/\/www.metrica-global.com\/pt\/justicia-social-y-compliance-en-metrica\/#primaryimage"},"image":{"@id":"https:\/\/www.metrica-global.com\/pt\/justicia-social-y-compliance-en-metrica\/#primaryimage"},"thumbnailUrl":"https:\/\/www.metrica-global.com\/wp-content\/uploads\/2025\/02\/BANNER-COMPLIANCE-JS-scaled-1.jpg","datePublished":"2025-02-20T16:30:00+00:00","dateModified":"2025-07-30T09:47:20+00:00","breadcrumb":{"@id":"https:\/\/www.metrica-global.com\/pt\/justicia-social-y-compliance-en-metrica\/#breadcrumb"},"inLanguage":"pt-PT","potentialAction":[{"@type":"ReadAction","target":["https:\/\/www.metrica-global.com\/pt\/justicia-social-y-compliance-en-metrica\/"]}]},{"@type":"ImageObject","inLanguage":"pt-PT","@id":"https:\/\/www.metrica-global.com\/pt\/justicia-social-y-compliance-en-metrica\/#primaryimage","url":"https:\/\/www.metrica-global.com\/wp-content\/uploads\/2025\/02\/BANNER-COMPLIANCE-JS-scaled-1.jpg","contentUrl":"https:\/\/www.metrica-global.com\/wp-content\/uploads\/2025\/02\/BANNER-COMPLIANCE-JS-scaled-1.jpg","width":2560,"height":1045,"caption":"BANNER COMPLIANCE JS scaled 1"},{"@type":"BreadcrumbList","@id":"https:\/\/www.metrica-global.com\/pt\/justicia-social-y-compliance-en-metrica\/#breadcrumb","itemListElement":[{"@type":"ListItem","position":1,"name":"Portada","item":"https:\/\/www.metrica-global.com\/pt\/"},{"@type":"ListItem","position":2,"name":"Justicia Social y Compliance en METRICA"}]},{"@type":"WebSite","@id":"https:\/\/www.metrica-global.com\/#website","url":"https:\/\/www.metrica-global.com\/","name":"METRICA","description":"Servicios Globales IT","publisher":{"@id":"https:\/\/www.metrica-global.com\/#organization"},"potentialAction":[{"@type":"SearchAction","target":{"@type":"EntryPoint","urlTemplate":"https:\/\/www.metrica-global.com\/?s={search_term_string}"},"query-input":{"@type":"PropertyValueSpecification","valueRequired":true,"valueName":"search_term_string"}}],"inLanguage":"pt-PT"},{"@type":"Organization","@id":"https:\/\/www.metrica-global.com\/#organization","name":"METRICA","url":"https:\/\/www.metrica-global.com\/","logo":{"@type":"ImageObject","inLanguage":"pt-PT","@id":"https:\/\/www.metrica-global.com\/#\/schema\/logo\/image\/","url":"https:\/\/www.metrica-global.com\/wp-content\/uploads\/2023\/12\/logo-metrica.png","contentUrl":"https:\/\/www.metrica-global.com\/wp-content\/uploads\/2023\/12\/logo-metrica.png","width":332,"height":58,"caption":"METRICA"},"image":{"@id":"https:\/\/www.metrica-global.com\/#\/schema\/logo\/image\/"}},{"@type":"Person","@id":"https:\/\/www.metrica-global.com\/#\/schema\/person\/78e8e629d9e5908167469b249f6f2cdc","name":"desarrollo","image":{"@type":"ImageObject","inLanguage":"pt-PT","@id":"https:\/\/www.metrica-global.com\/#\/schema\/person\/image\/","url":"https:\/\/secure.gravatar.com\/avatar\/d2653fb8f170e1382a31acc69dcf92e99545e6329805eb11d8a34443b058f3de?s=96&d=mm&r=g","contentUrl":"https:\/\/secure.gravatar.com\/avatar\/d2653fb8f170e1382a31acc69dcf92e99545e6329805eb11d8a34443b058f3de?s=96&d=mm&r=g","caption":"desarrollo"},"url":"https:\/\/www.metrica-global.com\/pt\/author\/desarrollo\/"}]}},"_links":{"self":[{"href":"https:\/\/www.metrica-global.com\/pt\/wp-json\/wp\/v2\/posts\/7255","targetHints":{"allow":["GET"]}}],"collection":[{"href":"https:\/\/www.metrica-global.com\/pt\/wp-json\/wp\/v2\/posts"}],"about":[{"href":"https:\/\/www.metrica-global.com\/pt\/wp-json\/wp\/v2\/types\/post"}],"author":[{"embeddable":true,"href":"https:\/\/www.metrica-global.com\/pt\/wp-json\/wp\/v2\/users\/1"}],"replies":[{"embeddable":true,"href":"https:\/\/www.metrica-global.com\/pt\/wp-json\/wp\/v2\/comments?post=7255"}],"version-history":[{"count":1,"href":"https:\/\/www.metrica-global.com\/pt\/wp-json\/wp\/v2\/posts\/7255\/revisions"}],"predecessor-version":[{"id":7924,"href":"https:\/\/www.metrica-global.com\/pt\/wp-json\/wp\/v2\/posts\/7255\/revisions\/7924"}],"wp:featuredmedia":[{"embeddable":true,"href":"https:\/\/www.metrica-global.com\/pt\/wp-json\/wp\/v2\/media\/7256"}],"wp:attachment":[{"href":"https:\/\/www.metrica-global.com\/pt\/wp-json\/wp\/v2\/media?parent=7255"}],"wp:term":[{"taxonomy":"category","embeddable":true,"href":"https:\/\/www.metrica-global.com\/pt\/wp-json\/wp\/v2\/categories?post=7255"},{"taxonomy":"post_tag","embeddable":true,"href":"https:\/\/www.metrica-global.com\/pt\/wp-json\/wp\/v2\/tags?post=7255"}],"curies":[{"name":"wp","href":"https:\/\/api.w.org\/{rel}","templated":true}]}}