{"id":7291,"date":"2024-12-09T16:30:13","date_gmt":"2024-12-09T16:30:13","guid":{"rendered":"https:\/\/www.metrica-global.com\/grace-murray-hopper-y-el-dia-mundial-de-la-informatica\/"},"modified":"2025-06-17T10:58:57","modified_gmt":"2025-06-17T10:58:57","slug":"grace-murray-hopper-y-el-dia-mundial-de-la-informatica","status":"publish","type":"post","link":"https:\/\/www.metrica-global.com\/pt\/grace-murray-hopper-y-el-dia-mundial-de-la-informatica\/","title":{"rendered":"Grace Murray Hopper y el D\u00eda Mundial de la Inform\u00e1tica"},"content":{"rendered":"\r\n<p>En M\u00e9trica, creemos en el poder de la innovaci\u00f3n y en el valor de la diversidad para transformar el mundo tecnol\u00f3gico. Hoy, con motivo del <strong>D\u00eda Mundial de la Inform\u00e1tica<\/strong>, queremos rendir homenaje a una de las figuras m\u00e1s influyentes de nuestra industria: <strong>Grace Murray Hopper<\/strong>, conocida como <strong>\u201cLa madre de la inform\u00e1tica\u201d<\/strong>.<\/p>\r\n\r\n\r\n\r\n<h3 class=\"wp-block-heading\">\u00bfQui\u00e9n fue Grace Hopper y por qu\u00e9 es tan importante?<\/h3>\r\n\r\n\r\n\r\n<p>Grace Hopper naci\u00f3 el <strong>9 de diciembre de 1906<\/strong> en Nueva York y dej\u00f3 un legado imborrable en el mundo de la tecnolog\u00eda:<\/p>\r\n\r\n\r\n\r\n<ul class=\"wp-block-list\">\r\n<li><strong>1928:<\/strong> Se gradu\u00f3 con honores en Matem\u00e1ticas y F\u00edsica en el Vassar College.<\/li>\r\n\r\n\r\n\r\n<li><strong>1944:<\/strong> Fue la primera programadora en trabajar con el ordenador <strong>Mark 1<\/strong>, un avance clave en la Segunda Guerra Mundial.<\/li>\r\n\r\n\r\n\r\n<li><strong>1952:<\/strong> Cre\u00f3 el <strong>primer compilador de la historia<\/strong>, haciendo la programaci\u00f3n m\u00e1s accesible y eficiente.<\/li>\r\n\r\n\r\n\r\n<li><strong>1959:<\/strong> Particip\u00f3 en el desarrollo de <strong>COBOL<\/strong>, un lenguaje comercial que a\u00fan se usa en sectores cr\u00edticos.<\/li>\r\n\r\n\r\n\r\n<li><strong>1986:<\/strong> Se retir\u00f3 de la Armada estadounidense a los 80 a\u00f1os, tras una carrera excepcional como contralmirante.<\/li>\r\n<\/ul>\r\n\r\n\r\n\r\n<p>Su vida nos recuerda no solo la importancia de la innovaci\u00f3n, sino tambi\u00e9n la necesidad de contar con <strong>referentes femeninas en el sector tecnol\u00f3gico<\/strong>. Como industria, seguimos enfrentando retos para cerrar la brecha de g\u00e9nero, y figuras como Grace Hopper nos muestran lo que es posible cuando rompemos barreras.<\/p>\r\n\r\n\r\n\r\n<h3 class=\"wp-block-heading\">Nuestra visi\u00f3n en M\u00e9trica<\/h3>\r\n\r\n\r\n\r\n<p>En M\u00e9trica, nos sentimos comprometidos a promover la diversidad y a inspirar a las pr\u00f3ximas generaciones de profesionales tecnol\u00f3gicas. Por eso, destacamos a figuras como Grace Hopper en nuestras comunicaciones, incluyendo la reciente publicaci\u00f3n en nuestras redes sociales, donde invitamos a reflexionar sobre su legado.<\/p>\r\n\r\n\r\n\r\n<p>El ejemplo de Grace Hopper nos impulsa a seguir construyendo un futuro donde el talento y la creatividad, sin importar el g\u00e9nero, sean los protagonistas de la innovaci\u00f3n tecnol\u00f3gica.<\/p>\r\n\r\n\r\n\r\n<p><strong>Sigamos trabajando juntos para inspirar y empoderar a las mujeres que marcar\u00e1n el pr\u00f3ximo cap\u00edtulo en la historia de la inform\u00e1tica.<\/strong><\/p>\r\n","protected":false},"excerpt":{"rendered":"<p>Con motivo del D\u00eda Mundial de la Inform\u00e1tica, queremos homenajear a una de las figuras m\u00e1s influyentes de nuestra industria: Grace Murray Hopper, \u201cLa madre de la inform\u00e1tica\u201d.<\/p>\n","protected":false},"author":1,"featured_media":7293,"comment_status":"open","ping_status":"open","sticky":false,"template":"","format":"standard","meta":{"content-type":"","footnotes":""},"categories":[1472],"tags":[1223,1265,1600,1601,1602,1603,1269,1173,1231],"class_list":["post-7291","post","type-post","status-publish","format-standard","has-post-thumbnail","hentry","category-qualidade-pt","tag-ambito-tecnologico-pt","tag-brecha-digital-de-genero-pt","tag-cobol-pt","tag-dia-mundial-pt","tag-grace-murray-hopper-pt","tag-informatica-pt","tag-referentes-femeninas-pt","tag-sector-it-pt","tag-tecnologia-pt"],"yoast_head":"<!-- This site is optimized with the Yoast SEO plugin v25.9 - https:\/\/yoast.com\/wordpress\/plugins\/seo\/ -->\n<title>Grace Murray Hopper y el D\u00eda Mundial de la Inform\u00e1tica - METRICA<\/title>\n<meta name=\"robots\" content=\"index, follow, max-snippet:-1, max-image-preview:large, max-video-preview:-1\" \/>\n<link rel=\"canonical\" href=\"https:\/\/www.metrica-global.com\/pt\/grace-murray-hopper-y-el-dia-mundial-de-la-informatica\/\" \/>\n<meta property=\"og:locale\" content=\"pt_PT\" \/>\n<meta property=\"og:type\" content=\"article\" \/>\n<meta property=\"og:title\" content=\"Grace Murray Hopper y el D\u00eda Mundial de la Inform\u00e1tica - METRICA\" \/>\n<meta property=\"og:description\" content=\"Con motivo del D\u00eda Mundial de la Inform\u00e1tica, queremos homenajear a una de las figuras m\u00e1s influyentes de nuestra industria: Grace Murray Hopper, \u201cLa madre de la inform\u00e1tica\u201d.\" \/>\n<meta property=\"og:url\" content=\"https:\/\/www.metrica-global.com\/pt\/grace-murray-hopper-y-el-dia-mundial-de-la-informatica\/\" \/>\n<meta property=\"og:site_name\" content=\"METRICA\" \/>\n<meta property=\"article:published_time\" content=\"2024-12-09T16:30:13+00:00\" \/>\n<meta property=\"article:modified_time\" content=\"2025-06-17T10:58:57+00:00\" \/>\n<meta property=\"og:image\" content=\"https:\/\/www.metrica-global.com\/wp-content\/uploads\/2024\/12\/BANNER-GRACE-HOPPER.jpg\" \/>\n\t<meta property=\"og:image:width\" content=\"600\" \/>\n\t<meta property=\"og:image:height\" content=\"314\" \/>\n\t<meta property=\"og:image:type\" content=\"image\/jpeg\" \/>\n<meta name=\"author\" content=\"desarrollo\" \/>\n<meta name=\"twitter:card\" content=\"summary_large_image\" \/>\n<meta name=\"twitter:label1\" content=\"Written by\" \/>\n\t<meta name=\"twitter:data1\" content=\"desarrollo\" \/>\n\t<meta name=\"twitter:label2\" content=\"Est. reading time\" \/>\n\t<meta name=\"twitter:data2\" content=\"2 minutos\" \/>\n<script type=\"application\/ld+json\" class=\"yoast-schema-graph\">{\"@context\":\"https:\/\/schema.org\",\"@graph\":[{\"@type\":\"Article\",\"@id\":\"https:\/\/www.metrica-global.com\/pt\/grace-murray-hopper-y-el-dia-mundial-de-la-informatica\/#article\",\"isPartOf\":{\"@id\":\"https:\/\/www.metrica-global.com\/pt\/grace-murray-hopper-y-el-dia-mundial-de-la-informatica\/\"},\"author\":{\"name\":\"desarrollo\",\"@id\":\"https:\/\/www.metrica-global.com\/#\/schema\/person\/78e8e629d9e5908167469b249f6f2cdc\"},\"headline\":\"Grace Murray Hopper y el D\u00eda Mundial de la Inform\u00e1tica\",\"datePublished\":\"2024-12-09T16:30:13+00:00\",\"dateModified\":\"2025-06-17T10:58:57+00:00\",\"mainEntityOfPage\":{\"@id\":\"https:\/\/www.metrica-global.com\/pt\/grace-murray-hopper-y-el-dia-mundial-de-la-informatica\/\"},\"wordCount\":352,\"commentCount\":0,\"publisher\":{\"@id\":\"https:\/\/www.metrica-global.com\/#organization\"},\"image\":{\"@id\":\"https:\/\/www.metrica-global.com\/pt\/grace-murray-hopper-y-el-dia-mundial-de-la-informatica\/#primaryimage\"},\"thumbnailUrl\":\"https:\/\/www.metrica-global.com\/wp-content\/uploads\/2024\/12\/BANNER-GRACE-HOPPER.jpg\",\"keywords\":[\"\u00c1mbito Tecnol\u00f3gico\",\"Brecha digital de g\u00e9nero\",\"COBOL\",\"D\u00eda Mundial\",\"Grace Murray Hopper\",\"Inform\u00e1tica\",\"Referentes femeninas\",\"Sector IT\",\"Tecnolog\u00eda\"],\"articleSection\":[\"Qualidade\"],\"inLanguage\":\"pt-PT\",\"potentialAction\":[{\"@type\":\"CommentAction\",\"name\":\"Comment\",\"target\":[\"https:\/\/www.metrica-global.com\/pt\/grace-murray-hopper-y-el-dia-mundial-de-la-informatica\/#respond\"]}]},{\"@type\":\"WebPage\",\"@id\":\"https:\/\/www.metrica-global.com\/pt\/grace-murray-hopper-y-el-dia-mundial-de-la-informatica\/\",\"url\":\"https:\/\/www.metrica-global.com\/pt\/grace-murray-hopper-y-el-dia-mundial-de-la-informatica\/\",\"name\":\"Grace Murray Hopper y el D\u00eda Mundial de la Inform\u00e1tica - METRICA\",\"isPartOf\":{\"@id\":\"https:\/\/www.metrica-global.com\/#website\"},\"primaryImageOfPage\":{\"@id\":\"https:\/\/www.metrica-global.com\/pt\/grace-murray-hopper-y-el-dia-mundial-de-la-informatica\/#primaryimage\"},\"image\":{\"@id\":\"https:\/\/www.metrica-global.com\/pt\/grace-murray-hopper-y-el-dia-mundial-de-la-informatica\/#primaryimage\"},\"thumbnailUrl\":\"https:\/\/www.metrica-global.com\/wp-content\/uploads\/2024\/12\/BANNER-GRACE-HOPPER.jpg\",\"datePublished\":\"2024-12-09T16:30:13+00:00\",\"dateModified\":\"2025-06-17T10:58:57+00:00\",\"breadcrumb\":{\"@id\":\"https:\/\/www.metrica-global.com\/pt\/grace-murray-hopper-y-el-dia-mundial-de-la-informatica\/#breadcrumb\"},\"inLanguage\":\"pt-PT\",\"potentialAction\":[{\"@type\":\"ReadAction\",\"target\":[\"https:\/\/www.metrica-global.com\/pt\/grace-murray-hopper-y-el-dia-mundial-de-la-informatica\/\"]}]},{\"@type\":\"ImageObject\",\"inLanguage\":\"pt-PT\",\"@id\":\"https:\/\/www.metrica-global.com\/pt\/grace-murray-hopper-y-el-dia-mundial-de-la-informatica\/#primaryimage\",\"url\":\"https:\/\/www.metrica-global.com\/wp-content\/uploads\/2024\/12\/BANNER-GRACE-HOPPER.jpg\",\"contentUrl\":\"https:\/\/www.metrica-global.com\/wp-content\/uploads\/2024\/12\/BANNER-GRACE-HOPPER.jpg\",\"width\":600,\"height\":314,\"caption\":\"BANNER GRACE HOPPER\"},{\"@type\":\"BreadcrumbList\",\"@id\":\"https:\/\/www.metrica-global.com\/pt\/grace-murray-hopper-y-el-dia-mundial-de-la-informatica\/#breadcrumb\",\"itemListElement\":[{\"@type\":\"ListItem\",\"position\":1,\"name\":\"Portada\",\"item\":\"https:\/\/www.metrica-global.com\/pt\/\"},{\"@type\":\"ListItem\",\"position\":2,\"name\":\"Grace Murray Hopper y el D\u00eda Mundial de la Inform\u00e1tica\"}]},{\"@type\":\"WebSite\",\"@id\":\"https:\/\/www.metrica-global.com\/#website\",\"url\":\"https:\/\/www.metrica-global.com\/\",\"name\":\"METRICA\",\"description\":\"Servicios Globales IT\",\"publisher\":{\"@id\":\"https:\/\/www.metrica-global.com\/#organization\"},\"potentialAction\":[{\"@type\":\"SearchAction\",\"target\":{\"@type\":\"EntryPoint\",\"urlTemplate\":\"https:\/\/www.metrica-global.com\/?s={search_term_string}\"},\"query-input\":{\"@type\":\"PropertyValueSpecification\",\"valueRequired\":true,\"valueName\":\"search_term_string\"}}],\"inLanguage\":\"pt-PT\"},{\"@type\":\"Organization\",\"@id\":\"https:\/\/www.metrica-global.com\/#organization\",\"name\":\"METRICA\",\"url\":\"https:\/\/www.metrica-global.com\/\",\"logo\":{\"@type\":\"ImageObject\",\"inLanguage\":\"pt-PT\",\"@id\":\"https:\/\/www.metrica-global.com\/#\/schema\/logo\/image\/\",\"url\":\"https:\/\/www.metrica-global.com\/wp-content\/uploads\/2023\/12\/logo-metrica.png\",\"contentUrl\":\"https:\/\/www.metrica-global.com\/wp-content\/uploads\/2023\/12\/logo-metrica.png\",\"width\":332,\"height\":58,\"caption\":\"METRICA\"},\"image\":{\"@id\":\"https:\/\/www.metrica-global.com\/#\/schema\/logo\/image\/\"}},{\"@type\":\"Person\",\"@id\":\"https:\/\/www.metrica-global.com\/#\/schema\/person\/78e8e629d9e5908167469b249f6f2cdc\",\"name\":\"desarrollo\",\"image\":{\"@type\":\"ImageObject\",\"inLanguage\":\"pt-PT\",\"@id\":\"https:\/\/www.metrica-global.com\/#\/schema\/person\/image\/\",\"url\":\"https:\/\/secure.gravatar.com\/avatar\/d2653fb8f170e1382a31acc69dcf92e99545e6329805eb11d8a34443b058f3de?s=96&d=mm&r=g\",\"contentUrl\":\"https:\/\/secure.gravatar.com\/avatar\/d2653fb8f170e1382a31acc69dcf92e99545e6329805eb11d8a34443b058f3de?s=96&d=mm&r=g\",\"caption\":\"desarrollo\"},\"url\":\"https:\/\/www.metrica-global.com\/pt\/author\/desarrollo\/\"}]}<\/script>\n<!-- \/ Yoast SEO plugin. -->","yoast_head_json":{"title":"Grace Murray Hopper y el D\u00eda Mundial de la Inform\u00e1tica - METRICA","robots":{"index":"index","follow":"follow","max-snippet":"max-snippet:-1","max-image-preview":"max-image-preview:large","max-video-preview":"max-video-preview:-1"},"canonical":"https:\/\/www.metrica-global.com\/pt\/grace-murray-hopper-y-el-dia-mundial-de-la-informatica\/","og_locale":"pt_PT","og_type":"article","og_title":"Grace Murray Hopper y el D\u00eda Mundial de la Inform\u00e1tica - METRICA","og_description":"Con motivo del D\u00eda Mundial de la Inform\u00e1tica, queremos homenajear a una de las figuras m\u00e1s influyentes de nuestra industria: Grace Murray Hopper, \u201cLa madre de la inform\u00e1tica\u201d.","og_url":"https:\/\/www.metrica-global.com\/pt\/grace-murray-hopper-y-el-dia-mundial-de-la-informatica\/","og_site_name":"METRICA","article_published_time":"2024-12-09T16:30:13+00:00","article_modified_time":"2025-06-17T10:58:57+00:00","og_image":[{"width":600,"height":314,"url":"https:\/\/www.metrica-global.com\/wp-content\/uploads\/2024\/12\/BANNER-GRACE-HOPPER.jpg","type":"image\/jpeg"}],"author":"desarrollo","twitter_card":"summary_large_image","twitter_misc":{"Written by":"desarrollo","Est. reading time":"2 minutos"},"schema":{"@context":"https:\/\/schema.org","@graph":[{"@type":"Article","@id":"https:\/\/www.metrica-global.com\/pt\/grace-murray-hopper-y-el-dia-mundial-de-la-informatica\/#article","isPartOf":{"@id":"https:\/\/www.metrica-global.com\/pt\/grace-murray-hopper-y-el-dia-mundial-de-la-informatica\/"},"author":{"name":"desarrollo","@id":"https:\/\/www.metrica-global.com\/#\/schema\/person\/78e8e629d9e5908167469b249f6f2cdc"},"headline":"Grace Murray Hopper y el D\u00eda Mundial de la Inform\u00e1tica","datePublished":"2024-12-09T16:30:13+00:00","dateModified":"2025-06-17T10:58:57+00:00","mainEntityOfPage":{"@id":"https:\/\/www.metrica-global.com\/pt\/grace-murray-hopper-y-el-dia-mundial-de-la-informatica\/"},"wordCount":352,"commentCount":0,"publisher":{"@id":"https:\/\/www.metrica-global.com\/#organization"},"image":{"@id":"https:\/\/www.metrica-global.com\/pt\/grace-murray-hopper-y-el-dia-mundial-de-la-informatica\/#primaryimage"},"thumbnailUrl":"https:\/\/www.metrica-global.com\/wp-content\/uploads\/2024\/12\/BANNER-GRACE-HOPPER.jpg","keywords":["\u00c1mbito Tecnol\u00f3gico","Brecha digital de g\u00e9nero","COBOL","D\u00eda Mundial","Grace Murray Hopper","Inform\u00e1tica","Referentes femeninas","Sector IT","Tecnolog\u00eda"],"articleSection":["Qualidade"],"inLanguage":"pt-PT","potentialAction":[{"@type":"CommentAction","name":"Comment","target":["https:\/\/www.metrica-global.com\/pt\/grace-murray-hopper-y-el-dia-mundial-de-la-informatica\/#respond"]}]},{"@type":"WebPage","@id":"https:\/\/www.metrica-global.com\/pt\/grace-murray-hopper-y-el-dia-mundial-de-la-informatica\/","url":"https:\/\/www.metrica-global.com\/pt\/grace-murray-hopper-y-el-dia-mundial-de-la-informatica\/","name":"Grace Murray Hopper y el D\u00eda Mundial de la Inform\u00e1tica - METRICA","isPartOf":{"@id":"https:\/\/www.metrica-global.com\/#website"},"primaryImageOfPage":{"@id":"https:\/\/www.metrica-global.com\/pt\/grace-murray-hopper-y-el-dia-mundial-de-la-informatica\/#primaryimage"},"image":{"@id":"https:\/\/www.metrica-global.com\/pt\/grace-murray-hopper-y-el-dia-mundial-de-la-informatica\/#primaryimage"},"thumbnailUrl":"https:\/\/www.metrica-global.com\/wp-content\/uploads\/2024\/12\/BANNER-GRACE-HOPPER.jpg","datePublished":"2024-12-09T16:30:13+00:00","dateModified":"2025-06-17T10:58:57+00:00","breadcrumb":{"@id":"https:\/\/www.metrica-global.com\/pt\/grace-murray-hopper-y-el-dia-mundial-de-la-informatica\/#breadcrumb"},"inLanguage":"pt-PT","potentialAction":[{"@type":"ReadAction","target":["https:\/\/www.metrica-global.com\/pt\/grace-murray-hopper-y-el-dia-mundial-de-la-informatica\/"]}]},{"@type":"ImageObject","inLanguage":"pt-PT","@id":"https:\/\/www.metrica-global.com\/pt\/grace-murray-hopper-y-el-dia-mundial-de-la-informatica\/#primaryimage","url":"https:\/\/www.metrica-global.com\/wp-content\/uploads\/2024\/12\/BANNER-GRACE-HOPPER.jpg","contentUrl":"https:\/\/www.metrica-global.com\/wp-content\/uploads\/2024\/12\/BANNER-GRACE-HOPPER.jpg","width":600,"height":314,"caption":"BANNER GRACE HOPPER"},{"@type":"BreadcrumbList","@id":"https:\/\/www.metrica-global.com\/pt\/grace-murray-hopper-y-el-dia-mundial-de-la-informatica\/#breadcrumb","itemListElement":[{"@type":"ListItem","position":1,"name":"Portada","item":"https:\/\/www.metrica-global.com\/pt\/"},{"@type":"ListItem","position":2,"name":"Grace Murray Hopper y el D\u00eda Mundial de la Inform\u00e1tica"}]},{"@type":"WebSite","@id":"https:\/\/www.metrica-global.com\/#website","url":"https:\/\/www.metrica-global.com\/","name":"METRICA","description":"Servicios Globales IT","publisher":{"@id":"https:\/\/www.metrica-global.com\/#organization"},"potentialAction":[{"@type":"SearchAction","target":{"@type":"EntryPoint","urlTemplate":"https:\/\/www.metrica-global.com\/?s={search_term_string}"},"query-input":{"@type":"PropertyValueSpecification","valueRequired":true,"valueName":"search_term_string"}}],"inLanguage":"pt-PT"},{"@type":"Organization","@id":"https:\/\/www.metrica-global.com\/#organization","name":"METRICA","url":"https:\/\/www.metrica-global.com\/","logo":{"@type":"ImageObject","inLanguage":"pt-PT","@id":"https:\/\/www.metrica-global.com\/#\/schema\/logo\/image\/","url":"https:\/\/www.metrica-global.com\/wp-content\/uploads\/2023\/12\/logo-metrica.png","contentUrl":"https:\/\/www.metrica-global.com\/wp-content\/uploads\/2023\/12\/logo-metrica.png","width":332,"height":58,"caption":"METRICA"},"image":{"@id":"https:\/\/www.metrica-global.com\/#\/schema\/logo\/image\/"}},{"@type":"Person","@id":"https:\/\/www.metrica-global.com\/#\/schema\/person\/78e8e629d9e5908167469b249f6f2cdc","name":"desarrollo","image":{"@type":"ImageObject","inLanguage":"pt-PT","@id":"https:\/\/www.metrica-global.com\/#\/schema\/person\/image\/","url":"https:\/\/secure.gravatar.com\/avatar\/d2653fb8f170e1382a31acc69dcf92e99545e6329805eb11d8a34443b058f3de?s=96&d=mm&r=g","contentUrl":"https:\/\/secure.gravatar.com\/avatar\/d2653fb8f170e1382a31acc69dcf92e99545e6329805eb11d8a34443b058f3de?s=96&d=mm&r=g","caption":"desarrollo"},"url":"https:\/\/www.metrica-global.com\/pt\/author\/desarrollo\/"}]}},"_links":{"self":[{"href":"https:\/\/www.metrica-global.com\/pt\/wp-json\/wp\/v2\/posts\/7291","targetHints":{"allow":["GET"]}}],"collection":[{"href":"https:\/\/www.metrica-global.com\/pt\/wp-json\/wp\/v2\/posts"}],"about":[{"href":"https:\/\/www.metrica-global.com\/pt\/wp-json\/wp\/v2\/types\/post"}],"author":[{"embeddable":true,"href":"https:\/\/www.metrica-global.com\/pt\/wp-json\/wp\/v2\/users\/1"}],"replies":[{"embeddable":true,"href":"https:\/\/www.metrica-global.com\/pt\/wp-json\/wp\/v2\/comments?post=7291"}],"version-history":[{"count":1,"href":"https:\/\/www.metrica-global.com\/pt\/wp-json\/wp\/v2\/posts\/7291\/revisions"}],"predecessor-version":[{"id":7930,"href":"https:\/\/www.metrica-global.com\/pt\/wp-json\/wp\/v2\/posts\/7291\/revisions\/7930"}],"wp:featuredmedia":[{"embeddable":true,"href":"https:\/\/www.metrica-global.com\/pt\/wp-json\/wp\/v2\/media\/7293"}],"wp:attachment":[{"href":"https:\/\/www.metrica-global.com\/pt\/wp-json\/wp\/v2\/media?parent=7291"}],"wp:term":[{"taxonomy":"category","embeddable":true,"href":"https:\/\/www.metrica-global.com\/pt\/wp-json\/wp\/v2\/categories?post=7291"},{"taxonomy":"post_tag","embeddable":true,"href":"https:\/\/www.metrica-global.com\/pt\/wp-json\/wp\/v2\/tags?post=7291"}],"curies":[{"name":"wp","href":"https:\/\/api.w.org\/{rel}","templated":true}]}}