{"id":7371,"date":"2024-06-04T14:01:22","date_gmt":"2024-06-04T14:01:22","guid":{"rendered":"https:\/\/www.metrica-global.com\/metrica-compromiso-con-la-igualdad-de-genero-y-el-crecimiento-profesional\/"},"modified":"2025-06-17T10:59:17","modified_gmt":"2025-06-17T10:59:17","slug":"metrica-compromiso-con-la-igualdad-de-genero-y-el-crecimiento-profesional","status":"publish","type":"post","link":"https:\/\/www.metrica-global.com\/pt\/metrica-compromiso-con-la-igualdad-de-genero-y-el-crecimiento-profesional\/","title":{"rendered":"Compromiso con la Igualdad de G\u00e9nero y el Crecimiento Profesional"},"content":{"rendered":"\r\n<div class=\"wp-block-media-text has-media-on-the-right is-stacked-on-mobile\" style=\"grid-template-columns: auto 30%;\">\r\n<div class=\"wp-block-media-text__content\">\r\n<p>En <strong>M\u00e9trica<\/strong>, nuestro compromiso con las<strong> buenas pr\u00e1cticas en materia de igualdad de g\u00e9nero <\/strong>es una prioridad fundamental. Nos esforzamos por crear un entorno saludable, seguro y propicio para el crecimiento profesional de todas las personas, sin importar su g\u00e9nero.<\/p>\r\n\r\n\r\n\r\n<p>En el sector tecnol\u00f3gico, la <strong>brecha digital de g\u00e9nero<\/strong> es un desaf\u00edo significativo. Reconocemos la importancia de tomar la iniciativa para implementar medidas reales que promuevan la <strong>equidad entre sexos<\/strong>. Por ello, estamos introduciendo un <strong>nuevo curso obligatorio para todo el personal de M\u00e9trica<\/strong>, dise\u00f1ado para avanzar en esta materia tanto a nivel individual como institucional.<\/p>\r\n<\/div>\r\n<figure class=\"wp-block-media-text__media\"><img decoding=\"async\" class=\"wp-image-1470 size-full\" src=\"https:\/\/themetricachange.com\/wp-content\/uploads\/2024\/06\/POST-CURSO-IGUALDAD-2-1024x1024.gif\" alt=\"\" \/><\/figure>\r\n<\/div>\r\n\r\n\r\n\r\n<h4 class=\"wp-block-heading\">Curso de Igualdad y Contra el Acoso Sexual: Unidades Tem\u00e1ticas<\/h4>\r\n\r\n\r\n\r\n<div class=\"wp-block-media-text is-stacked-on-mobile\" style=\"grid-template-columns: 31% auto;\">\r\n<figure class=\"wp-block-media-text__media\"><img decoding=\"async\" class=\"wp-image-1471 size-full\" src=\"https:\/\/themetricachange.com\/wp-content\/uploads\/2024\/06\/POST-CURSO-IGUALDAD-3-1024x1024.gif\" alt=\"\" \/><\/figure>\r\n<div class=\"wp-block-media-text__content\">\r\n<p>Este curso consta de tres unidades tem\u00e1ticas esenciales:<\/p>\r\n\r\n\r\n\r\n<ol class=\"wp-block-list\">\r\n<li><strong>Roles y estereotipos de g\u00e9nero:<\/strong> Exploramos c\u00f3mo los roles y estereotipos afectan a las personas en el entorno laboral y personal.<\/li>\r\n\r\n\r\n\r\n<li><strong>Discriminaci\u00f3n laboral por raz\u00f3n de sexo:<\/strong> Abordamos las diversas formas de discriminaci\u00f3n laboral y c\u00f3mo identificarlas y prevenirlas.<\/li>\r\n\r\n\r\n\r\n<li><strong>Conceptos de igualdad en el mercado de trabajo:<\/strong> Analizamos los principios de igualdad y c\u00f3mo aplicarlos para fomentar un entorno laboral inclusivo.<\/li>\r\n<\/ol>\r\n\r\n\r\n\r\n<p>Al completar cada unidad, los participantes deber\u00e1n realizar un cuestionario final para asegurar que han comprendido y asimilado correctamente los contenidos del curso.<\/p>\r\n\r\n\r\n\r\n<p>Para cualquier duda o consulta relacionada con este nuevo <strong>Curso de Igualdad y Contra el Acoso Sexual<\/strong>, hemos habilitado el siguiente correo electr\u00f3nico de contacto: formacion@metrica.es .<\/p>\r\n<\/div>\r\n<\/div>\r\n\r\n\r\n\r\n<h3 class=\"wp-block-heading\">Nuestro Compromiso<\/h3>\r\n\r\n\r\n\r\n<p>En M\u00e9trica, creemos firmemente en la importancia de la igualdad de g\u00e9nero y estamos dedicados a implementar pol\u00edticas y pr\u00e1cticas que promuevan un entorno de trabajo inclusivo y respetuoso. Nuestra meta es eliminar las barreras y construir un futuro donde todos tengan las mismas oportunidades de \u00e9xito y desarrollo profesional.<\/p>\r\n\r\n\r\n\r\n<p>\u00a1Comprometid@s con la igualdad! \ud83c\udf10\ud83d\udc69\u200d\ud83d\udcbb\ud83d\udc68\u200d\ud83d\udcbb<\/p>\r\n\r\n\r\n\r\n<p>Para m\u00e1s informaci\u00f3n sobre nuestras iniciativas de igualdad y formaci\u00f3n, visita nuestro sitio web. \u00a1Juntos, podemos hacer la diferencia!<\/p>\r\n\r\n\r\n\r\n<figure class=\"wp-block-image aligncenter size-large is-resized\"><img decoding=\"async\" class=\"wp-image-1472\" style=\"width: 393px; height: auto;\" src=\"https:\/\/themetricachange.com\/wp-content\/uploads\/2024\/06\/POST-CURSO-IGUALDAD-4-1024x1024.gif\" alt=\"\" \/><\/figure>\r\n","protected":false},"excerpt":{"rendered":"<p>En la b\u00fasqueda de M\u00e9trica por construir un entorno laboral saludable y con equidad de g\u00e9nero, lanzamos un curso a nivel interno dise\u00f1ado para avanzar en materia de igualdad entre sexos.<\/p>\n","protected":false},"author":1,"featured_media":7373,"comment_status":"open","ping_status":"open","sticky":false,"template":"","format":"standard","meta":{"content-type":"","footnotes":""},"categories":[1472],"tags":[1718,1426,1265,1719,1720,1721,1722,1723],"class_list":["post-7371","post","type-post","status-publish","format-standard","has-post-thumbnail","hentry","category-qualidade-pt","tag-acoso-laboral-pt","tag-brecha-digital-pt","tag-brecha-digital-de-genero-pt","tag-brecha-salarial-pt","tag-buenas-practicas-pt","tag-equidad-laboral-pt","tag-formacion-interna-pt","tag-igualdad-de-genero-pt"],"yoast_head":"<!-- This site is optimized with the Yoast SEO plugin v25.9 - https:\/\/yoast.com\/wordpress\/plugins\/seo\/ -->\n<title>Compromiso con la Igualdad de G\u00e9nero y el Crecimiento Profesional - METRICA<\/title>\n<meta name=\"robots\" content=\"index, follow, max-snippet:-1, max-image-preview:large, max-video-preview:-1\" \/>\n<link rel=\"canonical\" href=\"https:\/\/www.metrica-global.com\/pt\/metrica-compromiso-con-la-igualdad-de-genero-y-el-crecimiento-profesional\/\" \/>\n<meta property=\"og:locale\" content=\"pt_PT\" \/>\n<meta property=\"og:type\" content=\"article\" \/>\n<meta property=\"og:title\" content=\"Compromiso con la Igualdad de G\u00e9nero y el Crecimiento Profesional - METRICA\" \/>\n<meta property=\"og:description\" content=\"En la b\u00fasqueda de M\u00e9trica por construir un entorno laboral saludable y con equidad de g\u00e9nero, lanzamos un curso a nivel interno dise\u00f1ado para avanzar en materia de igualdad entre sexos.\" \/>\n<meta property=\"og:url\" content=\"https:\/\/www.metrica-global.com\/pt\/metrica-compromiso-con-la-igualdad-de-genero-y-el-crecimiento-profesional\/\" \/>\n<meta property=\"og:site_name\" content=\"METRICA\" \/>\n<meta property=\"article:published_time\" content=\"2024-06-04T14:01:22+00:00\" \/>\n<meta property=\"article:modified_time\" content=\"2025-06-17T10:59:17+00:00\" \/>\n<meta property=\"og:image\" content=\"https:\/\/www.metrica-global.com\/wp-content\/uploads\/2024\/06\/BANNER-CURSO-IGUALDAD-scaled-1.jpg\" \/>\n\t<meta property=\"og:image:width\" content=\"2560\" \/>\n\t<meta property=\"og:image:height\" content=\"1280\" \/>\n\t<meta property=\"og:image:type\" content=\"image\/jpeg\" \/>\n<meta name=\"author\" content=\"desarrollo\" \/>\n<meta name=\"twitter:card\" content=\"summary_large_image\" \/>\n<meta name=\"twitter:label1\" content=\"Written by\" \/>\n\t<meta name=\"twitter:data1\" content=\"desarrollo\" \/>\n\t<meta name=\"twitter:label2\" content=\"Est. reading time\" \/>\n\t<meta name=\"twitter:data2\" content=\"3 minutos\" \/>\n<script type=\"application\/ld+json\" class=\"yoast-schema-graph\">{\"@context\":\"https:\/\/schema.org\",\"@graph\":[{\"@type\":\"Article\",\"@id\":\"https:\/\/www.metrica-global.com\/pt\/metrica-compromiso-con-la-igualdad-de-genero-y-el-crecimiento-profesional\/#article\",\"isPartOf\":{\"@id\":\"https:\/\/www.metrica-global.com\/pt\/metrica-compromiso-con-la-igualdad-de-genero-y-el-crecimiento-profesional\/\"},\"author\":{\"name\":\"desarrollo\",\"@id\":\"https:\/\/www.metrica-global.com\/#\/schema\/person\/78e8e629d9e5908167469b249f6f2cdc\"},\"headline\":\"Compromiso con la Igualdad de G\u00e9nero y el Crecimiento Profesional\",\"datePublished\":\"2024-06-04T14:01:22+00:00\",\"dateModified\":\"2025-06-17T10:59:17+00:00\",\"mainEntityOfPage\":{\"@id\":\"https:\/\/www.metrica-global.com\/pt\/metrica-compromiso-con-la-igualdad-de-genero-y-el-crecimiento-profesional\/\"},\"wordCount\":340,\"commentCount\":0,\"publisher\":{\"@id\":\"https:\/\/www.metrica-global.com\/#organization\"},\"image\":{\"@id\":\"https:\/\/www.metrica-global.com\/pt\/metrica-compromiso-con-la-igualdad-de-genero-y-el-crecimiento-profesional\/#primaryimage\"},\"thumbnailUrl\":\"https:\/\/www.metrica-global.com\/wp-content\/uploads\/2024\/06\/BANNER-CURSO-IGUALDAD-scaled-1.jpg\",\"keywords\":[\"Acoso laboral\",\"Brecha Digital\",\"Brecha digital de g\u00e9nero\",\"brecha salarial\",\"Buenas Pr\u00e1cticas\",\"Equidad laboral\",\"Formaci\u00f3n Interna\",\"Igualdad de g\u00e9nero\"],\"articleSection\":[\"Qualidade\"],\"inLanguage\":\"pt-PT\",\"potentialAction\":[{\"@type\":\"CommentAction\",\"name\":\"Comment\",\"target\":[\"https:\/\/www.metrica-global.com\/pt\/metrica-compromiso-con-la-igualdad-de-genero-y-el-crecimiento-profesional\/#respond\"]}]},{\"@type\":\"WebPage\",\"@id\":\"https:\/\/www.metrica-global.com\/pt\/metrica-compromiso-con-la-igualdad-de-genero-y-el-crecimiento-profesional\/\",\"url\":\"https:\/\/www.metrica-global.com\/pt\/metrica-compromiso-con-la-igualdad-de-genero-y-el-crecimiento-profesional\/\",\"name\":\"Compromiso con la Igualdad de G\u00e9nero y el Crecimiento Profesional - METRICA\",\"isPartOf\":{\"@id\":\"https:\/\/www.metrica-global.com\/#website\"},\"primaryImageOfPage\":{\"@id\":\"https:\/\/www.metrica-global.com\/pt\/metrica-compromiso-con-la-igualdad-de-genero-y-el-crecimiento-profesional\/#primaryimage\"},\"image\":{\"@id\":\"https:\/\/www.metrica-global.com\/pt\/metrica-compromiso-con-la-igualdad-de-genero-y-el-crecimiento-profesional\/#primaryimage\"},\"thumbnailUrl\":\"https:\/\/www.metrica-global.com\/wp-content\/uploads\/2024\/06\/BANNER-CURSO-IGUALDAD-scaled-1.jpg\",\"datePublished\":\"2024-06-04T14:01:22+00:00\",\"dateModified\":\"2025-06-17T10:59:17+00:00\",\"breadcrumb\":{\"@id\":\"https:\/\/www.metrica-global.com\/pt\/metrica-compromiso-con-la-igualdad-de-genero-y-el-crecimiento-profesional\/#breadcrumb\"},\"inLanguage\":\"pt-PT\",\"potentialAction\":[{\"@type\":\"ReadAction\",\"target\":[\"https:\/\/www.metrica-global.com\/pt\/metrica-compromiso-con-la-igualdad-de-genero-y-el-crecimiento-profesional\/\"]}]},{\"@type\":\"ImageObject\",\"inLanguage\":\"pt-PT\",\"@id\":\"https:\/\/www.metrica-global.com\/pt\/metrica-compromiso-con-la-igualdad-de-genero-y-el-crecimiento-profesional\/#primaryimage\",\"url\":\"https:\/\/www.metrica-global.com\/wp-content\/uploads\/2024\/06\/BANNER-CURSO-IGUALDAD-scaled-1.jpg\",\"contentUrl\":\"https:\/\/www.metrica-global.com\/wp-content\/uploads\/2024\/06\/BANNER-CURSO-IGUALDAD-scaled-1.jpg\",\"width\":2560,\"height\":1280,\"caption\":\"BANNER CURSO IGUALDAD scaled 1\"},{\"@type\":\"BreadcrumbList\",\"@id\":\"https:\/\/www.metrica-global.com\/pt\/metrica-compromiso-con-la-igualdad-de-genero-y-el-crecimiento-profesional\/#breadcrumb\",\"itemListElement\":[{\"@type\":\"ListItem\",\"position\":1,\"name\":\"Portada\",\"item\":\"https:\/\/www.metrica-global.com\/pt\/\"},{\"@type\":\"ListItem\",\"position\":2,\"name\":\"Compromiso con la Igualdad de G\u00e9nero y el Crecimiento Profesional\"}]},{\"@type\":\"WebSite\",\"@id\":\"https:\/\/www.metrica-global.com\/#website\",\"url\":\"https:\/\/www.metrica-global.com\/\",\"name\":\"METRICA\",\"description\":\"Servicios Globales IT\",\"publisher\":{\"@id\":\"https:\/\/www.metrica-global.com\/#organization\"},\"potentialAction\":[{\"@type\":\"SearchAction\",\"target\":{\"@type\":\"EntryPoint\",\"urlTemplate\":\"https:\/\/www.metrica-global.com\/?s={search_term_string}\"},\"query-input\":{\"@type\":\"PropertyValueSpecification\",\"valueRequired\":true,\"valueName\":\"search_term_string\"}}],\"inLanguage\":\"pt-PT\"},{\"@type\":\"Organization\",\"@id\":\"https:\/\/www.metrica-global.com\/#organization\",\"name\":\"METRICA\",\"url\":\"https:\/\/www.metrica-global.com\/\",\"logo\":{\"@type\":\"ImageObject\",\"inLanguage\":\"pt-PT\",\"@id\":\"https:\/\/www.metrica-global.com\/#\/schema\/logo\/image\/\",\"url\":\"https:\/\/www.metrica-global.com\/wp-content\/uploads\/2023\/12\/logo-metrica.png\",\"contentUrl\":\"https:\/\/www.metrica-global.com\/wp-content\/uploads\/2023\/12\/logo-metrica.png\",\"width\":332,\"height\":58,\"caption\":\"METRICA\"},\"image\":{\"@id\":\"https:\/\/www.metrica-global.com\/#\/schema\/logo\/image\/\"}},{\"@type\":\"Person\",\"@id\":\"https:\/\/www.metrica-global.com\/#\/schema\/person\/78e8e629d9e5908167469b249f6f2cdc\",\"name\":\"desarrollo\",\"image\":{\"@type\":\"ImageObject\",\"inLanguage\":\"pt-PT\",\"@id\":\"https:\/\/www.metrica-global.com\/#\/schema\/person\/image\/\",\"url\":\"https:\/\/secure.gravatar.com\/avatar\/d2653fb8f170e1382a31acc69dcf92e99545e6329805eb11d8a34443b058f3de?s=96&d=mm&r=g\",\"contentUrl\":\"https:\/\/secure.gravatar.com\/avatar\/d2653fb8f170e1382a31acc69dcf92e99545e6329805eb11d8a34443b058f3de?s=96&d=mm&r=g\",\"caption\":\"desarrollo\"},\"url\":\"https:\/\/www.metrica-global.com\/pt\/author\/desarrollo\/\"}]}<\/script>\n<!-- \/ Yoast SEO plugin. -->","yoast_head_json":{"title":"Compromiso con la Igualdad de G\u00e9nero y el Crecimiento Profesional - METRICA","robots":{"index":"index","follow":"follow","max-snippet":"max-snippet:-1","max-image-preview":"max-image-preview:large","max-video-preview":"max-video-preview:-1"},"canonical":"https:\/\/www.metrica-global.com\/pt\/metrica-compromiso-con-la-igualdad-de-genero-y-el-crecimiento-profesional\/","og_locale":"pt_PT","og_type":"article","og_title":"Compromiso con la Igualdad de G\u00e9nero y el Crecimiento Profesional - METRICA","og_description":"En la b\u00fasqueda de M\u00e9trica por construir un entorno laboral saludable y con equidad de g\u00e9nero, lanzamos un curso a nivel interno dise\u00f1ado para avanzar en materia de igualdad entre sexos.","og_url":"https:\/\/www.metrica-global.com\/pt\/metrica-compromiso-con-la-igualdad-de-genero-y-el-crecimiento-profesional\/","og_site_name":"METRICA","article_published_time":"2024-06-04T14:01:22+00:00","article_modified_time":"2025-06-17T10:59:17+00:00","og_image":[{"width":2560,"height":1280,"url":"https:\/\/www.metrica-global.com\/wp-content\/uploads\/2024\/06\/BANNER-CURSO-IGUALDAD-scaled-1.jpg","type":"image\/jpeg"}],"author":"desarrollo","twitter_card":"summary_large_image","twitter_misc":{"Written by":"desarrollo","Est. reading time":"3 minutos"},"schema":{"@context":"https:\/\/schema.org","@graph":[{"@type":"Article","@id":"https:\/\/www.metrica-global.com\/pt\/metrica-compromiso-con-la-igualdad-de-genero-y-el-crecimiento-profesional\/#article","isPartOf":{"@id":"https:\/\/www.metrica-global.com\/pt\/metrica-compromiso-con-la-igualdad-de-genero-y-el-crecimiento-profesional\/"},"author":{"name":"desarrollo","@id":"https:\/\/www.metrica-global.com\/#\/schema\/person\/78e8e629d9e5908167469b249f6f2cdc"},"headline":"Compromiso con la Igualdad de G\u00e9nero y el Crecimiento Profesional","datePublished":"2024-06-04T14:01:22+00:00","dateModified":"2025-06-17T10:59:17+00:00","mainEntityOfPage":{"@id":"https:\/\/www.metrica-global.com\/pt\/metrica-compromiso-con-la-igualdad-de-genero-y-el-crecimiento-profesional\/"},"wordCount":340,"commentCount":0,"publisher":{"@id":"https:\/\/www.metrica-global.com\/#organization"},"image":{"@id":"https:\/\/www.metrica-global.com\/pt\/metrica-compromiso-con-la-igualdad-de-genero-y-el-crecimiento-profesional\/#primaryimage"},"thumbnailUrl":"https:\/\/www.metrica-global.com\/wp-content\/uploads\/2024\/06\/BANNER-CURSO-IGUALDAD-scaled-1.jpg","keywords":["Acoso laboral","Brecha Digital","Brecha digital de g\u00e9nero","brecha salarial","Buenas Pr\u00e1cticas","Equidad laboral","Formaci\u00f3n Interna","Igualdad de g\u00e9nero"],"articleSection":["Qualidade"],"inLanguage":"pt-PT","potentialAction":[{"@type":"CommentAction","name":"Comment","target":["https:\/\/www.metrica-global.com\/pt\/metrica-compromiso-con-la-igualdad-de-genero-y-el-crecimiento-profesional\/#respond"]}]},{"@type":"WebPage","@id":"https:\/\/www.metrica-global.com\/pt\/metrica-compromiso-con-la-igualdad-de-genero-y-el-crecimiento-profesional\/","url":"https:\/\/www.metrica-global.com\/pt\/metrica-compromiso-con-la-igualdad-de-genero-y-el-crecimiento-profesional\/","name":"Compromiso con la Igualdad de G\u00e9nero y el Crecimiento Profesional - METRICA","isPartOf":{"@id":"https:\/\/www.metrica-global.com\/#website"},"primaryImageOfPage":{"@id":"https:\/\/www.metrica-global.com\/pt\/metrica-compromiso-con-la-igualdad-de-genero-y-el-crecimiento-profesional\/#primaryimage"},"image":{"@id":"https:\/\/www.metrica-global.com\/pt\/metrica-compromiso-con-la-igualdad-de-genero-y-el-crecimiento-profesional\/#primaryimage"},"thumbnailUrl":"https:\/\/www.metrica-global.com\/wp-content\/uploads\/2024\/06\/BANNER-CURSO-IGUALDAD-scaled-1.jpg","datePublished":"2024-06-04T14:01:22+00:00","dateModified":"2025-06-17T10:59:17+00:00","breadcrumb":{"@id":"https:\/\/www.metrica-global.com\/pt\/metrica-compromiso-con-la-igualdad-de-genero-y-el-crecimiento-profesional\/#breadcrumb"},"inLanguage":"pt-PT","potentialAction":[{"@type":"ReadAction","target":["https:\/\/www.metrica-global.com\/pt\/metrica-compromiso-con-la-igualdad-de-genero-y-el-crecimiento-profesional\/"]}]},{"@type":"ImageObject","inLanguage":"pt-PT","@id":"https:\/\/www.metrica-global.com\/pt\/metrica-compromiso-con-la-igualdad-de-genero-y-el-crecimiento-profesional\/#primaryimage","url":"https:\/\/www.metrica-global.com\/wp-content\/uploads\/2024\/06\/BANNER-CURSO-IGUALDAD-scaled-1.jpg","contentUrl":"https:\/\/www.metrica-global.com\/wp-content\/uploads\/2024\/06\/BANNER-CURSO-IGUALDAD-scaled-1.jpg","width":2560,"height":1280,"caption":"BANNER CURSO IGUALDAD scaled 1"},{"@type":"BreadcrumbList","@id":"https:\/\/www.metrica-global.com\/pt\/metrica-compromiso-con-la-igualdad-de-genero-y-el-crecimiento-profesional\/#breadcrumb","itemListElement":[{"@type":"ListItem","position":1,"name":"Portada","item":"https:\/\/www.metrica-global.com\/pt\/"},{"@type":"ListItem","position":2,"name":"Compromiso con la Igualdad de G\u00e9nero y el Crecimiento Profesional"}]},{"@type":"WebSite","@id":"https:\/\/www.metrica-global.com\/#website","url":"https:\/\/www.metrica-global.com\/","name":"METRICA","description":"Servicios Globales IT","publisher":{"@id":"https:\/\/www.metrica-global.com\/#organization"},"potentialAction":[{"@type":"SearchAction","target":{"@type":"EntryPoint","urlTemplate":"https:\/\/www.metrica-global.com\/?s={search_term_string}"},"query-input":{"@type":"PropertyValueSpecification","valueRequired":true,"valueName":"search_term_string"}}],"inLanguage":"pt-PT"},{"@type":"Organization","@id":"https:\/\/www.metrica-global.com\/#organization","name":"METRICA","url":"https:\/\/www.metrica-global.com\/","logo":{"@type":"ImageObject","inLanguage":"pt-PT","@id":"https:\/\/www.metrica-global.com\/#\/schema\/logo\/image\/","url":"https:\/\/www.metrica-global.com\/wp-content\/uploads\/2023\/12\/logo-metrica.png","contentUrl":"https:\/\/www.metrica-global.com\/wp-content\/uploads\/2023\/12\/logo-metrica.png","width":332,"height":58,"caption":"METRICA"},"image":{"@id":"https:\/\/www.metrica-global.com\/#\/schema\/logo\/image\/"}},{"@type":"Person","@id":"https:\/\/www.metrica-global.com\/#\/schema\/person\/78e8e629d9e5908167469b249f6f2cdc","name":"desarrollo","image":{"@type":"ImageObject","inLanguage":"pt-PT","@id":"https:\/\/www.metrica-global.com\/#\/schema\/person\/image\/","url":"https:\/\/secure.gravatar.com\/avatar\/d2653fb8f170e1382a31acc69dcf92e99545e6329805eb11d8a34443b058f3de?s=96&d=mm&r=g","contentUrl":"https:\/\/secure.gravatar.com\/avatar\/d2653fb8f170e1382a31acc69dcf92e99545e6329805eb11d8a34443b058f3de?s=96&d=mm&r=g","caption":"desarrollo"},"url":"https:\/\/www.metrica-global.com\/pt\/author\/desarrollo\/"}]}},"_links":{"self":[{"href":"https:\/\/www.metrica-global.com\/pt\/wp-json\/wp\/v2\/posts\/7371","targetHints":{"allow":["GET"]}}],"collection":[{"href":"https:\/\/www.metrica-global.com\/pt\/wp-json\/wp\/v2\/posts"}],"about":[{"href":"https:\/\/www.metrica-global.com\/pt\/wp-json\/wp\/v2\/types\/post"}],"author":[{"embeddable":true,"href":"https:\/\/www.metrica-global.com\/pt\/wp-json\/wp\/v2\/users\/1"}],"replies":[{"embeddable":true,"href":"https:\/\/www.metrica-global.com\/pt\/wp-json\/wp\/v2\/comments?post=7371"}],"version-history":[{"count":1,"href":"https:\/\/www.metrica-global.com\/pt\/wp-json\/wp\/v2\/posts\/7371\/revisions"}],"predecessor-version":[{"id":7946,"href":"https:\/\/www.metrica-global.com\/pt\/wp-json\/wp\/v2\/posts\/7371\/revisions\/7946"}],"wp:featuredmedia":[{"embeddable":true,"href":"https:\/\/www.metrica-global.com\/pt\/wp-json\/wp\/v2\/media\/7373"}],"wp:attachment":[{"href":"https:\/\/www.metrica-global.com\/pt\/wp-json\/wp\/v2\/media?parent=7371"}],"wp:term":[{"taxonomy":"category","embeddable":true,"href":"https:\/\/www.metrica-global.com\/pt\/wp-json\/wp\/v2\/categories?post=7371"},{"taxonomy":"post_tag","embeddable":true,"href":"https:\/\/www.metrica-global.com\/pt\/wp-json\/wp\/v2\/tags?post=7371"}],"curies":[{"name":"wp","href":"https:\/\/api.w.org\/{rel}","templated":true}]}}