{"id":7419,"date":"2024-01-29T10:34:01","date_gmt":"2024-01-29T10:34:01","guid":{"rendered":"https:\/\/www.metrica-global.com\/dia-europeo-de-la-proteccion-de-datos\/"},"modified":"2025-06-17T10:59:29","modified_gmt":"2025-06-17T10:59:29","slug":"dia-europeo-de-la-proteccion-de-datos","status":"publish","type":"post","link":"https:\/\/www.metrica-global.com\/pt\/dia-europeo-de-la-proteccion-de-datos\/","title":{"rendered":"D\u00eda Europeo de la Protecci\u00f3n de Datos"},"content":{"rendered":"\t\t<div data-elementor-type=\"wp-post\" data-elementor-id=\"7419\" class=\"elementor elementor-7419 elementor-1350\" data-elementor-post-type=\"post\">\n\t\t\t\t<div class=\"elementor-element elementor-element-c10bdd1 e-flex e-con-boxed e-con e-parent\" data-id=\"c10bdd1\" data-element_type=\"container\">\n\t\t\t\t\t<div class=\"e-con-inner\">\n\t\t\t\t<div class=\"elementor-element elementor-element-638e9ab elementor-widget elementor-widget-text-editor\" data-id=\"638e9ab\" data-element_type=\"widget\" data-widget_type=\"text-editor.default\">\n\t\t\t\t<div class=\"elementor-widget-container\">\n\t\t\t\t\t\t\t\t\t<p>El 28 de enero se celebra el D\u00eda Europeo de la Protecci\u00f3n de datos a causa de que ese mismo d\u00eda en 1981 se firm\u00f3 el Convenio 108 del <a href=\"https:\/\/www.coe.int\/es\/web\/data-protection\/convention108-and-protocol\">Consejo de Europa<\/a> para la protecci\u00f3n de las personas con respecto al tratamiento automatizado de datos de car\u00e1cter persona.<\/p><p>Este d\u00eda, est\u00e1 dedicado a la concienciaci\u00f3n y sensibilizaci\u00f3n del tratamiento de datos personales.<\/p><p>Son varias las reformas que se han ido haciendo, pero el a\u00f1o 2022 fue muy importante en esta materia, siendo conocido como \u201cel a\u00f1o del dato\u201d.<\/p><p>El 23 de noviembre de ese a\u00f1o, se public\u00f3 un nuevo Manual, el cual recoge un gran n\u00famero de nuevas normas y novedades como el reglamento \u201c<a href=\"https:\/\/www.ionos.es\/digitalguide\/paginas-web\/derecho-digital\/eprivacy-reglamento-sobre-privacidad-electronica-en-la-eu\/\">E-privacy<\/a>\u201d, el <a href=\"https:\/\/digital-strategy.ec.europa.eu\/en\/policies\/data-act\">Data Act<\/a> o el <a href=\"https:\/\/www.consilium.europa.eu\/es\/press\/press-releases\/2023\/12\/09\/artificial-intelligence-act-council-and-parliament-strike-a-deal-on-the-first-worldwide-rules-for-ai\/?cmdf=ai+act+european+union\">reglamento de Inteligencia Artificia<\/a>l, ya que, por ejemplo, ciertos datos que se recog\u00edan antes como los datos biom\u00e9tricos (reconocimiento facial, huella&#8230;) se han restringido, ya que pueden ser usados por la IA para otros fines.<\/p><p>Son muchas las acciones que las empresas pueden hacer para la protecci\u00f3n de datos.<\/p><p>En M\u00e9trica, cumplimos con la <a href=\"https:\/\/www.boe.es\/buscar\/act.php?id=BOE-A-2018-16673\">ley Org\u00e1nica 3 2018<\/a>, de 5 de diciembre, que se encarga de la \u201cprotecci\u00f3n de datos personales y garant\u00eda de los derechos digitales\u201d. Nosotros aparte de cumplir con la normativa vigente en cuento a protecci\u00f3n de datos, contamos con la <a href=\"https:\/\/www.normas-iso.com\/iso-27001\/\">ISO 27001<\/a>. Esta norma promueve la creaci\u00f3n de un entorno m\u00e1s seguro tanto para proteger los datos sensibles como el desarrollo y sistema de la organizaci\u00f3n.<\/p>\t\t\t\t\t\t\t\t<\/div>\n\t\t\t\t<\/div>\n\t\t\t\t\t<\/div>\n\t\t\t\t<\/div>\n\t\t\t\t<\/div>\n\t\t","protected":false},"excerpt":{"rendered":"<p>El 28 de enero se celebra el D\u00eda Europeo de la Protecci\u00f3n de datos a causa de que ese mismo d\u00eda en 1981 se firm\u00f3 el Convenio 108 del Consejo de Europa para la protecci\u00f3n de las personas con respecto al tratamiento automatizado de datos de car\u00e1cter persona. Este d\u00eda, est\u00e1 dedicado a la concienciaci\u00f3n [&hellip;]<\/p>\n","protected":false},"author":1,"featured_media":7420,"comment_status":"open","ping_status":"open","sticky":false,"template":"","format":"standard","meta":{"content-type":"","footnotes":""},"categories":[1472],"tags":[],"class_list":["post-7419","post","type-post","status-publish","format-standard","has-post-thumbnail","hentry","category-qualidade-pt"],"yoast_head":"<!-- This site is optimized with the Yoast SEO plugin v25.9 - https:\/\/yoast.com\/wordpress\/plugins\/seo\/ -->\n<title>D\u00eda Europeo de la Protecci\u00f3n de Datos - METRICA<\/title>\n<meta name=\"robots\" content=\"index, follow, max-snippet:-1, max-image-preview:large, max-video-preview:-1\" \/>\n<link rel=\"canonical\" href=\"https:\/\/www.metrica-global.com\/pt\/dia-europeo-de-la-proteccion-de-datos\/\" \/>\n<meta property=\"og:locale\" content=\"pt_PT\" \/>\n<meta property=\"og:type\" content=\"article\" \/>\n<meta property=\"og:title\" content=\"D\u00eda Europeo de la Protecci\u00f3n de Datos - METRICA\" \/>\n<meta property=\"og:description\" content=\"El 28 de enero se celebra el D\u00eda Europeo de la Protecci\u00f3n de datos a causa de que ese mismo d\u00eda en 1981 se firm\u00f3 el Convenio 108 del Consejo de Europa para la protecci\u00f3n de las personas con respecto al tratamiento automatizado de datos de car\u00e1cter persona. Este d\u00eda, est\u00e1 dedicado a la concienciaci\u00f3n [&hellip;]\" \/>\n<meta property=\"og:url\" content=\"https:\/\/www.metrica-global.com\/pt\/dia-europeo-de-la-proteccion-de-datos\/\" \/>\n<meta property=\"og:site_name\" content=\"METRICA\" \/>\n<meta property=\"article:published_time\" content=\"2024-01-29T10:34:01+00:00\" \/>\n<meta property=\"article:modified_time\" content=\"2025-06-17T10:59:29+00:00\" \/>\n<meta property=\"og:image\" content=\"https:\/\/www.metrica-global.com\/wp-content\/uploads\/2024\/01\/concepto-collage-control-calidad-estandar-scaled-1.jpg\" \/>\n\t<meta property=\"og:image:width\" content=\"2560\" \/>\n\t<meta property=\"og:image:height\" content=\"1828\" \/>\n\t<meta property=\"og:image:type\" content=\"image\/jpeg\" \/>\n<meta name=\"author\" content=\"desarrollo\" \/>\n<meta name=\"twitter:card\" content=\"summary_large_image\" \/>\n<meta name=\"twitter:label1\" content=\"Written by\" \/>\n\t<meta name=\"twitter:data1\" content=\"desarrollo\" \/>\n\t<meta name=\"twitter:label2\" content=\"Est. reading time\" \/>\n\t<meta name=\"twitter:data2\" content=\"2 minutos\" \/>\n<script type=\"application\/ld+json\" class=\"yoast-schema-graph\">{\"@context\":\"https:\/\/schema.org\",\"@graph\":[{\"@type\":\"Article\",\"@id\":\"https:\/\/www.metrica-global.com\/pt\/dia-europeo-de-la-proteccion-de-datos\/#article\",\"isPartOf\":{\"@id\":\"https:\/\/www.metrica-global.com\/pt\/dia-europeo-de-la-proteccion-de-datos\/\"},\"author\":{\"name\":\"desarrollo\",\"@id\":\"https:\/\/www.metrica-global.com\/#\/schema\/person\/78e8e629d9e5908167469b249f6f2cdc\"},\"headline\":\"D\u00eda Europeo de la Protecci\u00f3n de Datos\",\"datePublished\":\"2024-01-29T10:34:01+00:00\",\"dateModified\":\"2025-06-17T10:59:29+00:00\",\"mainEntityOfPage\":{\"@id\":\"https:\/\/www.metrica-global.com\/pt\/dia-europeo-de-la-proteccion-de-datos\/\"},\"wordCount\":263,\"commentCount\":0,\"publisher\":{\"@id\":\"https:\/\/www.metrica-global.com\/#organization\"},\"image\":{\"@id\":\"https:\/\/www.metrica-global.com\/pt\/dia-europeo-de-la-proteccion-de-datos\/#primaryimage\"},\"thumbnailUrl\":\"https:\/\/www.metrica-global.com\/wp-content\/uploads\/2024\/01\/concepto-collage-control-calidad-estandar-scaled-1.jpg\",\"articleSection\":[\"Qualidade\"],\"inLanguage\":\"pt-PT\",\"potentialAction\":[{\"@type\":\"CommentAction\",\"name\":\"Comment\",\"target\":[\"https:\/\/www.metrica-global.com\/pt\/dia-europeo-de-la-proteccion-de-datos\/#respond\"]}]},{\"@type\":\"WebPage\",\"@id\":\"https:\/\/www.metrica-global.com\/pt\/dia-europeo-de-la-proteccion-de-datos\/\",\"url\":\"https:\/\/www.metrica-global.com\/pt\/dia-europeo-de-la-proteccion-de-datos\/\",\"name\":\"D\u00eda Europeo de la Protecci\u00f3n de Datos - METRICA\",\"isPartOf\":{\"@id\":\"https:\/\/www.metrica-global.com\/#website\"},\"primaryImageOfPage\":{\"@id\":\"https:\/\/www.metrica-global.com\/pt\/dia-europeo-de-la-proteccion-de-datos\/#primaryimage\"},\"image\":{\"@id\":\"https:\/\/www.metrica-global.com\/pt\/dia-europeo-de-la-proteccion-de-datos\/#primaryimage\"},\"thumbnailUrl\":\"https:\/\/www.metrica-global.com\/wp-content\/uploads\/2024\/01\/concepto-collage-control-calidad-estandar-scaled-1.jpg\",\"datePublished\":\"2024-01-29T10:34:01+00:00\",\"dateModified\":\"2025-06-17T10:59:29+00:00\",\"breadcrumb\":{\"@id\":\"https:\/\/www.metrica-global.com\/pt\/dia-europeo-de-la-proteccion-de-datos\/#breadcrumb\"},\"inLanguage\":\"pt-PT\",\"potentialAction\":[{\"@type\":\"ReadAction\",\"target\":[\"https:\/\/www.metrica-global.com\/pt\/dia-europeo-de-la-proteccion-de-datos\/\"]}]},{\"@type\":\"ImageObject\",\"inLanguage\":\"pt-PT\",\"@id\":\"https:\/\/www.metrica-global.com\/pt\/dia-europeo-de-la-proteccion-de-datos\/#primaryimage\",\"url\":\"https:\/\/www.metrica-global.com\/wp-content\/uploads\/2024\/01\/concepto-collage-control-calidad-estandar-scaled-1.jpg\",\"contentUrl\":\"https:\/\/www.metrica-global.com\/wp-content\/uploads\/2024\/01\/concepto-collage-control-calidad-estandar-scaled-1.jpg\",\"width\":2560,\"height\":1828,\"caption\":\"concepto collage control calidad estandar scaled 1\"},{\"@type\":\"BreadcrumbList\",\"@id\":\"https:\/\/www.metrica-global.com\/pt\/dia-europeo-de-la-proteccion-de-datos\/#breadcrumb\",\"itemListElement\":[{\"@type\":\"ListItem\",\"position\":1,\"name\":\"Portada\",\"item\":\"https:\/\/www.metrica-global.com\/pt\/\"},{\"@type\":\"ListItem\",\"position\":2,\"name\":\"D\u00eda Europeo de la Protecci\u00f3n de Datos\"}]},{\"@type\":\"WebSite\",\"@id\":\"https:\/\/www.metrica-global.com\/#website\",\"url\":\"https:\/\/www.metrica-global.com\/\",\"name\":\"METRICA\",\"description\":\"Servicios Globales IT\",\"publisher\":{\"@id\":\"https:\/\/www.metrica-global.com\/#organization\"},\"potentialAction\":[{\"@type\":\"SearchAction\",\"target\":{\"@type\":\"EntryPoint\",\"urlTemplate\":\"https:\/\/www.metrica-global.com\/?s={search_term_string}\"},\"query-input\":{\"@type\":\"PropertyValueSpecification\",\"valueRequired\":true,\"valueName\":\"search_term_string\"}}],\"inLanguage\":\"pt-PT\"},{\"@type\":\"Organization\",\"@id\":\"https:\/\/www.metrica-global.com\/#organization\",\"name\":\"METRICA\",\"url\":\"https:\/\/www.metrica-global.com\/\",\"logo\":{\"@type\":\"ImageObject\",\"inLanguage\":\"pt-PT\",\"@id\":\"https:\/\/www.metrica-global.com\/#\/schema\/logo\/image\/\",\"url\":\"https:\/\/www.metrica-global.com\/wp-content\/uploads\/2023\/12\/logo-metrica.png\",\"contentUrl\":\"https:\/\/www.metrica-global.com\/wp-content\/uploads\/2023\/12\/logo-metrica.png\",\"width\":332,\"height\":58,\"caption\":\"METRICA\"},\"image\":{\"@id\":\"https:\/\/www.metrica-global.com\/#\/schema\/logo\/image\/\"}},{\"@type\":\"Person\",\"@id\":\"https:\/\/www.metrica-global.com\/#\/schema\/person\/78e8e629d9e5908167469b249f6f2cdc\",\"name\":\"desarrollo\",\"image\":{\"@type\":\"ImageObject\",\"inLanguage\":\"pt-PT\",\"@id\":\"https:\/\/www.metrica-global.com\/#\/schema\/person\/image\/\",\"url\":\"https:\/\/secure.gravatar.com\/avatar\/d2653fb8f170e1382a31acc69dcf92e99545e6329805eb11d8a34443b058f3de?s=96&d=mm&r=g\",\"contentUrl\":\"https:\/\/secure.gravatar.com\/avatar\/d2653fb8f170e1382a31acc69dcf92e99545e6329805eb11d8a34443b058f3de?s=96&d=mm&r=g\",\"caption\":\"desarrollo\"},\"url\":\"https:\/\/www.metrica-global.com\/pt\/author\/desarrollo\/\"}]}<\/script>\n<!-- \/ Yoast SEO plugin. -->","yoast_head_json":{"title":"D\u00eda Europeo de la Protecci\u00f3n de Datos - METRICA","robots":{"index":"index","follow":"follow","max-snippet":"max-snippet:-1","max-image-preview":"max-image-preview:large","max-video-preview":"max-video-preview:-1"},"canonical":"https:\/\/www.metrica-global.com\/pt\/dia-europeo-de-la-proteccion-de-datos\/","og_locale":"pt_PT","og_type":"article","og_title":"D\u00eda Europeo de la Protecci\u00f3n de Datos - METRICA","og_description":"El 28 de enero se celebra el D\u00eda Europeo de la Protecci\u00f3n de datos a causa de que ese mismo d\u00eda en 1981 se firm\u00f3 el Convenio 108 del Consejo de Europa para la protecci\u00f3n de las personas con respecto al tratamiento automatizado de datos de car\u00e1cter persona. Este d\u00eda, est\u00e1 dedicado a la concienciaci\u00f3n [&hellip;]","og_url":"https:\/\/www.metrica-global.com\/pt\/dia-europeo-de-la-proteccion-de-datos\/","og_site_name":"METRICA","article_published_time":"2024-01-29T10:34:01+00:00","article_modified_time":"2025-06-17T10:59:29+00:00","og_image":[{"width":2560,"height":1828,"url":"https:\/\/www.metrica-global.com\/wp-content\/uploads\/2024\/01\/concepto-collage-control-calidad-estandar-scaled-1.jpg","type":"image\/jpeg"}],"author":"desarrollo","twitter_card":"summary_large_image","twitter_misc":{"Written by":"desarrollo","Est. reading time":"2 minutos"},"schema":{"@context":"https:\/\/schema.org","@graph":[{"@type":"Article","@id":"https:\/\/www.metrica-global.com\/pt\/dia-europeo-de-la-proteccion-de-datos\/#article","isPartOf":{"@id":"https:\/\/www.metrica-global.com\/pt\/dia-europeo-de-la-proteccion-de-datos\/"},"author":{"name":"desarrollo","@id":"https:\/\/www.metrica-global.com\/#\/schema\/person\/78e8e629d9e5908167469b249f6f2cdc"},"headline":"D\u00eda Europeo de la Protecci\u00f3n de Datos","datePublished":"2024-01-29T10:34:01+00:00","dateModified":"2025-06-17T10:59:29+00:00","mainEntityOfPage":{"@id":"https:\/\/www.metrica-global.com\/pt\/dia-europeo-de-la-proteccion-de-datos\/"},"wordCount":263,"commentCount":0,"publisher":{"@id":"https:\/\/www.metrica-global.com\/#organization"},"image":{"@id":"https:\/\/www.metrica-global.com\/pt\/dia-europeo-de-la-proteccion-de-datos\/#primaryimage"},"thumbnailUrl":"https:\/\/www.metrica-global.com\/wp-content\/uploads\/2024\/01\/concepto-collage-control-calidad-estandar-scaled-1.jpg","articleSection":["Qualidade"],"inLanguage":"pt-PT","potentialAction":[{"@type":"CommentAction","name":"Comment","target":["https:\/\/www.metrica-global.com\/pt\/dia-europeo-de-la-proteccion-de-datos\/#respond"]}]},{"@type":"WebPage","@id":"https:\/\/www.metrica-global.com\/pt\/dia-europeo-de-la-proteccion-de-datos\/","url":"https:\/\/www.metrica-global.com\/pt\/dia-europeo-de-la-proteccion-de-datos\/","name":"D\u00eda Europeo de la Protecci\u00f3n de Datos - METRICA","isPartOf":{"@id":"https:\/\/www.metrica-global.com\/#website"},"primaryImageOfPage":{"@id":"https:\/\/www.metrica-global.com\/pt\/dia-europeo-de-la-proteccion-de-datos\/#primaryimage"},"image":{"@id":"https:\/\/www.metrica-global.com\/pt\/dia-europeo-de-la-proteccion-de-datos\/#primaryimage"},"thumbnailUrl":"https:\/\/www.metrica-global.com\/wp-content\/uploads\/2024\/01\/concepto-collage-control-calidad-estandar-scaled-1.jpg","datePublished":"2024-01-29T10:34:01+00:00","dateModified":"2025-06-17T10:59:29+00:00","breadcrumb":{"@id":"https:\/\/www.metrica-global.com\/pt\/dia-europeo-de-la-proteccion-de-datos\/#breadcrumb"},"inLanguage":"pt-PT","potentialAction":[{"@type":"ReadAction","target":["https:\/\/www.metrica-global.com\/pt\/dia-europeo-de-la-proteccion-de-datos\/"]}]},{"@type":"ImageObject","inLanguage":"pt-PT","@id":"https:\/\/www.metrica-global.com\/pt\/dia-europeo-de-la-proteccion-de-datos\/#primaryimage","url":"https:\/\/www.metrica-global.com\/wp-content\/uploads\/2024\/01\/concepto-collage-control-calidad-estandar-scaled-1.jpg","contentUrl":"https:\/\/www.metrica-global.com\/wp-content\/uploads\/2024\/01\/concepto-collage-control-calidad-estandar-scaled-1.jpg","width":2560,"height":1828,"caption":"concepto collage control calidad estandar scaled 1"},{"@type":"BreadcrumbList","@id":"https:\/\/www.metrica-global.com\/pt\/dia-europeo-de-la-proteccion-de-datos\/#breadcrumb","itemListElement":[{"@type":"ListItem","position":1,"name":"Portada","item":"https:\/\/www.metrica-global.com\/pt\/"},{"@type":"ListItem","position":2,"name":"D\u00eda Europeo de la Protecci\u00f3n de Datos"}]},{"@type":"WebSite","@id":"https:\/\/www.metrica-global.com\/#website","url":"https:\/\/www.metrica-global.com\/","name":"METRICA","description":"Servicios Globales IT","publisher":{"@id":"https:\/\/www.metrica-global.com\/#organization"},"potentialAction":[{"@type":"SearchAction","target":{"@type":"EntryPoint","urlTemplate":"https:\/\/www.metrica-global.com\/?s={search_term_string}"},"query-input":{"@type":"PropertyValueSpecification","valueRequired":true,"valueName":"search_term_string"}}],"inLanguage":"pt-PT"},{"@type":"Organization","@id":"https:\/\/www.metrica-global.com\/#organization","name":"METRICA","url":"https:\/\/www.metrica-global.com\/","logo":{"@type":"ImageObject","inLanguage":"pt-PT","@id":"https:\/\/www.metrica-global.com\/#\/schema\/logo\/image\/","url":"https:\/\/www.metrica-global.com\/wp-content\/uploads\/2023\/12\/logo-metrica.png","contentUrl":"https:\/\/www.metrica-global.com\/wp-content\/uploads\/2023\/12\/logo-metrica.png","width":332,"height":58,"caption":"METRICA"},"image":{"@id":"https:\/\/www.metrica-global.com\/#\/schema\/logo\/image\/"}},{"@type":"Person","@id":"https:\/\/www.metrica-global.com\/#\/schema\/person\/78e8e629d9e5908167469b249f6f2cdc","name":"desarrollo","image":{"@type":"ImageObject","inLanguage":"pt-PT","@id":"https:\/\/www.metrica-global.com\/#\/schema\/person\/image\/","url":"https:\/\/secure.gravatar.com\/avatar\/d2653fb8f170e1382a31acc69dcf92e99545e6329805eb11d8a34443b058f3de?s=96&d=mm&r=g","contentUrl":"https:\/\/secure.gravatar.com\/avatar\/d2653fb8f170e1382a31acc69dcf92e99545e6329805eb11d8a34443b058f3de?s=96&d=mm&r=g","caption":"desarrollo"},"url":"https:\/\/www.metrica-global.com\/pt\/author\/desarrollo\/"}]}},"_links":{"self":[{"href":"https:\/\/www.metrica-global.com\/pt\/wp-json\/wp\/v2\/posts\/7419","targetHints":{"allow":["GET"]}}],"collection":[{"href":"https:\/\/www.metrica-global.com\/pt\/wp-json\/wp\/v2\/posts"}],"about":[{"href":"https:\/\/www.metrica-global.com\/pt\/wp-json\/wp\/v2\/types\/post"}],"author":[{"embeddable":true,"href":"https:\/\/www.metrica-global.com\/pt\/wp-json\/wp\/v2\/users\/1"}],"replies":[{"embeddable":true,"href":"https:\/\/www.metrica-global.com\/pt\/wp-json\/wp\/v2\/comments?post=7419"}],"version-history":[{"count":2,"href":"https:\/\/www.metrica-global.com\/pt\/wp-json\/wp\/v2\/posts\/7419\/revisions"}],"predecessor-version":[{"id":7954,"href":"https:\/\/www.metrica-global.com\/pt\/wp-json\/wp\/v2\/posts\/7419\/revisions\/7954"}],"wp:featuredmedia":[{"embeddable":true,"href":"https:\/\/www.metrica-global.com\/pt\/wp-json\/wp\/v2\/media\/7420"}],"wp:attachment":[{"href":"https:\/\/www.metrica-global.com\/pt\/wp-json\/wp\/v2\/media?parent=7419"}],"wp:term":[{"taxonomy":"category","embeddable":true,"href":"https:\/\/www.metrica-global.com\/pt\/wp-json\/wp\/v2\/categories?post=7419"},{"taxonomy":"post_tag","embeddable":true,"href":"https:\/\/www.metrica-global.com\/pt\/wp-json\/wp\/v2\/tags?post=7419"}],"curies":[{"name":"wp","href":"https:\/\/api.w.org\/{rel}","templated":true}]}}