{"id":7495,"date":"2024-10-14T17:00:00","date_gmt":"2024-10-14T15:00:00","guid":{"rendered":"https:\/\/www.metrica-global.com\/experiencias-en-nuestro-programa-metricalab\/"},"modified":"2025-07-30T11:48:37","modified_gmt":"2025-07-30T09:48:37","slug":"experiencias-en-nuestro-programa-metricalab","status":"publish","type":"post","link":"https:\/\/www.metrica-global.com\/pt\/experiencias-en-nuestro-programa-metricalab\/","title":{"rendered":"Experi\u00eancias no nosso programa METRICA LAB"},"content":{"rendered":"\r\n<p data-start=\"344\" data-end=\"633\">Na METRICA, acreditamos profundamente no desenvolvimento do talento jovem, e o nosso programa de est\u00e1gios <strong data-start=\"450\" data-end=\"465\">METRICA LAB<\/strong> \u00e9 uma prova clara disso. Depois de um m\u00eas de forma\u00e7\u00e3o, tr\u00eas participantes partilharam as suas experi\u00eancias iniciais num <em data-start=\"586\" data-end=\"592\">reel<\/em> que j\u00e1 est\u00e1 dispon\u00edvel nas nossas redes.<\/p>\r\n<p data-start=\"635\" data-end=\"1139\">Os nossos formandos chegaram com uma base s\u00f3lida em tecnologia, mas o que viveram neste primeiro m\u00eas no <strong data-start=\"739\" data-end=\"754\">METRICA LAB<\/strong> foi muito mais do que teoria. Tiveram a oportunidade de aplicar os seus conhecimentos em <strong data-start=\"844\" data-end=\"862\">projetos reais<\/strong>, enfrentando desafios t\u00edpicos do mundo profissional e desenvolvendo as suas compet\u00eancias de forma significativa. Acompanhados por um formador especializado, conseguiram elevar a sua aprendizagem e adquirir compet\u00eancias pr\u00e1ticas que s\u00f3 se ganham em ambientes de trabalho reais.<\/p>\r\n<p data-start=\"1141\" data-end=\"1488\">Nas entrevistas, os participantes mostram-se satisfeitos com esta primeira etapa e partilham as suas expectativas para os pr\u00f3ximos meses. O objetivo \u00e9 claro: concluir a forma\u00e7\u00e3o no <strong data-start=\"1322\" data-end=\"1337\">METRICA LAB<\/strong>, alcan\u00e7ar uma prepara\u00e7\u00e3o completa e, idealmente, integrar-se numa das equipas da METRICA, contribuindo para os projetos inovadores que temos em curso.<\/p>\r\n<p data-start=\"1490\" data-end=\"1650\">Se ainda n\u00e3o viste, convidamos-te a assistir ao <em data-start=\"1538\" data-end=\"1544\">reel<\/em> nas nossas redes sociais e conhecer, na primeira pessoa, como est\u00e1 a ser esta experi\u00eancia transformadora.<\/p>\r\n<p data-start=\"1652\" data-end=\"1778\">Na METRICA, estamos orgulhosos do seu progresso e continuamos empenhados no crescimento dos futuros profissionais do setor IT.<\/p>\r\n<p data-start=\"1780\" data-end=\"1799\"><strong data-start=\"1780\" data-end=\"1799\">Vamos por mais!<\/strong><\/p>\r\n\r\n\r\n","protected":false},"excerpt":{"rendered":"<p>Ap\u00f3s completarem o seu primeiro m\u00eas connosco, tr\u00eas dos nossos alunos partilharam as suas primeiras impress\u00f5es num reel publicado nas nossas redes sociais.<\/p>\n","protected":false},"author":1,"featured_media":7497,"comment_status":"open","ping_status":"open","sticky":false,"template":"","format":"standard","meta":{"content-type":"","footnotes":""},"categories":[1800],"tags":[1223,1812,1225,1813,1814,1803,1804,1268,1173,1231],"class_list":["post-7495","post","type-post","status-publish","format-standard","has-post-thumbnail","hentry","category-metricalab-pt","tag-ambito-tecnologico-pt","tag-desarrollo-profesional-pt","tag-formacion-pt","tag-formacion-it-pt","tag-metricalab-pt","tag-practicas-it-pt","tag-practicas-profesionales-pt","tag-programacion-pt","tag-sector-it-pt","tag-tecnologia-pt"],"yoast_head":"<!-- This site is optimized with the Yoast SEO plugin v25.9 - https:\/\/yoast.com\/wordpress\/plugins\/seo\/ -->\n<title>Experi\u00eancias no nosso programa METRICA LAB - METRICA<\/title>\n<meta name=\"robots\" content=\"index, follow, max-snippet:-1, max-image-preview:large, max-video-preview:-1\" \/>\n<link rel=\"canonical\" href=\"https:\/\/www.metrica-global.com\/pt\/experiencias-en-nuestro-programa-metricalab\/\" \/>\n<meta property=\"og:locale\" content=\"pt_PT\" \/>\n<meta property=\"og:type\" content=\"article\" \/>\n<meta property=\"og:title\" content=\"Experi\u00eancias no nosso programa METRICA LAB - METRICA\" \/>\n<meta property=\"og:description\" content=\"Ap\u00f3s completarem o seu primeiro m\u00eas connosco, tr\u00eas dos nossos alunos partilharam as suas primeiras impress\u00f5es num reel publicado nas nossas redes sociais.\" \/>\n<meta property=\"og:url\" content=\"https:\/\/www.metrica-global.com\/pt\/experiencias-en-nuestro-programa-metricalab\/\" \/>\n<meta property=\"og:site_name\" content=\"METRICA\" \/>\n<meta property=\"article:published_time\" content=\"2024-10-14T15:00:00+00:00\" \/>\n<meta property=\"article:modified_time\" content=\"2025-07-30T09:48:37+00:00\" \/>\n<meta property=\"og:image\" content=\"https:\/\/www.metrica-global.com\/wp-content\/uploads\/2024\/10\/IMG_6480-scaled-1.jpg\" \/>\n\t<meta property=\"og:image:width\" content=\"2560\" \/>\n\t<meta property=\"og:image:height\" content=\"1707\" \/>\n\t<meta property=\"og:image:type\" content=\"image\/jpeg\" \/>\n<meta name=\"author\" content=\"desarrollo\" \/>\n<meta name=\"twitter:card\" content=\"summary_large_image\" \/>\n<meta name=\"twitter:label1\" content=\"Written by\" \/>\n\t<meta name=\"twitter:data1\" content=\"desarrollo\" \/>\n\t<meta name=\"twitter:label2\" content=\"Est. reading time\" \/>\n\t<meta name=\"twitter:data2\" content=\"2 minutos\" \/>\n<script type=\"application\/ld+json\" class=\"yoast-schema-graph\">{\"@context\":\"https:\/\/schema.org\",\"@graph\":[{\"@type\":\"Article\",\"@id\":\"https:\/\/www.metrica-global.com\/pt\/experiencias-en-nuestro-programa-metricalab\/#article\",\"isPartOf\":{\"@id\":\"https:\/\/www.metrica-global.com\/pt\/experiencias-en-nuestro-programa-metricalab\/\"},\"author\":{\"name\":\"desarrollo\",\"@id\":\"https:\/\/www.metrica-global.com\/#\/schema\/person\/78e8e629d9e5908167469b249f6f2cdc\"},\"headline\":\"Experi\u00eancias no nosso programa METRICA LAB\",\"datePublished\":\"2024-10-14T15:00:00+00:00\",\"dateModified\":\"2025-07-30T09:48:37+00:00\",\"mainEntityOfPage\":{\"@id\":\"https:\/\/www.metrica-global.com\/pt\/experiencias-en-nuestro-programa-metricalab\/\"},\"wordCount\":237,\"commentCount\":0,\"publisher\":{\"@id\":\"https:\/\/www.metrica-global.com\/#organization\"},\"image\":{\"@id\":\"https:\/\/www.metrica-global.com\/pt\/experiencias-en-nuestro-programa-metricalab\/#primaryimage\"},\"thumbnailUrl\":\"https:\/\/www.metrica-global.com\/wp-content\/uploads\/2024\/10\/IMG_6480-scaled-1.jpg\",\"keywords\":[\"\u00c1mbito Tecnol\u00f3gico\",\"Desarrollo Profesional\",\"Formaci\u00f3n\",\"Formaci\u00f3n IT\",\"M\u00e9tricaLab\",\"Pr\u00e1cticas IT\",\"Pr\u00e1cticas Profesionales\",\"Programaci\u00f3n\",\"Sector IT\",\"Tecnolog\u00eda\"],\"articleSection\":[\"MetricaLab\"],\"inLanguage\":\"pt-PT\",\"potentialAction\":[{\"@type\":\"CommentAction\",\"name\":\"Comment\",\"target\":[\"https:\/\/www.metrica-global.com\/pt\/experiencias-en-nuestro-programa-metricalab\/#respond\"]}]},{\"@type\":\"WebPage\",\"@id\":\"https:\/\/www.metrica-global.com\/pt\/experiencias-en-nuestro-programa-metricalab\/\",\"url\":\"https:\/\/www.metrica-global.com\/pt\/experiencias-en-nuestro-programa-metricalab\/\",\"name\":\"Experi\u00eancias no nosso programa METRICA LAB - METRICA\",\"isPartOf\":{\"@id\":\"https:\/\/www.metrica-global.com\/#website\"},\"primaryImageOfPage\":{\"@id\":\"https:\/\/www.metrica-global.com\/pt\/experiencias-en-nuestro-programa-metricalab\/#primaryimage\"},\"image\":{\"@id\":\"https:\/\/www.metrica-global.com\/pt\/experiencias-en-nuestro-programa-metricalab\/#primaryimage\"},\"thumbnailUrl\":\"https:\/\/www.metrica-global.com\/wp-content\/uploads\/2024\/10\/IMG_6480-scaled-1.jpg\",\"datePublished\":\"2024-10-14T15:00:00+00:00\",\"dateModified\":\"2025-07-30T09:48:37+00:00\",\"breadcrumb\":{\"@id\":\"https:\/\/www.metrica-global.com\/pt\/experiencias-en-nuestro-programa-metricalab\/#breadcrumb\"},\"inLanguage\":\"pt-PT\",\"potentialAction\":[{\"@type\":\"ReadAction\",\"target\":[\"https:\/\/www.metrica-global.com\/pt\/experiencias-en-nuestro-programa-metricalab\/\"]}]},{\"@type\":\"ImageObject\",\"inLanguage\":\"pt-PT\",\"@id\":\"https:\/\/www.metrica-global.com\/pt\/experiencias-en-nuestro-programa-metricalab\/#primaryimage\",\"url\":\"https:\/\/www.metrica-global.com\/wp-content\/uploads\/2024\/10\/IMG_6480-scaled-1.jpg\",\"contentUrl\":\"https:\/\/www.metrica-global.com\/wp-content\/uploads\/2024\/10\/IMG_6480-scaled-1.jpg\",\"width\":2560,\"height\":1707,\"caption\":\"IMG 6480 scaled 1\"},{\"@type\":\"BreadcrumbList\",\"@id\":\"https:\/\/www.metrica-global.com\/pt\/experiencias-en-nuestro-programa-metricalab\/#breadcrumb\",\"itemListElement\":[{\"@type\":\"ListItem\",\"position\":1,\"name\":\"Portada\",\"item\":\"https:\/\/www.metrica-global.com\/pt\/\"},{\"@type\":\"ListItem\",\"position\":2,\"name\":\"Experi\u00eancias no nosso programa METRICA LAB\"}]},{\"@type\":\"WebSite\",\"@id\":\"https:\/\/www.metrica-global.com\/#website\",\"url\":\"https:\/\/www.metrica-global.com\/\",\"name\":\"METRICA\",\"description\":\"Servicios Globales IT\",\"publisher\":{\"@id\":\"https:\/\/www.metrica-global.com\/#organization\"},\"potentialAction\":[{\"@type\":\"SearchAction\",\"target\":{\"@type\":\"EntryPoint\",\"urlTemplate\":\"https:\/\/www.metrica-global.com\/?s={search_term_string}\"},\"query-input\":{\"@type\":\"PropertyValueSpecification\",\"valueRequired\":true,\"valueName\":\"search_term_string\"}}],\"inLanguage\":\"pt-PT\"},{\"@type\":\"Organization\",\"@id\":\"https:\/\/www.metrica-global.com\/#organization\",\"name\":\"METRICA\",\"url\":\"https:\/\/www.metrica-global.com\/\",\"logo\":{\"@type\":\"ImageObject\",\"inLanguage\":\"pt-PT\",\"@id\":\"https:\/\/www.metrica-global.com\/#\/schema\/logo\/image\/\",\"url\":\"https:\/\/www.metrica-global.com\/wp-content\/uploads\/2023\/12\/logo-metrica.png\",\"contentUrl\":\"https:\/\/www.metrica-global.com\/wp-content\/uploads\/2023\/12\/logo-metrica.png\",\"width\":332,\"height\":58,\"caption\":\"METRICA\"},\"image\":{\"@id\":\"https:\/\/www.metrica-global.com\/#\/schema\/logo\/image\/\"}},{\"@type\":\"Person\",\"@id\":\"https:\/\/www.metrica-global.com\/#\/schema\/person\/78e8e629d9e5908167469b249f6f2cdc\",\"name\":\"desarrollo\",\"image\":{\"@type\":\"ImageObject\",\"inLanguage\":\"pt-PT\",\"@id\":\"https:\/\/www.metrica-global.com\/#\/schema\/person\/image\/\",\"url\":\"https:\/\/secure.gravatar.com\/avatar\/d2653fb8f170e1382a31acc69dcf92e99545e6329805eb11d8a34443b058f3de?s=96&d=mm&r=g\",\"contentUrl\":\"https:\/\/secure.gravatar.com\/avatar\/d2653fb8f170e1382a31acc69dcf92e99545e6329805eb11d8a34443b058f3de?s=96&d=mm&r=g\",\"caption\":\"desarrollo\"},\"url\":\"https:\/\/www.metrica-global.com\/pt\/author\/desarrollo\/\"}]}<\/script>\n<!-- \/ Yoast SEO plugin. -->","yoast_head_json":{"title":"Experi\u00eancias no nosso programa METRICA LAB - METRICA","robots":{"index":"index","follow":"follow","max-snippet":"max-snippet:-1","max-image-preview":"max-image-preview:large","max-video-preview":"max-video-preview:-1"},"canonical":"https:\/\/www.metrica-global.com\/pt\/experiencias-en-nuestro-programa-metricalab\/","og_locale":"pt_PT","og_type":"article","og_title":"Experi\u00eancias no nosso programa METRICA LAB - METRICA","og_description":"Ap\u00f3s completarem o seu primeiro m\u00eas connosco, tr\u00eas dos nossos alunos partilharam as suas primeiras impress\u00f5es num reel publicado nas nossas redes sociais.","og_url":"https:\/\/www.metrica-global.com\/pt\/experiencias-en-nuestro-programa-metricalab\/","og_site_name":"METRICA","article_published_time":"2024-10-14T15:00:00+00:00","article_modified_time":"2025-07-30T09:48:37+00:00","og_image":[{"width":2560,"height":1707,"url":"https:\/\/www.metrica-global.com\/wp-content\/uploads\/2024\/10\/IMG_6480-scaled-1.jpg","type":"image\/jpeg"}],"author":"desarrollo","twitter_card":"summary_large_image","twitter_misc":{"Written by":"desarrollo","Est. reading time":"2 minutos"},"schema":{"@context":"https:\/\/schema.org","@graph":[{"@type":"Article","@id":"https:\/\/www.metrica-global.com\/pt\/experiencias-en-nuestro-programa-metricalab\/#article","isPartOf":{"@id":"https:\/\/www.metrica-global.com\/pt\/experiencias-en-nuestro-programa-metricalab\/"},"author":{"name":"desarrollo","@id":"https:\/\/www.metrica-global.com\/#\/schema\/person\/78e8e629d9e5908167469b249f6f2cdc"},"headline":"Experi\u00eancias no nosso programa METRICA LAB","datePublished":"2024-10-14T15:00:00+00:00","dateModified":"2025-07-30T09:48:37+00:00","mainEntityOfPage":{"@id":"https:\/\/www.metrica-global.com\/pt\/experiencias-en-nuestro-programa-metricalab\/"},"wordCount":237,"commentCount":0,"publisher":{"@id":"https:\/\/www.metrica-global.com\/#organization"},"image":{"@id":"https:\/\/www.metrica-global.com\/pt\/experiencias-en-nuestro-programa-metricalab\/#primaryimage"},"thumbnailUrl":"https:\/\/www.metrica-global.com\/wp-content\/uploads\/2024\/10\/IMG_6480-scaled-1.jpg","keywords":["\u00c1mbito Tecnol\u00f3gico","Desarrollo Profesional","Formaci\u00f3n","Formaci\u00f3n IT","M\u00e9tricaLab","Pr\u00e1cticas IT","Pr\u00e1cticas Profesionales","Programaci\u00f3n","Sector IT","Tecnolog\u00eda"],"articleSection":["MetricaLab"],"inLanguage":"pt-PT","potentialAction":[{"@type":"CommentAction","name":"Comment","target":["https:\/\/www.metrica-global.com\/pt\/experiencias-en-nuestro-programa-metricalab\/#respond"]}]},{"@type":"WebPage","@id":"https:\/\/www.metrica-global.com\/pt\/experiencias-en-nuestro-programa-metricalab\/","url":"https:\/\/www.metrica-global.com\/pt\/experiencias-en-nuestro-programa-metricalab\/","name":"Experi\u00eancias no nosso programa METRICA LAB - METRICA","isPartOf":{"@id":"https:\/\/www.metrica-global.com\/#website"},"primaryImageOfPage":{"@id":"https:\/\/www.metrica-global.com\/pt\/experiencias-en-nuestro-programa-metricalab\/#primaryimage"},"image":{"@id":"https:\/\/www.metrica-global.com\/pt\/experiencias-en-nuestro-programa-metricalab\/#primaryimage"},"thumbnailUrl":"https:\/\/www.metrica-global.com\/wp-content\/uploads\/2024\/10\/IMG_6480-scaled-1.jpg","datePublished":"2024-10-14T15:00:00+00:00","dateModified":"2025-07-30T09:48:37+00:00","breadcrumb":{"@id":"https:\/\/www.metrica-global.com\/pt\/experiencias-en-nuestro-programa-metricalab\/#breadcrumb"},"inLanguage":"pt-PT","potentialAction":[{"@type":"ReadAction","target":["https:\/\/www.metrica-global.com\/pt\/experiencias-en-nuestro-programa-metricalab\/"]}]},{"@type":"ImageObject","inLanguage":"pt-PT","@id":"https:\/\/www.metrica-global.com\/pt\/experiencias-en-nuestro-programa-metricalab\/#primaryimage","url":"https:\/\/www.metrica-global.com\/wp-content\/uploads\/2024\/10\/IMG_6480-scaled-1.jpg","contentUrl":"https:\/\/www.metrica-global.com\/wp-content\/uploads\/2024\/10\/IMG_6480-scaled-1.jpg","width":2560,"height":1707,"caption":"IMG 6480 scaled 1"},{"@type":"BreadcrumbList","@id":"https:\/\/www.metrica-global.com\/pt\/experiencias-en-nuestro-programa-metricalab\/#breadcrumb","itemListElement":[{"@type":"ListItem","position":1,"name":"Portada","item":"https:\/\/www.metrica-global.com\/pt\/"},{"@type":"ListItem","position":2,"name":"Experi\u00eancias no nosso programa METRICA LAB"}]},{"@type":"WebSite","@id":"https:\/\/www.metrica-global.com\/#website","url":"https:\/\/www.metrica-global.com\/","name":"METRICA","description":"Servicios Globales IT","publisher":{"@id":"https:\/\/www.metrica-global.com\/#organization"},"potentialAction":[{"@type":"SearchAction","target":{"@type":"EntryPoint","urlTemplate":"https:\/\/www.metrica-global.com\/?s={search_term_string}"},"query-input":{"@type":"PropertyValueSpecification","valueRequired":true,"valueName":"search_term_string"}}],"inLanguage":"pt-PT"},{"@type":"Organization","@id":"https:\/\/www.metrica-global.com\/#organization","name":"METRICA","url":"https:\/\/www.metrica-global.com\/","logo":{"@type":"ImageObject","inLanguage":"pt-PT","@id":"https:\/\/www.metrica-global.com\/#\/schema\/logo\/image\/","url":"https:\/\/www.metrica-global.com\/wp-content\/uploads\/2023\/12\/logo-metrica.png","contentUrl":"https:\/\/www.metrica-global.com\/wp-content\/uploads\/2023\/12\/logo-metrica.png","width":332,"height":58,"caption":"METRICA"},"image":{"@id":"https:\/\/www.metrica-global.com\/#\/schema\/logo\/image\/"}},{"@type":"Person","@id":"https:\/\/www.metrica-global.com\/#\/schema\/person\/78e8e629d9e5908167469b249f6f2cdc","name":"desarrollo","image":{"@type":"ImageObject","inLanguage":"pt-PT","@id":"https:\/\/www.metrica-global.com\/#\/schema\/person\/image\/","url":"https:\/\/secure.gravatar.com\/avatar\/d2653fb8f170e1382a31acc69dcf92e99545e6329805eb11d8a34443b058f3de?s=96&d=mm&r=g","contentUrl":"https:\/\/secure.gravatar.com\/avatar\/d2653fb8f170e1382a31acc69dcf92e99545e6329805eb11d8a34443b058f3de?s=96&d=mm&r=g","caption":"desarrollo"},"url":"https:\/\/www.metrica-global.com\/pt\/author\/desarrollo\/"}]}},"_links":{"self":[{"href":"https:\/\/www.metrica-global.com\/pt\/wp-json\/wp\/v2\/posts\/7495","targetHints":{"allow":["GET"]}}],"collection":[{"href":"https:\/\/www.metrica-global.com\/pt\/wp-json\/wp\/v2\/posts"}],"about":[{"href":"https:\/\/www.metrica-global.com\/pt\/wp-json\/wp\/v2\/types\/post"}],"author":[{"embeddable":true,"href":"https:\/\/www.metrica-global.com\/pt\/wp-json\/wp\/v2\/users\/1"}],"replies":[{"embeddable":true,"href":"https:\/\/www.metrica-global.com\/pt\/wp-json\/wp\/v2\/comments?post=7495"}],"version-history":[{"count":3,"href":"https:\/\/www.metrica-global.com\/pt\/wp-json\/wp\/v2\/posts\/7495\/revisions"}],"predecessor-version":[{"id":12539,"href":"https:\/\/www.metrica-global.com\/pt\/wp-json\/wp\/v2\/posts\/7495\/revisions\/12539"}],"wp:featuredmedia":[{"embeddable":true,"href":"https:\/\/www.metrica-global.com\/pt\/wp-json\/wp\/v2\/media\/7497"}],"wp:attachment":[{"href":"https:\/\/www.metrica-global.com\/pt\/wp-json\/wp\/v2\/media?parent=7495"}],"wp:term":[{"taxonomy":"category","embeddable":true,"href":"https:\/\/www.metrica-global.com\/pt\/wp-json\/wp\/v2\/categories?post=7495"},{"taxonomy":"post_tag","embeddable":true,"href":"https:\/\/www.metrica-global.com\/pt\/wp-json\/wp\/v2\/tags?post=7495"}],"curies":[{"name":"wp","href":"https:\/\/api.w.org\/{rel}","templated":true}]}}