{"id":7502,"date":"2024-06-13T13:33:04","date_gmt":"2024-06-13T11:33:04","guid":{"rendered":"https:\/\/www.metrica-global.com\/metricalab-culmina-un-ciclo-de-practicas-exitoso\/"},"modified":"2025-07-30T11:48:27","modified_gmt":"2025-07-30T09:48:27","slug":"metricalab-culmina-un-ciclo-de-practicas-exitoso","status":"publish","type":"post","link":"https:\/\/www.metrica-global.com\/pt\/metricalab-culmina-un-ciclo-de-practicas-exitoso\/","title":{"rendered":"METRICA LAB: Conclui-se um Ciclo de Est\u00e1gios de Sucesso"},"content":{"rendered":"\r\n<p data-start=\"245\" data-end=\"401\">No <strong data-start=\"248\" data-end=\"263\">METRICA LAB<\/strong>, celebramos o encerramento de um ciclo de est\u00e1gios que marcou um verdadeiro marco na forma\u00e7\u00e3o e desenvolvimento de futuros profissionais.<\/p>\r\n<p data-start=\"403\" data-end=\"577\">Ap\u00f3s tr\u00eas meses de trabalho intenso, despedimo-nos de um grupo excecional de estagi\u00e1rios que demonstraram, desde o primeiro dia, um elevado n\u00edvel de compromisso e excel\u00eancia.<\/p>\r\n<hr data-start=\"579\" data-end=\"582\" \/>\r\n<h3 data-section-id=\"qt1y6g\" data-start=\"584\" data-end=\"637\">Desenvolvimento e Aperfei\u00e7oamento de Compet\u00eancias<\/h3>\r\n<p data-start=\"639\" data-end=\"947\">Durante esta etapa, os nossos estagi\u00e1rios tiveram a oportunidade de consolidar os seus conhecimentos em programa\u00e7\u00e3o, enfrentando desafios de natureza totalmente pr\u00e1tica. Trabalharam com <strong data-start=\"825\" data-end=\"847\">metodologias reais<\/strong>, o que lhes permitiu adquirir uma experi\u00eancia valiosa e altamente aplic\u00e1vel no mercado de trabalho.<\/p>\r\n<p data-start=\"949\" data-end=\"1127\">Esta abordagem pr\u00e1tica fortaleceu n\u00e3o s\u00f3 as suas compet\u00eancias t\u00e9cnicas, como tamb\u00e9m a <strong data-start=\"1035\" data-end=\"1062\">capacidade de adapta\u00e7\u00e3o<\/strong> e <strong data-start=\"1065\" data-end=\"1091\">resolu\u00e7\u00e3o de problemas<\/strong> em ambientes exigentes e din\u00e2micos.<\/p>\r\n<hr data-start=\"1129\" data-end=\"1132\" \/>\r\n<h3 data-section-id=\"tq1aps\" data-start=\"1134\" data-end=\"1186\">Chaves do Sucesso: Compet\u00eancias e Acompanhamento<\/h3>\r\n<p data-start=\"1188\" data-end=\"1496\">O sucesso deste ciclo de est\u00e1gios n\u00e3o teria sido poss\u00edvel sem o <strong data-start=\"1252\" data-end=\"1288\">grande talento dos participantes<\/strong> e a <strong data-start=\"1293\" data-end=\"1336\">tutoria experiente do nosso formador IT<\/strong>. A combina\u00e7\u00e3o entre orienta\u00e7\u00e3o especializada e dedica\u00e7\u00e3o individual foi determinante para que estes jovens profissionais ultrapassassem cada desafio com \u00eaxito.<\/p>\r\n<p data-start=\"1498\" data-end=\"1661\">Em alguns casos, esta transi\u00e7\u00e3o do est\u00e1gio para a integra\u00e7\u00e3o nas nossas equipas j\u00e1 se concretizou \u2014 um reflexo da qualidade e efic\u00e1cia do programa <strong data-start=\"1645\" data-end=\"1660\">METRICA LAB<\/strong>.<\/p>\r\n<hr data-start=\"1663\" data-end=\"1666\" \/>\r\n<h3 data-section-id=\"1ia3m0w\" data-start=\"1668\" data-end=\"1696\">Compromisso com o Futuro<\/h3>\r\n<p data-start=\"1698\" data-end=\"1963\">Queremos agradecer e felicitar todos os nossos estagi\u00e1rios pelo empenho e dedica\u00e7\u00e3o ao longo destes tr\u00eas meses. A vossa contribui\u00e7\u00e3o foi inestim\u00e1vel, e temos a certeza de que levar\u00e3o consigo tudo o que aprenderam no <strong data-start=\"1914\" data-end=\"1929\">METRICA LAB<\/strong> para as vossas carreiras futuras.<\/p>\r\n<p data-start=\"1965\" data-end=\"2027\">Parab\u00e9ns a todas e todos por esta conquista t\u00e3o significativa!<\/p>\r\n<p data-start=\"2029\" data-end=\"2285\">Na METRICA, continuamos comprometidos com a <strong data-start=\"2073\" data-end=\"2103\">forma\u00e7\u00e3o de novos talentos<\/strong> e com a cria\u00e7\u00e3o de oportunidades que promovam o crescimento profissional e pessoal. Esperamos continuar a oferecer programas de est\u00e1gio t\u00e3o bem-sucedidos e enriquecedores como este.<\/p>\r\n","protected":false},"excerpt":{"rendered":"<p>No METRICA LAB, celebramos o encerramento de um ciclo de est\u00e1gios que marcou um verdadeiro marco na forma\u00e7\u00e3o e desenvolvimento de futuros profissionais.<\/p>\n","protected":false},"author":1,"featured_media":7503,"comment_status":"open","ping_status":"open","sticky":false,"template":"","format":"standard","meta":{"content-type":"","footnotes":""},"categories":[1800],"tags":[1223,1817,1812,1225,1803,1804,1173,1231],"class_list":["post-7502","post","type-post","status-publish","format-standard","has-post-thumbnail","hentry","category-metricalab-pt","tag-ambito-tecnologico-pt","tag-crecimiento-profesional-pt","tag-desarrollo-profesional-pt","tag-formacion-pt","tag-practicas-it-pt","tag-practicas-profesionales-pt","tag-sector-it-pt","tag-tecnologia-pt"],"yoast_head":"<!-- This site is optimized with the Yoast SEO plugin v25.9 - https:\/\/yoast.com\/wordpress\/plugins\/seo\/ -->\n<title>METRICA LAB: Conclui-se um Ciclo de Est\u00e1gios de Sucesso - METRICA<\/title>\n<meta name=\"robots\" content=\"index, follow, max-snippet:-1, max-image-preview:large, max-video-preview:-1\" \/>\n<link rel=\"canonical\" href=\"https:\/\/www.metrica-global.com\/pt\/metricalab-culmina-un-ciclo-de-practicas-exitoso\/\" \/>\n<meta property=\"og:locale\" content=\"pt_PT\" \/>\n<meta property=\"og:type\" content=\"article\" \/>\n<meta property=\"og:title\" content=\"METRICA LAB: Conclui-se um Ciclo de Est\u00e1gios de Sucesso - METRICA\" \/>\n<meta property=\"og:description\" content=\"No METRICA LAB, celebramos o encerramento de um ciclo de est\u00e1gios que marcou um verdadeiro marco na forma\u00e7\u00e3o e desenvolvimento de futuros profissionais.\" \/>\n<meta property=\"og:url\" content=\"https:\/\/www.metrica-global.com\/pt\/metricalab-culmina-un-ciclo-de-practicas-exitoso\/\" \/>\n<meta property=\"og:site_name\" content=\"METRICA\" \/>\n<meta property=\"article:published_time\" content=\"2024-06-13T11:33:04+00:00\" \/>\n<meta property=\"article:modified_time\" content=\"2025-07-30T09:48:27+00:00\" \/>\n<meta property=\"og:image\" content=\"https:\/\/www.metrica-global.com\/wp-content\/uploads\/2024\/07\/BANNER-METRICALAB-2024-scaled-1.jpg\" \/>\n\t<meta property=\"og:image:width\" content=\"2560\" \/>\n\t<meta property=\"og:image:height\" content=\"1002\" \/>\n\t<meta property=\"og:image:type\" content=\"image\/jpeg\" \/>\n<meta name=\"author\" content=\"desarrollo\" \/>\n<meta name=\"twitter:card\" content=\"summary_large_image\" \/>\n<meta name=\"twitter:label1\" content=\"Written by\" \/>\n\t<meta name=\"twitter:data1\" content=\"desarrollo\" \/>\n\t<meta name=\"twitter:label2\" content=\"Est. reading time\" \/>\n\t<meta name=\"twitter:data2\" content=\"2 minutos\" \/>\n<script type=\"application\/ld+json\" class=\"yoast-schema-graph\">{\"@context\":\"https:\/\/schema.org\",\"@graph\":[{\"@type\":\"Article\",\"@id\":\"https:\/\/www.metrica-global.com\/pt\/metricalab-culmina-un-ciclo-de-practicas-exitoso\/#article\",\"isPartOf\":{\"@id\":\"https:\/\/www.metrica-global.com\/pt\/metricalab-culmina-un-ciclo-de-practicas-exitoso\/\"},\"author\":{\"name\":\"desarrollo\",\"@id\":\"https:\/\/www.metrica-global.com\/#\/schema\/person\/78e8e629d9e5908167469b249f6f2cdc\"},\"headline\":\"METRICA LAB: Conclui-se um Ciclo de Est\u00e1gios de Sucesso\",\"datePublished\":\"2024-06-13T11:33:04+00:00\",\"dateModified\":\"2025-07-30T09:48:27+00:00\",\"mainEntityOfPage\":{\"@id\":\"https:\/\/www.metrica-global.com\/pt\/metricalab-culmina-un-ciclo-de-practicas-exitoso\/\"},\"wordCount\":343,\"commentCount\":0,\"publisher\":{\"@id\":\"https:\/\/www.metrica-global.com\/#organization\"},\"image\":{\"@id\":\"https:\/\/www.metrica-global.com\/pt\/metricalab-culmina-un-ciclo-de-practicas-exitoso\/#primaryimage\"},\"thumbnailUrl\":\"https:\/\/www.metrica-global.com\/wp-content\/uploads\/2024\/07\/BANNER-METRICALAB-2024-scaled-1.jpg\",\"keywords\":[\"\u00c1mbito Tecnol\u00f3gico\",\"Crecimiento Profesional\",\"Desarrollo Profesional\",\"Formaci\u00f3n\",\"Pr\u00e1cticas IT\",\"Pr\u00e1cticas Profesionales\",\"Sector IT\",\"Tecnolog\u00eda\"],\"articleSection\":[\"MetricaLab\"],\"inLanguage\":\"pt-PT\",\"potentialAction\":[{\"@type\":\"CommentAction\",\"name\":\"Comment\",\"target\":[\"https:\/\/www.metrica-global.com\/pt\/metricalab-culmina-un-ciclo-de-practicas-exitoso\/#respond\"]}]},{\"@type\":\"WebPage\",\"@id\":\"https:\/\/www.metrica-global.com\/pt\/metricalab-culmina-un-ciclo-de-practicas-exitoso\/\",\"url\":\"https:\/\/www.metrica-global.com\/pt\/metricalab-culmina-un-ciclo-de-practicas-exitoso\/\",\"name\":\"METRICA LAB: Conclui-se um Ciclo de Est\u00e1gios de Sucesso - METRICA\",\"isPartOf\":{\"@id\":\"https:\/\/www.metrica-global.com\/#website\"},\"primaryImageOfPage\":{\"@id\":\"https:\/\/www.metrica-global.com\/pt\/metricalab-culmina-un-ciclo-de-practicas-exitoso\/#primaryimage\"},\"image\":{\"@id\":\"https:\/\/www.metrica-global.com\/pt\/metricalab-culmina-un-ciclo-de-practicas-exitoso\/#primaryimage\"},\"thumbnailUrl\":\"https:\/\/www.metrica-global.com\/wp-content\/uploads\/2024\/07\/BANNER-METRICALAB-2024-scaled-1.jpg\",\"datePublished\":\"2024-06-13T11:33:04+00:00\",\"dateModified\":\"2025-07-30T09:48:27+00:00\",\"breadcrumb\":{\"@id\":\"https:\/\/www.metrica-global.com\/pt\/metricalab-culmina-un-ciclo-de-practicas-exitoso\/#breadcrumb\"},\"inLanguage\":\"pt-PT\",\"potentialAction\":[{\"@type\":\"ReadAction\",\"target\":[\"https:\/\/www.metrica-global.com\/pt\/metricalab-culmina-un-ciclo-de-practicas-exitoso\/\"]}]},{\"@type\":\"ImageObject\",\"inLanguage\":\"pt-PT\",\"@id\":\"https:\/\/www.metrica-global.com\/pt\/metricalab-culmina-un-ciclo-de-practicas-exitoso\/#primaryimage\",\"url\":\"https:\/\/www.metrica-global.com\/wp-content\/uploads\/2024\/07\/BANNER-METRICALAB-2024-scaled-1.jpg\",\"contentUrl\":\"https:\/\/www.metrica-global.com\/wp-content\/uploads\/2024\/07\/BANNER-METRICALAB-2024-scaled-1.jpg\",\"width\":2560,\"height\":1002,\"caption\":\"BANNER METRICALAB 2024 scaled 1\"},{\"@type\":\"BreadcrumbList\",\"@id\":\"https:\/\/www.metrica-global.com\/pt\/metricalab-culmina-un-ciclo-de-practicas-exitoso\/#breadcrumb\",\"itemListElement\":[{\"@type\":\"ListItem\",\"position\":1,\"name\":\"Portada\",\"item\":\"https:\/\/www.metrica-global.com\/pt\/\"},{\"@type\":\"ListItem\",\"position\":2,\"name\":\"METRICA LAB: Conclui-se um Ciclo de Est\u00e1gios de Sucesso\"}]},{\"@type\":\"WebSite\",\"@id\":\"https:\/\/www.metrica-global.com\/#website\",\"url\":\"https:\/\/www.metrica-global.com\/\",\"name\":\"METRICA\",\"description\":\"Servicios Globales IT\",\"publisher\":{\"@id\":\"https:\/\/www.metrica-global.com\/#organization\"},\"potentialAction\":[{\"@type\":\"SearchAction\",\"target\":{\"@type\":\"EntryPoint\",\"urlTemplate\":\"https:\/\/www.metrica-global.com\/?s={search_term_string}\"},\"query-input\":{\"@type\":\"PropertyValueSpecification\",\"valueRequired\":true,\"valueName\":\"search_term_string\"}}],\"inLanguage\":\"pt-PT\"},{\"@type\":\"Organization\",\"@id\":\"https:\/\/www.metrica-global.com\/#organization\",\"name\":\"METRICA\",\"url\":\"https:\/\/www.metrica-global.com\/\",\"logo\":{\"@type\":\"ImageObject\",\"inLanguage\":\"pt-PT\",\"@id\":\"https:\/\/www.metrica-global.com\/#\/schema\/logo\/image\/\",\"url\":\"https:\/\/www.metrica-global.com\/wp-content\/uploads\/2023\/12\/logo-metrica.png\",\"contentUrl\":\"https:\/\/www.metrica-global.com\/wp-content\/uploads\/2023\/12\/logo-metrica.png\",\"width\":332,\"height\":58,\"caption\":\"METRICA\"},\"image\":{\"@id\":\"https:\/\/www.metrica-global.com\/#\/schema\/logo\/image\/\"}},{\"@type\":\"Person\",\"@id\":\"https:\/\/www.metrica-global.com\/#\/schema\/person\/78e8e629d9e5908167469b249f6f2cdc\",\"name\":\"desarrollo\",\"image\":{\"@type\":\"ImageObject\",\"inLanguage\":\"pt-PT\",\"@id\":\"https:\/\/www.metrica-global.com\/#\/schema\/person\/image\/\",\"url\":\"https:\/\/secure.gravatar.com\/avatar\/d2653fb8f170e1382a31acc69dcf92e99545e6329805eb11d8a34443b058f3de?s=96&d=mm&r=g\",\"contentUrl\":\"https:\/\/secure.gravatar.com\/avatar\/d2653fb8f170e1382a31acc69dcf92e99545e6329805eb11d8a34443b058f3de?s=96&d=mm&r=g\",\"caption\":\"desarrollo\"},\"url\":\"https:\/\/www.metrica-global.com\/pt\/author\/desarrollo\/\"}]}<\/script>\n<!-- \/ Yoast SEO plugin. -->","yoast_head_json":{"title":"METRICA LAB: Conclui-se um Ciclo de Est\u00e1gios de Sucesso - METRICA","robots":{"index":"index","follow":"follow","max-snippet":"max-snippet:-1","max-image-preview":"max-image-preview:large","max-video-preview":"max-video-preview:-1"},"canonical":"https:\/\/www.metrica-global.com\/pt\/metricalab-culmina-un-ciclo-de-practicas-exitoso\/","og_locale":"pt_PT","og_type":"article","og_title":"METRICA LAB: Conclui-se um Ciclo de Est\u00e1gios de Sucesso - METRICA","og_description":"No METRICA LAB, celebramos o encerramento de um ciclo de est\u00e1gios que marcou um verdadeiro marco na forma\u00e7\u00e3o e desenvolvimento de futuros profissionais.","og_url":"https:\/\/www.metrica-global.com\/pt\/metricalab-culmina-un-ciclo-de-practicas-exitoso\/","og_site_name":"METRICA","article_published_time":"2024-06-13T11:33:04+00:00","article_modified_time":"2025-07-30T09:48:27+00:00","og_image":[{"width":2560,"height":1002,"url":"https:\/\/www.metrica-global.com\/wp-content\/uploads\/2024\/07\/BANNER-METRICALAB-2024-scaled-1.jpg","type":"image\/jpeg"}],"author":"desarrollo","twitter_card":"summary_large_image","twitter_misc":{"Written by":"desarrollo","Est. reading time":"2 minutos"},"schema":{"@context":"https:\/\/schema.org","@graph":[{"@type":"Article","@id":"https:\/\/www.metrica-global.com\/pt\/metricalab-culmina-un-ciclo-de-practicas-exitoso\/#article","isPartOf":{"@id":"https:\/\/www.metrica-global.com\/pt\/metricalab-culmina-un-ciclo-de-practicas-exitoso\/"},"author":{"name":"desarrollo","@id":"https:\/\/www.metrica-global.com\/#\/schema\/person\/78e8e629d9e5908167469b249f6f2cdc"},"headline":"METRICA LAB: Conclui-se um Ciclo de Est\u00e1gios de Sucesso","datePublished":"2024-06-13T11:33:04+00:00","dateModified":"2025-07-30T09:48:27+00:00","mainEntityOfPage":{"@id":"https:\/\/www.metrica-global.com\/pt\/metricalab-culmina-un-ciclo-de-practicas-exitoso\/"},"wordCount":343,"commentCount":0,"publisher":{"@id":"https:\/\/www.metrica-global.com\/#organization"},"image":{"@id":"https:\/\/www.metrica-global.com\/pt\/metricalab-culmina-un-ciclo-de-practicas-exitoso\/#primaryimage"},"thumbnailUrl":"https:\/\/www.metrica-global.com\/wp-content\/uploads\/2024\/07\/BANNER-METRICALAB-2024-scaled-1.jpg","keywords":["\u00c1mbito Tecnol\u00f3gico","Crecimiento Profesional","Desarrollo Profesional","Formaci\u00f3n","Pr\u00e1cticas IT","Pr\u00e1cticas Profesionales","Sector IT","Tecnolog\u00eda"],"articleSection":["MetricaLab"],"inLanguage":"pt-PT","potentialAction":[{"@type":"CommentAction","name":"Comment","target":["https:\/\/www.metrica-global.com\/pt\/metricalab-culmina-un-ciclo-de-practicas-exitoso\/#respond"]}]},{"@type":"WebPage","@id":"https:\/\/www.metrica-global.com\/pt\/metricalab-culmina-un-ciclo-de-practicas-exitoso\/","url":"https:\/\/www.metrica-global.com\/pt\/metricalab-culmina-un-ciclo-de-practicas-exitoso\/","name":"METRICA LAB: Conclui-se um Ciclo de Est\u00e1gios de Sucesso - METRICA","isPartOf":{"@id":"https:\/\/www.metrica-global.com\/#website"},"primaryImageOfPage":{"@id":"https:\/\/www.metrica-global.com\/pt\/metricalab-culmina-un-ciclo-de-practicas-exitoso\/#primaryimage"},"image":{"@id":"https:\/\/www.metrica-global.com\/pt\/metricalab-culmina-un-ciclo-de-practicas-exitoso\/#primaryimage"},"thumbnailUrl":"https:\/\/www.metrica-global.com\/wp-content\/uploads\/2024\/07\/BANNER-METRICALAB-2024-scaled-1.jpg","datePublished":"2024-06-13T11:33:04+00:00","dateModified":"2025-07-30T09:48:27+00:00","breadcrumb":{"@id":"https:\/\/www.metrica-global.com\/pt\/metricalab-culmina-un-ciclo-de-practicas-exitoso\/#breadcrumb"},"inLanguage":"pt-PT","potentialAction":[{"@type":"ReadAction","target":["https:\/\/www.metrica-global.com\/pt\/metricalab-culmina-un-ciclo-de-practicas-exitoso\/"]}]},{"@type":"ImageObject","inLanguage":"pt-PT","@id":"https:\/\/www.metrica-global.com\/pt\/metricalab-culmina-un-ciclo-de-practicas-exitoso\/#primaryimage","url":"https:\/\/www.metrica-global.com\/wp-content\/uploads\/2024\/07\/BANNER-METRICALAB-2024-scaled-1.jpg","contentUrl":"https:\/\/www.metrica-global.com\/wp-content\/uploads\/2024\/07\/BANNER-METRICALAB-2024-scaled-1.jpg","width":2560,"height":1002,"caption":"BANNER METRICALAB 2024 scaled 1"},{"@type":"BreadcrumbList","@id":"https:\/\/www.metrica-global.com\/pt\/metricalab-culmina-un-ciclo-de-practicas-exitoso\/#breadcrumb","itemListElement":[{"@type":"ListItem","position":1,"name":"Portada","item":"https:\/\/www.metrica-global.com\/pt\/"},{"@type":"ListItem","position":2,"name":"METRICA LAB: Conclui-se um Ciclo de Est\u00e1gios de Sucesso"}]},{"@type":"WebSite","@id":"https:\/\/www.metrica-global.com\/#website","url":"https:\/\/www.metrica-global.com\/","name":"METRICA","description":"Servicios Globales IT","publisher":{"@id":"https:\/\/www.metrica-global.com\/#organization"},"potentialAction":[{"@type":"SearchAction","target":{"@type":"EntryPoint","urlTemplate":"https:\/\/www.metrica-global.com\/?s={search_term_string}"},"query-input":{"@type":"PropertyValueSpecification","valueRequired":true,"valueName":"search_term_string"}}],"inLanguage":"pt-PT"},{"@type":"Organization","@id":"https:\/\/www.metrica-global.com\/#organization","name":"METRICA","url":"https:\/\/www.metrica-global.com\/","logo":{"@type":"ImageObject","inLanguage":"pt-PT","@id":"https:\/\/www.metrica-global.com\/#\/schema\/logo\/image\/","url":"https:\/\/www.metrica-global.com\/wp-content\/uploads\/2023\/12\/logo-metrica.png","contentUrl":"https:\/\/www.metrica-global.com\/wp-content\/uploads\/2023\/12\/logo-metrica.png","width":332,"height":58,"caption":"METRICA"},"image":{"@id":"https:\/\/www.metrica-global.com\/#\/schema\/logo\/image\/"}},{"@type":"Person","@id":"https:\/\/www.metrica-global.com\/#\/schema\/person\/78e8e629d9e5908167469b249f6f2cdc","name":"desarrollo","image":{"@type":"ImageObject","inLanguage":"pt-PT","@id":"https:\/\/www.metrica-global.com\/#\/schema\/person\/image\/","url":"https:\/\/secure.gravatar.com\/avatar\/d2653fb8f170e1382a31acc69dcf92e99545e6329805eb11d8a34443b058f3de?s=96&d=mm&r=g","contentUrl":"https:\/\/secure.gravatar.com\/avatar\/d2653fb8f170e1382a31acc69dcf92e99545e6329805eb11d8a34443b058f3de?s=96&d=mm&r=g","caption":"desarrollo"},"url":"https:\/\/www.metrica-global.com\/pt\/author\/desarrollo\/"}]}},"_links":{"self":[{"href":"https:\/\/www.metrica-global.com\/pt\/wp-json\/wp\/v2\/posts\/7502","targetHints":{"allow":["GET"]}}],"collection":[{"href":"https:\/\/www.metrica-global.com\/pt\/wp-json\/wp\/v2\/posts"}],"about":[{"href":"https:\/\/www.metrica-global.com\/pt\/wp-json\/wp\/v2\/types\/post"}],"author":[{"embeddable":true,"href":"https:\/\/www.metrica-global.com\/pt\/wp-json\/wp\/v2\/users\/1"}],"replies":[{"embeddable":true,"href":"https:\/\/www.metrica-global.com\/pt\/wp-json\/wp\/v2\/comments?post=7502"}],"version-history":[{"count":3,"href":"https:\/\/www.metrica-global.com\/pt\/wp-json\/wp\/v2\/posts\/7502\/revisions"}],"predecessor-version":[{"id":12476,"href":"https:\/\/www.metrica-global.com\/pt\/wp-json\/wp\/v2\/posts\/7502\/revisions\/12476"}],"wp:featuredmedia":[{"embeddable":true,"href":"https:\/\/www.metrica-global.com\/pt\/wp-json\/wp\/v2\/media\/7503"}],"wp:attachment":[{"href":"https:\/\/www.metrica-global.com\/pt\/wp-json\/wp\/v2\/media?parent=7502"}],"wp:term":[{"taxonomy":"category","embeddable":true,"href":"https:\/\/www.metrica-global.com\/pt\/wp-json\/wp\/v2\/categories?post=7502"},{"taxonomy":"post_tag","embeddable":true,"href":"https:\/\/www.metrica-global.com\/pt\/wp-json\/wp\/v2\/tags?post=7502"}],"curies":[{"name":"wp","href":"https:\/\/api.w.org\/{rel}","templated":true}]}}