{"id":7539,"date":"2025-03-05T17:30:00","date_gmt":"2025-03-05T16:30:00","guid":{"rendered":"https:\/\/www.metrica-global.com\/5-consejos-sobre-eficiencia-energetica\/"},"modified":"2025-07-30T11:43:47","modified_gmt":"2025-07-30T09:43:47","slug":"5-consejos-sobre-eficiencia-energetica","status":"publish","type":"post","link":"https:\/\/www.metrica-global.com\/pt\/5-consejos-sobre-eficiencia-energetica\/","title":{"rendered":"5 Dicas sobre Efici\u00eancia Energ\u00e9tica"},"content":{"rendered":"\r\n<p data-start=\"298\" data-end=\"630\">A efici\u00eancia energ\u00e9tica \u00e9 um pilar fundamental na constru\u00e7\u00e3o de um futuro mais sustent\u00e1vel. Na M\u00c9TRICA, acreditamos que a tecnologia e a sustentabilidade devem caminhar lado a lado. Por isso, no Dia Mundial da Efici\u00eancia Energ\u00e9tica, partilhamos contigo algumas estrat\u00e9gias essenciais para melhorares o teu consumo energ\u00e9tico di\u00e1rio.<\/p>\r\n<p data-start=\"632\" data-end=\"930\">Nas nossas redes sociais, temos destacado a import\u00e2ncia de adotar h\u00e1bitos respons\u00e1veis que contribuam para a redu\u00e7\u00e3o do impacto ambiental e dos custos energ\u00e9ticos. Neste artigo, aprofundamos cinco a\u00e7\u00f5es concretas que podem fazer a diferen\u00e7a na efici\u00eancia energ\u00e9tica, tanto em casa como no trabalho.<\/p>\r\n<p data-start=\"932\" data-end=\"981\"><strong data-start=\"932\" data-end=\"981\">5 Dicas para Melhorar a Efici\u00eancia Energ\u00e9tica<\/strong><\/p>\r\n<p data-start=\"983\" data-end=\"1305\">\ud83c\udf11 <strong data-start=\"986\" data-end=\"1031\">Ativa o Modo Escuro nos teus Dispositivos<\/strong><br data-start=\"1031\" data-end=\"1034\" \/>O modo escuro em ecr\u00e3s OLED permite poupar at\u00e9 30% de energia, pois os p\u00edxeis pretos permanecem desligados. Isto n\u00e3o s\u00f3 aumenta a autonomia da bateria em dispositivos m\u00f3veis e port\u00e1teis, como tamb\u00e9m reduz a frequ\u00eancia das recargas e, consequentemente, o consumo el\u00e9trico.<\/p>\r\n<p data-start=\"1307\" data-end=\"1654\">\ud83d\udcf6 <strong data-start=\"1310\" data-end=\"1370\">Tira Partido da Rede 5G para um Menor Consumo Energ\u00e9tico<\/strong><br data-start=\"1370\" data-end=\"1373\" \/>A conectividade 5G \u00e9 at\u00e9 90% mais eficiente em termos de consumo energ\u00e9tico por bit transmitido, comparativamente a redes anteriores. A sua menor lat\u00eancia e maior velocidade permitem otimizar processos digitais, diminuindo a carga nos servidores e os custos energ\u00e9ticos associados.<\/p>\r\n<p data-start=\"1656\" data-end=\"1957\">\u2601\ufe0f <strong data-start=\"1659\" data-end=\"1709\">Mant\u00e9m o teu Armazenamento na Nuvem Organizado<\/strong><br data-start=\"1709\" data-end=\"1712\" \/>Cada ficheiro desnecess\u00e1rio armazenado na nuvem ocupa espa\u00e7o em servidores que consomem grandes quantidades de energia. Manter o teu armazenamento digital otimizado ajuda a evitar sobrecargas nos centros de dados e reduz o seu impacto ambiental.<\/p>\r\n<p data-start=\"1959\" data-end=\"2296\">\ud83d\udca1 <strong data-start=\"1962\" data-end=\"2015\">Utiliza Ilumina\u00e7\u00e3o Inteligente e de Baixo Consumo<\/strong><br data-start=\"2015\" data-end=\"2018\" \/>O uso de l\u00e2mpadas LED e de sistemas de ilumina\u00e7\u00e3o adaptativos \u00e0 luz natural permite reduzir significativamente o gasto el\u00e9trico. As l\u00e2mpadas LED, por exemplo, consomem at\u00e9 80% menos energia do que as tradicionais e t\u00eam uma durabilidade superior, gerando poupan\u00e7as a longo prazo.<\/p>\r\n<p data-start=\"2298\" data-end=\"2545\">\ud83c\udf21\ufe0f <strong data-start=\"2302\" data-end=\"2352\">Otimiza a Aquecimento com um Sistema Eficiente<\/strong><br data-start=\"2352\" data-end=\"2355\" \/>Manter a temperatura entre os 20 e os 24\u202f\u00b0C com um sistema de aquecimento eficiente e ajust\u00e1vel evita desperd\u00edcios de energia, garantindo um ambiente confort\u00e1vel com menor impacto ambiental.<\/p>\r\n<p data-start=\"2547\" data-end=\"2888\"><strong data-start=\"2547\" data-end=\"2593\">O Nosso Compromisso com a Sustentabilidade<\/strong><br data-start=\"2593\" data-end=\"2596\" \/>Na M\u00c9TRICA, promovemos solu\u00e7\u00f5es tecnol\u00f3gicas que favorecem a efici\u00eancia energ\u00e9tica e a redu\u00e7\u00e3o do consumo el\u00e9trico. Pequenas a\u00e7\u00f5es podem gerar grandes transforma\u00e7\u00f5es, e cada decis\u00e3o que tomamos \u2014 no ambiente pessoal ou profissional \u2014 contribui para a constru\u00e7\u00e3o de um futuro mais sustent\u00e1vel.<\/p>\r\n<p data-start=\"2890\" data-end=\"3027\">\ud83d\udce2 Junta-te ao movimento pela efici\u00eancia energ\u00e9tica e p\u00f5e estas dicas em pr\u00e1tica. O planeta \u2014 e a tua fatura da luz \u2014 v\u00e3o agradecer! \ud83d\ude80\ud83c\udf31<\/p>\r\n","protected":false},"excerpt":{"rendered":"<p>No Dia Mundial da Efici\u00eancia Energ\u00e9tica, queremos partilhar algumas estrat\u00e9gias-chave para otimizar o consumo de energia no dia a dia, tanto a n\u00edvel pessoal como profissional.<\/p>\n","protected":false},"author":1,"featured_media":7540,"comment_status":"open","ping_status":"open","sticky":false,"template":"","format":"standard","meta":{"content-type":"","footnotes":""},"categories":[1836],"tags":[1837,1223,1838,1393,1839,1840,1841,1581,1842,1173,1252,1231,1843],"class_list":["post-7539","post","type-post","status-publish","format-standard","has-post-thumbnail","hentry","category-sustainability-pt","tag-5g-pt","tag-ambito-tecnologico-pt","tag-bajo-consumo-pt","tag-consejos-pt","tag-consumo-energetico-pt","tag-eficiencia-energetica-pt","tag-iluminacion-pt","tag-medio-ambiente-pt","tag-modo-oscuro-pt","tag-sector-it-pt","tag-sostenibilidad-pt","tag-tecnologia-pt","tag-tecnologia-5g-pt"],"yoast_head":"<!-- This site is optimized with the Yoast SEO plugin v25.9 - https:\/\/yoast.com\/wordpress\/plugins\/seo\/ -->\n<title>5 Dicas sobre Efici\u00eancia Energ\u00e9tica - METRICA<\/title>\n<meta name=\"robots\" content=\"index, follow, max-snippet:-1, max-image-preview:large, max-video-preview:-1\" \/>\n<link rel=\"canonical\" href=\"https:\/\/www.metrica-global.com\/pt\/5-consejos-sobre-eficiencia-energetica\/\" \/>\n<meta property=\"og:locale\" content=\"pt_PT\" \/>\n<meta property=\"og:type\" content=\"article\" \/>\n<meta property=\"og:title\" content=\"5 Dicas sobre Efici\u00eancia Energ\u00e9tica - METRICA\" \/>\n<meta property=\"og:description\" content=\"No Dia Mundial da Efici\u00eancia Energ\u00e9tica, queremos partilhar algumas estrat\u00e9gias-chave para otimizar o consumo de energia no dia a dia, tanto a n\u00edvel pessoal como profissional.\" \/>\n<meta property=\"og:url\" content=\"https:\/\/www.metrica-global.com\/pt\/5-consejos-sobre-eficiencia-energetica\/\" \/>\n<meta property=\"og:site_name\" content=\"METRICA\" \/>\n<meta property=\"article:published_time\" content=\"2025-03-05T16:30:00+00:00\" \/>\n<meta property=\"article:modified_time\" content=\"2025-07-30T09:43:47+00:00\" \/>\n<meta property=\"og:image\" content=\"https:\/\/www.metrica-global.com\/wp-content\/uploads\/2025\/03\/BANNER-EFICIENCIA-scaled-1.jpg\" \/>\n\t<meta property=\"og:image:width\" content=\"2560\" \/>\n\t<meta property=\"og:image:height\" content=\"901\" \/>\n\t<meta property=\"og:image:type\" content=\"image\/jpeg\" \/>\n<meta name=\"author\" content=\"desarrollo\" \/>\n<meta name=\"twitter:card\" content=\"summary_large_image\" \/>\n<meta name=\"twitter:label1\" content=\"Written by\" \/>\n\t<meta name=\"twitter:data1\" content=\"desarrollo\" \/>\n\t<meta name=\"twitter:label2\" content=\"Est. reading time\" \/>\n\t<meta name=\"twitter:data2\" content=\"3 minutos\" \/>\n<script type=\"application\/ld+json\" class=\"yoast-schema-graph\">{\"@context\":\"https:\/\/schema.org\",\"@graph\":[{\"@type\":\"Article\",\"@id\":\"https:\/\/www.metrica-global.com\/pt\/5-consejos-sobre-eficiencia-energetica\/#article\",\"isPartOf\":{\"@id\":\"https:\/\/www.metrica-global.com\/pt\/5-consejos-sobre-eficiencia-energetica\/\"},\"author\":{\"name\":\"desarrollo\",\"@id\":\"https:\/\/www.metrica-global.com\/#\/schema\/person\/78e8e629d9e5908167469b249f6f2cdc\"},\"headline\":\"5 Dicas sobre Efici\u00eancia Energ\u00e9tica\",\"datePublished\":\"2025-03-05T16:30:00+00:00\",\"dateModified\":\"2025-07-30T09:43:47+00:00\",\"mainEntityOfPage\":{\"@id\":\"https:\/\/www.metrica-global.com\/pt\/5-consejos-sobre-eficiencia-energetica\/\"},\"wordCount\":460,\"commentCount\":0,\"publisher\":{\"@id\":\"https:\/\/www.metrica-global.com\/#organization\"},\"image\":{\"@id\":\"https:\/\/www.metrica-global.com\/pt\/5-consejos-sobre-eficiencia-energetica\/#primaryimage\"},\"thumbnailUrl\":\"https:\/\/www.metrica-global.com\/wp-content\/uploads\/2025\/03\/BANNER-EFICIENCIA-scaled-1.jpg\",\"keywords\":[\"5G\",\"\u00c1mbito Tecnol\u00f3gico\",\"Bajo consumo\",\"Consejos\",\"Consumo energetico\",\"Eficiencia energetica\",\"Iluminaci\u00f3n\",\"Medio Ambiente\",\"Modo Oscuro\",\"Sector IT\",\"Sostenibilidad\",\"Tecnolog\u00eda\",\"Tecnolog\u00eda 5G\"],\"articleSection\":[\"Sustainability\"],\"inLanguage\":\"pt-PT\",\"potentialAction\":[{\"@type\":\"CommentAction\",\"name\":\"Comment\",\"target\":[\"https:\/\/www.metrica-global.com\/pt\/5-consejos-sobre-eficiencia-energetica\/#respond\"]}]},{\"@type\":\"WebPage\",\"@id\":\"https:\/\/www.metrica-global.com\/pt\/5-consejos-sobre-eficiencia-energetica\/\",\"url\":\"https:\/\/www.metrica-global.com\/pt\/5-consejos-sobre-eficiencia-energetica\/\",\"name\":\"5 Dicas sobre Efici\u00eancia Energ\u00e9tica - METRICA\",\"isPartOf\":{\"@id\":\"https:\/\/www.metrica-global.com\/#website\"},\"primaryImageOfPage\":{\"@id\":\"https:\/\/www.metrica-global.com\/pt\/5-consejos-sobre-eficiencia-energetica\/#primaryimage\"},\"image\":{\"@id\":\"https:\/\/www.metrica-global.com\/pt\/5-consejos-sobre-eficiencia-energetica\/#primaryimage\"},\"thumbnailUrl\":\"https:\/\/www.metrica-global.com\/wp-content\/uploads\/2025\/03\/BANNER-EFICIENCIA-scaled-1.jpg\",\"datePublished\":\"2025-03-05T16:30:00+00:00\",\"dateModified\":\"2025-07-30T09:43:47+00:00\",\"breadcrumb\":{\"@id\":\"https:\/\/www.metrica-global.com\/pt\/5-consejos-sobre-eficiencia-energetica\/#breadcrumb\"},\"inLanguage\":\"pt-PT\",\"potentialAction\":[{\"@type\":\"ReadAction\",\"target\":[\"https:\/\/www.metrica-global.com\/pt\/5-consejos-sobre-eficiencia-energetica\/\"]}]},{\"@type\":\"ImageObject\",\"inLanguage\":\"pt-PT\",\"@id\":\"https:\/\/www.metrica-global.com\/pt\/5-consejos-sobre-eficiencia-energetica\/#primaryimage\",\"url\":\"https:\/\/www.metrica-global.com\/wp-content\/uploads\/2025\/03\/BANNER-EFICIENCIA-scaled-1.jpg\",\"contentUrl\":\"https:\/\/www.metrica-global.com\/wp-content\/uploads\/2025\/03\/BANNER-EFICIENCIA-scaled-1.jpg\",\"width\":2560,\"height\":901,\"caption\":\"BANNER EFICIENCIA scaled 1\"},{\"@type\":\"BreadcrumbList\",\"@id\":\"https:\/\/www.metrica-global.com\/pt\/5-consejos-sobre-eficiencia-energetica\/#breadcrumb\",\"itemListElement\":[{\"@type\":\"ListItem\",\"position\":1,\"name\":\"Portada\",\"item\":\"https:\/\/www.metrica-global.com\/pt\/\"},{\"@type\":\"ListItem\",\"position\":2,\"name\":\"5 Dicas sobre Efici\u00eancia Energ\u00e9tica\"}]},{\"@type\":\"WebSite\",\"@id\":\"https:\/\/www.metrica-global.com\/#website\",\"url\":\"https:\/\/www.metrica-global.com\/\",\"name\":\"METRICA\",\"description\":\"Servicios Globales IT\",\"publisher\":{\"@id\":\"https:\/\/www.metrica-global.com\/#organization\"},\"potentialAction\":[{\"@type\":\"SearchAction\",\"target\":{\"@type\":\"EntryPoint\",\"urlTemplate\":\"https:\/\/www.metrica-global.com\/?s={search_term_string}\"},\"query-input\":{\"@type\":\"PropertyValueSpecification\",\"valueRequired\":true,\"valueName\":\"search_term_string\"}}],\"inLanguage\":\"pt-PT\"},{\"@type\":\"Organization\",\"@id\":\"https:\/\/www.metrica-global.com\/#organization\",\"name\":\"METRICA\",\"url\":\"https:\/\/www.metrica-global.com\/\",\"logo\":{\"@type\":\"ImageObject\",\"inLanguage\":\"pt-PT\",\"@id\":\"https:\/\/www.metrica-global.com\/#\/schema\/logo\/image\/\",\"url\":\"https:\/\/www.metrica-global.com\/wp-content\/uploads\/2023\/12\/logo-metrica.png\",\"contentUrl\":\"https:\/\/www.metrica-global.com\/wp-content\/uploads\/2023\/12\/logo-metrica.png\",\"width\":332,\"height\":58,\"caption\":\"METRICA\"},\"image\":{\"@id\":\"https:\/\/www.metrica-global.com\/#\/schema\/logo\/image\/\"}},{\"@type\":\"Person\",\"@id\":\"https:\/\/www.metrica-global.com\/#\/schema\/person\/78e8e629d9e5908167469b249f6f2cdc\",\"name\":\"desarrollo\",\"image\":{\"@type\":\"ImageObject\",\"inLanguage\":\"pt-PT\",\"@id\":\"https:\/\/www.metrica-global.com\/#\/schema\/person\/image\/\",\"url\":\"https:\/\/secure.gravatar.com\/avatar\/d2653fb8f170e1382a31acc69dcf92e99545e6329805eb11d8a34443b058f3de?s=96&d=mm&r=g\",\"contentUrl\":\"https:\/\/secure.gravatar.com\/avatar\/d2653fb8f170e1382a31acc69dcf92e99545e6329805eb11d8a34443b058f3de?s=96&d=mm&r=g\",\"caption\":\"desarrollo\"},\"url\":\"https:\/\/www.metrica-global.com\/pt\/author\/desarrollo\/\"}]}<\/script>\n<!-- \/ Yoast SEO plugin. -->","yoast_head_json":{"title":"5 Dicas sobre Efici\u00eancia Energ\u00e9tica - METRICA","robots":{"index":"index","follow":"follow","max-snippet":"max-snippet:-1","max-image-preview":"max-image-preview:large","max-video-preview":"max-video-preview:-1"},"canonical":"https:\/\/www.metrica-global.com\/pt\/5-consejos-sobre-eficiencia-energetica\/","og_locale":"pt_PT","og_type":"article","og_title":"5 Dicas sobre Efici\u00eancia Energ\u00e9tica - METRICA","og_description":"No Dia Mundial da Efici\u00eancia Energ\u00e9tica, queremos partilhar algumas estrat\u00e9gias-chave para otimizar o consumo de energia no dia a dia, tanto a n\u00edvel pessoal como profissional.","og_url":"https:\/\/www.metrica-global.com\/pt\/5-consejos-sobre-eficiencia-energetica\/","og_site_name":"METRICA","article_published_time":"2025-03-05T16:30:00+00:00","article_modified_time":"2025-07-30T09:43:47+00:00","og_image":[{"width":2560,"height":901,"url":"https:\/\/www.metrica-global.com\/wp-content\/uploads\/2025\/03\/BANNER-EFICIENCIA-scaled-1.jpg","type":"image\/jpeg"}],"author":"desarrollo","twitter_card":"summary_large_image","twitter_misc":{"Written by":"desarrollo","Est. reading time":"3 minutos"},"schema":{"@context":"https:\/\/schema.org","@graph":[{"@type":"Article","@id":"https:\/\/www.metrica-global.com\/pt\/5-consejos-sobre-eficiencia-energetica\/#article","isPartOf":{"@id":"https:\/\/www.metrica-global.com\/pt\/5-consejos-sobre-eficiencia-energetica\/"},"author":{"name":"desarrollo","@id":"https:\/\/www.metrica-global.com\/#\/schema\/person\/78e8e629d9e5908167469b249f6f2cdc"},"headline":"5 Dicas sobre Efici\u00eancia Energ\u00e9tica","datePublished":"2025-03-05T16:30:00+00:00","dateModified":"2025-07-30T09:43:47+00:00","mainEntityOfPage":{"@id":"https:\/\/www.metrica-global.com\/pt\/5-consejos-sobre-eficiencia-energetica\/"},"wordCount":460,"commentCount":0,"publisher":{"@id":"https:\/\/www.metrica-global.com\/#organization"},"image":{"@id":"https:\/\/www.metrica-global.com\/pt\/5-consejos-sobre-eficiencia-energetica\/#primaryimage"},"thumbnailUrl":"https:\/\/www.metrica-global.com\/wp-content\/uploads\/2025\/03\/BANNER-EFICIENCIA-scaled-1.jpg","keywords":["5G","\u00c1mbito Tecnol\u00f3gico","Bajo consumo","Consejos","Consumo energetico","Eficiencia energetica","Iluminaci\u00f3n","Medio Ambiente","Modo Oscuro","Sector IT","Sostenibilidad","Tecnolog\u00eda","Tecnolog\u00eda 5G"],"articleSection":["Sustainability"],"inLanguage":"pt-PT","potentialAction":[{"@type":"CommentAction","name":"Comment","target":["https:\/\/www.metrica-global.com\/pt\/5-consejos-sobre-eficiencia-energetica\/#respond"]}]},{"@type":"WebPage","@id":"https:\/\/www.metrica-global.com\/pt\/5-consejos-sobre-eficiencia-energetica\/","url":"https:\/\/www.metrica-global.com\/pt\/5-consejos-sobre-eficiencia-energetica\/","name":"5 Dicas sobre Efici\u00eancia Energ\u00e9tica - METRICA","isPartOf":{"@id":"https:\/\/www.metrica-global.com\/#website"},"primaryImageOfPage":{"@id":"https:\/\/www.metrica-global.com\/pt\/5-consejos-sobre-eficiencia-energetica\/#primaryimage"},"image":{"@id":"https:\/\/www.metrica-global.com\/pt\/5-consejos-sobre-eficiencia-energetica\/#primaryimage"},"thumbnailUrl":"https:\/\/www.metrica-global.com\/wp-content\/uploads\/2025\/03\/BANNER-EFICIENCIA-scaled-1.jpg","datePublished":"2025-03-05T16:30:00+00:00","dateModified":"2025-07-30T09:43:47+00:00","breadcrumb":{"@id":"https:\/\/www.metrica-global.com\/pt\/5-consejos-sobre-eficiencia-energetica\/#breadcrumb"},"inLanguage":"pt-PT","potentialAction":[{"@type":"ReadAction","target":["https:\/\/www.metrica-global.com\/pt\/5-consejos-sobre-eficiencia-energetica\/"]}]},{"@type":"ImageObject","inLanguage":"pt-PT","@id":"https:\/\/www.metrica-global.com\/pt\/5-consejos-sobre-eficiencia-energetica\/#primaryimage","url":"https:\/\/www.metrica-global.com\/wp-content\/uploads\/2025\/03\/BANNER-EFICIENCIA-scaled-1.jpg","contentUrl":"https:\/\/www.metrica-global.com\/wp-content\/uploads\/2025\/03\/BANNER-EFICIENCIA-scaled-1.jpg","width":2560,"height":901,"caption":"BANNER EFICIENCIA scaled 1"},{"@type":"BreadcrumbList","@id":"https:\/\/www.metrica-global.com\/pt\/5-consejos-sobre-eficiencia-energetica\/#breadcrumb","itemListElement":[{"@type":"ListItem","position":1,"name":"Portada","item":"https:\/\/www.metrica-global.com\/pt\/"},{"@type":"ListItem","position":2,"name":"5 Dicas sobre Efici\u00eancia Energ\u00e9tica"}]},{"@type":"WebSite","@id":"https:\/\/www.metrica-global.com\/#website","url":"https:\/\/www.metrica-global.com\/","name":"METRICA","description":"Servicios Globales IT","publisher":{"@id":"https:\/\/www.metrica-global.com\/#organization"},"potentialAction":[{"@type":"SearchAction","target":{"@type":"EntryPoint","urlTemplate":"https:\/\/www.metrica-global.com\/?s={search_term_string}"},"query-input":{"@type":"PropertyValueSpecification","valueRequired":true,"valueName":"search_term_string"}}],"inLanguage":"pt-PT"},{"@type":"Organization","@id":"https:\/\/www.metrica-global.com\/#organization","name":"METRICA","url":"https:\/\/www.metrica-global.com\/","logo":{"@type":"ImageObject","inLanguage":"pt-PT","@id":"https:\/\/www.metrica-global.com\/#\/schema\/logo\/image\/","url":"https:\/\/www.metrica-global.com\/wp-content\/uploads\/2023\/12\/logo-metrica.png","contentUrl":"https:\/\/www.metrica-global.com\/wp-content\/uploads\/2023\/12\/logo-metrica.png","width":332,"height":58,"caption":"METRICA"},"image":{"@id":"https:\/\/www.metrica-global.com\/#\/schema\/logo\/image\/"}},{"@type":"Person","@id":"https:\/\/www.metrica-global.com\/#\/schema\/person\/78e8e629d9e5908167469b249f6f2cdc","name":"desarrollo","image":{"@type":"ImageObject","inLanguage":"pt-PT","@id":"https:\/\/www.metrica-global.com\/#\/schema\/person\/image\/","url":"https:\/\/secure.gravatar.com\/avatar\/d2653fb8f170e1382a31acc69dcf92e99545e6329805eb11d8a34443b058f3de?s=96&d=mm&r=g","contentUrl":"https:\/\/secure.gravatar.com\/avatar\/d2653fb8f170e1382a31acc69dcf92e99545e6329805eb11d8a34443b058f3de?s=96&d=mm&r=g","caption":"desarrollo"},"url":"https:\/\/www.metrica-global.com\/pt\/author\/desarrollo\/"}]}},"_links":{"self":[{"href":"https:\/\/www.metrica-global.com\/pt\/wp-json\/wp\/v2\/posts\/7539","targetHints":{"allow":["GET"]}}],"collection":[{"href":"https:\/\/www.metrica-global.com\/pt\/wp-json\/wp\/v2\/posts"}],"about":[{"href":"https:\/\/www.metrica-global.com\/pt\/wp-json\/wp\/v2\/types\/post"}],"author":[{"embeddable":true,"href":"https:\/\/www.metrica-global.com\/pt\/wp-json\/wp\/v2\/users\/1"}],"replies":[{"embeddable":true,"href":"https:\/\/www.metrica-global.com\/pt\/wp-json\/wp\/v2\/comments?post=7539"}],"version-history":[{"count":2,"href":"https:\/\/www.metrica-global.com\/pt\/wp-json\/wp\/v2\/posts\/7539\/revisions"}],"predecessor-version":[{"id":12538,"href":"https:\/\/www.metrica-global.com\/pt\/wp-json\/wp\/v2\/posts\/7539\/revisions\/12538"}],"wp:featuredmedia":[{"embeddable":true,"href":"https:\/\/www.metrica-global.com\/pt\/wp-json\/wp\/v2\/media\/7540"}],"wp:attachment":[{"href":"https:\/\/www.metrica-global.com\/pt\/wp-json\/wp\/v2\/media?parent=7539"}],"wp:term":[{"taxonomy":"category","embeddable":true,"href":"https:\/\/www.metrica-global.com\/pt\/wp-json\/wp\/v2\/categories?post=7539"},{"taxonomy":"post_tag","embeddable":true,"href":"https:\/\/www.metrica-global.com\/pt\/wp-json\/wp\/v2\/tags?post=7539"}],"curies":[{"name":"wp","href":"https:\/\/api.w.org\/{rel}","templated":true}]}}