{"id":7545,"date":"2025-02-25T17:30:00","date_gmt":"2025-02-25T16:30:00","guid":{"rendered":"https:\/\/www.metrica-global.com\/reforzamos-nuestro-compromiso-con-la-etica-y-la-sostenibilidad\/"},"modified":"2025-07-30T11:38:24","modified_gmt":"2025-07-30T09:38:24","slug":"reforzamos-nuestro-compromiso-con-la-etica-y-la-sostenibilidad","status":"publish","type":"post","link":"https:\/\/www.metrica-global.com\/pt\/reforzamos-nuestro-compromiso-con-la-etica-y-la-sostenibilidad\/","title":{"rendered":"Refor\u00e7amos o nosso compromisso com a \u00e9tica e a sustentabilidade"},"content":{"rendered":"\r\n<p data-start=\"265\" data-end=\"706\">Na <strong data-start=\"268\" data-end=\"279\">METRICA<\/strong>, acreditamos que a sustentabilidade empresarial \u00e9 essencial para construir um futuro mais respons\u00e1vel. \u00c9 com grande satisfa\u00e7\u00e3o que anunciamos que <strong data-start=\"426\" data-end=\"468\">renov\u00e1mos o selo EcoVadis n\u00edvel Bronze<\/strong> \u2014 uma certifica\u00e7\u00e3o <strong data-start=\"488\" data-end=\"543\">alcan\u00e7ada a partir da nossa sede central em Espanha<\/strong> \u2014 com uma melhoria significativa face ao ano anterior. Este reconhecimento coloca-nos entre os 35% das empresas com melhor avalia\u00e7\u00e3o a n\u00edvel global pela EcoVadis.<\/p>\r\n<h3 data-start=\"708\" data-end=\"755\">O que \u00e9 a EcoVadis e qual a sua relev\u00e2ncia?<\/h3>\r\n<p data-start=\"757\" data-end=\"1094\">A <strong data-start=\"759\" data-end=\"771\">EcoVadis<\/strong> \u00e9 uma plataforma internacional de refer\u00eancia na avalia\u00e7\u00e3o de desempenho em <strong data-start=\"847\" data-end=\"879\">sustentabilidade empresarial<\/strong>, abrangendo crit\u00e9rios ambientais, sociais e de governa\u00e7\u00e3o (ESG). Obter uma pontua\u00e7\u00e3o elevada nesta certifica\u00e7\u00e3o reflete o nosso empenho cont\u00ednuo em elevar os padr\u00f5es de \u00e9tica, transpar\u00eancia e compromisso ambiental.<\/p>\r\n<h3 data-start=\"1096\" data-end=\"1143\">Principais conquistas na avalia\u00e7\u00e3o EcoVadis<\/h3>\r\n<p data-start=\"1145\" data-end=\"1295\">A melhoria da nossa pontua\u00e7\u00e3o global deve-se \u00e0 implementa\u00e7\u00e3o de diversas iniciativas sustent\u00e1veis na nossa sede em Espanha, entre as quais destacamos:<\/p>\r\n<ul data-start=\"1297\" data-end=\"1878\">\r\n<li data-start=\"1297\" data-end=\"1381\">\r\n<p data-start=\"1299\" data-end=\"1381\">\ud83d\udcc8 Aumento da pontua\u00e7\u00e3o total para <strong data-start=\"1334\" data-end=\"1347\">63 pontos<\/strong>, superando a m\u00e9dia do setor (57);<\/p>\r\n<\/li>\r\n<li data-start=\"1382\" data-end=\"1492\">\r\n<p data-start=\"1384\" data-end=\"1492\">\u2696\ufe0f Pr\u00e1ticas de <strong data-start=\"1399\" data-end=\"1435\">\u00e9tica empresarial acima da m\u00e9dia<\/strong>, com avan\u00e7os not\u00e1veis em transpar\u00eancia e boa governa\u00e7\u00e3o;<\/p>\r\n<\/li>\r\n<li data-start=\"1493\" data-end=\"1576\">\r\n<p data-start=\"1495\" data-end=\"1576\">\ud83c\udf3f Gest\u00e3o ambiental avan\u00e7ada, refor\u00e7ando o nosso compromisso com o meio ambiente;<\/p>\r\n<\/li>\r\n<li data-start=\"1577\" data-end=\"1688\">\r\n<p data-start=\"1579\" data-end=\"1688\">\ud83d\udce2 Maior <strong data-start=\"1588\" data-end=\"1624\">transpar\u00eancia e responsabilidade<\/strong>, com a publica\u00e7\u00e3o de relat\u00f3rios de sustentabilidade adicionais;<\/p>\r\n<\/li>\r\n<li data-start=\"1689\" data-end=\"1780\">\r\n<p data-start=\"1691\" data-end=\"1780\">\u2714\ufe0f <strong data-start=\"1694\" data-end=\"1728\">Cumprimento normativo exemplar<\/strong>, sem registos em bases de dados externas de riscos;<\/p>\r\n<\/li>\r\n<li data-start=\"1781\" data-end=\"1878\">\r\n<p data-start=\"1783\" data-end=\"1878\">\ud83e\udd1d Progresso nos <strong data-start=\"1800\" data-end=\"1831\">direitos laborais e humanos<\/strong>, com novas medidas para o bem-estar da equipa.<\/p>\r\n<\/li>\r\n<\/ul>\r\n<h3 data-start=\"1880\" data-end=\"1922\">\u00c1reas a melhorar e vis\u00e3o para o futuro<\/h3>\r\n<p data-start=\"1924\" data-end=\"2039\">Apesar deste progresso not\u00e1vel, mantemo-nos focados em evoluir continuamente. Duas \u00e1reas priorit\u00e1rias para n\u00f3s s\u00e3o:<\/p>\r\n<ul data-start=\"2041\" data-end=\"2251\">\r\n<li data-start=\"2041\" data-end=\"2141\">\r\n<p data-start=\"2043\" data-end=\"2141\">\ud83d\udc65 <strong data-start=\"2046\" data-end=\"2086\">Rela\u00e7\u00f5es laborais e direitos humanos<\/strong>, promovendo ambientes de trabalho justos e inclusivos;<\/p>\r\n<\/li>\r\n<li data-start=\"2142\" data-end=\"2251\">\r\n<p data-start=\"2144\" data-end=\"2251\">\ud83d\udd04 <strong data-start=\"2147\" data-end=\"2179\">Aprovisionamento sustent\u00e1vel<\/strong>, exigindo dos nossos fornecedores elevados padr\u00f5es de responsabilidade.<\/p>\r\n<\/li>\r\n<\/ul>\r\n<h3 data-start=\"2253\" data-end=\"2308\">A sustentabilidade como eixo estrat\u00e9gico da METRICA<\/h3>\r\n<p data-start=\"2310\" data-end=\"2576\">O reconhecimento por parte da EcoVadis refor\u00e7a o nosso compromisso com um desenvolvimento mais sustent\u00e1vel e \u00e9tico. Para a <strong data-start=\"2433\" data-end=\"2444\">METRICA<\/strong>, sediada em Espanha e com presen\u00e7a internacional, a sustentabilidade \u00e9 um princ\u00edpio que guia todas as nossas decis\u00f5es estrat\u00e9gicas.<\/p>\r\n<p data-start=\"2578\" data-end=\"2730\">Continuaremos a trabalhar para melhorar as nossas pr\u00e1ticas ESG, otimizar os nossos processos e assegurar um impacto positivo na sociedade e no ambiente.<\/p>\r\n<p data-start=\"2732\" data-end=\"2985\" data-is-last-node=\"\" data-is-only-node=\"\">\ud83d\udcd8 <strong data-start=\"2735\" data-end=\"2805\">Queres saber mais sobre as nossas iniciativas de sustentabilidade?<\/strong><br data-start=\"2805\" data-end=\"2808\" \/>Visita o nosso blog e acompanha-nos nas redes sociais para estares sempre a par das nossas a\u00e7\u00f5es e compromissos ambientais.<br data-start=\"2931\" data-end=\"2934\" \/><strong data-start=\"2934\" data-end=\"2985\" data-is-last-node=\"\">Juntos, constru\u00edmos um futuro mais respons\u00e1vel!<\/strong><\/p>\r\n","protected":false},"excerpt":{"rendered":"<p>Renov\u00e1mos o nosso selo EcoVadis n\u00edvel Bronze, alcan\u00e7ando uma melhoria significativa em rela\u00e7\u00e3o ao ano passado e posicionando-nos no TOP 35% das empresas avaliadas a n\u00edvel global.<\/p>\n","protected":false},"author":1,"featured_media":7546,"comment_status":"open","ping_status":"open","sticky":false,"template":"","format":"standard","meta":{"content-type":"","footnotes":""},"categories":[1836],"tags":[1223,1848,1285,1849,1533,1581,1173,1252,1231],"class_list":["post-7545","post","type-post","status-publish","format-standard","has-post-thumbnail","hentry","category-sustainability-pt","tag-ambito-tecnologico-pt","tag-certificacion-ambiental-pt","tag-compromiso-empresarial-pt","tag-ecovadis-pt","tag-etica-empresarial-pt","tag-medio-ambiente-pt","tag-sector-it-pt","tag-sostenibilidad-pt","tag-tecnologia-pt"],"yoast_head":"<!-- This site is optimized with the Yoast SEO plugin v25.9 - https:\/\/yoast.com\/wordpress\/plugins\/seo\/ -->\n<title>Refor\u00e7amos o nosso compromisso com a \u00e9tica e a sustentabilidade - METRICA<\/title>\n<meta name=\"robots\" content=\"index, follow, max-snippet:-1, max-image-preview:large, max-video-preview:-1\" \/>\n<link rel=\"canonical\" href=\"https:\/\/www.metrica-global.com\/pt\/reforzamos-nuestro-compromiso-con-la-etica-y-la-sostenibilidad\/\" \/>\n<meta property=\"og:locale\" content=\"pt_PT\" \/>\n<meta property=\"og:type\" content=\"article\" \/>\n<meta property=\"og:title\" content=\"Refor\u00e7amos o nosso compromisso com a \u00e9tica e a sustentabilidade - METRICA\" \/>\n<meta property=\"og:description\" content=\"Renov\u00e1mos o nosso selo EcoVadis n\u00edvel Bronze, alcan\u00e7ando uma melhoria significativa em rela\u00e7\u00e3o ao ano passado e posicionando-nos no TOP 35% das empresas avaliadas a n\u00edvel global.\" \/>\n<meta property=\"og:url\" content=\"https:\/\/www.metrica-global.com\/pt\/reforzamos-nuestro-compromiso-con-la-etica-y-la-sostenibilidad\/\" \/>\n<meta property=\"og:site_name\" content=\"METRICA\" \/>\n<meta property=\"article:published_time\" content=\"2025-02-25T16:30:00+00:00\" \/>\n<meta property=\"article:modified_time\" content=\"2025-07-30T09:38:24+00:00\" \/>\n<meta property=\"og:image\" content=\"https:\/\/www.metrica-global.com\/wp-content\/uploads\/2025\/02\/BANNER-ECOVADIS-scaled-1.jpg\" \/>\n\t<meta property=\"og:image:width\" content=\"2560\" \/>\n\t<meta property=\"og:image:height\" content=\"979\" \/>\n\t<meta property=\"og:image:type\" content=\"image\/jpeg\" \/>\n<meta name=\"author\" content=\"desarrollo\" \/>\n<meta name=\"twitter:card\" content=\"summary_large_image\" \/>\n<meta name=\"twitter:label1\" content=\"Written by\" \/>\n\t<meta name=\"twitter:data1\" content=\"desarrollo\" \/>\n\t<meta name=\"twitter:label2\" content=\"Est. reading time\" \/>\n\t<meta name=\"twitter:data2\" content=\"2 minutos\" \/>\n<script type=\"application\/ld+json\" class=\"yoast-schema-graph\">{\"@context\":\"https:\/\/schema.org\",\"@graph\":[{\"@type\":\"Article\",\"@id\":\"https:\/\/www.metrica-global.com\/pt\/reforzamos-nuestro-compromiso-con-la-etica-y-la-sostenibilidad\/#article\",\"isPartOf\":{\"@id\":\"https:\/\/www.metrica-global.com\/pt\/reforzamos-nuestro-compromiso-con-la-etica-y-la-sostenibilidad\/\"},\"author\":{\"name\":\"desarrollo\",\"@id\":\"https:\/\/www.metrica-global.com\/#\/schema\/person\/78e8e629d9e5908167469b249f6f2cdc\"},\"headline\":\"Refor\u00e7amos o nosso compromisso com a \u00e9tica e a sustentabilidade\",\"datePublished\":\"2025-02-25T16:30:00+00:00\",\"dateModified\":\"2025-07-30T09:38:24+00:00\",\"mainEntityOfPage\":{\"@id\":\"https:\/\/www.metrica-global.com\/pt\/reforzamos-nuestro-compromiso-con-la-etica-y-la-sostenibilidad\/\"},\"wordCount\":427,\"commentCount\":0,\"publisher\":{\"@id\":\"https:\/\/www.metrica-global.com\/#organization\"},\"image\":{\"@id\":\"https:\/\/www.metrica-global.com\/pt\/reforzamos-nuestro-compromiso-con-la-etica-y-la-sostenibilidad\/#primaryimage\"},\"thumbnailUrl\":\"https:\/\/www.metrica-global.com\/wp-content\/uploads\/2025\/02\/BANNER-ECOVADIS-scaled-1.jpg\",\"keywords\":[\"\u00c1mbito Tecnol\u00f3gico\",\"Certificaci\u00f3n ambiental\",\"Compromiso empresarial\",\"EcoVadis\",\"\u00c9tica empresarial\",\"Medio Ambiente\",\"Sector IT\",\"Sostenibilidad\",\"Tecnolog\u00eda\"],\"articleSection\":[\"Sustainability\"],\"inLanguage\":\"pt-PT\",\"potentialAction\":[{\"@type\":\"CommentAction\",\"name\":\"Comment\",\"target\":[\"https:\/\/www.metrica-global.com\/pt\/reforzamos-nuestro-compromiso-con-la-etica-y-la-sostenibilidad\/#respond\"]}]},{\"@type\":\"WebPage\",\"@id\":\"https:\/\/www.metrica-global.com\/pt\/reforzamos-nuestro-compromiso-con-la-etica-y-la-sostenibilidad\/\",\"url\":\"https:\/\/www.metrica-global.com\/pt\/reforzamos-nuestro-compromiso-con-la-etica-y-la-sostenibilidad\/\",\"name\":\"Refor\u00e7amos o nosso compromisso com a \u00e9tica e a sustentabilidade - METRICA\",\"isPartOf\":{\"@id\":\"https:\/\/www.metrica-global.com\/#website\"},\"primaryImageOfPage\":{\"@id\":\"https:\/\/www.metrica-global.com\/pt\/reforzamos-nuestro-compromiso-con-la-etica-y-la-sostenibilidad\/#primaryimage\"},\"image\":{\"@id\":\"https:\/\/www.metrica-global.com\/pt\/reforzamos-nuestro-compromiso-con-la-etica-y-la-sostenibilidad\/#primaryimage\"},\"thumbnailUrl\":\"https:\/\/www.metrica-global.com\/wp-content\/uploads\/2025\/02\/BANNER-ECOVADIS-scaled-1.jpg\",\"datePublished\":\"2025-02-25T16:30:00+00:00\",\"dateModified\":\"2025-07-30T09:38:24+00:00\",\"breadcrumb\":{\"@id\":\"https:\/\/www.metrica-global.com\/pt\/reforzamos-nuestro-compromiso-con-la-etica-y-la-sostenibilidad\/#breadcrumb\"},\"inLanguage\":\"pt-PT\",\"potentialAction\":[{\"@type\":\"ReadAction\",\"target\":[\"https:\/\/www.metrica-global.com\/pt\/reforzamos-nuestro-compromiso-con-la-etica-y-la-sostenibilidad\/\"]}]},{\"@type\":\"ImageObject\",\"inLanguage\":\"pt-PT\",\"@id\":\"https:\/\/www.metrica-global.com\/pt\/reforzamos-nuestro-compromiso-con-la-etica-y-la-sostenibilidad\/#primaryimage\",\"url\":\"https:\/\/www.metrica-global.com\/wp-content\/uploads\/2025\/02\/BANNER-ECOVADIS-scaled-1.jpg\",\"contentUrl\":\"https:\/\/www.metrica-global.com\/wp-content\/uploads\/2025\/02\/BANNER-ECOVADIS-scaled-1.jpg\",\"width\":2560,\"height\":979,\"caption\":\"BANNER ECOVADIS scaled 1\"},{\"@type\":\"BreadcrumbList\",\"@id\":\"https:\/\/www.metrica-global.com\/pt\/reforzamos-nuestro-compromiso-con-la-etica-y-la-sostenibilidad\/#breadcrumb\",\"itemListElement\":[{\"@type\":\"ListItem\",\"position\":1,\"name\":\"Portada\",\"item\":\"https:\/\/www.metrica-global.com\/pt\/\"},{\"@type\":\"ListItem\",\"position\":2,\"name\":\"Refor\u00e7amos o nosso compromisso com a \u00e9tica e a sustentabilidade\"}]},{\"@type\":\"WebSite\",\"@id\":\"https:\/\/www.metrica-global.com\/#website\",\"url\":\"https:\/\/www.metrica-global.com\/\",\"name\":\"METRICA\",\"description\":\"Servicios Globales IT\",\"publisher\":{\"@id\":\"https:\/\/www.metrica-global.com\/#organization\"},\"potentialAction\":[{\"@type\":\"SearchAction\",\"target\":{\"@type\":\"EntryPoint\",\"urlTemplate\":\"https:\/\/www.metrica-global.com\/?s={search_term_string}\"},\"query-input\":{\"@type\":\"PropertyValueSpecification\",\"valueRequired\":true,\"valueName\":\"search_term_string\"}}],\"inLanguage\":\"pt-PT\"},{\"@type\":\"Organization\",\"@id\":\"https:\/\/www.metrica-global.com\/#organization\",\"name\":\"METRICA\",\"url\":\"https:\/\/www.metrica-global.com\/\",\"logo\":{\"@type\":\"ImageObject\",\"inLanguage\":\"pt-PT\",\"@id\":\"https:\/\/www.metrica-global.com\/#\/schema\/logo\/image\/\",\"url\":\"https:\/\/www.metrica-global.com\/wp-content\/uploads\/2023\/12\/logo-metrica.png\",\"contentUrl\":\"https:\/\/www.metrica-global.com\/wp-content\/uploads\/2023\/12\/logo-metrica.png\",\"width\":332,\"height\":58,\"caption\":\"METRICA\"},\"image\":{\"@id\":\"https:\/\/www.metrica-global.com\/#\/schema\/logo\/image\/\"}},{\"@type\":\"Person\",\"@id\":\"https:\/\/www.metrica-global.com\/#\/schema\/person\/78e8e629d9e5908167469b249f6f2cdc\",\"name\":\"desarrollo\",\"image\":{\"@type\":\"ImageObject\",\"inLanguage\":\"pt-PT\",\"@id\":\"https:\/\/www.metrica-global.com\/#\/schema\/person\/image\/\",\"url\":\"https:\/\/secure.gravatar.com\/avatar\/d2653fb8f170e1382a31acc69dcf92e99545e6329805eb11d8a34443b058f3de?s=96&d=mm&r=g\",\"contentUrl\":\"https:\/\/secure.gravatar.com\/avatar\/d2653fb8f170e1382a31acc69dcf92e99545e6329805eb11d8a34443b058f3de?s=96&d=mm&r=g\",\"caption\":\"desarrollo\"},\"url\":\"https:\/\/www.metrica-global.com\/pt\/author\/desarrollo\/\"}]}<\/script>\n<!-- \/ Yoast SEO plugin. -->","yoast_head_json":{"title":"Refor\u00e7amos o nosso compromisso com a \u00e9tica e a sustentabilidade - METRICA","robots":{"index":"index","follow":"follow","max-snippet":"max-snippet:-1","max-image-preview":"max-image-preview:large","max-video-preview":"max-video-preview:-1"},"canonical":"https:\/\/www.metrica-global.com\/pt\/reforzamos-nuestro-compromiso-con-la-etica-y-la-sostenibilidad\/","og_locale":"pt_PT","og_type":"article","og_title":"Refor\u00e7amos o nosso compromisso com a \u00e9tica e a sustentabilidade - METRICA","og_description":"Renov\u00e1mos o nosso selo EcoVadis n\u00edvel Bronze, alcan\u00e7ando uma melhoria significativa em rela\u00e7\u00e3o ao ano passado e posicionando-nos no TOP 35% das empresas avaliadas a n\u00edvel global.","og_url":"https:\/\/www.metrica-global.com\/pt\/reforzamos-nuestro-compromiso-con-la-etica-y-la-sostenibilidad\/","og_site_name":"METRICA","article_published_time":"2025-02-25T16:30:00+00:00","article_modified_time":"2025-07-30T09:38:24+00:00","og_image":[{"width":2560,"height":979,"url":"https:\/\/www.metrica-global.com\/wp-content\/uploads\/2025\/02\/BANNER-ECOVADIS-scaled-1.jpg","type":"image\/jpeg"}],"author":"desarrollo","twitter_card":"summary_large_image","twitter_misc":{"Written by":"desarrollo","Est. reading time":"2 minutos"},"schema":{"@context":"https:\/\/schema.org","@graph":[{"@type":"Article","@id":"https:\/\/www.metrica-global.com\/pt\/reforzamos-nuestro-compromiso-con-la-etica-y-la-sostenibilidad\/#article","isPartOf":{"@id":"https:\/\/www.metrica-global.com\/pt\/reforzamos-nuestro-compromiso-con-la-etica-y-la-sostenibilidad\/"},"author":{"name":"desarrollo","@id":"https:\/\/www.metrica-global.com\/#\/schema\/person\/78e8e629d9e5908167469b249f6f2cdc"},"headline":"Refor\u00e7amos o nosso compromisso com a \u00e9tica e a sustentabilidade","datePublished":"2025-02-25T16:30:00+00:00","dateModified":"2025-07-30T09:38:24+00:00","mainEntityOfPage":{"@id":"https:\/\/www.metrica-global.com\/pt\/reforzamos-nuestro-compromiso-con-la-etica-y-la-sostenibilidad\/"},"wordCount":427,"commentCount":0,"publisher":{"@id":"https:\/\/www.metrica-global.com\/#organization"},"image":{"@id":"https:\/\/www.metrica-global.com\/pt\/reforzamos-nuestro-compromiso-con-la-etica-y-la-sostenibilidad\/#primaryimage"},"thumbnailUrl":"https:\/\/www.metrica-global.com\/wp-content\/uploads\/2025\/02\/BANNER-ECOVADIS-scaled-1.jpg","keywords":["\u00c1mbito Tecnol\u00f3gico","Certificaci\u00f3n ambiental","Compromiso empresarial","EcoVadis","\u00c9tica empresarial","Medio Ambiente","Sector IT","Sostenibilidad","Tecnolog\u00eda"],"articleSection":["Sustainability"],"inLanguage":"pt-PT","potentialAction":[{"@type":"CommentAction","name":"Comment","target":["https:\/\/www.metrica-global.com\/pt\/reforzamos-nuestro-compromiso-con-la-etica-y-la-sostenibilidad\/#respond"]}]},{"@type":"WebPage","@id":"https:\/\/www.metrica-global.com\/pt\/reforzamos-nuestro-compromiso-con-la-etica-y-la-sostenibilidad\/","url":"https:\/\/www.metrica-global.com\/pt\/reforzamos-nuestro-compromiso-con-la-etica-y-la-sostenibilidad\/","name":"Refor\u00e7amos o nosso compromisso com a \u00e9tica e a sustentabilidade - METRICA","isPartOf":{"@id":"https:\/\/www.metrica-global.com\/#website"},"primaryImageOfPage":{"@id":"https:\/\/www.metrica-global.com\/pt\/reforzamos-nuestro-compromiso-con-la-etica-y-la-sostenibilidad\/#primaryimage"},"image":{"@id":"https:\/\/www.metrica-global.com\/pt\/reforzamos-nuestro-compromiso-con-la-etica-y-la-sostenibilidad\/#primaryimage"},"thumbnailUrl":"https:\/\/www.metrica-global.com\/wp-content\/uploads\/2025\/02\/BANNER-ECOVADIS-scaled-1.jpg","datePublished":"2025-02-25T16:30:00+00:00","dateModified":"2025-07-30T09:38:24+00:00","breadcrumb":{"@id":"https:\/\/www.metrica-global.com\/pt\/reforzamos-nuestro-compromiso-con-la-etica-y-la-sostenibilidad\/#breadcrumb"},"inLanguage":"pt-PT","potentialAction":[{"@type":"ReadAction","target":["https:\/\/www.metrica-global.com\/pt\/reforzamos-nuestro-compromiso-con-la-etica-y-la-sostenibilidad\/"]}]},{"@type":"ImageObject","inLanguage":"pt-PT","@id":"https:\/\/www.metrica-global.com\/pt\/reforzamos-nuestro-compromiso-con-la-etica-y-la-sostenibilidad\/#primaryimage","url":"https:\/\/www.metrica-global.com\/wp-content\/uploads\/2025\/02\/BANNER-ECOVADIS-scaled-1.jpg","contentUrl":"https:\/\/www.metrica-global.com\/wp-content\/uploads\/2025\/02\/BANNER-ECOVADIS-scaled-1.jpg","width":2560,"height":979,"caption":"BANNER ECOVADIS scaled 1"},{"@type":"BreadcrumbList","@id":"https:\/\/www.metrica-global.com\/pt\/reforzamos-nuestro-compromiso-con-la-etica-y-la-sostenibilidad\/#breadcrumb","itemListElement":[{"@type":"ListItem","position":1,"name":"Portada","item":"https:\/\/www.metrica-global.com\/pt\/"},{"@type":"ListItem","position":2,"name":"Refor\u00e7amos o nosso compromisso com a \u00e9tica e a sustentabilidade"}]},{"@type":"WebSite","@id":"https:\/\/www.metrica-global.com\/#website","url":"https:\/\/www.metrica-global.com\/","name":"METRICA","description":"Servicios Globales IT","publisher":{"@id":"https:\/\/www.metrica-global.com\/#organization"},"potentialAction":[{"@type":"SearchAction","target":{"@type":"EntryPoint","urlTemplate":"https:\/\/www.metrica-global.com\/?s={search_term_string}"},"query-input":{"@type":"PropertyValueSpecification","valueRequired":true,"valueName":"search_term_string"}}],"inLanguage":"pt-PT"},{"@type":"Organization","@id":"https:\/\/www.metrica-global.com\/#organization","name":"METRICA","url":"https:\/\/www.metrica-global.com\/","logo":{"@type":"ImageObject","inLanguage":"pt-PT","@id":"https:\/\/www.metrica-global.com\/#\/schema\/logo\/image\/","url":"https:\/\/www.metrica-global.com\/wp-content\/uploads\/2023\/12\/logo-metrica.png","contentUrl":"https:\/\/www.metrica-global.com\/wp-content\/uploads\/2023\/12\/logo-metrica.png","width":332,"height":58,"caption":"METRICA"},"image":{"@id":"https:\/\/www.metrica-global.com\/#\/schema\/logo\/image\/"}},{"@type":"Person","@id":"https:\/\/www.metrica-global.com\/#\/schema\/person\/78e8e629d9e5908167469b249f6f2cdc","name":"desarrollo","image":{"@type":"ImageObject","inLanguage":"pt-PT","@id":"https:\/\/www.metrica-global.com\/#\/schema\/person\/image\/","url":"https:\/\/secure.gravatar.com\/avatar\/d2653fb8f170e1382a31acc69dcf92e99545e6329805eb11d8a34443b058f3de?s=96&d=mm&r=g","contentUrl":"https:\/\/secure.gravatar.com\/avatar\/d2653fb8f170e1382a31acc69dcf92e99545e6329805eb11d8a34443b058f3de?s=96&d=mm&r=g","caption":"desarrollo"},"url":"https:\/\/www.metrica-global.com\/pt\/author\/desarrollo\/"}]}},"_links":{"self":[{"href":"https:\/\/www.metrica-global.com\/pt\/wp-json\/wp\/v2\/posts\/7545","targetHints":{"allow":["GET"]}}],"collection":[{"href":"https:\/\/www.metrica-global.com\/pt\/wp-json\/wp\/v2\/posts"}],"about":[{"href":"https:\/\/www.metrica-global.com\/pt\/wp-json\/wp\/v2\/types\/post"}],"author":[{"embeddable":true,"href":"https:\/\/www.metrica-global.com\/pt\/wp-json\/wp\/v2\/users\/1"}],"replies":[{"embeddable":true,"href":"https:\/\/www.metrica-global.com\/pt\/wp-json\/wp\/v2\/comments?post=7545"}],"version-history":[{"count":4,"href":"https:\/\/www.metrica-global.com\/pt\/wp-json\/wp\/v2\/posts\/7545\/revisions"}],"predecessor-version":[{"id":12535,"href":"https:\/\/www.metrica-global.com\/pt\/wp-json\/wp\/v2\/posts\/7545\/revisions\/12535"}],"wp:featuredmedia":[{"embeddable":true,"href":"https:\/\/www.metrica-global.com\/pt\/wp-json\/wp\/v2\/media\/7546"}],"wp:attachment":[{"href":"https:\/\/www.metrica-global.com\/pt\/wp-json\/wp\/v2\/media?parent=7545"}],"wp:term":[{"taxonomy":"category","embeddable":true,"href":"https:\/\/www.metrica-global.com\/pt\/wp-json\/wp\/v2\/categories?post=7545"},{"taxonomy":"post_tag","embeddable":true,"href":"https:\/\/www.metrica-global.com\/pt\/wp-json\/wp\/v2\/tags?post=7545"}],"curies":[{"name":"wp","href":"https:\/\/api.w.org\/{rel}","templated":true}]}}