{"id":7557,"date":"2025-01-29T17:30:00","date_gmt":"2025-01-29T16:30:00","guid":{"rendered":"https:\/\/www.metrica-global.com\/humanismo-tecnologico-compromiso-con-un-futuro-sostenible\/"},"modified":"2025-07-30T11:49:26","modified_gmt":"2025-07-30T09:49:26","slug":"humanismo-tecnologico-compromiso-con-un-futuro-sostenible","status":"publish","type":"post","link":"https:\/\/www.metrica-global.com\/pt\/humanismo-tecnologico-compromiso-con-un-futuro-sostenible\/","title":{"rendered":"Humanismo Tecnol\u00f3gico: Compromisso com um Futuro Sustent\u00e1vel"},"content":{"rendered":"\r\n<p data-start=\"202\" data-end=\"572\">Na <strong data-start=\"205\" data-end=\"216\">METRICA<\/strong>, acreditamos que a tecnologia n\u00e3o deve apenas impulsionar a inova\u00e7\u00e3o, mas tamb\u00e9m promover o bem-estar social e a sustentabilidade ambiental. Este conceito, conhecido como <strong data-start=\"388\" data-end=\"413\">humanismo tecnol\u00f3gico<\/strong>, coloca as pessoas e o planeta no centro do desenvolvimento tecnol\u00f3gico, assegurando que o progresso seja sin\u00f3nimo de responsabilidade e equil\u00edbrio ecol\u00f3gico.<\/p>\r\n<hr data-start=\"574\" data-end=\"577\" \/>\r\n<h3 data-section-id=\"11wx8w1\" data-start=\"579\" data-end=\"619\">O Desafio Global da Sustentabilidade<\/h3>\r\n<p data-start=\"621\" data-end=\"905\">Os dados falam por si: <strong data-start=\"644\" data-end=\"714\">6 em cada 10 empresas n\u00e3o avaliam o seu impacto social e ambiental<\/strong>, e apenas <strong data-start=\"725\" data-end=\"806\">16% das empresas em Espanha desenvolvem inova\u00e7\u00f5es sustent\u00e1veis desde a origem<\/strong>. A necessidade de mudan\u00e7a \u00e9 urgente \u2014 e na METRICA, estamos comprometidos em liderar esse caminho.<\/p>\r\n<hr data-start=\"907\" data-end=\"910\" \/>\r\n<h3 data-section-id=\"1anl27z\" data-start=\"912\" data-end=\"964\">O Nosso Compromisso com a Tecnologia Sustent\u00e1vel<\/h3>\r\n<p data-start=\"966\" data-end=\"1267\">Na METRICA, trabalhamos todos os dias para conceber <strong data-start=\"1018\" data-end=\"1110\">solu\u00e7\u00f5es tecnol\u00f3gicas que reduzam emiss\u00f5es, otimizem recursos e protejam o meio ambiente<\/strong>. Para n\u00f3s, a sustentabilidade n\u00e3o \u00e9 apenas um desafio global, mas sim <strong data-start=\"1181\" data-end=\"1215\">um valor corporativo essencial<\/strong> que orienta todas as nossas estrat\u00e9gias e projetos.<\/p>\r\n<hr data-start=\"1269\" data-end=\"1272\" \/>\r\n<h3 data-section-id=\"19q0e\" data-start=\"1274\" data-end=\"1320\">Inova\u00e7\u00e3o Respons\u00e1vel para um Futuro Melhor<\/h3>\r\n<p data-start=\"1322\" data-end=\"1592\">Acreditamos que a tecnologia pode desempenhar um papel crucial na resolu\u00e7\u00e3o dos desafios ambientais e sociais atuais. Por isso, assumimos o compromisso de <strong data-start=\"1477\" data-end=\"1528\">liderar com vis\u00e3o, responsabilidade e prop\u00f3sito<\/strong>, promovendo um futuro <strong data-start=\"1551\" data-end=\"1591\">mais justo, inclusivo e regenerativo<\/strong>.<\/p>\r\n<hr data-start=\"1594\" data-end=\"1597\" \/>\r\n<p data-start=\"1599\" data-end=\"1775\">Descobre mais sobre o nosso compromisso com a sustentabilidade na nossa \u00faltima publica\u00e7\u00e3o nas redes sociais.<br data-start=\"1707\" data-end=\"1710\" \/><strong data-start=\"1710\" data-end=\"1775\">Juntos, podemos impulsionar uma mudan\u00e7a real e significativa.<\/strong><\/p>\r\n","protected":false},"excerpt":{"rendered":"<p>Este conceito coloca as pessoas e o planeta no centro do desenvolvimento tecnol\u00f3gico, assegurando que o progresso seja sin\u00f3nimo de responsabilidade e equil\u00edbrio ecol\u00f3gico.<\/p>\n","protected":false},"author":1,"featured_media":7558,"comment_status":"open","ping_status":"open","sticky":false,"template":"","format":"standard","meta":{"content-type":"","footnotes":""},"categories":[1836],"tags":[1223,1864,1354,1581,1173,1252,1231,1861],"class_list":["post-7557","post","type-post","status-publish","format-standard","has-post-thumbnail","hentry","category-sustainability-pt","tag-ambito-tecnologico-pt","tag-futuro-sostenible-pt","tag-innovacion-pt","tag-medio-ambiente-pt","tag-sector-it-pt","tag-sostenibilidad-pt","tag-tecnologia-pt","tag-tecnologia-sostenible-pt"],"yoast_head":"<!-- This site is optimized with the Yoast SEO plugin v25.9 - https:\/\/yoast.com\/wordpress\/plugins\/seo\/ -->\n<title>Humanismo Tecnol\u00f3gico: Compromisso com um Futuro Sustent\u00e1vel - METRICA<\/title>\n<meta name=\"robots\" content=\"index, follow, max-snippet:-1, max-image-preview:large, max-video-preview:-1\" \/>\n<link rel=\"canonical\" href=\"https:\/\/www.metrica-global.com\/pt\/humanismo-tecnologico-compromiso-con-un-futuro-sostenible\/\" \/>\n<meta property=\"og:locale\" content=\"pt_PT\" \/>\n<meta property=\"og:type\" content=\"article\" \/>\n<meta property=\"og:title\" content=\"Humanismo Tecnol\u00f3gico: Compromisso com um Futuro Sustent\u00e1vel - METRICA\" \/>\n<meta property=\"og:description\" content=\"Este conceito coloca as pessoas e o planeta no centro do desenvolvimento tecnol\u00f3gico, assegurando que o progresso seja sin\u00f3nimo de responsabilidade e equil\u00edbrio ecol\u00f3gico.\" \/>\n<meta property=\"og:url\" content=\"https:\/\/www.metrica-global.com\/pt\/humanismo-tecnologico-compromiso-con-un-futuro-sostenible\/\" \/>\n<meta property=\"og:site_name\" content=\"METRICA\" \/>\n<meta property=\"article:published_time\" content=\"2025-01-29T16:30:00+00:00\" \/>\n<meta property=\"article:modified_time\" content=\"2025-07-30T09:49:26+00:00\" \/>\n<meta property=\"og:image\" content=\"https:\/\/www.metrica-global.com\/wp-content\/uploads\/2025\/01\/banner-humanismo-sostenible-scaled-1.jpg\" \/>\n\t<meta property=\"og:image:width\" content=\"2560\" \/>\n\t<meta property=\"og:image:height\" content=\"1119\" \/>\n\t<meta property=\"og:image:type\" content=\"image\/jpeg\" \/>\n<meta name=\"author\" content=\"desarrollo\" \/>\n<meta name=\"twitter:card\" content=\"summary_large_image\" \/>\n<meta name=\"twitter:label1\" content=\"Written by\" \/>\n\t<meta name=\"twitter:data1\" content=\"desarrollo\" \/>\n\t<meta name=\"twitter:label2\" content=\"Est. reading time\" \/>\n\t<meta name=\"twitter:data2\" content=\"2 minutos\" \/>\n<script type=\"application\/ld+json\" class=\"yoast-schema-graph\">{\"@context\":\"https:\/\/schema.org\",\"@graph\":[{\"@type\":\"Article\",\"@id\":\"https:\/\/www.metrica-global.com\/pt\/humanismo-tecnologico-compromiso-con-un-futuro-sostenible\/#article\",\"isPartOf\":{\"@id\":\"https:\/\/www.metrica-global.com\/pt\/humanismo-tecnologico-compromiso-con-un-futuro-sostenible\/\"},\"author\":{\"name\":\"desarrollo\",\"@id\":\"https:\/\/www.metrica-global.com\/#\/schema\/person\/78e8e629d9e5908167469b249f6f2cdc\"},\"headline\":\"Humanismo Tecnol\u00f3gico: Compromisso com um Futuro Sustent\u00e1vel\",\"datePublished\":\"2025-01-29T16:30:00+00:00\",\"dateModified\":\"2025-07-30T09:49:26+00:00\",\"mainEntityOfPage\":{\"@id\":\"https:\/\/www.metrica-global.com\/pt\/humanismo-tecnologico-compromiso-con-un-futuro-sostenible\/\"},\"wordCount\":249,\"commentCount\":0,\"publisher\":{\"@id\":\"https:\/\/www.metrica-global.com\/#organization\"},\"image\":{\"@id\":\"https:\/\/www.metrica-global.com\/pt\/humanismo-tecnologico-compromiso-con-un-futuro-sostenible\/#primaryimage\"},\"thumbnailUrl\":\"https:\/\/www.metrica-global.com\/wp-content\/uploads\/2025\/01\/banner-humanismo-sostenible-scaled-1.jpg\",\"keywords\":[\"\u00c1mbito Tecnol\u00f3gico\",\"Futuro sostenible\",\"Innovaci\u00f3n\",\"Medio Ambiente\",\"Sector IT\",\"Sostenibilidad\",\"Tecnolog\u00eda\",\"Tecnolog\u00eda Sostenible\"],\"articleSection\":[\"Sustainability\"],\"inLanguage\":\"pt-PT\",\"potentialAction\":[{\"@type\":\"CommentAction\",\"name\":\"Comment\",\"target\":[\"https:\/\/www.metrica-global.com\/pt\/humanismo-tecnologico-compromiso-con-un-futuro-sostenible\/#respond\"]}]},{\"@type\":\"WebPage\",\"@id\":\"https:\/\/www.metrica-global.com\/pt\/humanismo-tecnologico-compromiso-con-un-futuro-sostenible\/\",\"url\":\"https:\/\/www.metrica-global.com\/pt\/humanismo-tecnologico-compromiso-con-un-futuro-sostenible\/\",\"name\":\"Humanismo Tecnol\u00f3gico: Compromisso com um Futuro Sustent\u00e1vel - METRICA\",\"isPartOf\":{\"@id\":\"https:\/\/www.metrica-global.com\/#website\"},\"primaryImageOfPage\":{\"@id\":\"https:\/\/www.metrica-global.com\/pt\/humanismo-tecnologico-compromiso-con-un-futuro-sostenible\/#primaryimage\"},\"image\":{\"@id\":\"https:\/\/www.metrica-global.com\/pt\/humanismo-tecnologico-compromiso-con-un-futuro-sostenible\/#primaryimage\"},\"thumbnailUrl\":\"https:\/\/www.metrica-global.com\/wp-content\/uploads\/2025\/01\/banner-humanismo-sostenible-scaled-1.jpg\",\"datePublished\":\"2025-01-29T16:30:00+00:00\",\"dateModified\":\"2025-07-30T09:49:26+00:00\",\"breadcrumb\":{\"@id\":\"https:\/\/www.metrica-global.com\/pt\/humanismo-tecnologico-compromiso-con-un-futuro-sostenible\/#breadcrumb\"},\"inLanguage\":\"pt-PT\",\"potentialAction\":[{\"@type\":\"ReadAction\",\"target\":[\"https:\/\/www.metrica-global.com\/pt\/humanismo-tecnologico-compromiso-con-un-futuro-sostenible\/\"]}]},{\"@type\":\"ImageObject\",\"inLanguage\":\"pt-PT\",\"@id\":\"https:\/\/www.metrica-global.com\/pt\/humanismo-tecnologico-compromiso-con-un-futuro-sostenible\/#primaryimage\",\"url\":\"https:\/\/www.metrica-global.com\/wp-content\/uploads\/2025\/01\/banner-humanismo-sostenible-scaled-1.jpg\",\"contentUrl\":\"https:\/\/www.metrica-global.com\/wp-content\/uploads\/2025\/01\/banner-humanismo-sostenible-scaled-1.jpg\",\"width\":2560,\"height\":1119,\"caption\":\"banner humanismo sostenible scaled 1\"},{\"@type\":\"BreadcrumbList\",\"@id\":\"https:\/\/www.metrica-global.com\/pt\/humanismo-tecnologico-compromiso-con-un-futuro-sostenible\/#breadcrumb\",\"itemListElement\":[{\"@type\":\"ListItem\",\"position\":1,\"name\":\"Portada\",\"item\":\"https:\/\/www.metrica-global.com\/pt\/\"},{\"@type\":\"ListItem\",\"position\":2,\"name\":\"Humanismo Tecnol\u00f3gico: Compromisso com um Futuro Sustent\u00e1vel\"}]},{\"@type\":\"WebSite\",\"@id\":\"https:\/\/www.metrica-global.com\/#website\",\"url\":\"https:\/\/www.metrica-global.com\/\",\"name\":\"METRICA\",\"description\":\"Servicios Globales IT\",\"publisher\":{\"@id\":\"https:\/\/www.metrica-global.com\/#organization\"},\"potentialAction\":[{\"@type\":\"SearchAction\",\"target\":{\"@type\":\"EntryPoint\",\"urlTemplate\":\"https:\/\/www.metrica-global.com\/?s={search_term_string}\"},\"query-input\":{\"@type\":\"PropertyValueSpecification\",\"valueRequired\":true,\"valueName\":\"search_term_string\"}}],\"inLanguage\":\"pt-PT\"},{\"@type\":\"Organization\",\"@id\":\"https:\/\/www.metrica-global.com\/#organization\",\"name\":\"METRICA\",\"url\":\"https:\/\/www.metrica-global.com\/\",\"logo\":{\"@type\":\"ImageObject\",\"inLanguage\":\"pt-PT\",\"@id\":\"https:\/\/www.metrica-global.com\/#\/schema\/logo\/image\/\",\"url\":\"https:\/\/www.metrica-global.com\/wp-content\/uploads\/2023\/12\/logo-metrica.png\",\"contentUrl\":\"https:\/\/www.metrica-global.com\/wp-content\/uploads\/2023\/12\/logo-metrica.png\",\"width\":332,\"height\":58,\"caption\":\"METRICA\"},\"image\":{\"@id\":\"https:\/\/www.metrica-global.com\/#\/schema\/logo\/image\/\"}},{\"@type\":\"Person\",\"@id\":\"https:\/\/www.metrica-global.com\/#\/schema\/person\/78e8e629d9e5908167469b249f6f2cdc\",\"name\":\"desarrollo\",\"image\":{\"@type\":\"ImageObject\",\"inLanguage\":\"pt-PT\",\"@id\":\"https:\/\/www.metrica-global.com\/#\/schema\/person\/image\/\",\"url\":\"https:\/\/secure.gravatar.com\/avatar\/d2653fb8f170e1382a31acc69dcf92e99545e6329805eb11d8a34443b058f3de?s=96&d=mm&r=g\",\"contentUrl\":\"https:\/\/secure.gravatar.com\/avatar\/d2653fb8f170e1382a31acc69dcf92e99545e6329805eb11d8a34443b058f3de?s=96&d=mm&r=g\",\"caption\":\"desarrollo\"},\"url\":\"https:\/\/www.metrica-global.com\/pt\/author\/desarrollo\/\"}]}<\/script>\n<!-- \/ Yoast SEO plugin. -->","yoast_head_json":{"title":"Humanismo Tecnol\u00f3gico: Compromisso com um Futuro Sustent\u00e1vel - METRICA","robots":{"index":"index","follow":"follow","max-snippet":"max-snippet:-1","max-image-preview":"max-image-preview:large","max-video-preview":"max-video-preview:-1"},"canonical":"https:\/\/www.metrica-global.com\/pt\/humanismo-tecnologico-compromiso-con-un-futuro-sostenible\/","og_locale":"pt_PT","og_type":"article","og_title":"Humanismo Tecnol\u00f3gico: Compromisso com um Futuro Sustent\u00e1vel - METRICA","og_description":"Este conceito coloca as pessoas e o planeta no centro do desenvolvimento tecnol\u00f3gico, assegurando que o progresso seja sin\u00f3nimo de responsabilidade e equil\u00edbrio ecol\u00f3gico.","og_url":"https:\/\/www.metrica-global.com\/pt\/humanismo-tecnologico-compromiso-con-un-futuro-sostenible\/","og_site_name":"METRICA","article_published_time":"2025-01-29T16:30:00+00:00","article_modified_time":"2025-07-30T09:49:26+00:00","og_image":[{"width":2560,"height":1119,"url":"https:\/\/www.metrica-global.com\/wp-content\/uploads\/2025\/01\/banner-humanismo-sostenible-scaled-1.jpg","type":"image\/jpeg"}],"author":"desarrollo","twitter_card":"summary_large_image","twitter_misc":{"Written by":"desarrollo","Est. reading time":"2 minutos"},"schema":{"@context":"https:\/\/schema.org","@graph":[{"@type":"Article","@id":"https:\/\/www.metrica-global.com\/pt\/humanismo-tecnologico-compromiso-con-un-futuro-sostenible\/#article","isPartOf":{"@id":"https:\/\/www.metrica-global.com\/pt\/humanismo-tecnologico-compromiso-con-un-futuro-sostenible\/"},"author":{"name":"desarrollo","@id":"https:\/\/www.metrica-global.com\/#\/schema\/person\/78e8e629d9e5908167469b249f6f2cdc"},"headline":"Humanismo Tecnol\u00f3gico: Compromisso com um Futuro Sustent\u00e1vel","datePublished":"2025-01-29T16:30:00+00:00","dateModified":"2025-07-30T09:49:26+00:00","mainEntityOfPage":{"@id":"https:\/\/www.metrica-global.com\/pt\/humanismo-tecnologico-compromiso-con-un-futuro-sostenible\/"},"wordCount":249,"commentCount":0,"publisher":{"@id":"https:\/\/www.metrica-global.com\/#organization"},"image":{"@id":"https:\/\/www.metrica-global.com\/pt\/humanismo-tecnologico-compromiso-con-un-futuro-sostenible\/#primaryimage"},"thumbnailUrl":"https:\/\/www.metrica-global.com\/wp-content\/uploads\/2025\/01\/banner-humanismo-sostenible-scaled-1.jpg","keywords":["\u00c1mbito Tecnol\u00f3gico","Futuro sostenible","Innovaci\u00f3n","Medio Ambiente","Sector IT","Sostenibilidad","Tecnolog\u00eda","Tecnolog\u00eda Sostenible"],"articleSection":["Sustainability"],"inLanguage":"pt-PT","potentialAction":[{"@type":"CommentAction","name":"Comment","target":["https:\/\/www.metrica-global.com\/pt\/humanismo-tecnologico-compromiso-con-un-futuro-sostenible\/#respond"]}]},{"@type":"WebPage","@id":"https:\/\/www.metrica-global.com\/pt\/humanismo-tecnologico-compromiso-con-un-futuro-sostenible\/","url":"https:\/\/www.metrica-global.com\/pt\/humanismo-tecnologico-compromiso-con-un-futuro-sostenible\/","name":"Humanismo Tecnol\u00f3gico: Compromisso com um Futuro Sustent\u00e1vel - METRICA","isPartOf":{"@id":"https:\/\/www.metrica-global.com\/#website"},"primaryImageOfPage":{"@id":"https:\/\/www.metrica-global.com\/pt\/humanismo-tecnologico-compromiso-con-un-futuro-sostenible\/#primaryimage"},"image":{"@id":"https:\/\/www.metrica-global.com\/pt\/humanismo-tecnologico-compromiso-con-un-futuro-sostenible\/#primaryimage"},"thumbnailUrl":"https:\/\/www.metrica-global.com\/wp-content\/uploads\/2025\/01\/banner-humanismo-sostenible-scaled-1.jpg","datePublished":"2025-01-29T16:30:00+00:00","dateModified":"2025-07-30T09:49:26+00:00","breadcrumb":{"@id":"https:\/\/www.metrica-global.com\/pt\/humanismo-tecnologico-compromiso-con-un-futuro-sostenible\/#breadcrumb"},"inLanguage":"pt-PT","potentialAction":[{"@type":"ReadAction","target":["https:\/\/www.metrica-global.com\/pt\/humanismo-tecnologico-compromiso-con-un-futuro-sostenible\/"]}]},{"@type":"ImageObject","inLanguage":"pt-PT","@id":"https:\/\/www.metrica-global.com\/pt\/humanismo-tecnologico-compromiso-con-un-futuro-sostenible\/#primaryimage","url":"https:\/\/www.metrica-global.com\/wp-content\/uploads\/2025\/01\/banner-humanismo-sostenible-scaled-1.jpg","contentUrl":"https:\/\/www.metrica-global.com\/wp-content\/uploads\/2025\/01\/banner-humanismo-sostenible-scaled-1.jpg","width":2560,"height":1119,"caption":"banner humanismo sostenible scaled 1"},{"@type":"BreadcrumbList","@id":"https:\/\/www.metrica-global.com\/pt\/humanismo-tecnologico-compromiso-con-un-futuro-sostenible\/#breadcrumb","itemListElement":[{"@type":"ListItem","position":1,"name":"Portada","item":"https:\/\/www.metrica-global.com\/pt\/"},{"@type":"ListItem","position":2,"name":"Humanismo Tecnol\u00f3gico: Compromisso com um Futuro Sustent\u00e1vel"}]},{"@type":"WebSite","@id":"https:\/\/www.metrica-global.com\/#website","url":"https:\/\/www.metrica-global.com\/","name":"METRICA","description":"Servicios Globales IT","publisher":{"@id":"https:\/\/www.metrica-global.com\/#organization"},"potentialAction":[{"@type":"SearchAction","target":{"@type":"EntryPoint","urlTemplate":"https:\/\/www.metrica-global.com\/?s={search_term_string}"},"query-input":{"@type":"PropertyValueSpecification","valueRequired":true,"valueName":"search_term_string"}}],"inLanguage":"pt-PT"},{"@type":"Organization","@id":"https:\/\/www.metrica-global.com\/#organization","name":"METRICA","url":"https:\/\/www.metrica-global.com\/","logo":{"@type":"ImageObject","inLanguage":"pt-PT","@id":"https:\/\/www.metrica-global.com\/#\/schema\/logo\/image\/","url":"https:\/\/www.metrica-global.com\/wp-content\/uploads\/2023\/12\/logo-metrica.png","contentUrl":"https:\/\/www.metrica-global.com\/wp-content\/uploads\/2023\/12\/logo-metrica.png","width":332,"height":58,"caption":"METRICA"},"image":{"@id":"https:\/\/www.metrica-global.com\/#\/schema\/logo\/image\/"}},{"@type":"Person","@id":"https:\/\/www.metrica-global.com\/#\/schema\/person\/78e8e629d9e5908167469b249f6f2cdc","name":"desarrollo","image":{"@type":"ImageObject","inLanguage":"pt-PT","@id":"https:\/\/www.metrica-global.com\/#\/schema\/person\/image\/","url":"https:\/\/secure.gravatar.com\/avatar\/d2653fb8f170e1382a31acc69dcf92e99545e6329805eb11d8a34443b058f3de?s=96&d=mm&r=g","contentUrl":"https:\/\/secure.gravatar.com\/avatar\/d2653fb8f170e1382a31acc69dcf92e99545e6329805eb11d8a34443b058f3de?s=96&d=mm&r=g","caption":"desarrollo"},"url":"https:\/\/www.metrica-global.com\/pt\/author\/desarrollo\/"}]}},"_links":{"self":[{"href":"https:\/\/www.metrica-global.com\/pt\/wp-json\/wp\/v2\/posts\/7557","targetHints":{"allow":["GET"]}}],"collection":[{"href":"https:\/\/www.metrica-global.com\/pt\/wp-json\/wp\/v2\/posts"}],"about":[{"href":"https:\/\/www.metrica-global.com\/pt\/wp-json\/wp\/v2\/types\/post"}],"author":[{"embeddable":true,"href":"https:\/\/www.metrica-global.com\/pt\/wp-json\/wp\/v2\/users\/1"}],"replies":[{"embeddable":true,"href":"https:\/\/www.metrica-global.com\/pt\/wp-json\/wp\/v2\/comments?post=7557"}],"version-history":[{"count":3,"href":"https:\/\/www.metrica-global.com\/pt\/wp-json\/wp\/v2\/posts\/7557\/revisions"}],"predecessor-version":[{"id":12480,"href":"https:\/\/www.metrica-global.com\/pt\/wp-json\/wp\/v2\/posts\/7557\/revisions\/12480"}],"wp:featuredmedia":[{"embeddable":true,"href":"https:\/\/www.metrica-global.com\/pt\/wp-json\/wp\/v2\/media\/7558"}],"wp:attachment":[{"href":"https:\/\/www.metrica-global.com\/pt\/wp-json\/wp\/v2\/media?parent=7557"}],"wp:term":[{"taxonomy":"category","embeddable":true,"href":"https:\/\/www.metrica-global.com\/pt\/wp-json\/wp\/v2\/categories?post=7557"},{"taxonomy":"post_tag","embeddable":true,"href":"https:\/\/www.metrica-global.com\/pt\/wp-json\/wp\/v2\/tags?post=7557"}],"curies":[{"name":"wp","href":"https:\/\/api.w.org\/{rel}","templated":true}]}}