{"id":7575,"date":"2024-10-16T15:11:11","date_gmt":"2024-10-16T13:11:11","guid":{"rendered":"https:\/\/www.metrica-global.com\/memoria-de-sostenibilidad-2023-compromiso-con-el-futuro\/"},"modified":"2025-07-30T11:41:43","modified_gmt":"2025-07-30T09:41:43","slug":"memoria-de-sostenibilidad-2023-compromiso-con-el-futuro","status":"publish","type":"post","link":"https:\/\/www.metrica-global.com\/pt\/memoria-de-sostenibilidad-2023-compromiso-con-el-futuro\/","title":{"rendered":"Relat\u00f3rio de Sustentabilidade 2023: Compromisso com o Futuro"},"content":{"rendered":"\r\n<p data-start=\"454\" data-end=\"889\">Na METRICA, celebramos a publica\u00e7\u00e3o do nosso Relat\u00f3rio de Sustentabilidade 2023, elaborado a partir da nossa sede central em Espanha. Este documento representa um marco essencial no nosso compromisso com a sustentabilidade e o progresso \u00e9tico. Nele, detalhamos as principais iniciativas desenvolvidas em \u00e1reas como ambiente, responsabilidade social e boa governa\u00e7\u00e3o, refor\u00e7ando a nossa ambi\u00e7\u00e3o de gerar um impacto positivo e duradouro.<\/p>\r\n<p data-start=\"891\" data-end=\"1343\">Atrav\u00e9s do programa <strong data-start=\"911\" data-end=\"935\">&#8220;The METRICA Change&#8221;<\/strong>, promovemos a\u00e7\u00f5es concretas \u2014 desde a redu\u00e7\u00e3o da pegada de carbono at\u00e9 \u00e0 dinamiza\u00e7\u00e3o do voluntariado corporativo. Todas estas medidas t\u00eam um objetivo comum: contribuir para um futuro mais inclusivo, justo e sustent\u00e1vel. A transpar\u00eancia continua a ser um pilar da nossa atua\u00e7\u00e3o, pelo que o relat\u00f3rio apresenta n\u00e3o apenas os nossos \u00eaxitos, mas tamb\u00e9m os desafios e aprendizagens que nos impulsionam a evoluir.<\/p>\r\n<p data-start=\"1345\" data-end=\"1678\">O <strong data-start=\"1347\" data-end=\"1385\">Relat\u00f3rio de Sustentabilidade 2023<\/strong>, dispon\u00edvel na sec\u00e7\u00e3o de Sustentabilidade do nosso website, \u00e9 uma oportunidade para conhecer mais profundamente as pol\u00edticas e os progressos da nossa sede em Espanha. Mais do que um balan\u00e7o anual, este documento \u00e9 um convite a todos os que partilham da nossa vis\u00e3o para se juntarem \u00e0 mudan\u00e7a.<\/p>\r\n<p data-start=\"1680\" data-end=\"1839\">Explorar as nossas iniciativas sustent\u00e1veis \u00e9 contribuir para o desenvolvimento das comunidades e fortalecer uma gest\u00e3o empresarial mais \u00e9tica e respons\u00e1vel.<\/p>\r\n<p data-start=\"1841\" data-end=\"1915\">\ud83d\udcd8 Descobre mais e junta-te ao nosso compromisso com o futuro sustent\u00e1vel!<\/p>\r\n<p><a id=\"wp-block-file--media-3fb223b8-38ee-4f52-a536-37d5c9d13627\" href=\"https:\/\/www.metrica-global.com\/wp-content\/uploads\/2025\/06\/07_Portugal-_MEMORIA-SOSTENIBILIDAD-2023.pdf\">Versi\u00f3n final &#8211; MEMORIA SOSTENIBILIDAD 2023<\/a><a class=\"wp-block-file__button wp-element-button\" href=\"https:\/\/www.metrica-global.com\/wp-content\/uploads\/2025\/06\/07_Portugal-_MEMORIA-SOSTENIBILIDAD-2023.pdf\" download=\"\" aria-describedby=\"wp-block-file--media-3fb223b8-38ee-4f52-a536-37d5c9d13627\">Descarga<\/a><\/p>\r\n","protected":false},"excerpt":{"rendered":"<p>Celebramos a publica\u00e7\u00e3o do nosso Relat\u00f3rio de Sustentabilidade 2023 \u2014 um documento fundamental que reflete o compromisso da nossa sede central em Espanha com a sustentabilidade e o desenvolvimento respons\u00e1vel.<\/p>\n","protected":false},"author":1,"featured_media":7576,"comment_status":"open","ping_status":"open","sticky":false,"template":"","format":"standard","meta":{"content-type":"","footnotes":""},"categories":[1836],"tags":[1283,1893,1428,1894,1287,1581,1316,1252,1231,1437],"class_list":["post-7575","post","type-post","status-publish","format-standard","has-post-thumbnail","hentry","category-sustainability-pt","tag-accion-social-pt","tag-buen-gobierno-pt","tag-esg-pt","tag-huella-de-carbono-pt","tag-inclusion-pt","tag-medio-ambiente-pt","tag-responsabilidad-corporativa-pt","tag-sostenibilidad-pt","tag-tecnologia-pt","tag-voluntariado-pt"],"yoast_head":"<!-- This site is optimized with the Yoast SEO plugin v25.9 - https:\/\/yoast.com\/wordpress\/plugins\/seo\/ -->\n<title>Relat\u00f3rio de Sustentabilidade 2023: Compromisso com o Futuro - METRICA<\/title>\n<meta name=\"robots\" content=\"index, follow, max-snippet:-1, max-image-preview:large, max-video-preview:-1\" \/>\n<link rel=\"canonical\" href=\"https:\/\/www.metrica-global.com\/pt\/memoria-de-sostenibilidad-2023-compromiso-con-el-futuro\/\" \/>\n<meta property=\"og:locale\" content=\"pt_PT\" \/>\n<meta property=\"og:type\" content=\"article\" \/>\n<meta property=\"og:title\" content=\"Relat\u00f3rio de Sustentabilidade 2023: Compromisso com o Futuro - METRICA\" \/>\n<meta property=\"og:description\" content=\"Celebramos a publica\u00e7\u00e3o do nosso Relat\u00f3rio de Sustentabilidade 2023 \u2014 um documento fundamental que reflete o compromisso da nossa sede central em Espanha com a sustentabilidade e o desenvolvimento respons\u00e1vel.\" \/>\n<meta property=\"og:url\" content=\"https:\/\/www.metrica-global.com\/pt\/memoria-de-sostenibilidad-2023-compromiso-con-el-futuro\/\" \/>\n<meta property=\"og:site_name\" content=\"METRICA\" \/>\n<meta property=\"article:published_time\" content=\"2024-10-16T13:11:11+00:00\" \/>\n<meta property=\"article:modified_time\" content=\"2025-07-30T09:41:43+00:00\" \/>\n<meta property=\"og:image\" content=\"https:\/\/www.metrica-global.com\/wp-content\/uploads\/2024\/10\/BANNER-MEMORIA-scaled-1.jpg\" \/>\n\t<meta property=\"og:image:width\" content=\"2560\" \/>\n\t<meta property=\"og:image:height\" content=\"996\" \/>\n\t<meta property=\"og:image:type\" content=\"image\/jpeg\" \/>\n<meta name=\"author\" content=\"desarrollo\" \/>\n<meta name=\"twitter:card\" content=\"summary_large_image\" \/>\n<meta name=\"twitter:label1\" content=\"Written by\" \/>\n\t<meta name=\"twitter:data1\" content=\"desarrollo\" \/>\n\t<meta name=\"twitter:label2\" content=\"Est. reading time\" \/>\n\t<meta name=\"twitter:data2\" content=\"2 minutos\" \/>\n<script type=\"application\/ld+json\" class=\"yoast-schema-graph\">{\"@context\":\"https:\/\/schema.org\",\"@graph\":[{\"@type\":\"Article\",\"@id\":\"https:\/\/www.metrica-global.com\/pt\/memoria-de-sostenibilidad-2023-compromiso-con-el-futuro\/#article\",\"isPartOf\":{\"@id\":\"https:\/\/www.metrica-global.com\/pt\/memoria-de-sostenibilidad-2023-compromiso-con-el-futuro\/\"},\"author\":{\"name\":\"desarrollo\",\"@id\":\"https:\/\/www.metrica-global.com\/#\/schema\/person\/78e8e629d9e5908167469b249f6f2cdc\"},\"headline\":\"Relat\u00f3rio de Sustentabilidade 2023: Compromisso com o Futuro\",\"datePublished\":\"2024-10-16T13:11:11+00:00\",\"dateModified\":\"2025-07-30T09:41:43+00:00\",\"mainEntityOfPage\":{\"@id\":\"https:\/\/www.metrica-global.com\/pt\/memoria-de-sostenibilidad-2023-compromiso-con-el-futuro\/\"},\"wordCount\":252,\"commentCount\":0,\"publisher\":{\"@id\":\"https:\/\/www.metrica-global.com\/#organization\"},\"image\":{\"@id\":\"https:\/\/www.metrica-global.com\/pt\/memoria-de-sostenibilidad-2023-compromiso-con-el-futuro\/#primaryimage\"},\"thumbnailUrl\":\"https:\/\/www.metrica-global.com\/wp-content\/uploads\/2024\/10\/BANNER-MEMORIA-scaled-1.jpg\",\"keywords\":[\"Acci\u00f3n Social\",\"Buen gobierno\",\"ESG\",\"Huella de Carbono\",\"Inclusi\u00f3n\",\"Medio Ambiente\",\"Responsabilidad corporativa\",\"Sostenibilidad\",\"Tecnolog\u00eda\",\"Voluntariado\"],\"articleSection\":[\"Sustainability\"],\"inLanguage\":\"pt-PT\",\"potentialAction\":[{\"@type\":\"CommentAction\",\"name\":\"Comment\",\"target\":[\"https:\/\/www.metrica-global.com\/pt\/memoria-de-sostenibilidad-2023-compromiso-con-el-futuro\/#respond\"]}]},{\"@type\":\"WebPage\",\"@id\":\"https:\/\/www.metrica-global.com\/pt\/memoria-de-sostenibilidad-2023-compromiso-con-el-futuro\/\",\"url\":\"https:\/\/www.metrica-global.com\/pt\/memoria-de-sostenibilidad-2023-compromiso-con-el-futuro\/\",\"name\":\"Relat\u00f3rio de Sustentabilidade 2023: Compromisso com o Futuro - METRICA\",\"isPartOf\":{\"@id\":\"https:\/\/www.metrica-global.com\/#website\"},\"primaryImageOfPage\":{\"@id\":\"https:\/\/www.metrica-global.com\/pt\/memoria-de-sostenibilidad-2023-compromiso-con-el-futuro\/#primaryimage\"},\"image\":{\"@id\":\"https:\/\/www.metrica-global.com\/pt\/memoria-de-sostenibilidad-2023-compromiso-con-el-futuro\/#primaryimage\"},\"thumbnailUrl\":\"https:\/\/www.metrica-global.com\/wp-content\/uploads\/2024\/10\/BANNER-MEMORIA-scaled-1.jpg\",\"datePublished\":\"2024-10-16T13:11:11+00:00\",\"dateModified\":\"2025-07-30T09:41:43+00:00\",\"breadcrumb\":{\"@id\":\"https:\/\/www.metrica-global.com\/pt\/memoria-de-sostenibilidad-2023-compromiso-con-el-futuro\/#breadcrumb\"},\"inLanguage\":\"pt-PT\",\"potentialAction\":[{\"@type\":\"ReadAction\",\"target\":[\"https:\/\/www.metrica-global.com\/pt\/memoria-de-sostenibilidad-2023-compromiso-con-el-futuro\/\"]}]},{\"@type\":\"ImageObject\",\"inLanguage\":\"pt-PT\",\"@id\":\"https:\/\/www.metrica-global.com\/pt\/memoria-de-sostenibilidad-2023-compromiso-con-el-futuro\/#primaryimage\",\"url\":\"https:\/\/www.metrica-global.com\/wp-content\/uploads\/2024\/10\/BANNER-MEMORIA-scaled-1.jpg\",\"contentUrl\":\"https:\/\/www.metrica-global.com\/wp-content\/uploads\/2024\/10\/BANNER-MEMORIA-scaled-1.jpg\",\"width\":2560,\"height\":996,\"caption\":\"BANNER MEMORIA scaled 1\"},{\"@type\":\"BreadcrumbList\",\"@id\":\"https:\/\/www.metrica-global.com\/pt\/memoria-de-sostenibilidad-2023-compromiso-con-el-futuro\/#breadcrumb\",\"itemListElement\":[{\"@type\":\"ListItem\",\"position\":1,\"name\":\"Portada\",\"item\":\"https:\/\/www.metrica-global.com\/pt\/\"},{\"@type\":\"ListItem\",\"position\":2,\"name\":\"Relat\u00f3rio de Sustentabilidade 2023: Compromisso com o Futuro\"}]},{\"@type\":\"WebSite\",\"@id\":\"https:\/\/www.metrica-global.com\/#website\",\"url\":\"https:\/\/www.metrica-global.com\/\",\"name\":\"METRICA\",\"description\":\"Servicios Globales IT\",\"publisher\":{\"@id\":\"https:\/\/www.metrica-global.com\/#organization\"},\"potentialAction\":[{\"@type\":\"SearchAction\",\"target\":{\"@type\":\"EntryPoint\",\"urlTemplate\":\"https:\/\/www.metrica-global.com\/?s={search_term_string}\"},\"query-input\":{\"@type\":\"PropertyValueSpecification\",\"valueRequired\":true,\"valueName\":\"search_term_string\"}}],\"inLanguage\":\"pt-PT\"},{\"@type\":\"Organization\",\"@id\":\"https:\/\/www.metrica-global.com\/#organization\",\"name\":\"METRICA\",\"url\":\"https:\/\/www.metrica-global.com\/\",\"logo\":{\"@type\":\"ImageObject\",\"inLanguage\":\"pt-PT\",\"@id\":\"https:\/\/www.metrica-global.com\/#\/schema\/logo\/image\/\",\"url\":\"https:\/\/www.metrica-global.com\/wp-content\/uploads\/2023\/12\/logo-metrica.png\",\"contentUrl\":\"https:\/\/www.metrica-global.com\/wp-content\/uploads\/2023\/12\/logo-metrica.png\",\"width\":332,\"height\":58,\"caption\":\"METRICA\"},\"image\":{\"@id\":\"https:\/\/www.metrica-global.com\/#\/schema\/logo\/image\/\"}},{\"@type\":\"Person\",\"@id\":\"https:\/\/www.metrica-global.com\/#\/schema\/person\/78e8e629d9e5908167469b249f6f2cdc\",\"name\":\"desarrollo\",\"image\":{\"@type\":\"ImageObject\",\"inLanguage\":\"pt-PT\",\"@id\":\"https:\/\/www.metrica-global.com\/#\/schema\/person\/image\/\",\"url\":\"https:\/\/secure.gravatar.com\/avatar\/d2653fb8f170e1382a31acc69dcf92e99545e6329805eb11d8a34443b058f3de?s=96&d=mm&r=g\",\"contentUrl\":\"https:\/\/secure.gravatar.com\/avatar\/d2653fb8f170e1382a31acc69dcf92e99545e6329805eb11d8a34443b058f3de?s=96&d=mm&r=g\",\"caption\":\"desarrollo\"},\"url\":\"https:\/\/www.metrica-global.com\/pt\/author\/desarrollo\/\"}]}<\/script>\n<!-- \/ Yoast SEO plugin. -->","yoast_head_json":{"title":"Relat\u00f3rio de Sustentabilidade 2023: Compromisso com o Futuro - METRICA","robots":{"index":"index","follow":"follow","max-snippet":"max-snippet:-1","max-image-preview":"max-image-preview:large","max-video-preview":"max-video-preview:-1"},"canonical":"https:\/\/www.metrica-global.com\/pt\/memoria-de-sostenibilidad-2023-compromiso-con-el-futuro\/","og_locale":"pt_PT","og_type":"article","og_title":"Relat\u00f3rio de Sustentabilidade 2023: Compromisso com o Futuro - METRICA","og_description":"Celebramos a publica\u00e7\u00e3o do nosso Relat\u00f3rio de Sustentabilidade 2023 \u2014 um documento fundamental que reflete o compromisso da nossa sede central em Espanha com a sustentabilidade e o desenvolvimento respons\u00e1vel.","og_url":"https:\/\/www.metrica-global.com\/pt\/memoria-de-sostenibilidad-2023-compromiso-con-el-futuro\/","og_site_name":"METRICA","article_published_time":"2024-10-16T13:11:11+00:00","article_modified_time":"2025-07-30T09:41:43+00:00","og_image":[{"width":2560,"height":996,"url":"https:\/\/www.metrica-global.com\/wp-content\/uploads\/2024\/10\/BANNER-MEMORIA-scaled-1.jpg","type":"image\/jpeg"}],"author":"desarrollo","twitter_card":"summary_large_image","twitter_misc":{"Written by":"desarrollo","Est. reading time":"2 minutos"},"schema":{"@context":"https:\/\/schema.org","@graph":[{"@type":"Article","@id":"https:\/\/www.metrica-global.com\/pt\/memoria-de-sostenibilidad-2023-compromiso-con-el-futuro\/#article","isPartOf":{"@id":"https:\/\/www.metrica-global.com\/pt\/memoria-de-sostenibilidad-2023-compromiso-con-el-futuro\/"},"author":{"name":"desarrollo","@id":"https:\/\/www.metrica-global.com\/#\/schema\/person\/78e8e629d9e5908167469b249f6f2cdc"},"headline":"Relat\u00f3rio de Sustentabilidade 2023: Compromisso com o Futuro","datePublished":"2024-10-16T13:11:11+00:00","dateModified":"2025-07-30T09:41:43+00:00","mainEntityOfPage":{"@id":"https:\/\/www.metrica-global.com\/pt\/memoria-de-sostenibilidad-2023-compromiso-con-el-futuro\/"},"wordCount":252,"commentCount":0,"publisher":{"@id":"https:\/\/www.metrica-global.com\/#organization"},"image":{"@id":"https:\/\/www.metrica-global.com\/pt\/memoria-de-sostenibilidad-2023-compromiso-con-el-futuro\/#primaryimage"},"thumbnailUrl":"https:\/\/www.metrica-global.com\/wp-content\/uploads\/2024\/10\/BANNER-MEMORIA-scaled-1.jpg","keywords":["Acci\u00f3n Social","Buen gobierno","ESG","Huella de Carbono","Inclusi\u00f3n","Medio Ambiente","Responsabilidad corporativa","Sostenibilidad","Tecnolog\u00eda","Voluntariado"],"articleSection":["Sustainability"],"inLanguage":"pt-PT","potentialAction":[{"@type":"CommentAction","name":"Comment","target":["https:\/\/www.metrica-global.com\/pt\/memoria-de-sostenibilidad-2023-compromiso-con-el-futuro\/#respond"]}]},{"@type":"WebPage","@id":"https:\/\/www.metrica-global.com\/pt\/memoria-de-sostenibilidad-2023-compromiso-con-el-futuro\/","url":"https:\/\/www.metrica-global.com\/pt\/memoria-de-sostenibilidad-2023-compromiso-con-el-futuro\/","name":"Relat\u00f3rio de Sustentabilidade 2023: Compromisso com o Futuro - METRICA","isPartOf":{"@id":"https:\/\/www.metrica-global.com\/#website"},"primaryImageOfPage":{"@id":"https:\/\/www.metrica-global.com\/pt\/memoria-de-sostenibilidad-2023-compromiso-con-el-futuro\/#primaryimage"},"image":{"@id":"https:\/\/www.metrica-global.com\/pt\/memoria-de-sostenibilidad-2023-compromiso-con-el-futuro\/#primaryimage"},"thumbnailUrl":"https:\/\/www.metrica-global.com\/wp-content\/uploads\/2024\/10\/BANNER-MEMORIA-scaled-1.jpg","datePublished":"2024-10-16T13:11:11+00:00","dateModified":"2025-07-30T09:41:43+00:00","breadcrumb":{"@id":"https:\/\/www.metrica-global.com\/pt\/memoria-de-sostenibilidad-2023-compromiso-con-el-futuro\/#breadcrumb"},"inLanguage":"pt-PT","potentialAction":[{"@type":"ReadAction","target":["https:\/\/www.metrica-global.com\/pt\/memoria-de-sostenibilidad-2023-compromiso-con-el-futuro\/"]}]},{"@type":"ImageObject","inLanguage":"pt-PT","@id":"https:\/\/www.metrica-global.com\/pt\/memoria-de-sostenibilidad-2023-compromiso-con-el-futuro\/#primaryimage","url":"https:\/\/www.metrica-global.com\/wp-content\/uploads\/2024\/10\/BANNER-MEMORIA-scaled-1.jpg","contentUrl":"https:\/\/www.metrica-global.com\/wp-content\/uploads\/2024\/10\/BANNER-MEMORIA-scaled-1.jpg","width":2560,"height":996,"caption":"BANNER MEMORIA scaled 1"},{"@type":"BreadcrumbList","@id":"https:\/\/www.metrica-global.com\/pt\/memoria-de-sostenibilidad-2023-compromiso-con-el-futuro\/#breadcrumb","itemListElement":[{"@type":"ListItem","position":1,"name":"Portada","item":"https:\/\/www.metrica-global.com\/pt\/"},{"@type":"ListItem","position":2,"name":"Relat\u00f3rio de Sustentabilidade 2023: Compromisso com o Futuro"}]},{"@type":"WebSite","@id":"https:\/\/www.metrica-global.com\/#website","url":"https:\/\/www.metrica-global.com\/","name":"METRICA","description":"Servicios Globales IT","publisher":{"@id":"https:\/\/www.metrica-global.com\/#organization"},"potentialAction":[{"@type":"SearchAction","target":{"@type":"EntryPoint","urlTemplate":"https:\/\/www.metrica-global.com\/?s={search_term_string}"},"query-input":{"@type":"PropertyValueSpecification","valueRequired":true,"valueName":"search_term_string"}}],"inLanguage":"pt-PT"},{"@type":"Organization","@id":"https:\/\/www.metrica-global.com\/#organization","name":"METRICA","url":"https:\/\/www.metrica-global.com\/","logo":{"@type":"ImageObject","inLanguage":"pt-PT","@id":"https:\/\/www.metrica-global.com\/#\/schema\/logo\/image\/","url":"https:\/\/www.metrica-global.com\/wp-content\/uploads\/2023\/12\/logo-metrica.png","contentUrl":"https:\/\/www.metrica-global.com\/wp-content\/uploads\/2023\/12\/logo-metrica.png","width":332,"height":58,"caption":"METRICA"},"image":{"@id":"https:\/\/www.metrica-global.com\/#\/schema\/logo\/image\/"}},{"@type":"Person","@id":"https:\/\/www.metrica-global.com\/#\/schema\/person\/78e8e629d9e5908167469b249f6f2cdc","name":"desarrollo","image":{"@type":"ImageObject","inLanguage":"pt-PT","@id":"https:\/\/www.metrica-global.com\/#\/schema\/person\/image\/","url":"https:\/\/secure.gravatar.com\/avatar\/d2653fb8f170e1382a31acc69dcf92e99545e6329805eb11d8a34443b058f3de?s=96&d=mm&r=g","contentUrl":"https:\/\/secure.gravatar.com\/avatar\/d2653fb8f170e1382a31acc69dcf92e99545e6329805eb11d8a34443b058f3de?s=96&d=mm&r=g","caption":"desarrollo"},"url":"https:\/\/www.metrica-global.com\/pt\/author\/desarrollo\/"}]}},"_links":{"self":[{"href":"https:\/\/www.metrica-global.com\/pt\/wp-json\/wp\/v2\/posts\/7575","targetHints":{"allow":["GET"]}}],"collection":[{"href":"https:\/\/www.metrica-global.com\/pt\/wp-json\/wp\/v2\/posts"}],"about":[{"href":"https:\/\/www.metrica-global.com\/pt\/wp-json\/wp\/v2\/types\/post"}],"author":[{"embeddable":true,"href":"https:\/\/www.metrica-global.com\/pt\/wp-json\/wp\/v2\/users\/1"}],"replies":[{"embeddable":true,"href":"https:\/\/www.metrica-global.com\/pt\/wp-json\/wp\/v2\/comments?post=7575"}],"version-history":[{"count":3,"href":"https:\/\/www.metrica-global.com\/pt\/wp-json\/wp\/v2\/posts\/7575\/revisions"}],"predecessor-version":[{"id":12537,"href":"https:\/\/www.metrica-global.com\/pt\/wp-json\/wp\/v2\/posts\/7575\/revisions\/12537"}],"wp:featuredmedia":[{"embeddable":true,"href":"https:\/\/www.metrica-global.com\/pt\/wp-json\/wp\/v2\/media\/7576"}],"wp:attachment":[{"href":"https:\/\/www.metrica-global.com\/pt\/wp-json\/wp\/v2\/media?parent=7575"}],"wp:term":[{"taxonomy":"category","embeddable":true,"href":"https:\/\/www.metrica-global.com\/pt\/wp-json\/wp\/v2\/categories?post=7575"},{"taxonomy":"post_tag","embeddable":true,"href":"https:\/\/www.metrica-global.com\/pt\/wp-json\/wp\/v2\/tags?post=7575"}],"curies":[{"name":"wp","href":"https:\/\/api.w.org\/{rel}","templated":true}]}}