{"id":7581,"date":"2024-09-26T16:12:12","date_gmt":"2024-09-26T14:12:12","guid":{"rendered":"https:\/\/www.metrica-global.com\/metrica-y-los-objetivos-de-desarrollo-sostenible\/"},"modified":"2025-07-30T11:49:39","modified_gmt":"2025-07-30T09:49:39","slug":"metrica-y-los-objetivos-de-desarrollo-sostenible","status":"publish","type":"post","link":"https:\/\/www.metrica-global.com\/pt\/metrica-y-los-objetivos-de-desarrollo-sostenible\/","title":{"rendered":"M\u00e9trica e os Objetivos de Desenvolvimento Sustent\u00e1vel"},"content":{"rendered":"\r\n<p data-start=\"182\" data-end=\"628\">No \u00e2mbito do 9.\u00ba anivers\u00e1rio dos Objetivos de Desenvolvimento Sustent\u00e1vel (ODS) das Na\u00e7\u00f5es Unidas, na <b>METRICA <\/b>reafirmamos o nosso compromisso com a sustentabilidade, o impacto social e a prote\u00e7\u00e3o do meio ambiente. Como empresa tecnol\u00f3gica, reconhecemos a responsabilidade de contribuir para um futuro mais justo e sustent\u00e1vel. Neste artigo, partilhamos como integramos os ODS nas nossas opera\u00e7\u00f5es e o que representam para a nossa organiza\u00e7\u00e3o.<\/p>\r\n<hr data-start=\"630\" data-end=\"633\" \/>\r\n<h3 data-section-id=\"1td572i\" data-start=\"635\" data-end=\"682\">O que s\u00e3o os ODS e por que s\u00e3o importantes?<\/h3>\r\n<p data-start=\"684\" data-end=\"919\">Os Objetivos de Desenvolvimento Sustent\u00e1vel s\u00e3o uma agenda global estabelecida pela ONU em 2015, com o objetivo de enfrentar os maiores desafios da humanidade \u2014 desde a erradica\u00e7\u00e3o da pobreza at\u00e9 \u00e0 luta contra as altera\u00e7\u00f5es clim\u00e1ticas.<\/p>\r\n<p data-start=\"921\" data-end=\"1218\">Para a <strong data-start=\"928\" data-end=\"939\">METRICA<\/strong>, os ODS constituem uma refer\u00eancia essencial para gerir de forma respons\u00e1vel o impacto econ\u00f3mico, social e ambiental das nossas atividades. A sua ado\u00e7\u00e3o reflete n\u00e3o apenas o nosso compromisso com o bem-estar das comunidades onde operamos, mas tamb\u00e9m com a preserva\u00e7\u00e3o do planeta.<\/p>\r\n<p data-start=\"1220\" data-end=\"1390\">Este compromisso global permite-nos crescer de forma sustent\u00e1vel, ao mesmo tempo que geramos valor para os nossos colaboradores, clientes e para a sociedade como um todo.<\/p>\r\n<hr data-start=\"1392\" data-end=\"1395\" \/>\r\n<h3 data-section-id=\"zcboft\" data-start=\"1397\" data-end=\"1440\">ODS integrados nas opera\u00e7\u00f5es da METRICA<\/h3>\r\n<p data-start=\"1442\" data-end=\"1542\">Na <strong data-start=\"1445\" data-end=\"1456\">METRICA<\/strong>, alinh\u00e1mos as nossas a\u00e7\u00f5es com os seguintes Objetivos de Desenvolvimento Sustent\u00e1vel:<\/p>\r\n<ul data-start=\"1544\" data-end=\"1763\">\r\n<li data-start=\"1544\" data-end=\"1570\">\r\n<p data-start=\"1546\" data-end=\"1570\">Erradica\u00e7\u00e3o da pobreza<\/p>\r\n<\/li>\r\n<li data-start=\"1571\" data-end=\"1584\">\r\n<p data-start=\"1573\" data-end=\"1584\">Fome zero<\/p>\r\n<\/li>\r\n<li data-start=\"1585\" data-end=\"1606\">\r\n<p data-start=\"1587\" data-end=\"1606\">Sa\u00fade e bem-estar<\/p>\r\n<\/li>\r\n<li data-start=\"1607\" data-end=\"1632\">\r\n<p data-start=\"1609\" data-end=\"1632\">Educa\u00e7\u00e3o de qualidade<\/p>\r\n<\/li>\r\n<li data-start=\"1633\" data-end=\"1656\">\r\n<p data-start=\"1635\" data-end=\"1656\">Igualdade de g\u00e9nero<\/p>\r\n<\/li>\r\n<li data-start=\"1657\" data-end=\"1686\">\r\n<p data-start=\"1659\" data-end=\"1686\">Redu\u00e7\u00e3o das desigualdades<\/p>\r\n<\/li>\r\n<li data-start=\"1687\" data-end=\"1722\">\r\n<p data-start=\"1689\" data-end=\"1722\">Produ\u00e7\u00e3o e consumo sustent\u00e1veis<\/p>\r\n<\/li>\r\n<li data-start=\"1723\" data-end=\"1763\">\r\n<p data-start=\"1725\" data-end=\"1763\">Paz, justi\u00e7a e institui\u00e7\u00f5es eficazes<\/p>\r\n<\/li>\r\n<\/ul>\r\n<hr data-start=\"1765\" data-end=\"1768\" \/>\r\n<h3 data-section-id=\"7iiypt\" data-start=\"1770\" data-end=\"1806\">O nosso compromisso com o futuro<\/h3>\r\n<p data-start=\"1808\" data-end=\"2073\">Na <strong data-start=\"1811\" data-end=\"1822\">METRICA<\/strong>, continuaremos a avan\u00e7ar na implementa\u00e7\u00e3o dos ODS. Acreditamos que a sustentabilidade n\u00e3o \u00e9 apenas uma obriga\u00e7\u00e3o \u00e9tica, mas tamb\u00e9m uma oportunidade para inspirar mudan\u00e7as positivas e construir um mundo mais justo, equitativo e sustent\u00e1vel para todos.<\/p>\r\n","protected":false},"excerpt":{"rendered":"<p>No \u00e2mbito do 9.\u00ba anivers\u00e1rio dos Objetivos de Desenvolvimento Sustent\u00e1vel, reafirmamos o nosso compromisso com a sustentabilidade, o impacto social e a prote\u00e7\u00e3o do meio ambiente.<\/p>\n","protected":false},"author":1,"featured_media":7582,"comment_status":"open","ping_status":"open","sticky":false,"template":"","format":"standard","meta":{"content-type":"","footnotes":""},"categories":[1836],"tags":[1905,1223,1906,1907,1908,1723,1581,1909,1552,1252],"class_list":["post-7581","post","type-post","status-publish","format-standard","has-post-thumbnail","hentry","category-sustainability-pt","tag-agenda-2030-pt","tag-ambito-tecnologico-pt","tag-consumo-responsable-pt","tag-desarrollo-sostenible-pt","tag-educacion-pt","tag-igualdad-de-genero-pt","tag-medio-ambiente-pt","tag-naciones-unidas-pt","tag-ods-pt","tag-sostenibilidad-pt"],"yoast_head":"<!-- This site is optimized with the Yoast SEO plugin v25.9 - https:\/\/yoast.com\/wordpress\/plugins\/seo\/ -->\n<title>M\u00e9trica e os Objetivos de Desenvolvimento Sustent\u00e1vel - METRICA<\/title>\n<meta name=\"robots\" content=\"index, follow, max-snippet:-1, max-image-preview:large, max-video-preview:-1\" \/>\n<link rel=\"canonical\" href=\"https:\/\/www.metrica-global.com\/pt\/metrica-y-los-objetivos-de-desarrollo-sostenible\/\" \/>\n<meta property=\"og:locale\" content=\"pt_PT\" \/>\n<meta property=\"og:type\" content=\"article\" \/>\n<meta property=\"og:title\" content=\"M\u00e9trica e os Objetivos de Desenvolvimento Sustent\u00e1vel - METRICA\" \/>\n<meta property=\"og:description\" content=\"No \u00e2mbito do 9.\u00ba anivers\u00e1rio dos Objetivos de Desenvolvimento Sustent\u00e1vel, reafirmamos o nosso compromisso com a sustentabilidade, o impacto social e a prote\u00e7\u00e3o do meio ambiente.\" \/>\n<meta property=\"og:url\" content=\"https:\/\/www.metrica-global.com\/pt\/metrica-y-los-objetivos-de-desarrollo-sostenible\/\" \/>\n<meta property=\"og:site_name\" content=\"METRICA\" \/>\n<meta property=\"article:published_time\" content=\"2024-09-26T14:12:12+00:00\" \/>\n<meta property=\"article:modified_time\" content=\"2025-07-30T09:49:39+00:00\" \/>\n<meta property=\"og:image\" content=\"https:\/\/www.metrica-global.com\/wp-content\/uploads\/2024\/09\/BANNER-ODS-scaled-1.jpg\" \/>\n\t<meta property=\"og:image:width\" content=\"2560\" \/>\n\t<meta property=\"og:image:height\" content=\"807\" \/>\n\t<meta property=\"og:image:type\" content=\"image\/jpeg\" \/>\n<meta name=\"author\" content=\"desarrollo\" \/>\n<meta name=\"twitter:card\" content=\"summary_large_image\" \/>\n<meta name=\"twitter:label1\" content=\"Written by\" \/>\n\t<meta name=\"twitter:data1\" content=\"desarrollo\" \/>\n\t<meta name=\"twitter:label2\" content=\"Est. reading time\" \/>\n\t<meta name=\"twitter:data2\" content=\"2 minutos\" \/>\n<script type=\"application\/ld+json\" class=\"yoast-schema-graph\">{\"@context\":\"https:\/\/schema.org\",\"@graph\":[{\"@type\":\"Article\",\"@id\":\"https:\/\/www.metrica-global.com\/pt\/metrica-y-los-objetivos-de-desarrollo-sostenible\/#article\",\"isPartOf\":{\"@id\":\"https:\/\/www.metrica-global.com\/pt\/metrica-y-los-objetivos-de-desarrollo-sostenible\/\"},\"author\":{\"name\":\"desarrollo\",\"@id\":\"https:\/\/www.metrica-global.com\/#\/schema\/person\/78e8e629d9e5908167469b249f6f2cdc\"},\"headline\":\"M\u00e9trica e os Objetivos de Desenvolvimento Sustent\u00e1vel\",\"datePublished\":\"2024-09-26T14:12:12+00:00\",\"dateModified\":\"2025-07-30T09:49:39+00:00\",\"mainEntityOfPage\":{\"@id\":\"https:\/\/www.metrica-global.com\/pt\/metrica-y-los-objetivos-de-desarrollo-sostenible\/\"},\"wordCount\":320,\"commentCount\":0,\"publisher\":{\"@id\":\"https:\/\/www.metrica-global.com\/#organization\"},\"image\":{\"@id\":\"https:\/\/www.metrica-global.com\/pt\/metrica-y-los-objetivos-de-desarrollo-sostenible\/#primaryimage\"},\"thumbnailUrl\":\"https:\/\/www.metrica-global.com\/wp-content\/uploads\/2024\/09\/BANNER-ODS-scaled-1.jpg\",\"keywords\":[\"Agenda 2030\",\"\u00c1mbito Tecnol\u00f3gico\",\"Consumo responsable\",\"Desarrollo sostenible\",\"Educaci\u00f3n\",\"Igualdad de g\u00e9nero\",\"Medio Ambiente\",\"Naciones Unidas\",\"ODS\",\"Sostenibilidad\"],\"articleSection\":[\"Sustainability\"],\"inLanguage\":\"pt-PT\",\"potentialAction\":[{\"@type\":\"CommentAction\",\"name\":\"Comment\",\"target\":[\"https:\/\/www.metrica-global.com\/pt\/metrica-y-los-objetivos-de-desarrollo-sostenible\/#respond\"]}]},{\"@type\":\"WebPage\",\"@id\":\"https:\/\/www.metrica-global.com\/pt\/metrica-y-los-objetivos-de-desarrollo-sostenible\/\",\"url\":\"https:\/\/www.metrica-global.com\/pt\/metrica-y-los-objetivos-de-desarrollo-sostenible\/\",\"name\":\"M\u00e9trica e os Objetivos de Desenvolvimento Sustent\u00e1vel - METRICA\",\"isPartOf\":{\"@id\":\"https:\/\/www.metrica-global.com\/#website\"},\"primaryImageOfPage\":{\"@id\":\"https:\/\/www.metrica-global.com\/pt\/metrica-y-los-objetivos-de-desarrollo-sostenible\/#primaryimage\"},\"image\":{\"@id\":\"https:\/\/www.metrica-global.com\/pt\/metrica-y-los-objetivos-de-desarrollo-sostenible\/#primaryimage\"},\"thumbnailUrl\":\"https:\/\/www.metrica-global.com\/wp-content\/uploads\/2024\/09\/BANNER-ODS-scaled-1.jpg\",\"datePublished\":\"2024-09-26T14:12:12+00:00\",\"dateModified\":\"2025-07-30T09:49:39+00:00\",\"breadcrumb\":{\"@id\":\"https:\/\/www.metrica-global.com\/pt\/metrica-y-los-objetivos-de-desarrollo-sostenible\/#breadcrumb\"},\"inLanguage\":\"pt-PT\",\"potentialAction\":[{\"@type\":\"ReadAction\",\"target\":[\"https:\/\/www.metrica-global.com\/pt\/metrica-y-los-objetivos-de-desarrollo-sostenible\/\"]}]},{\"@type\":\"ImageObject\",\"inLanguage\":\"pt-PT\",\"@id\":\"https:\/\/www.metrica-global.com\/pt\/metrica-y-los-objetivos-de-desarrollo-sostenible\/#primaryimage\",\"url\":\"https:\/\/www.metrica-global.com\/wp-content\/uploads\/2024\/09\/BANNER-ODS-scaled-1.jpg\",\"contentUrl\":\"https:\/\/www.metrica-global.com\/wp-content\/uploads\/2024\/09\/BANNER-ODS-scaled-1.jpg\",\"width\":2560,\"height\":807,\"caption\":\"BANNER ODS scaled 1\"},{\"@type\":\"BreadcrumbList\",\"@id\":\"https:\/\/www.metrica-global.com\/pt\/metrica-y-los-objetivos-de-desarrollo-sostenible\/#breadcrumb\",\"itemListElement\":[{\"@type\":\"ListItem\",\"position\":1,\"name\":\"Portada\",\"item\":\"https:\/\/www.metrica-global.com\/pt\/\"},{\"@type\":\"ListItem\",\"position\":2,\"name\":\"M\u00e9trica e os Objetivos de Desenvolvimento Sustent\u00e1vel\"}]},{\"@type\":\"WebSite\",\"@id\":\"https:\/\/www.metrica-global.com\/#website\",\"url\":\"https:\/\/www.metrica-global.com\/\",\"name\":\"METRICA\",\"description\":\"Servicios Globales IT\",\"publisher\":{\"@id\":\"https:\/\/www.metrica-global.com\/#organization\"},\"potentialAction\":[{\"@type\":\"SearchAction\",\"target\":{\"@type\":\"EntryPoint\",\"urlTemplate\":\"https:\/\/www.metrica-global.com\/?s={search_term_string}\"},\"query-input\":{\"@type\":\"PropertyValueSpecification\",\"valueRequired\":true,\"valueName\":\"search_term_string\"}}],\"inLanguage\":\"pt-PT\"},{\"@type\":\"Organization\",\"@id\":\"https:\/\/www.metrica-global.com\/#organization\",\"name\":\"METRICA\",\"url\":\"https:\/\/www.metrica-global.com\/\",\"logo\":{\"@type\":\"ImageObject\",\"inLanguage\":\"pt-PT\",\"@id\":\"https:\/\/www.metrica-global.com\/#\/schema\/logo\/image\/\",\"url\":\"https:\/\/www.metrica-global.com\/wp-content\/uploads\/2023\/12\/logo-metrica.png\",\"contentUrl\":\"https:\/\/www.metrica-global.com\/wp-content\/uploads\/2023\/12\/logo-metrica.png\",\"width\":332,\"height\":58,\"caption\":\"METRICA\"},\"image\":{\"@id\":\"https:\/\/www.metrica-global.com\/#\/schema\/logo\/image\/\"}},{\"@type\":\"Person\",\"@id\":\"https:\/\/www.metrica-global.com\/#\/schema\/person\/78e8e629d9e5908167469b249f6f2cdc\",\"name\":\"desarrollo\",\"image\":{\"@type\":\"ImageObject\",\"inLanguage\":\"pt-PT\",\"@id\":\"https:\/\/www.metrica-global.com\/#\/schema\/person\/image\/\",\"url\":\"https:\/\/secure.gravatar.com\/avatar\/d2653fb8f170e1382a31acc69dcf92e99545e6329805eb11d8a34443b058f3de?s=96&d=mm&r=g\",\"contentUrl\":\"https:\/\/secure.gravatar.com\/avatar\/d2653fb8f170e1382a31acc69dcf92e99545e6329805eb11d8a34443b058f3de?s=96&d=mm&r=g\",\"caption\":\"desarrollo\"},\"url\":\"https:\/\/www.metrica-global.com\/pt\/author\/desarrollo\/\"}]}<\/script>\n<!-- \/ Yoast SEO plugin. -->","yoast_head_json":{"title":"M\u00e9trica e os Objetivos de Desenvolvimento Sustent\u00e1vel - METRICA","robots":{"index":"index","follow":"follow","max-snippet":"max-snippet:-1","max-image-preview":"max-image-preview:large","max-video-preview":"max-video-preview:-1"},"canonical":"https:\/\/www.metrica-global.com\/pt\/metrica-y-los-objetivos-de-desarrollo-sostenible\/","og_locale":"pt_PT","og_type":"article","og_title":"M\u00e9trica e os Objetivos de Desenvolvimento Sustent\u00e1vel - METRICA","og_description":"No \u00e2mbito do 9.\u00ba anivers\u00e1rio dos Objetivos de Desenvolvimento Sustent\u00e1vel, reafirmamos o nosso compromisso com a sustentabilidade, o impacto social e a prote\u00e7\u00e3o do meio ambiente.","og_url":"https:\/\/www.metrica-global.com\/pt\/metrica-y-los-objetivos-de-desarrollo-sostenible\/","og_site_name":"METRICA","article_published_time":"2024-09-26T14:12:12+00:00","article_modified_time":"2025-07-30T09:49:39+00:00","og_image":[{"width":2560,"height":807,"url":"https:\/\/www.metrica-global.com\/wp-content\/uploads\/2024\/09\/BANNER-ODS-scaled-1.jpg","type":"image\/jpeg"}],"author":"desarrollo","twitter_card":"summary_large_image","twitter_misc":{"Written by":"desarrollo","Est. reading time":"2 minutos"},"schema":{"@context":"https:\/\/schema.org","@graph":[{"@type":"Article","@id":"https:\/\/www.metrica-global.com\/pt\/metrica-y-los-objetivos-de-desarrollo-sostenible\/#article","isPartOf":{"@id":"https:\/\/www.metrica-global.com\/pt\/metrica-y-los-objetivos-de-desarrollo-sostenible\/"},"author":{"name":"desarrollo","@id":"https:\/\/www.metrica-global.com\/#\/schema\/person\/78e8e629d9e5908167469b249f6f2cdc"},"headline":"M\u00e9trica e os Objetivos de Desenvolvimento Sustent\u00e1vel","datePublished":"2024-09-26T14:12:12+00:00","dateModified":"2025-07-30T09:49:39+00:00","mainEntityOfPage":{"@id":"https:\/\/www.metrica-global.com\/pt\/metrica-y-los-objetivos-de-desarrollo-sostenible\/"},"wordCount":320,"commentCount":0,"publisher":{"@id":"https:\/\/www.metrica-global.com\/#organization"},"image":{"@id":"https:\/\/www.metrica-global.com\/pt\/metrica-y-los-objetivos-de-desarrollo-sostenible\/#primaryimage"},"thumbnailUrl":"https:\/\/www.metrica-global.com\/wp-content\/uploads\/2024\/09\/BANNER-ODS-scaled-1.jpg","keywords":["Agenda 2030","\u00c1mbito Tecnol\u00f3gico","Consumo responsable","Desarrollo sostenible","Educaci\u00f3n","Igualdad de g\u00e9nero","Medio Ambiente","Naciones Unidas","ODS","Sostenibilidad"],"articleSection":["Sustainability"],"inLanguage":"pt-PT","potentialAction":[{"@type":"CommentAction","name":"Comment","target":["https:\/\/www.metrica-global.com\/pt\/metrica-y-los-objetivos-de-desarrollo-sostenible\/#respond"]}]},{"@type":"WebPage","@id":"https:\/\/www.metrica-global.com\/pt\/metrica-y-los-objetivos-de-desarrollo-sostenible\/","url":"https:\/\/www.metrica-global.com\/pt\/metrica-y-los-objetivos-de-desarrollo-sostenible\/","name":"M\u00e9trica e os Objetivos de Desenvolvimento Sustent\u00e1vel - METRICA","isPartOf":{"@id":"https:\/\/www.metrica-global.com\/#website"},"primaryImageOfPage":{"@id":"https:\/\/www.metrica-global.com\/pt\/metrica-y-los-objetivos-de-desarrollo-sostenible\/#primaryimage"},"image":{"@id":"https:\/\/www.metrica-global.com\/pt\/metrica-y-los-objetivos-de-desarrollo-sostenible\/#primaryimage"},"thumbnailUrl":"https:\/\/www.metrica-global.com\/wp-content\/uploads\/2024\/09\/BANNER-ODS-scaled-1.jpg","datePublished":"2024-09-26T14:12:12+00:00","dateModified":"2025-07-30T09:49:39+00:00","breadcrumb":{"@id":"https:\/\/www.metrica-global.com\/pt\/metrica-y-los-objetivos-de-desarrollo-sostenible\/#breadcrumb"},"inLanguage":"pt-PT","potentialAction":[{"@type":"ReadAction","target":["https:\/\/www.metrica-global.com\/pt\/metrica-y-los-objetivos-de-desarrollo-sostenible\/"]}]},{"@type":"ImageObject","inLanguage":"pt-PT","@id":"https:\/\/www.metrica-global.com\/pt\/metrica-y-los-objetivos-de-desarrollo-sostenible\/#primaryimage","url":"https:\/\/www.metrica-global.com\/wp-content\/uploads\/2024\/09\/BANNER-ODS-scaled-1.jpg","contentUrl":"https:\/\/www.metrica-global.com\/wp-content\/uploads\/2024\/09\/BANNER-ODS-scaled-1.jpg","width":2560,"height":807,"caption":"BANNER ODS scaled 1"},{"@type":"BreadcrumbList","@id":"https:\/\/www.metrica-global.com\/pt\/metrica-y-los-objetivos-de-desarrollo-sostenible\/#breadcrumb","itemListElement":[{"@type":"ListItem","position":1,"name":"Portada","item":"https:\/\/www.metrica-global.com\/pt\/"},{"@type":"ListItem","position":2,"name":"M\u00e9trica e os Objetivos de Desenvolvimento Sustent\u00e1vel"}]},{"@type":"WebSite","@id":"https:\/\/www.metrica-global.com\/#website","url":"https:\/\/www.metrica-global.com\/","name":"METRICA","description":"Servicios Globales IT","publisher":{"@id":"https:\/\/www.metrica-global.com\/#organization"},"potentialAction":[{"@type":"SearchAction","target":{"@type":"EntryPoint","urlTemplate":"https:\/\/www.metrica-global.com\/?s={search_term_string}"},"query-input":{"@type":"PropertyValueSpecification","valueRequired":true,"valueName":"search_term_string"}}],"inLanguage":"pt-PT"},{"@type":"Organization","@id":"https:\/\/www.metrica-global.com\/#organization","name":"METRICA","url":"https:\/\/www.metrica-global.com\/","logo":{"@type":"ImageObject","inLanguage":"pt-PT","@id":"https:\/\/www.metrica-global.com\/#\/schema\/logo\/image\/","url":"https:\/\/www.metrica-global.com\/wp-content\/uploads\/2023\/12\/logo-metrica.png","contentUrl":"https:\/\/www.metrica-global.com\/wp-content\/uploads\/2023\/12\/logo-metrica.png","width":332,"height":58,"caption":"METRICA"},"image":{"@id":"https:\/\/www.metrica-global.com\/#\/schema\/logo\/image\/"}},{"@type":"Person","@id":"https:\/\/www.metrica-global.com\/#\/schema\/person\/78e8e629d9e5908167469b249f6f2cdc","name":"desarrollo","image":{"@type":"ImageObject","inLanguage":"pt-PT","@id":"https:\/\/www.metrica-global.com\/#\/schema\/person\/image\/","url":"https:\/\/secure.gravatar.com\/avatar\/d2653fb8f170e1382a31acc69dcf92e99545e6329805eb11d8a34443b058f3de?s=96&d=mm&r=g","contentUrl":"https:\/\/secure.gravatar.com\/avatar\/d2653fb8f170e1382a31acc69dcf92e99545e6329805eb11d8a34443b058f3de?s=96&d=mm&r=g","caption":"desarrollo"},"url":"https:\/\/www.metrica-global.com\/pt\/author\/desarrollo\/"}]}},"_links":{"self":[{"href":"https:\/\/www.metrica-global.com\/pt\/wp-json\/wp\/v2\/posts\/7581","targetHints":{"allow":["GET"]}}],"collection":[{"href":"https:\/\/www.metrica-global.com\/pt\/wp-json\/wp\/v2\/posts"}],"about":[{"href":"https:\/\/www.metrica-global.com\/pt\/wp-json\/wp\/v2\/types\/post"}],"author":[{"embeddable":true,"href":"https:\/\/www.metrica-global.com\/pt\/wp-json\/wp\/v2\/users\/1"}],"replies":[{"embeddable":true,"href":"https:\/\/www.metrica-global.com\/pt\/wp-json\/wp\/v2\/comments?post=7581"}],"version-history":[{"count":3,"href":"https:\/\/www.metrica-global.com\/pt\/wp-json\/wp\/v2\/posts\/7581\/revisions"}],"predecessor-version":[{"id":12485,"href":"https:\/\/www.metrica-global.com\/pt\/wp-json\/wp\/v2\/posts\/7581\/revisions\/12485"}],"wp:featuredmedia":[{"embeddable":true,"href":"https:\/\/www.metrica-global.com\/pt\/wp-json\/wp\/v2\/media\/7582"}],"wp:attachment":[{"href":"https:\/\/www.metrica-global.com\/pt\/wp-json\/wp\/v2\/media?parent=7581"}],"wp:term":[{"taxonomy":"category","embeddable":true,"href":"https:\/\/www.metrica-global.com\/pt\/wp-json\/wp\/v2\/categories?post=7581"},{"taxonomy":"post_tag","embeddable":true,"href":"https:\/\/www.metrica-global.com\/pt\/wp-json\/wp\/v2\/tags?post=7581"}],"curies":[{"name":"wp","href":"https:\/\/api.w.org\/{rel}","templated":true}]}}