{"id":7589,"date":"2024-09-09T15:32:28","date_gmt":"2024-09-09T13:32:28","guid":{"rendered":"https:\/\/www.metrica-global.com\/ventajas-de-los-vehiculos-electricos\/"},"modified":"2025-07-30T11:49:43","modified_gmt":"2025-07-30T09:49:43","slug":"ventajas-de-los-vehiculos-electricos","status":"publish","type":"post","link":"https:\/\/www.metrica-global.com\/pt\/ventajas-de-los-vehiculos-electricos\/","title":{"rendered":"Vantagens dos Ve\u00edculos El\u00e9tricos"},"content":{"rendered":"\r\n<p data-start=\"184\" data-end=\"625\">Hoje, no Dia Mundial do Carro El\u00e9trico, \u00e9 o momento ideal para falar sobre uma das inova\u00e7\u00f5es mais importantes no setor dos transportes: os carros el\u00e9tricos. Estes ve\u00edculos est\u00e3o a transformar a forma como nos deslocamos, oferecendo uma alternativa mais limpa, eficiente e econ\u00f3mica aos autom\u00f3veis tradicionais a combust\u00e3o. Neste artigo, explicamos todas as vantagens que fazem dos carros el\u00e9tricos a melhor op\u00e7\u00e3o para o futuro da mobilidade.<\/p>\r\n<hr data-start=\"627\" data-end=\"630\" \/>\r\n<h4 data-start=\"632\" data-end=\"695\">1. Menor polui\u00e7\u00e3o: a cuidar do planeta com zero emiss\u00f5es<\/h4>\r\n<p data-start=\"696\" data-end=\"1101\">Uma das maiores vantagens dos carros el\u00e9tricos \u00e9 o seu impacto ambiental positivo. Ao contr\u00e1rio dos ve\u00edculos a combust\u00e3o interna, os carros el\u00e9tricos n\u00e3o emitem gases poluentes durante a circula\u00e7\u00e3o, contribuindo significativamente para a redu\u00e7\u00e3o da pegada de carbono. S\u00e3o, por isso, uma escolha ideal para quem procura um meio de transporte mais ecol\u00f3gico e comprometido com a sustentabilidade do planeta.<\/p>\r\n<hr data-start=\"1103\" data-end=\"1106\" \/>\r\n<h4 data-start=\"1108\" data-end=\"1174\">2. Mobilidade urbana e estacionamento: vantagens exclusivas<\/h4>\r\n<p data-start=\"1175\" data-end=\"1554\">Gra\u00e7as ao estatuto de emiss\u00f5es zero, os condutores de ve\u00edculos el\u00e9tricos beneficiam de diversas vantagens nas cidades. Estes autom\u00f3veis podem circular livremente por zonas de baixas emiss\u00f5es \u2014 cada vez mais comuns nas \u00e1reas urbanas \u2014 e, em muitos casos, est\u00e3o isentos do pagamento de estacionamento na via p\u00fablica, o que representa uma poupan\u00e7a consider\u00e1vel para os utilizadores.<\/p>\r\n<hr data-start=\"1556\" data-end=\"1559\" \/>\r\n<h4 data-start=\"1561\" data-end=\"1632\">3. Pot\u00eancia e conforto: uma experi\u00eancia de condu\u00e7\u00e3o incompar\u00e1vel<\/h4>\r\n<p data-start=\"1633\" data-end=\"1933\">Os carros el\u00e9tricos n\u00e3o s\u00e3o apenas amigos do ambiente, como tamb\u00e9m proporcionam uma experi\u00eancia de condu\u00e7\u00e3o superior. A acelera\u00e7\u00e3o instant\u00e2nea e o funcionamento silencioso tornam a condu\u00e7\u00e3o mais confort\u00e1vel e agrad\u00e1vel. A aus\u00eancia de ru\u00eddo do motor cria um ambiente mais relaxante durante as viagens.<\/p>\r\n<hr data-start=\"1935\" data-end=\"1938\" \/>\r\n<h4 data-start=\"1940\" data-end=\"2002\">4. Menores custos de manuten\u00e7\u00e3o: poupan\u00e7a a longo prazo<\/h4>\r\n<p data-start=\"2003\" data-end=\"2376\">Outra vantagem relevante \u00e9 o baixo custo de manuten\u00e7\u00e3o. Como t\u00eam menos pe\u00e7as m\u00f3veis do que um carro a combust\u00e3o, os ve\u00edculos el\u00e9tricos est\u00e3o menos sujeitos a avarias, o que reduz significativamente os gastos em repara\u00e7\u00f5es. Al\u00e9m disso, o custo de carregamento \u00e9 muito inferior ao de abastecer com gasolina ou gas\u00f3leo \u2014 traduzindo-se numa poupan\u00e7a real a m\u00e9dio e longo prazo.<\/p>\r\n<hr data-start=\"2378\" data-end=\"2381\" \/>\r\n<h4 data-start=\"2383\" data-end=\"2450\">5. Benef\u00edcios fiscais: incentivos para facilitar a transi\u00e7\u00e3o<\/h4>\r\n<p data-start=\"2451\" data-end=\"2830\">Os governos est\u00e3o a promover a ado\u00e7\u00e3o de ve\u00edculos el\u00e9tricos com pol\u00edticas de incentivos. Estas incluem apoios financeiros para a compra de carros el\u00e9tricos (como o programa de incentivo ao abate e aquisi\u00e7\u00e3o de ve\u00edculos de baixas emiss\u00f5es) e dedu\u00e7\u00f5es fiscais para empresas que integrem estes ve\u00edculos nas suas frotas. Estas medidas tornam o investimento mais acess\u00edvel e atrativo.<\/p>\r\n<hr data-start=\"2832\" data-end=\"2835\" \/>\r\n<h3 data-section-id=\"1lxti1o\" data-start=\"2837\" data-end=\"2887\">Conclus\u00e3o: o futuro da mobilidade \u00e9 el\u00e9trico<\/h3>\r\n<p data-start=\"2888\" data-end=\"3203\">Os carros el\u00e9tricos n\u00e3o s\u00e3o apenas uma tend\u00eancia \u2014 representam o futuro da mobilidade sustent\u00e1vel. Com vantagens como a redu\u00e7\u00e3o da polui\u00e7\u00e3o, os baixos custos de manuten\u00e7\u00e3o e os benef\u00edcios fiscais, tornam-se na op\u00e7\u00e3o mais inteligente para quem procura um transporte eficiente, econ\u00f3mico e ambientalmente respons\u00e1vel.<\/p>\r\n<p data-start=\"3205\" data-end=\"3527\">Se est\u00e1s a ponderar trocar de carro, um ve\u00edculo el\u00e9trico \u00e9 um excelente investimento a longo prazo. Estar\u00e1s a contribuir para um planeta mais saud\u00e1vel e, ao mesmo tempo, a beneficiar de uma experi\u00eancia de condu\u00e7\u00e3o superior e de uma poupan\u00e7a significativa. Est\u00e1s pronto para te juntares ao movimento da mobilidade el\u00e9trica?<\/p>\r\n<div class=\"wp-block-media-text is-stacked-on-mobile\">\r\n<div class=\"wp-block-media-text__content\"><\/div>\r\n<\/div>\r\n<!-- \/wp:post-content -->","protected":false},"excerpt":{"rendered":"<p>Hoje, no Dia Mundial do Carro El\u00e9trico, \u00e9 o momento ideal para falar sobre uma das inova\u00e7\u00f5es mais importantes no setor dos transportes: os carros el\u00e9tricos.<\/p>\n","protected":false},"author":1,"featured_media":7591,"comment_status":"open","ping_status":"open","sticky":false,"template":"","format":"standard","meta":{"content-type":"","footnotes":""},"categories":[1836],"tags":[1924,1925,1926,1927,1928,1581,1929,1252,1930],"class_list":["post-7589","post","type-post","status-publish","format-standard","has-post-thumbnail","hentry","category-sustainability-pt","tag-ahorro-en-costes-pt","tag-coches-electricos-pt","tag-contaminacion-pt","tag-dia-mundial-del-coche-electrico-pt","tag-etiqueta-0-pt","tag-medio-ambiente-pt","tag-movilidad-sostenible-pt","tag-sostenibilidad-pt","tag-ventajas-fiscales-pt"],"yoast_head":"<!-- This site is optimized with the Yoast SEO plugin v25.9 - https:\/\/yoast.com\/wordpress\/plugins\/seo\/ -->\n<title>Vantagens dos Ve\u00edculos El\u00e9tricos - METRICA<\/title>\n<meta name=\"robots\" content=\"index, follow, max-snippet:-1, max-image-preview:large, max-video-preview:-1\" \/>\n<link rel=\"canonical\" href=\"https:\/\/www.metrica-global.com\/pt\/ventajas-de-los-vehiculos-electricos\/\" \/>\n<meta property=\"og:locale\" content=\"pt_PT\" \/>\n<meta property=\"og:type\" content=\"article\" \/>\n<meta property=\"og:title\" content=\"Vantagens dos Ve\u00edculos El\u00e9tricos - METRICA\" \/>\n<meta property=\"og:description\" content=\"Hoje, no Dia Mundial do Carro El\u00e9trico, \u00e9 o momento ideal para falar sobre uma das inova\u00e7\u00f5es mais importantes no setor dos transportes: os carros el\u00e9tricos.\" \/>\n<meta property=\"og:url\" content=\"https:\/\/www.metrica-global.com\/pt\/ventajas-de-los-vehiculos-electricos\/\" \/>\n<meta property=\"og:site_name\" content=\"METRICA\" \/>\n<meta property=\"article:published_time\" content=\"2024-09-09T13:32:28+00:00\" \/>\n<meta property=\"article:modified_time\" content=\"2025-07-30T09:49:43+00:00\" \/>\n<meta property=\"og:image\" content=\"https:\/\/www.metrica-global.com\/wp-content\/uploads\/2024\/09\/BANNER-COCHE-ELECTRICO-scaled-1.jpg\" \/>\n\t<meta property=\"og:image:width\" content=\"2560\" \/>\n\t<meta property=\"og:image:height\" content=\"1037\" \/>\n\t<meta property=\"og:image:type\" content=\"image\/jpeg\" \/>\n<meta name=\"author\" content=\"desarrollo\" \/>\n<meta name=\"twitter:card\" content=\"summary_large_image\" \/>\n<meta name=\"twitter:label1\" content=\"Written by\" \/>\n\t<meta name=\"twitter:data1\" content=\"desarrollo\" \/>\n\t<meta name=\"twitter:label2\" content=\"Est. reading time\" \/>\n\t<meta name=\"twitter:data2\" content=\"3 minutos\" \/>\n<script type=\"application\/ld+json\" class=\"yoast-schema-graph\">{\"@context\":\"https:\/\/schema.org\",\"@graph\":[{\"@type\":\"Article\",\"@id\":\"https:\/\/www.metrica-global.com\/pt\/ventajas-de-los-vehiculos-electricos\/#article\",\"isPartOf\":{\"@id\":\"https:\/\/www.metrica-global.com\/pt\/ventajas-de-los-vehiculos-electricos\/\"},\"author\":{\"name\":\"desarrollo\",\"@id\":\"https:\/\/www.metrica-global.com\/#\/schema\/person\/78e8e629d9e5908167469b249f6f2cdc\"},\"headline\":\"Vantagens dos Ve\u00edculos El\u00e9tricos\",\"datePublished\":\"2024-09-09T13:32:28+00:00\",\"dateModified\":\"2025-07-30T09:49:43+00:00\",\"mainEntityOfPage\":{\"@id\":\"https:\/\/www.metrica-global.com\/pt\/ventajas-de-los-vehiculos-electricos\/\"},\"wordCount\":594,\"commentCount\":0,\"publisher\":{\"@id\":\"https:\/\/www.metrica-global.com\/#organization\"},\"image\":{\"@id\":\"https:\/\/www.metrica-global.com\/pt\/ventajas-de-los-vehiculos-electricos\/#primaryimage\"},\"thumbnailUrl\":\"https:\/\/www.metrica-global.com\/wp-content\/uploads\/2024\/09\/BANNER-COCHE-ELECTRICO-scaled-1.jpg\",\"keywords\":[\"ahorro en costes\",\"coches el\u00e9ctricos\",\"Contaminaci\u00f3n\",\"D\u00eda Mundial del Coche El\u00e9ctrico\",\"etiqueta 0\",\"Medio Ambiente\",\"movilidad sostenible\",\"Sostenibilidad\",\"ventajas fiscales\"],\"articleSection\":[\"Sustainability\"],\"inLanguage\":\"pt-PT\",\"potentialAction\":[{\"@type\":\"CommentAction\",\"name\":\"Comment\",\"target\":[\"https:\/\/www.metrica-global.com\/pt\/ventajas-de-los-vehiculos-electricos\/#respond\"]}]},{\"@type\":\"WebPage\",\"@id\":\"https:\/\/www.metrica-global.com\/pt\/ventajas-de-los-vehiculos-electricos\/\",\"url\":\"https:\/\/www.metrica-global.com\/pt\/ventajas-de-los-vehiculos-electricos\/\",\"name\":\"Vantagens dos Ve\u00edculos El\u00e9tricos - METRICA\",\"isPartOf\":{\"@id\":\"https:\/\/www.metrica-global.com\/#website\"},\"primaryImageOfPage\":{\"@id\":\"https:\/\/www.metrica-global.com\/pt\/ventajas-de-los-vehiculos-electricos\/#primaryimage\"},\"image\":{\"@id\":\"https:\/\/www.metrica-global.com\/pt\/ventajas-de-los-vehiculos-electricos\/#primaryimage\"},\"thumbnailUrl\":\"https:\/\/www.metrica-global.com\/wp-content\/uploads\/2024\/09\/BANNER-COCHE-ELECTRICO-scaled-1.jpg\",\"datePublished\":\"2024-09-09T13:32:28+00:00\",\"dateModified\":\"2025-07-30T09:49:43+00:00\",\"breadcrumb\":{\"@id\":\"https:\/\/www.metrica-global.com\/pt\/ventajas-de-los-vehiculos-electricos\/#breadcrumb\"},\"inLanguage\":\"pt-PT\",\"potentialAction\":[{\"@type\":\"ReadAction\",\"target\":[\"https:\/\/www.metrica-global.com\/pt\/ventajas-de-los-vehiculos-electricos\/\"]}]},{\"@type\":\"ImageObject\",\"inLanguage\":\"pt-PT\",\"@id\":\"https:\/\/www.metrica-global.com\/pt\/ventajas-de-los-vehiculos-electricos\/#primaryimage\",\"url\":\"https:\/\/www.metrica-global.com\/wp-content\/uploads\/2024\/09\/BANNER-COCHE-ELECTRICO-scaled-1.jpg\",\"contentUrl\":\"https:\/\/www.metrica-global.com\/wp-content\/uploads\/2024\/09\/BANNER-COCHE-ELECTRICO-scaled-1.jpg\",\"width\":2560,\"height\":1037,\"caption\":\"BANNER COCHE ELECTRICO scaled 1\"},{\"@type\":\"BreadcrumbList\",\"@id\":\"https:\/\/www.metrica-global.com\/pt\/ventajas-de-los-vehiculos-electricos\/#breadcrumb\",\"itemListElement\":[{\"@type\":\"ListItem\",\"position\":1,\"name\":\"Portada\",\"item\":\"https:\/\/www.metrica-global.com\/pt\/\"},{\"@type\":\"ListItem\",\"position\":2,\"name\":\"Vantagens dos Ve\u00edculos El\u00e9tricos\"}]},{\"@type\":\"WebSite\",\"@id\":\"https:\/\/www.metrica-global.com\/#website\",\"url\":\"https:\/\/www.metrica-global.com\/\",\"name\":\"METRICA\",\"description\":\"Servicios Globales IT\",\"publisher\":{\"@id\":\"https:\/\/www.metrica-global.com\/#organization\"},\"potentialAction\":[{\"@type\":\"SearchAction\",\"target\":{\"@type\":\"EntryPoint\",\"urlTemplate\":\"https:\/\/www.metrica-global.com\/?s={search_term_string}\"},\"query-input\":{\"@type\":\"PropertyValueSpecification\",\"valueRequired\":true,\"valueName\":\"search_term_string\"}}],\"inLanguage\":\"pt-PT\"},{\"@type\":\"Organization\",\"@id\":\"https:\/\/www.metrica-global.com\/#organization\",\"name\":\"METRICA\",\"url\":\"https:\/\/www.metrica-global.com\/\",\"logo\":{\"@type\":\"ImageObject\",\"inLanguage\":\"pt-PT\",\"@id\":\"https:\/\/www.metrica-global.com\/#\/schema\/logo\/image\/\",\"url\":\"https:\/\/www.metrica-global.com\/wp-content\/uploads\/2023\/12\/logo-metrica.png\",\"contentUrl\":\"https:\/\/www.metrica-global.com\/wp-content\/uploads\/2023\/12\/logo-metrica.png\",\"width\":332,\"height\":58,\"caption\":\"METRICA\"},\"image\":{\"@id\":\"https:\/\/www.metrica-global.com\/#\/schema\/logo\/image\/\"}},{\"@type\":\"Person\",\"@id\":\"https:\/\/www.metrica-global.com\/#\/schema\/person\/78e8e629d9e5908167469b249f6f2cdc\",\"name\":\"desarrollo\",\"image\":{\"@type\":\"ImageObject\",\"inLanguage\":\"pt-PT\",\"@id\":\"https:\/\/www.metrica-global.com\/#\/schema\/person\/image\/\",\"url\":\"https:\/\/secure.gravatar.com\/avatar\/d2653fb8f170e1382a31acc69dcf92e99545e6329805eb11d8a34443b058f3de?s=96&d=mm&r=g\",\"contentUrl\":\"https:\/\/secure.gravatar.com\/avatar\/d2653fb8f170e1382a31acc69dcf92e99545e6329805eb11d8a34443b058f3de?s=96&d=mm&r=g\",\"caption\":\"desarrollo\"},\"url\":\"https:\/\/www.metrica-global.com\/pt\/author\/desarrollo\/\"}]}<\/script>\n<!-- \/ Yoast SEO plugin. -->","yoast_head_json":{"title":"Vantagens dos Ve\u00edculos El\u00e9tricos - METRICA","robots":{"index":"index","follow":"follow","max-snippet":"max-snippet:-1","max-image-preview":"max-image-preview:large","max-video-preview":"max-video-preview:-1"},"canonical":"https:\/\/www.metrica-global.com\/pt\/ventajas-de-los-vehiculos-electricos\/","og_locale":"pt_PT","og_type":"article","og_title":"Vantagens dos Ve\u00edculos El\u00e9tricos - METRICA","og_description":"Hoje, no Dia Mundial do Carro El\u00e9trico, \u00e9 o momento ideal para falar sobre uma das inova\u00e7\u00f5es mais importantes no setor dos transportes: os carros el\u00e9tricos.","og_url":"https:\/\/www.metrica-global.com\/pt\/ventajas-de-los-vehiculos-electricos\/","og_site_name":"METRICA","article_published_time":"2024-09-09T13:32:28+00:00","article_modified_time":"2025-07-30T09:49:43+00:00","og_image":[{"width":2560,"height":1037,"url":"https:\/\/www.metrica-global.com\/wp-content\/uploads\/2024\/09\/BANNER-COCHE-ELECTRICO-scaled-1.jpg","type":"image\/jpeg"}],"author":"desarrollo","twitter_card":"summary_large_image","twitter_misc":{"Written by":"desarrollo","Est. reading time":"3 minutos"},"schema":{"@context":"https:\/\/schema.org","@graph":[{"@type":"Article","@id":"https:\/\/www.metrica-global.com\/pt\/ventajas-de-los-vehiculos-electricos\/#article","isPartOf":{"@id":"https:\/\/www.metrica-global.com\/pt\/ventajas-de-los-vehiculos-electricos\/"},"author":{"name":"desarrollo","@id":"https:\/\/www.metrica-global.com\/#\/schema\/person\/78e8e629d9e5908167469b249f6f2cdc"},"headline":"Vantagens dos Ve\u00edculos El\u00e9tricos","datePublished":"2024-09-09T13:32:28+00:00","dateModified":"2025-07-30T09:49:43+00:00","mainEntityOfPage":{"@id":"https:\/\/www.metrica-global.com\/pt\/ventajas-de-los-vehiculos-electricos\/"},"wordCount":594,"commentCount":0,"publisher":{"@id":"https:\/\/www.metrica-global.com\/#organization"},"image":{"@id":"https:\/\/www.metrica-global.com\/pt\/ventajas-de-los-vehiculos-electricos\/#primaryimage"},"thumbnailUrl":"https:\/\/www.metrica-global.com\/wp-content\/uploads\/2024\/09\/BANNER-COCHE-ELECTRICO-scaled-1.jpg","keywords":["ahorro en costes","coches el\u00e9ctricos","Contaminaci\u00f3n","D\u00eda Mundial del Coche El\u00e9ctrico","etiqueta 0","Medio Ambiente","movilidad sostenible","Sostenibilidad","ventajas fiscales"],"articleSection":["Sustainability"],"inLanguage":"pt-PT","potentialAction":[{"@type":"CommentAction","name":"Comment","target":["https:\/\/www.metrica-global.com\/pt\/ventajas-de-los-vehiculos-electricos\/#respond"]}]},{"@type":"WebPage","@id":"https:\/\/www.metrica-global.com\/pt\/ventajas-de-los-vehiculos-electricos\/","url":"https:\/\/www.metrica-global.com\/pt\/ventajas-de-los-vehiculos-electricos\/","name":"Vantagens dos Ve\u00edculos El\u00e9tricos - METRICA","isPartOf":{"@id":"https:\/\/www.metrica-global.com\/#website"},"primaryImageOfPage":{"@id":"https:\/\/www.metrica-global.com\/pt\/ventajas-de-los-vehiculos-electricos\/#primaryimage"},"image":{"@id":"https:\/\/www.metrica-global.com\/pt\/ventajas-de-los-vehiculos-electricos\/#primaryimage"},"thumbnailUrl":"https:\/\/www.metrica-global.com\/wp-content\/uploads\/2024\/09\/BANNER-COCHE-ELECTRICO-scaled-1.jpg","datePublished":"2024-09-09T13:32:28+00:00","dateModified":"2025-07-30T09:49:43+00:00","breadcrumb":{"@id":"https:\/\/www.metrica-global.com\/pt\/ventajas-de-los-vehiculos-electricos\/#breadcrumb"},"inLanguage":"pt-PT","potentialAction":[{"@type":"ReadAction","target":["https:\/\/www.metrica-global.com\/pt\/ventajas-de-los-vehiculos-electricos\/"]}]},{"@type":"ImageObject","inLanguage":"pt-PT","@id":"https:\/\/www.metrica-global.com\/pt\/ventajas-de-los-vehiculos-electricos\/#primaryimage","url":"https:\/\/www.metrica-global.com\/wp-content\/uploads\/2024\/09\/BANNER-COCHE-ELECTRICO-scaled-1.jpg","contentUrl":"https:\/\/www.metrica-global.com\/wp-content\/uploads\/2024\/09\/BANNER-COCHE-ELECTRICO-scaled-1.jpg","width":2560,"height":1037,"caption":"BANNER COCHE ELECTRICO scaled 1"},{"@type":"BreadcrumbList","@id":"https:\/\/www.metrica-global.com\/pt\/ventajas-de-los-vehiculos-electricos\/#breadcrumb","itemListElement":[{"@type":"ListItem","position":1,"name":"Portada","item":"https:\/\/www.metrica-global.com\/pt\/"},{"@type":"ListItem","position":2,"name":"Vantagens dos Ve\u00edculos El\u00e9tricos"}]},{"@type":"WebSite","@id":"https:\/\/www.metrica-global.com\/#website","url":"https:\/\/www.metrica-global.com\/","name":"METRICA","description":"Servicios Globales IT","publisher":{"@id":"https:\/\/www.metrica-global.com\/#organization"},"potentialAction":[{"@type":"SearchAction","target":{"@type":"EntryPoint","urlTemplate":"https:\/\/www.metrica-global.com\/?s={search_term_string}"},"query-input":{"@type":"PropertyValueSpecification","valueRequired":true,"valueName":"search_term_string"}}],"inLanguage":"pt-PT"},{"@type":"Organization","@id":"https:\/\/www.metrica-global.com\/#organization","name":"METRICA","url":"https:\/\/www.metrica-global.com\/","logo":{"@type":"ImageObject","inLanguage":"pt-PT","@id":"https:\/\/www.metrica-global.com\/#\/schema\/logo\/image\/","url":"https:\/\/www.metrica-global.com\/wp-content\/uploads\/2023\/12\/logo-metrica.png","contentUrl":"https:\/\/www.metrica-global.com\/wp-content\/uploads\/2023\/12\/logo-metrica.png","width":332,"height":58,"caption":"METRICA"},"image":{"@id":"https:\/\/www.metrica-global.com\/#\/schema\/logo\/image\/"}},{"@type":"Person","@id":"https:\/\/www.metrica-global.com\/#\/schema\/person\/78e8e629d9e5908167469b249f6f2cdc","name":"desarrollo","image":{"@type":"ImageObject","inLanguage":"pt-PT","@id":"https:\/\/www.metrica-global.com\/#\/schema\/person\/image\/","url":"https:\/\/secure.gravatar.com\/avatar\/d2653fb8f170e1382a31acc69dcf92e99545e6329805eb11d8a34443b058f3de?s=96&d=mm&r=g","contentUrl":"https:\/\/secure.gravatar.com\/avatar\/d2653fb8f170e1382a31acc69dcf92e99545e6329805eb11d8a34443b058f3de?s=96&d=mm&r=g","caption":"desarrollo"},"url":"https:\/\/www.metrica-global.com\/pt\/author\/desarrollo\/"}]}},"_links":{"self":[{"href":"https:\/\/www.metrica-global.com\/pt\/wp-json\/wp\/v2\/posts\/7589","targetHints":{"allow":["GET"]}}],"collection":[{"href":"https:\/\/www.metrica-global.com\/pt\/wp-json\/wp\/v2\/posts"}],"about":[{"href":"https:\/\/www.metrica-global.com\/pt\/wp-json\/wp\/v2\/types\/post"}],"author":[{"embeddable":true,"href":"https:\/\/www.metrica-global.com\/pt\/wp-json\/wp\/v2\/users\/1"}],"replies":[{"embeddable":true,"href":"https:\/\/www.metrica-global.com\/pt\/wp-json\/wp\/v2\/comments?post=7589"}],"version-history":[{"count":3,"href":"https:\/\/www.metrica-global.com\/pt\/wp-json\/wp\/v2\/posts\/7589\/revisions"}],"predecessor-version":[{"id":12487,"href":"https:\/\/www.metrica-global.com\/pt\/wp-json\/wp\/v2\/posts\/7589\/revisions\/12487"}],"wp:featuredmedia":[{"embeddable":true,"href":"https:\/\/www.metrica-global.com\/pt\/wp-json\/wp\/v2\/media\/7591"}],"wp:attachment":[{"href":"https:\/\/www.metrica-global.com\/pt\/wp-json\/wp\/v2\/media?parent=7589"}],"wp:term":[{"taxonomy":"category","embeddable":true,"href":"https:\/\/www.metrica-global.com\/pt\/wp-json\/wp\/v2\/categories?post=7589"},{"taxonomy":"post_tag","embeddable":true,"href":"https:\/\/www.metrica-global.com\/pt\/wp-json\/wp\/v2\/tags?post=7589"}],"curies":[{"name":"wp","href":"https:\/\/api.w.org\/{rel}","templated":true}]}}