{"id":7596,"date":"2024-08-28T13:00:00","date_gmt":"2024-08-28T11:00:00","guid":{"rendered":"https:\/\/www.metrica-global.com\/calculo-de-nuestra-huella-de-carbono-2023\/"},"modified":"2025-07-30T11:35:59","modified_gmt":"2025-07-30T09:35:59","slug":"calculo-de-nuestra-huella-de-carbono-2023","status":"publish","type":"post","link":"https:\/\/www.metrica-global.com\/pt\/calculo-de-nuestra-huella-de-carbono-2023\/","title":{"rendered":"C\u00e1lculo da Nossa Pegada de Carbono 2023"},"content":{"rendered":"\r\n<p data-start=\"254\" data-end=\"816\">Na <strong data-start=\"257\" data-end=\"268\">METRICA<\/strong>, estamos firmemente comprometidos com a sustentabilidade e com o combate \u00e0s altera\u00e7\u00f5es clim\u00e1ticas. Com orgulho, anunciamos que conclu\u00edmos o <strong data-start=\"409\" data-end=\"472\">c\u00e1lculo da nossa Pegada de Carbono referente ao ano de 2023<\/strong>, um exerc\u00edcio que realiz\u00e1mos <strong data-start=\"502\" data-end=\"547\">a partir da nossa sede central em Espanha<\/strong>, pela segunda vez consecutiva. Esta medi\u00e7\u00e3o foi feita de acordo com o reconhecido <strong data-start=\"630\" data-end=\"672\">Greenhouse Gas Protocol (GHG Protocol)<\/strong> \u2014 uma metodologia internacional que nos permite avaliar, gerir e reduzir o impacto ambiental das nossas emiss\u00f5es de gases com efeito de estufa.<\/p>\r\n<h3 data-start=\"818\" data-end=\"845\">O que \u00e9 o GHG Protocol?<\/h3>\r\n<p data-start=\"847\" data-end=\"1262\">O <strong data-start=\"849\" data-end=\"865\">GHG Protocol<\/strong> \u00e9 um padr\u00e3o globalmente aceite, desenvolvido pelo <strong data-start=\"916\" data-end=\"951\">World Resources Institute (WRI)<\/strong> e pelo <strong data-start=\"959\" data-end=\"1021\">World Business Council for Sustainable Development (WBCSD)<\/strong>, com o objetivo de oferecer uma estrutura transparente e eficaz para a gest\u00e3o de emiss\u00f5es nas empresas. Este protocolo ajuda organiza\u00e7\u00f5es em todo o mundo a identificar as suas fontes de emiss\u00e3o e a desenvolver estrat\u00e9gias claras de redu\u00e7\u00e3o.<\/p>\r\n<h3 data-start=\"1264\" data-end=\"1329\">Principais medidas implementadas com base no c\u00e1lculo de 2023:<\/h3>\r\n<p data-start=\"1331\" data-end=\"1498\">Com base nos resultados obtidos no c\u00e1lculo realizado em Espanha, atualiz\u00e1mos o nosso <strong data-start=\"1416\" data-end=\"1457\">Plano de Redu\u00e7\u00e3o de Emiss\u00f5es at\u00e9 2030<\/strong>, que contempla as seguintes iniciativas:<\/p>\r\n<ul data-start=\"1500\" data-end=\"2063\">\r\n<li data-start=\"1500\" data-end=\"1648\">\r\n<p data-start=\"1502\" data-end=\"1648\">\ud83c\udf93 <strong data-start=\"1505\" data-end=\"1530\">Forma\u00e7\u00f5es espec\u00edficas<\/strong>: Desenvolvemos a\u00e7\u00f5es de forma\u00e7\u00e3o interna para sensibilizar a nossa equipa sobre pr\u00e1ticas sustent\u00e1veis e respons\u00e1veis.<\/p>\r\n<\/li>\r\n<li data-start=\"1649\" data-end=\"1780\">\r\n<p data-start=\"1651\" data-end=\"1780\">\ud83c\udfaf <strong data-start=\"1654\" data-end=\"1681\">Alinhamento estrat\u00e9gico<\/strong>: Os nossos objetivos ambientais est\u00e3o agora plenamente integrados na estrat\u00e9gia global da empresa.<\/p>\r\n<\/li>\r\n<li data-start=\"1781\" data-end=\"1906\">\r\n<p data-start=\"1783\" data-end=\"1906\">\ud83c\udf31 <strong data-start=\"1786\" data-end=\"1813\">Projetos de compensa\u00e7\u00e3o<\/strong>: Estamos a desenvolver iniciativas concretas que nos ajudem a compensar as emiss\u00f5es geradas.<\/p>\r\n<\/li>\r\n<li data-start=\"1907\" data-end=\"2063\">\r\n<p data-start=\"1909\" data-end=\"2063\">\ud83d\udcc9 <strong data-start=\"1912\" data-end=\"1950\">Redu\u00e7\u00e3o anual da pegada de carbono<\/strong>: Continuamos firmes no nosso caminho para alcan\u00e7ar o objetivo de <strong data-start=\"2016\" data-end=\"2053\">neutralidade carb\u00f3nica (Net Zero)<\/strong> at\u00e9 2050.<\/p>\r\n<\/li>\r\n<\/ul>\r\n<h3 data-start=\"2065\" data-end=\"2102\">Rumo a um futuro mais sustent\u00e1vel<\/h3>\r\n<p data-start=\"2104\" data-end=\"2400\">Na <strong data-start=\"2107\" data-end=\"2118\">METRICA<\/strong>, acreditamos que <strong data-start=\"2136\" data-end=\"2155\">cada a\u00e7\u00e3o conta<\/strong> na constru\u00e7\u00e3o de um futuro mais verde. A realiza\u00e7\u00e3o deste c\u00e1lculo a partir da nossa sede central em Espanha reflete o nosso empenho em aplicar as melhores pr\u00e1ticas de sustentabilidade em todas as nossas opera\u00e7\u00f5es, em qualquer pa\u00eds onde atuemos.<\/p>\r\n<p data-start=\"2402\" data-end=\"2660\">Convidamo-lo(a) a conhecer em detalhe os dados da nossa Pegada de Carbono 2023, bem como as a\u00e7\u00f5es que estamos a desenvolver para reduzir o nosso impacto ambiental. Visite as nossas redes sociais e junte-se a n\u00f3s nesta jornada por um planeta mais equilibrado.<\/p>\r\n<p data-start=\"2662\" data-end=\"2706\" data-is-last-node=\"\" data-is-only-node=\"\">\ud83c\udf0d <strong data-start=\"2665\" data-end=\"2706\" data-is-last-node=\"\">S\u00ea a mudan\u00e7a que queres ver no mundo.<\/strong><\/p>\r\n","protected":false},"excerpt":{"rendered":"<p>Conclu\u00edmos o c\u00e1lculo da nossa Pegada de Carbono 2023, um esfor\u00e7o levado a cabo pela segunda vez consecutiva. Esta an\u00e1lise foi realizada de acordo com o Greenhouse Gas Protocol (GHG Protocol).<\/p>\n","protected":false},"author":1,"featured_media":7597,"comment_status":"open","ping_status":"open","sticky":false,"template":"","format":"standard","meta":{"content-type":"","footnotes":""},"categories":[1836],"tags":[1223,1941,1942,1285,1943,1944,1894,1581,1945,1859,1173,1252],"class_list":["post-7596","post","type-post","status-publish","format-standard","has-post-thumbnail","hentry","category-sustainability-pt","tag-ambito-tecnologico-pt","tag-cambio-climatico-pt","tag-co2-pt","tag-compromiso-empresarial-pt","tag-empresa-sostenible-pt","tag-ghg-protocol-pt","tag-huella-de-carbono-pt","tag-medio-ambiente-pt","tag-netzero-pt","tag-reduccion-de-emisiones-pt","tag-sector-it-pt","tag-sostenibilidad-pt"],"yoast_head":"<!-- This site is optimized with the Yoast SEO plugin v25.9 - https:\/\/yoast.com\/wordpress\/plugins\/seo\/ -->\n<title>C\u00e1lculo da Nossa Pegada de Carbono 2023 - METRICA<\/title>\n<meta name=\"robots\" content=\"index, follow, max-snippet:-1, max-image-preview:large, max-video-preview:-1\" \/>\n<link rel=\"canonical\" href=\"https:\/\/www.metrica-global.com\/pt\/calculo-de-nuestra-huella-de-carbono-2023\/\" \/>\n<meta property=\"og:locale\" content=\"pt_PT\" \/>\n<meta property=\"og:type\" content=\"article\" \/>\n<meta property=\"og:title\" content=\"C\u00e1lculo da Nossa Pegada de Carbono 2023 - METRICA\" \/>\n<meta property=\"og:description\" content=\"Conclu\u00edmos o c\u00e1lculo da nossa Pegada de Carbono 2023, um esfor\u00e7o levado a cabo pela segunda vez consecutiva. Esta an\u00e1lise foi realizada de acordo com o Greenhouse Gas Protocol (GHG Protocol).\" \/>\n<meta property=\"og:url\" content=\"https:\/\/www.metrica-global.com\/pt\/calculo-de-nuestra-huella-de-carbono-2023\/\" \/>\n<meta property=\"og:site_name\" content=\"METRICA\" \/>\n<meta property=\"article:published_time\" content=\"2024-08-28T11:00:00+00:00\" \/>\n<meta property=\"article:modified_time\" content=\"2025-07-30T09:35:59+00:00\" \/>\n<meta property=\"og:image\" content=\"https:\/\/www.metrica-global.com\/wp-content\/uploads\/2024\/08\/BANNER-HUELLA-CARBONO-scaled-1.jpg\" \/>\n\t<meta property=\"og:image:width\" content=\"2560\" \/>\n\t<meta property=\"og:image:height\" content=\"939\" \/>\n\t<meta property=\"og:image:type\" content=\"image\/jpeg\" \/>\n<meta name=\"author\" content=\"desarrollo\" \/>\n<meta name=\"twitter:card\" content=\"summary_large_image\" \/>\n<meta name=\"twitter:label1\" content=\"Written by\" \/>\n\t<meta name=\"twitter:data1\" content=\"desarrollo\" \/>\n\t<meta name=\"twitter:label2\" content=\"Est. reading time\" \/>\n\t<meta name=\"twitter:data2\" content=\"2 minutos\" \/>\n<script type=\"application\/ld+json\" class=\"yoast-schema-graph\">{\"@context\":\"https:\/\/schema.org\",\"@graph\":[{\"@type\":\"Article\",\"@id\":\"https:\/\/www.metrica-global.com\/pt\/calculo-de-nuestra-huella-de-carbono-2023\/#article\",\"isPartOf\":{\"@id\":\"https:\/\/www.metrica-global.com\/pt\/calculo-de-nuestra-huella-de-carbono-2023\/\"},\"author\":{\"name\":\"desarrollo\",\"@id\":\"https:\/\/www.metrica-global.com\/#\/schema\/person\/78e8e629d9e5908167469b249f6f2cdc\"},\"headline\":\"C\u00e1lculo da Nossa Pegada de Carbono 2023\",\"datePublished\":\"2024-08-28T11:00:00+00:00\",\"dateModified\":\"2025-07-30T09:35:59+00:00\",\"mainEntityOfPage\":{\"@id\":\"https:\/\/www.metrica-global.com\/pt\/calculo-de-nuestra-huella-de-carbono-2023\/\"},\"wordCount\":407,\"commentCount\":0,\"publisher\":{\"@id\":\"https:\/\/www.metrica-global.com\/#organization\"},\"image\":{\"@id\":\"https:\/\/www.metrica-global.com\/pt\/calculo-de-nuestra-huella-de-carbono-2023\/#primaryimage\"},\"thumbnailUrl\":\"https:\/\/www.metrica-global.com\/wp-content\/uploads\/2024\/08\/BANNER-HUELLA-CARBONO-scaled-1.jpg\",\"keywords\":[\"\u00c1mbito Tecnol\u00f3gico\",\"Cambio Clim\u00e1tico\",\"CO2\",\"Compromiso empresarial\",\"Empresa sostenible\",\"GHG Protocol\",\"Huella de Carbono\",\"Medio Ambiente\",\"NetZero\",\"Reducci\u00f3n de Emisiones\",\"Sector IT\",\"Sostenibilidad\"],\"articleSection\":[\"Sustainability\"],\"inLanguage\":\"pt-PT\",\"potentialAction\":[{\"@type\":\"CommentAction\",\"name\":\"Comment\",\"target\":[\"https:\/\/www.metrica-global.com\/pt\/calculo-de-nuestra-huella-de-carbono-2023\/#respond\"]}]},{\"@type\":\"WebPage\",\"@id\":\"https:\/\/www.metrica-global.com\/pt\/calculo-de-nuestra-huella-de-carbono-2023\/\",\"url\":\"https:\/\/www.metrica-global.com\/pt\/calculo-de-nuestra-huella-de-carbono-2023\/\",\"name\":\"C\u00e1lculo da Nossa Pegada de Carbono 2023 - METRICA\",\"isPartOf\":{\"@id\":\"https:\/\/www.metrica-global.com\/#website\"},\"primaryImageOfPage\":{\"@id\":\"https:\/\/www.metrica-global.com\/pt\/calculo-de-nuestra-huella-de-carbono-2023\/#primaryimage\"},\"image\":{\"@id\":\"https:\/\/www.metrica-global.com\/pt\/calculo-de-nuestra-huella-de-carbono-2023\/#primaryimage\"},\"thumbnailUrl\":\"https:\/\/www.metrica-global.com\/wp-content\/uploads\/2024\/08\/BANNER-HUELLA-CARBONO-scaled-1.jpg\",\"datePublished\":\"2024-08-28T11:00:00+00:00\",\"dateModified\":\"2025-07-30T09:35:59+00:00\",\"breadcrumb\":{\"@id\":\"https:\/\/www.metrica-global.com\/pt\/calculo-de-nuestra-huella-de-carbono-2023\/#breadcrumb\"},\"inLanguage\":\"pt-PT\",\"potentialAction\":[{\"@type\":\"ReadAction\",\"target\":[\"https:\/\/www.metrica-global.com\/pt\/calculo-de-nuestra-huella-de-carbono-2023\/\"]}]},{\"@type\":\"ImageObject\",\"inLanguage\":\"pt-PT\",\"@id\":\"https:\/\/www.metrica-global.com\/pt\/calculo-de-nuestra-huella-de-carbono-2023\/#primaryimage\",\"url\":\"https:\/\/www.metrica-global.com\/wp-content\/uploads\/2024\/08\/BANNER-HUELLA-CARBONO-scaled-1.jpg\",\"contentUrl\":\"https:\/\/www.metrica-global.com\/wp-content\/uploads\/2024\/08\/BANNER-HUELLA-CARBONO-scaled-1.jpg\",\"width\":2560,\"height\":939,\"caption\":\"BANNER HUELLA CARBONO scaled 1\"},{\"@type\":\"BreadcrumbList\",\"@id\":\"https:\/\/www.metrica-global.com\/pt\/calculo-de-nuestra-huella-de-carbono-2023\/#breadcrumb\",\"itemListElement\":[{\"@type\":\"ListItem\",\"position\":1,\"name\":\"Portada\",\"item\":\"https:\/\/www.metrica-global.com\/pt\/\"},{\"@type\":\"ListItem\",\"position\":2,\"name\":\"C\u00e1lculo da Nossa Pegada de Carbono 2023\"}]},{\"@type\":\"WebSite\",\"@id\":\"https:\/\/www.metrica-global.com\/#website\",\"url\":\"https:\/\/www.metrica-global.com\/\",\"name\":\"METRICA\",\"description\":\"Servicios Globales IT\",\"publisher\":{\"@id\":\"https:\/\/www.metrica-global.com\/#organization\"},\"potentialAction\":[{\"@type\":\"SearchAction\",\"target\":{\"@type\":\"EntryPoint\",\"urlTemplate\":\"https:\/\/www.metrica-global.com\/?s={search_term_string}\"},\"query-input\":{\"@type\":\"PropertyValueSpecification\",\"valueRequired\":true,\"valueName\":\"search_term_string\"}}],\"inLanguage\":\"pt-PT\"},{\"@type\":\"Organization\",\"@id\":\"https:\/\/www.metrica-global.com\/#organization\",\"name\":\"METRICA\",\"url\":\"https:\/\/www.metrica-global.com\/\",\"logo\":{\"@type\":\"ImageObject\",\"inLanguage\":\"pt-PT\",\"@id\":\"https:\/\/www.metrica-global.com\/#\/schema\/logo\/image\/\",\"url\":\"https:\/\/www.metrica-global.com\/wp-content\/uploads\/2023\/12\/logo-metrica.png\",\"contentUrl\":\"https:\/\/www.metrica-global.com\/wp-content\/uploads\/2023\/12\/logo-metrica.png\",\"width\":332,\"height\":58,\"caption\":\"METRICA\"},\"image\":{\"@id\":\"https:\/\/www.metrica-global.com\/#\/schema\/logo\/image\/\"}},{\"@type\":\"Person\",\"@id\":\"https:\/\/www.metrica-global.com\/#\/schema\/person\/78e8e629d9e5908167469b249f6f2cdc\",\"name\":\"desarrollo\",\"image\":{\"@type\":\"ImageObject\",\"inLanguage\":\"pt-PT\",\"@id\":\"https:\/\/www.metrica-global.com\/#\/schema\/person\/image\/\",\"url\":\"https:\/\/secure.gravatar.com\/avatar\/d2653fb8f170e1382a31acc69dcf92e99545e6329805eb11d8a34443b058f3de?s=96&d=mm&r=g\",\"contentUrl\":\"https:\/\/secure.gravatar.com\/avatar\/d2653fb8f170e1382a31acc69dcf92e99545e6329805eb11d8a34443b058f3de?s=96&d=mm&r=g\",\"caption\":\"desarrollo\"},\"url\":\"https:\/\/www.metrica-global.com\/pt\/author\/desarrollo\/\"}]}<\/script>\n<!-- \/ Yoast SEO plugin. -->","yoast_head_json":{"title":"C\u00e1lculo da Nossa Pegada de Carbono 2023 - METRICA","robots":{"index":"index","follow":"follow","max-snippet":"max-snippet:-1","max-image-preview":"max-image-preview:large","max-video-preview":"max-video-preview:-1"},"canonical":"https:\/\/www.metrica-global.com\/pt\/calculo-de-nuestra-huella-de-carbono-2023\/","og_locale":"pt_PT","og_type":"article","og_title":"C\u00e1lculo da Nossa Pegada de Carbono 2023 - METRICA","og_description":"Conclu\u00edmos o c\u00e1lculo da nossa Pegada de Carbono 2023, um esfor\u00e7o levado a cabo pela segunda vez consecutiva. Esta an\u00e1lise foi realizada de acordo com o Greenhouse Gas Protocol (GHG Protocol).","og_url":"https:\/\/www.metrica-global.com\/pt\/calculo-de-nuestra-huella-de-carbono-2023\/","og_site_name":"METRICA","article_published_time":"2024-08-28T11:00:00+00:00","article_modified_time":"2025-07-30T09:35:59+00:00","og_image":[{"width":2560,"height":939,"url":"https:\/\/www.metrica-global.com\/wp-content\/uploads\/2024\/08\/BANNER-HUELLA-CARBONO-scaled-1.jpg","type":"image\/jpeg"}],"author":"desarrollo","twitter_card":"summary_large_image","twitter_misc":{"Written by":"desarrollo","Est. reading time":"2 minutos"},"schema":{"@context":"https:\/\/schema.org","@graph":[{"@type":"Article","@id":"https:\/\/www.metrica-global.com\/pt\/calculo-de-nuestra-huella-de-carbono-2023\/#article","isPartOf":{"@id":"https:\/\/www.metrica-global.com\/pt\/calculo-de-nuestra-huella-de-carbono-2023\/"},"author":{"name":"desarrollo","@id":"https:\/\/www.metrica-global.com\/#\/schema\/person\/78e8e629d9e5908167469b249f6f2cdc"},"headline":"C\u00e1lculo da Nossa Pegada de Carbono 2023","datePublished":"2024-08-28T11:00:00+00:00","dateModified":"2025-07-30T09:35:59+00:00","mainEntityOfPage":{"@id":"https:\/\/www.metrica-global.com\/pt\/calculo-de-nuestra-huella-de-carbono-2023\/"},"wordCount":407,"commentCount":0,"publisher":{"@id":"https:\/\/www.metrica-global.com\/#organization"},"image":{"@id":"https:\/\/www.metrica-global.com\/pt\/calculo-de-nuestra-huella-de-carbono-2023\/#primaryimage"},"thumbnailUrl":"https:\/\/www.metrica-global.com\/wp-content\/uploads\/2024\/08\/BANNER-HUELLA-CARBONO-scaled-1.jpg","keywords":["\u00c1mbito Tecnol\u00f3gico","Cambio Clim\u00e1tico","CO2","Compromiso empresarial","Empresa sostenible","GHG Protocol","Huella de Carbono","Medio Ambiente","NetZero","Reducci\u00f3n de Emisiones","Sector IT","Sostenibilidad"],"articleSection":["Sustainability"],"inLanguage":"pt-PT","potentialAction":[{"@type":"CommentAction","name":"Comment","target":["https:\/\/www.metrica-global.com\/pt\/calculo-de-nuestra-huella-de-carbono-2023\/#respond"]}]},{"@type":"WebPage","@id":"https:\/\/www.metrica-global.com\/pt\/calculo-de-nuestra-huella-de-carbono-2023\/","url":"https:\/\/www.metrica-global.com\/pt\/calculo-de-nuestra-huella-de-carbono-2023\/","name":"C\u00e1lculo da Nossa Pegada de Carbono 2023 - METRICA","isPartOf":{"@id":"https:\/\/www.metrica-global.com\/#website"},"primaryImageOfPage":{"@id":"https:\/\/www.metrica-global.com\/pt\/calculo-de-nuestra-huella-de-carbono-2023\/#primaryimage"},"image":{"@id":"https:\/\/www.metrica-global.com\/pt\/calculo-de-nuestra-huella-de-carbono-2023\/#primaryimage"},"thumbnailUrl":"https:\/\/www.metrica-global.com\/wp-content\/uploads\/2024\/08\/BANNER-HUELLA-CARBONO-scaled-1.jpg","datePublished":"2024-08-28T11:00:00+00:00","dateModified":"2025-07-30T09:35:59+00:00","breadcrumb":{"@id":"https:\/\/www.metrica-global.com\/pt\/calculo-de-nuestra-huella-de-carbono-2023\/#breadcrumb"},"inLanguage":"pt-PT","potentialAction":[{"@type":"ReadAction","target":["https:\/\/www.metrica-global.com\/pt\/calculo-de-nuestra-huella-de-carbono-2023\/"]}]},{"@type":"ImageObject","inLanguage":"pt-PT","@id":"https:\/\/www.metrica-global.com\/pt\/calculo-de-nuestra-huella-de-carbono-2023\/#primaryimage","url":"https:\/\/www.metrica-global.com\/wp-content\/uploads\/2024\/08\/BANNER-HUELLA-CARBONO-scaled-1.jpg","contentUrl":"https:\/\/www.metrica-global.com\/wp-content\/uploads\/2024\/08\/BANNER-HUELLA-CARBONO-scaled-1.jpg","width":2560,"height":939,"caption":"BANNER HUELLA CARBONO scaled 1"},{"@type":"BreadcrumbList","@id":"https:\/\/www.metrica-global.com\/pt\/calculo-de-nuestra-huella-de-carbono-2023\/#breadcrumb","itemListElement":[{"@type":"ListItem","position":1,"name":"Portada","item":"https:\/\/www.metrica-global.com\/pt\/"},{"@type":"ListItem","position":2,"name":"C\u00e1lculo da Nossa Pegada de Carbono 2023"}]},{"@type":"WebSite","@id":"https:\/\/www.metrica-global.com\/#website","url":"https:\/\/www.metrica-global.com\/","name":"METRICA","description":"Servicios Globales IT","publisher":{"@id":"https:\/\/www.metrica-global.com\/#organization"},"potentialAction":[{"@type":"SearchAction","target":{"@type":"EntryPoint","urlTemplate":"https:\/\/www.metrica-global.com\/?s={search_term_string}"},"query-input":{"@type":"PropertyValueSpecification","valueRequired":true,"valueName":"search_term_string"}}],"inLanguage":"pt-PT"},{"@type":"Organization","@id":"https:\/\/www.metrica-global.com\/#organization","name":"METRICA","url":"https:\/\/www.metrica-global.com\/","logo":{"@type":"ImageObject","inLanguage":"pt-PT","@id":"https:\/\/www.metrica-global.com\/#\/schema\/logo\/image\/","url":"https:\/\/www.metrica-global.com\/wp-content\/uploads\/2023\/12\/logo-metrica.png","contentUrl":"https:\/\/www.metrica-global.com\/wp-content\/uploads\/2023\/12\/logo-metrica.png","width":332,"height":58,"caption":"METRICA"},"image":{"@id":"https:\/\/www.metrica-global.com\/#\/schema\/logo\/image\/"}},{"@type":"Person","@id":"https:\/\/www.metrica-global.com\/#\/schema\/person\/78e8e629d9e5908167469b249f6f2cdc","name":"desarrollo","image":{"@type":"ImageObject","inLanguage":"pt-PT","@id":"https:\/\/www.metrica-global.com\/#\/schema\/person\/image\/","url":"https:\/\/secure.gravatar.com\/avatar\/d2653fb8f170e1382a31acc69dcf92e99545e6329805eb11d8a34443b058f3de?s=96&d=mm&r=g","contentUrl":"https:\/\/secure.gravatar.com\/avatar\/d2653fb8f170e1382a31acc69dcf92e99545e6329805eb11d8a34443b058f3de?s=96&d=mm&r=g","caption":"desarrollo"},"url":"https:\/\/www.metrica-global.com\/pt\/author\/desarrollo\/"}]}},"_links":{"self":[{"href":"https:\/\/www.metrica-global.com\/pt\/wp-json\/wp\/v2\/posts\/7596","targetHints":{"allow":["GET"]}}],"collection":[{"href":"https:\/\/www.metrica-global.com\/pt\/wp-json\/wp\/v2\/posts"}],"about":[{"href":"https:\/\/www.metrica-global.com\/pt\/wp-json\/wp\/v2\/types\/post"}],"author":[{"embeddable":true,"href":"https:\/\/www.metrica-global.com\/pt\/wp-json\/wp\/v2\/users\/1"}],"replies":[{"embeddable":true,"href":"https:\/\/www.metrica-global.com\/pt\/wp-json\/wp\/v2\/comments?post=7596"}],"version-history":[{"count":2,"href":"https:\/\/www.metrica-global.com\/pt\/wp-json\/wp\/v2\/posts\/7596\/revisions"}],"predecessor-version":[{"id":12533,"href":"https:\/\/www.metrica-global.com\/pt\/wp-json\/wp\/v2\/posts\/7596\/revisions\/12533"}],"wp:featuredmedia":[{"embeddable":true,"href":"https:\/\/www.metrica-global.com\/pt\/wp-json\/wp\/v2\/media\/7597"}],"wp:attachment":[{"href":"https:\/\/www.metrica-global.com\/pt\/wp-json\/wp\/v2\/media?parent=7596"}],"wp:term":[{"taxonomy":"category","embeddable":true,"href":"https:\/\/www.metrica-global.com\/pt\/wp-json\/wp\/v2\/categories?post=7596"},{"taxonomy":"post_tag","embeddable":true,"href":"https:\/\/www.metrica-global.com\/pt\/wp-json\/wp\/v2\/tags?post=7596"}],"curies":[{"name":"wp","href":"https:\/\/api.w.org\/{rel}","templated":true}]}}