{"id":7789,"date":"2025-05-07T14:00:47","date_gmt":"2025-05-07T12:00:47","guid":{"rendered":"https:\/\/www.metrica-global.com\/deporte-marca-y-valores-patrocinios-con-proposito\/"},"modified":"2025-07-30T11:44:47","modified_gmt":"2025-07-30T09:44:47","slug":"desporto-marca-e-valores-patrocinios-com-proposito","status":"publish","type":"post","link":"https:\/\/www.metrica-global.com\/pt\/desporto-marca-e-valores-patrocinios-com-proposito\/","title":{"rendered":"Desporto, marca e valores: patroc\u00ednios com prop\u00f3sito"},"content":{"rendered":"\r\n<h2><b>O desporto como canal de visibilidade e cultura corporativa<\/b><\/h2>\r\n<p><span style=\"font-weight: 400;\">A marca METRICA n\u00e3o se constr\u00f3i apenas com tecnologia: consolida-se tamb\u00e9m em cada hist\u00f3ria de supera\u00e7\u00e3o, em cada conquista desportiva e em cada causa com impacto positivo. Por isso, integramos os patroc\u00ednios desportivos na nossa estrat\u00e9gia de marketing de forma coerente com a nossa cultura corporativa.<\/span><\/p>\r\n<p><span style=\"font-weight: 400;\">Durante a \u00e9poca 2024-2025, formaliz\u00e1mos tr\u00eas acordos de patroc\u00ednio com significado e impacto especiais. Estes patroc\u00ednios n\u00e3o s\u00f3 refor\u00e7am o nosso posicionamento, como tamb\u00e9m nos conectam emocionalmente com o meio envolvente e refor\u00e7am a nossa aposta no talento, no compromisso e no trabalho em equipa.<\/span><\/p>\r\n<h2 class=\"wp-block-heading\">\u00a0<\/h2>\r\n<h2><b>Javier Grande, velocidade e visibilidade em pista<\/b><\/h2>\r\n<p><span style=\"font-weight: 400;\">O primeiro dos nossos acordos \u00e9 com Javier Grande, piloto de motociclismo que compete nas categorias MBC SBK EASY-RACE, Copa de Espa\u00f1a SBK e Campeonato de Castilla-La Mancha. Um talento jovem, disciplinado e apaixonado que representa o esp\u00edrito de supera\u00e7\u00e3o que tamb\u00e9m inspira a METRICA.<\/span><\/p>\r\n<p><span style=\"font-weight: 400;\">Gra\u00e7as a este patroc\u00ednio, a nossa marca est\u00e1 em destaque em cada evento: os log\u00f3tipos da METRICA est\u00e3o presentes tanto na mota de competi\u00e7\u00e3o como na zona de boxes. A participa\u00e7\u00e3o do Javi em circuitos emblem\u00e1ticos como El Jarama e Jerez permite-nos conectar com milhares de adeptos do motociclismo e potenciar o reconhecimento da marca num contexto altamente din\u00e2mico.<\/span><\/p>\r\n<h2 class=\"wp-block-heading\">\u00a0<\/h2>\r\n<h2><b>CD La Avanzada, proximidade e comunidade<\/b><\/h2>\r\n<p><span style=\"font-weight: 400;\">No futebol, celebr\u00e1mos um acordo de patroc\u00ednio com o Clube Desportivo La Avanzada, uma institui\u00e7\u00e3o com forte presen\u00e7a na Comunidade de Madrid. Na \u00e9poca 2024-2025, o log\u00f3tipo da METRICA ocupa um lugar de destaque no centro da camisola da segunda equipa do clube.<\/span><\/p>\r\n<p><span style=\"font-weight: 400;\">Este patroc\u00ednio refor\u00e7a a nossa proximidade com a comunidade local e proporciona-nos visibilidade relevante tanto nos jogos da Categoria Preferente da Real Federa\u00e7\u00e3o de Futebol de Madrid como nos canais digitais do clube, particularmente ativos nas redes sociais. \u00c9 uma aposta no desporto de base, na comunidade e no talento emergente.<\/span><\/p>\r\n<h2 class=\"wp-block-heading\">\u00a0<\/h2>\r\n<h2><b>ONCOGRAVEL, tecnologia e compromisso solid\u00e1rio<\/b><\/h2>\r\n<p><span style=\"font-weight: 400;\">O terceiro patroc\u00ednio desta temporada foi, sem d\u00favida, um dos mais inspiradores. Particip\u00e1mos como patrocinadores da equipa de ciclismo que competiu na corrida solid\u00e1ria ONCOGRAVEL, organizada pela Funda\u00e7\u00e3o Oncol\u00f3gica de Girona. Um evento realizado a 9 de novembro, com um percurso de 243 km, marcado pela emo\u00e7\u00e3o, esfor\u00e7o coletivo e uma causa que nos toca a todos: melhorar a vida das pessoas que enfrentam o cancro.<\/span><\/p>\r\n<p><span style=\"font-weight: 400;\">Este tipo de a\u00e7\u00e3o refor\u00e7a a nossa vis\u00e3o de que a tecnologia e o compromisso social podem \u2014 e devem \u2014 andar de m\u00e3os dadas. Fazer parte do ONCOGRAVEL foi uma experi\u00eancia de marca com alma, onde cada pedalada representou um passo em dire\u00e7\u00e3o a uma sociedade mais consciente e solid\u00e1ria.<\/span><\/p>\r\n<h2 class=\"wp-block-heading\">\u00a0<\/h2>\r\n<h2><b>Uma marca que se move com prop\u00f3sito<\/b><\/h2>\r\n<p><span style=\"font-weight: 400;\">Apoiar o Javier Grande, o CD La Avanzada e a equipa ONCOGRAVEL n\u00e3o \u00e9 apenas uma estrat\u00e9gia de branding. \u00c9 uma declara\u00e7\u00e3o de princ\u00edpios. Na METRICA acreditamos que os valores n\u00e3o se comunicam: vivem-se. E atrav\u00e9s do desporto, encontramos um meio poderoso de mostrar quem somos, o que defendemos e para onde queremos avan\u00e7ar.<\/span><\/p>\r\n","protected":false},"excerpt":{"rendered":"<p>Na METRICA, o desporto \u00e9 uma ferramenta estrat\u00e9gica que vai al\u00e9m do marketing. Atrav\u00e9s dos nossos patroc\u00ednios, refor\u00e7amos a visibilidade da marca, promovemos um estilo de vida ativo e transmitimos os nossos valores corporativos com autenticidade e compromisso.<\/p>\n","protected":false},"author":1,"featured_media":7790,"comment_status":"open","ping_status":"open","sticky":false,"template":"","format":"standard","meta":{"content-type":"","footnotes":""},"categories":[1166],"tags":[2129,1446,2130,2131,2132,2133,2134,2135,2136,2137],"class_list":["post-7789","post","type-post","status-publish","format-standard","has-post-thumbnail","hentry","category-atualidade-pt","tag-cdlaavanzada-pt","tag-culturacorporativa-pt","tag-deporteymarca-pt","tag-javiergrande-pt","tag-marketingconvalores-pt","tag-metricaapoyaeldeporte-pt","tag-oncogravel-pt","tag-patrocinioconproposito-pt","tag-responsabilidadsocial-pt","tag-visibilidaddemarca-pt"],"yoast_head":"<!-- This site is optimized with the Yoast SEO plugin v25.9 - https:\/\/yoast.com\/wordpress\/plugins\/seo\/ -->\n<title>Desporto, marca e valores: patroc\u00ednios com prop\u00f3sito - METRICA<\/title>\n<meta name=\"robots\" content=\"index, follow, max-snippet:-1, max-image-preview:large, max-video-preview:-1\" \/>\n<link rel=\"canonical\" href=\"https:\/\/www.metrica-global.com\/pt\/desporto-marca-e-valores-patrocinios-com-proposito\/\" \/>\n<meta property=\"og:locale\" content=\"pt_PT\" \/>\n<meta property=\"og:type\" content=\"article\" \/>\n<meta property=\"og:title\" content=\"Desporto, marca e valores: patroc\u00ednios com prop\u00f3sito - METRICA\" \/>\n<meta property=\"og:description\" content=\"Na METRICA, o desporto \u00e9 uma ferramenta estrat\u00e9gica que vai al\u00e9m do marketing. Atrav\u00e9s dos nossos patroc\u00ednios, refor\u00e7amos a visibilidade da marca, promovemos um estilo de vida ativo e transmitimos os nossos valores corporativos com autenticidade e compromisso.\" \/>\n<meta property=\"og:url\" content=\"https:\/\/www.metrica-global.com\/pt\/desporto-marca-e-valores-patrocinios-com-proposito\/\" \/>\n<meta property=\"og:site_name\" content=\"METRICA\" \/>\n<meta property=\"article:published_time\" content=\"2025-05-07T12:00:47+00:00\" \/>\n<meta property=\"article:modified_time\" content=\"2025-07-30T09:44:47+00:00\" \/>\n<meta property=\"og:image\" content=\"https:\/\/www.metrica-global.com\/wp-content\/uploads\/2025\/05\/DANIAAVV-scaled.jpg\" \/>\n\t<meta property=\"og:image:width\" content=\"2560\" \/>\n\t<meta property=\"og:image:height\" content=\"1707\" \/>\n\t<meta property=\"og:image:type\" content=\"image\/jpeg\" \/>\n<meta name=\"author\" content=\"desarrollo\" \/>\n<meta name=\"twitter:card\" content=\"summary_large_image\" \/>\n<meta name=\"twitter:label1\" content=\"Written by\" \/>\n\t<meta name=\"twitter:data1\" content=\"desarrollo\" \/>\n\t<meta name=\"twitter:label2\" content=\"Est. reading time\" \/>\n\t<meta name=\"twitter:data2\" content=\"3 minutos\" \/>\n<script type=\"application\/ld+json\" class=\"yoast-schema-graph\">{\"@context\":\"https:\/\/schema.org\",\"@graph\":[{\"@type\":\"Article\",\"@id\":\"https:\/\/www.metrica-global.com\/pt\/desporto-marca-e-valores-patrocinios-com-proposito\/#article\",\"isPartOf\":{\"@id\":\"https:\/\/www.metrica-global.com\/pt\/desporto-marca-e-valores-patrocinios-com-proposito\/\"},\"author\":{\"name\":\"desarrollo\",\"@id\":\"https:\/\/www.metrica-global.com\/#\/schema\/person\/78e8e629d9e5908167469b249f6f2cdc\"},\"headline\":\"Desporto, marca e valores: patroc\u00ednios com prop\u00f3sito\",\"datePublished\":\"2025-05-07T12:00:47+00:00\",\"dateModified\":\"2025-07-30T09:44:47+00:00\",\"mainEntityOfPage\":{\"@id\":\"https:\/\/www.metrica-global.com\/pt\/desporto-marca-e-valores-patrocinios-com-proposito\/\"},\"wordCount\":554,\"commentCount\":0,\"publisher\":{\"@id\":\"https:\/\/www.metrica-global.com\/#organization\"},\"image\":{\"@id\":\"https:\/\/www.metrica-global.com\/pt\/desporto-marca-e-valores-patrocinios-com-proposito\/#primaryimage\"},\"thumbnailUrl\":\"https:\/\/www.metrica-global.com\/wp-content\/uploads\/2025\/05\/DANIAAVV-scaled.jpg\",\"keywords\":[\"CDLaAvanzada\",\"CulturaCorporativa\",\"DeporteYMarca\",\"JavierGrande\",\"MarketingConValores\",\"METRICAApoyaElDeporte\",\"ONCOGRAVEL\",\"PatrocinioConProposito\",\"ResponsabilidadSocial\",\"VisibilidadDeMarca\"],\"articleSection\":[\"Atualidade\"],\"inLanguage\":\"pt-PT\",\"potentialAction\":[{\"@type\":\"CommentAction\",\"name\":\"Comment\",\"target\":[\"https:\/\/www.metrica-global.com\/pt\/desporto-marca-e-valores-patrocinios-com-proposito\/#respond\"]}]},{\"@type\":\"WebPage\",\"@id\":\"https:\/\/www.metrica-global.com\/pt\/desporto-marca-e-valores-patrocinios-com-proposito\/\",\"url\":\"https:\/\/www.metrica-global.com\/pt\/desporto-marca-e-valores-patrocinios-com-proposito\/\",\"name\":\"Desporto, marca e valores: patroc\u00ednios com prop\u00f3sito - METRICA\",\"isPartOf\":{\"@id\":\"https:\/\/www.metrica-global.com\/#website\"},\"primaryImageOfPage\":{\"@id\":\"https:\/\/www.metrica-global.com\/pt\/desporto-marca-e-valores-patrocinios-com-proposito\/#primaryimage\"},\"image\":{\"@id\":\"https:\/\/www.metrica-global.com\/pt\/desporto-marca-e-valores-patrocinios-com-proposito\/#primaryimage\"},\"thumbnailUrl\":\"https:\/\/www.metrica-global.com\/wp-content\/uploads\/2025\/05\/DANIAAVV-scaled.jpg\",\"datePublished\":\"2025-05-07T12:00:47+00:00\",\"dateModified\":\"2025-07-30T09:44:47+00:00\",\"breadcrumb\":{\"@id\":\"https:\/\/www.metrica-global.com\/pt\/desporto-marca-e-valores-patrocinios-com-proposito\/#breadcrumb\"},\"inLanguage\":\"pt-PT\",\"potentialAction\":[{\"@type\":\"ReadAction\",\"target\":[\"https:\/\/www.metrica-global.com\/pt\/desporto-marca-e-valores-patrocinios-com-proposito\/\"]}]},{\"@type\":\"ImageObject\",\"inLanguage\":\"pt-PT\",\"@id\":\"https:\/\/www.metrica-global.com\/pt\/desporto-marca-e-valores-patrocinios-com-proposito\/#primaryimage\",\"url\":\"https:\/\/www.metrica-global.com\/wp-content\/uploads\/2025\/05\/DANIAAVV-scaled.jpg\",\"contentUrl\":\"https:\/\/www.metrica-global.com\/wp-content\/uploads\/2025\/05\/DANIAAVV-scaled.jpg\",\"width\":2560,\"height\":1707,\"caption\":\"DANIAAVV scaled\"},{\"@type\":\"BreadcrumbList\",\"@id\":\"https:\/\/www.metrica-global.com\/pt\/desporto-marca-e-valores-patrocinios-com-proposito\/#breadcrumb\",\"itemListElement\":[{\"@type\":\"ListItem\",\"position\":1,\"name\":\"Portada\",\"item\":\"https:\/\/www.metrica-global.com\/pt\/\"},{\"@type\":\"ListItem\",\"position\":2,\"name\":\"Desporto, marca e valores: patroc\u00ednios com prop\u00f3sito\"}]},{\"@type\":\"WebSite\",\"@id\":\"https:\/\/www.metrica-global.com\/#website\",\"url\":\"https:\/\/www.metrica-global.com\/\",\"name\":\"METRICA\",\"description\":\"Servicios Globales IT\",\"publisher\":{\"@id\":\"https:\/\/www.metrica-global.com\/#organization\"},\"potentialAction\":[{\"@type\":\"SearchAction\",\"target\":{\"@type\":\"EntryPoint\",\"urlTemplate\":\"https:\/\/www.metrica-global.com\/?s={search_term_string}\"},\"query-input\":{\"@type\":\"PropertyValueSpecification\",\"valueRequired\":true,\"valueName\":\"search_term_string\"}}],\"inLanguage\":\"pt-PT\"},{\"@type\":\"Organization\",\"@id\":\"https:\/\/www.metrica-global.com\/#organization\",\"name\":\"METRICA\",\"url\":\"https:\/\/www.metrica-global.com\/\",\"logo\":{\"@type\":\"ImageObject\",\"inLanguage\":\"pt-PT\",\"@id\":\"https:\/\/www.metrica-global.com\/#\/schema\/logo\/image\/\",\"url\":\"https:\/\/www.metrica-global.com\/wp-content\/uploads\/2023\/12\/logo-metrica.png\",\"contentUrl\":\"https:\/\/www.metrica-global.com\/wp-content\/uploads\/2023\/12\/logo-metrica.png\",\"width\":332,\"height\":58,\"caption\":\"METRICA\"},\"image\":{\"@id\":\"https:\/\/www.metrica-global.com\/#\/schema\/logo\/image\/\"}},{\"@type\":\"Person\",\"@id\":\"https:\/\/www.metrica-global.com\/#\/schema\/person\/78e8e629d9e5908167469b249f6f2cdc\",\"name\":\"desarrollo\",\"image\":{\"@type\":\"ImageObject\",\"inLanguage\":\"pt-PT\",\"@id\":\"https:\/\/www.metrica-global.com\/#\/schema\/person\/image\/\",\"url\":\"https:\/\/secure.gravatar.com\/avatar\/d2653fb8f170e1382a31acc69dcf92e99545e6329805eb11d8a34443b058f3de?s=96&d=mm&r=g\",\"contentUrl\":\"https:\/\/secure.gravatar.com\/avatar\/d2653fb8f170e1382a31acc69dcf92e99545e6329805eb11d8a34443b058f3de?s=96&d=mm&r=g\",\"caption\":\"desarrollo\"},\"url\":\"https:\/\/www.metrica-global.com\/pt\/author\/desarrollo\/\"}]}<\/script>\n<!-- \/ Yoast SEO plugin. -->","yoast_head_json":{"title":"Desporto, marca e valores: patroc\u00ednios com prop\u00f3sito - METRICA","robots":{"index":"index","follow":"follow","max-snippet":"max-snippet:-1","max-image-preview":"max-image-preview:large","max-video-preview":"max-video-preview:-1"},"canonical":"https:\/\/www.metrica-global.com\/pt\/desporto-marca-e-valores-patrocinios-com-proposito\/","og_locale":"pt_PT","og_type":"article","og_title":"Desporto, marca e valores: patroc\u00ednios com prop\u00f3sito - METRICA","og_description":"Na METRICA, o desporto \u00e9 uma ferramenta estrat\u00e9gica que vai al\u00e9m do marketing. Atrav\u00e9s dos nossos patroc\u00ednios, refor\u00e7amos a visibilidade da marca, promovemos um estilo de vida ativo e transmitimos os nossos valores corporativos com autenticidade e compromisso.","og_url":"https:\/\/www.metrica-global.com\/pt\/desporto-marca-e-valores-patrocinios-com-proposito\/","og_site_name":"METRICA","article_published_time":"2025-05-07T12:00:47+00:00","article_modified_time":"2025-07-30T09:44:47+00:00","og_image":[{"width":2560,"height":1707,"url":"https:\/\/www.metrica-global.com\/wp-content\/uploads\/2025\/05\/DANIAAVV-scaled.jpg","type":"image\/jpeg"}],"author":"desarrollo","twitter_card":"summary_large_image","twitter_misc":{"Written by":"desarrollo","Est. reading time":"3 minutos"},"schema":{"@context":"https:\/\/schema.org","@graph":[{"@type":"Article","@id":"https:\/\/www.metrica-global.com\/pt\/desporto-marca-e-valores-patrocinios-com-proposito\/#article","isPartOf":{"@id":"https:\/\/www.metrica-global.com\/pt\/desporto-marca-e-valores-patrocinios-com-proposito\/"},"author":{"name":"desarrollo","@id":"https:\/\/www.metrica-global.com\/#\/schema\/person\/78e8e629d9e5908167469b249f6f2cdc"},"headline":"Desporto, marca e valores: patroc\u00ednios com prop\u00f3sito","datePublished":"2025-05-07T12:00:47+00:00","dateModified":"2025-07-30T09:44:47+00:00","mainEntityOfPage":{"@id":"https:\/\/www.metrica-global.com\/pt\/desporto-marca-e-valores-patrocinios-com-proposito\/"},"wordCount":554,"commentCount":0,"publisher":{"@id":"https:\/\/www.metrica-global.com\/#organization"},"image":{"@id":"https:\/\/www.metrica-global.com\/pt\/desporto-marca-e-valores-patrocinios-com-proposito\/#primaryimage"},"thumbnailUrl":"https:\/\/www.metrica-global.com\/wp-content\/uploads\/2025\/05\/DANIAAVV-scaled.jpg","keywords":["CDLaAvanzada","CulturaCorporativa","DeporteYMarca","JavierGrande","MarketingConValores","METRICAApoyaElDeporte","ONCOGRAVEL","PatrocinioConProposito","ResponsabilidadSocial","VisibilidadDeMarca"],"articleSection":["Atualidade"],"inLanguage":"pt-PT","potentialAction":[{"@type":"CommentAction","name":"Comment","target":["https:\/\/www.metrica-global.com\/pt\/desporto-marca-e-valores-patrocinios-com-proposito\/#respond"]}]},{"@type":"WebPage","@id":"https:\/\/www.metrica-global.com\/pt\/desporto-marca-e-valores-patrocinios-com-proposito\/","url":"https:\/\/www.metrica-global.com\/pt\/desporto-marca-e-valores-patrocinios-com-proposito\/","name":"Desporto, marca e valores: patroc\u00ednios com prop\u00f3sito - METRICA","isPartOf":{"@id":"https:\/\/www.metrica-global.com\/#website"},"primaryImageOfPage":{"@id":"https:\/\/www.metrica-global.com\/pt\/desporto-marca-e-valores-patrocinios-com-proposito\/#primaryimage"},"image":{"@id":"https:\/\/www.metrica-global.com\/pt\/desporto-marca-e-valores-patrocinios-com-proposito\/#primaryimage"},"thumbnailUrl":"https:\/\/www.metrica-global.com\/wp-content\/uploads\/2025\/05\/DANIAAVV-scaled.jpg","datePublished":"2025-05-07T12:00:47+00:00","dateModified":"2025-07-30T09:44:47+00:00","breadcrumb":{"@id":"https:\/\/www.metrica-global.com\/pt\/desporto-marca-e-valores-patrocinios-com-proposito\/#breadcrumb"},"inLanguage":"pt-PT","potentialAction":[{"@type":"ReadAction","target":["https:\/\/www.metrica-global.com\/pt\/desporto-marca-e-valores-patrocinios-com-proposito\/"]}]},{"@type":"ImageObject","inLanguage":"pt-PT","@id":"https:\/\/www.metrica-global.com\/pt\/desporto-marca-e-valores-patrocinios-com-proposito\/#primaryimage","url":"https:\/\/www.metrica-global.com\/wp-content\/uploads\/2025\/05\/DANIAAVV-scaled.jpg","contentUrl":"https:\/\/www.metrica-global.com\/wp-content\/uploads\/2025\/05\/DANIAAVV-scaled.jpg","width":2560,"height":1707,"caption":"DANIAAVV scaled"},{"@type":"BreadcrumbList","@id":"https:\/\/www.metrica-global.com\/pt\/desporto-marca-e-valores-patrocinios-com-proposito\/#breadcrumb","itemListElement":[{"@type":"ListItem","position":1,"name":"Portada","item":"https:\/\/www.metrica-global.com\/pt\/"},{"@type":"ListItem","position":2,"name":"Desporto, marca e valores: patroc\u00ednios com prop\u00f3sito"}]},{"@type":"WebSite","@id":"https:\/\/www.metrica-global.com\/#website","url":"https:\/\/www.metrica-global.com\/","name":"METRICA","description":"Servicios Globales IT","publisher":{"@id":"https:\/\/www.metrica-global.com\/#organization"},"potentialAction":[{"@type":"SearchAction","target":{"@type":"EntryPoint","urlTemplate":"https:\/\/www.metrica-global.com\/?s={search_term_string}"},"query-input":{"@type":"PropertyValueSpecification","valueRequired":true,"valueName":"search_term_string"}}],"inLanguage":"pt-PT"},{"@type":"Organization","@id":"https:\/\/www.metrica-global.com\/#organization","name":"METRICA","url":"https:\/\/www.metrica-global.com\/","logo":{"@type":"ImageObject","inLanguage":"pt-PT","@id":"https:\/\/www.metrica-global.com\/#\/schema\/logo\/image\/","url":"https:\/\/www.metrica-global.com\/wp-content\/uploads\/2023\/12\/logo-metrica.png","contentUrl":"https:\/\/www.metrica-global.com\/wp-content\/uploads\/2023\/12\/logo-metrica.png","width":332,"height":58,"caption":"METRICA"},"image":{"@id":"https:\/\/www.metrica-global.com\/#\/schema\/logo\/image\/"}},{"@type":"Person","@id":"https:\/\/www.metrica-global.com\/#\/schema\/person\/78e8e629d9e5908167469b249f6f2cdc","name":"desarrollo","image":{"@type":"ImageObject","inLanguage":"pt-PT","@id":"https:\/\/www.metrica-global.com\/#\/schema\/person\/image\/","url":"https:\/\/secure.gravatar.com\/avatar\/d2653fb8f170e1382a31acc69dcf92e99545e6329805eb11d8a34443b058f3de?s=96&d=mm&r=g","contentUrl":"https:\/\/secure.gravatar.com\/avatar\/d2653fb8f170e1382a31acc69dcf92e99545e6329805eb11d8a34443b058f3de?s=96&d=mm&r=g","caption":"desarrollo"},"url":"https:\/\/www.metrica-global.com\/pt\/author\/desarrollo\/"}]}},"_links":{"self":[{"href":"https:\/\/www.metrica-global.com\/pt\/wp-json\/wp\/v2\/posts\/7789","targetHints":{"allow":["GET"]}}],"collection":[{"href":"https:\/\/www.metrica-global.com\/pt\/wp-json\/wp\/v2\/posts"}],"about":[{"href":"https:\/\/www.metrica-global.com\/pt\/wp-json\/wp\/v2\/types\/post"}],"author":[{"embeddable":true,"href":"https:\/\/www.metrica-global.com\/pt\/wp-json\/wp\/v2\/users\/1"}],"replies":[{"embeddable":true,"href":"https:\/\/www.metrica-global.com\/pt\/wp-json\/wp\/v2\/comments?post=7789"}],"version-history":[{"count":2,"href":"https:\/\/www.metrica-global.com\/pt\/wp-json\/wp\/v2\/posts\/7789\/revisions"}],"predecessor-version":[{"id":7792,"href":"https:\/\/www.metrica-global.com\/pt\/wp-json\/wp\/v2\/posts\/7789\/revisions\/7792"}],"wp:featuredmedia":[{"embeddable":true,"href":"https:\/\/www.metrica-global.com\/pt\/wp-json\/wp\/v2\/media\/7790"}],"wp:attachment":[{"href":"https:\/\/www.metrica-global.com\/pt\/wp-json\/wp\/v2\/media?parent=7789"}],"wp:term":[{"taxonomy":"category","embeddable":true,"href":"https:\/\/www.metrica-global.com\/pt\/wp-json\/wp\/v2\/categories?post=7789"},{"taxonomy":"post_tag","embeddable":true,"href":"https:\/\/www.metrica-global.com\/pt\/wp-json\/wp\/v2\/tags?post=7789"}],"curies":[{"name":"wp","href":"https:\/\/api.w.org\/{rel}","templated":true}]}}