{"id":13529,"date":"2025-09-09T13:59:29","date_gmt":"2025-09-09T11:59:29","guid":{"rendered":"https:\/\/www.metrica-global.com\/el-adn-de-metrica-nuestros-valores-corporativos\/"},"modified":"2025-10-10T10:16:33","modified_gmt":"2025-10-10T08:16:33","slug":"el-adn-de-metrica-nuestros-valores-corporativos","status":"publish","type":"post","link":"https:\/\/www.metrica-global.com\/usa\/el-adn-de-metrica-nuestros-valores-corporativos\/","title":{"rendered":"The DNA of METRICA: Our Corporate Values"},"content":{"rendered":"<p data-start=\"194\" data-end=\"550\">In a constantly evolving digital world, organizations need more than just technological solutions to stand out \u2014 they need a clear purpose and strong values that guide every action. At <strong data-start=\"379\" data-end=\"390\">METRICA<\/strong>, our corporate DNA is the foundation of everything we do. It reflects the way we work, build relationships, and grow alongside our clients and partners. \ud83e\uddec\ud83c\udf0d<\/p>\n<h3 data-start=\"552\" data-end=\"597\">What Does METRICA\u2019s Corporate DNA Mean?<\/h3>\n<p data-start=\"599\" data-end=\"840\">At <strong data-start=\"602\" data-end=\"613\">METRICA<\/strong>, we believe that digital transformation only makes sense when it\u2019s supported by a way of working based on trust, innovation, and people. Our values are not just words \u2014 they are commitments we bring to life in every project.<\/p>\n<h4 data-start=\"842\" data-end=\"867\">1. We Are Close \ud83e\udd1d<\/h4>\n<p data-start=\"868\" data-end=\"1021\">Trust is our starting point. We build strong, lasting relationships with our clients, partners, and teams \u2014 based on transparency and active listening.<\/p>\n<h4 data-start=\"1023\" data-end=\"1051\">2. We Are Flexible \ud83d\udd04<\/h4>\n<p data-start=\"1052\" data-end=\"1217\">The technological landscape evolves at high speed, and we adapt to every challenge. We deliver tailored solutions that fit the specific needs of each organization.<\/p>\n<h4 data-start=\"1219\" data-end=\"1248\">3. We Are Proactive \ud83d\ude80<\/h4>\n<p data-start=\"1249\" data-end=\"1423\">Innovation is part of our everyday work. We anticipate needs, bring new ideas to the table, and always look for the best way to solve technological and business challenges.<\/p>\n<h4 data-start=\"1425\" data-end=\"1450\">4. We Are Human \ud83d\udc9c<\/h4>\n<p data-start=\"1451\" data-end=\"1676\">Our greatest strength lies in our people. We foster an inclusive, diverse, and talent-driven organizational culture \u2014 because we know that behind every technological solution there are committed teams with a shared purpose.<\/p>\n<h3 data-start=\"1678\" data-end=\"1724\">Values That Drive Digital Transformation<\/h3>\n<p data-start=\"1726\" data-end=\"2051\">The corporate DNA of <strong data-start=\"1747\" data-end=\"1758\">METRICA<\/strong> reminds us that success is not just about technology \u2014 it\u2019s about how we work, collaborate, and connect. These values guide us at every step and allow us to accompany organizations on their path toward digital transformation, providing purpose-driven solutions backed by specialized talent.<\/p>\n<p data-start=\"2053\" data-end=\"2140\" data-is-last-node=\"\" data-is-only-node=\"\">Because at <strong data-start=\"2064\" data-end=\"2075\">METRICA<\/strong>, we are what we do \u2014 and what we do is defined by our values. \ud83c\udf1f<\/p>\n<div style=\"width: 800px;\" class=\"wp-video\"><!--[if lt IE 9]><script>document.createElement('video');<\/script><![endif]-->\n<video class=\"wp-video-shortcode\" id=\"video-13529-1\" width=\"800\" height=\"450\" preload=\"metadata\" controls=\"controls\"><source type=\"video\/mp4\" src=\"https:\/\/www.metrica-global.com\/wp-content\/uploads\/2025\/09\/VALORES-fotos.mp4?_=1\" \/><a href=\"https:\/\/www.metrica-global.com\/wp-content\/uploads\/2025\/09\/VALORES-fotos.mp4\">https:\/\/www.metrica-global.com\/wp-content\/uploads\/2025\/09\/VALORES-fotos.mp4<\/a><\/video><\/div>\n","protected":false},"excerpt":{"rendered":"<p>The corporate DNA of METRICA reminds us that success doesn\u2019t depend solely on technology, but also on how we work and connect with others.<\/p>\n","protected":false},"author":2,"featured_media":13242,"comment_status":"open","ping_status":"open","sticky":false,"template":"","format":"standard","meta":{"content-type":"","footnotes":""},"categories":[2168],"tags":[3495,3498,3439,3501,2196,3500,2185,3496,3497,2207,3224,3499,2230],"class_list":["post-13529","post","type-post","status-publish","format-standard","has-post-thumbnail","hentry","category-current-events-en","tag-adn-corporativo-usa","tag-cercania-usa","tag-cultura-organizacional-usa","tag-flexibilidad-usa","tag-metrica-usa","tag-proactividad-usa","tag-sector-it-usa","tag-soluciones-tecnologicas-usa","tag-talento-tecnologico-usa","tag-tecnologia-usa","tag-transformacion-digital-usa","tag-trato-humano-usa","tag-valores-corporativos-usa"],"yoast_head":"<!-- This site is optimized with the Yoast SEO plugin v25.9 - https:\/\/yoast.com\/wordpress\/plugins\/seo\/ -->\n<title>The DNA of METRICA: Our Corporate Values - METRICA<\/title>\n<meta name=\"robots\" content=\"index, follow, max-snippet:-1, max-image-preview:large, max-video-preview:-1\" \/>\n<link rel=\"canonical\" href=\"https:\/\/www.metrica-global.com\/usa\/el-adn-de-metrica-nuestros-valores-corporativos\/\" \/>\n<meta property=\"og:locale\" content=\"en_US\" \/>\n<meta property=\"og:type\" content=\"article\" \/>\n<meta property=\"og:title\" content=\"The DNA of METRICA: Our Corporate Values - METRICA\" \/>\n<meta property=\"og:description\" content=\"The corporate DNA of METRICA reminds us that success doesn\u2019t depend solely on technology, but also on how we work and connect with others.\" \/>\n<meta property=\"og:url\" content=\"https:\/\/www.metrica-global.com\/usa\/el-adn-de-metrica-nuestros-valores-corporativos\/\" \/>\n<meta property=\"og:site_name\" content=\"METRICA\" \/>\n<meta property=\"article:published_time\" content=\"2025-09-09T11:59:29+00:00\" \/>\n<meta property=\"article:modified_time\" content=\"2025-10-10T08:16:33+00:00\" \/>\n<meta property=\"og:image\" content=\"https:\/\/www.metrica-global.com\/wp-content\/uploads\/2025\/09\/169-LINKEDIN.jpg\" \/>\n\t<meta property=\"og:image:width\" content=\"1920\" \/>\n\t<meta property=\"og:image:height\" content=\"1080\" \/>\n\t<meta property=\"og:image:type\" content=\"image\/jpeg\" \/>\n<meta name=\"author\" content=\"metrica\" \/>\n<meta name=\"twitter:card\" content=\"summary_large_image\" \/>\n<meta name=\"twitter:creator\" content=\"@desarrollo\" \/>\n<meta name=\"twitter:label1\" content=\"Written by\" \/>\n\t<meta name=\"twitter:data1\" content=\"metrica\" \/>\n\t<meta name=\"twitter:label2\" content=\"Est. reading time\" \/>\n\t<meta name=\"twitter:data2\" content=\"2 minutes\" \/>\n<script type=\"application\/ld+json\" class=\"yoast-schema-graph\">{\"@context\":\"https:\/\/schema.org\",\"@graph\":[{\"@type\":\"Article\",\"@id\":\"https:\/\/www.metrica-global.com\/usa\/el-adn-de-metrica-nuestros-valores-corporativos\/#article\",\"isPartOf\":{\"@id\":\"https:\/\/www.metrica-global.com\/usa\/el-adn-de-metrica-nuestros-valores-corporativos\/\"},\"author\":{\"name\":\"metrica\",\"@id\":\"https:\/\/www.metrica-global.com\/#\/schema\/person\/2f4208bdc63892f387a04f4106dd0fcb\"},\"headline\":\"The DNA of METRICA: Our Corporate Values\",\"datePublished\":\"2025-09-09T11:59:29+00:00\",\"dateModified\":\"2025-10-10T08:16:33+00:00\",\"mainEntityOfPage\":{\"@id\":\"https:\/\/www.metrica-global.com\/usa\/el-adn-de-metrica-nuestros-valores-corporativos\/\"},\"wordCount\":314,\"commentCount\":0,\"publisher\":{\"@id\":\"https:\/\/www.metrica-global.com\/#organization\"},\"image\":{\"@id\":\"https:\/\/www.metrica-global.com\/usa\/el-adn-de-metrica-nuestros-valores-corporativos\/#primaryimage\"},\"thumbnailUrl\":\"https:\/\/www.metrica-global.com\/wp-content\/uploads\/2025\/09\/169-LINKEDIN.jpg\",\"keywords\":[\"ADN corporativo\",\"cercan\u00eda\",\"cultura organizacional\",\"flexibilidad\",\"M\u00e9trica\",\"proactividad\",\"Sector IT\",\"soluciones tecnol\u00f3gicas\",\"talento tecnol\u00f3gico.\",\"Tecnolog\u00eda\",\"Transformaci\u00f3n Digital\",\"trato humano\",\"Valores corporativos\"],\"articleSection\":[\"Current events\"],\"inLanguage\":\"en-US\",\"potentialAction\":[{\"@type\":\"CommentAction\",\"name\":\"Comment\",\"target\":[\"https:\/\/www.metrica-global.com\/usa\/el-adn-de-metrica-nuestros-valores-corporativos\/#respond\"]}]},{\"@type\":\"WebPage\",\"@id\":\"https:\/\/www.metrica-global.com\/usa\/el-adn-de-metrica-nuestros-valores-corporativos\/\",\"url\":\"https:\/\/www.metrica-global.com\/usa\/el-adn-de-metrica-nuestros-valores-corporativos\/\",\"name\":\"The DNA of METRICA: Our Corporate Values - METRICA\",\"isPartOf\":{\"@id\":\"https:\/\/www.metrica-global.com\/#website\"},\"primaryImageOfPage\":{\"@id\":\"https:\/\/www.metrica-global.com\/usa\/el-adn-de-metrica-nuestros-valores-corporativos\/#primaryimage\"},\"image\":{\"@id\":\"https:\/\/www.metrica-global.com\/usa\/el-adn-de-metrica-nuestros-valores-corporativos\/#primaryimage\"},\"thumbnailUrl\":\"https:\/\/www.metrica-global.com\/wp-content\/uploads\/2025\/09\/169-LINKEDIN.jpg\",\"datePublished\":\"2025-09-09T11:59:29+00:00\",\"dateModified\":\"2025-10-10T08:16:33+00:00\",\"breadcrumb\":{\"@id\":\"https:\/\/www.metrica-global.com\/usa\/el-adn-de-metrica-nuestros-valores-corporativos\/#breadcrumb\"},\"inLanguage\":\"en-US\",\"potentialAction\":[{\"@type\":\"ReadAction\",\"target\":[\"https:\/\/www.metrica-global.com\/usa\/el-adn-de-metrica-nuestros-valores-corporativos\/\"]}]},{\"@type\":\"ImageObject\",\"inLanguage\":\"en-US\",\"@id\":\"https:\/\/www.metrica-global.com\/usa\/el-adn-de-metrica-nuestros-valores-corporativos\/#primaryimage\",\"url\":\"https:\/\/www.metrica-global.com\/wp-content\/uploads\/2025\/09\/169-LINKEDIN.jpg\",\"contentUrl\":\"https:\/\/www.metrica-global.com\/wp-content\/uploads\/2025\/09\/169-LINKEDIN.jpg\",\"width\":1920,\"height\":1080},{\"@type\":\"BreadcrumbList\",\"@id\":\"https:\/\/www.metrica-global.com\/usa\/el-adn-de-metrica-nuestros-valores-corporativos\/#breadcrumb\",\"itemListElement\":[{\"@type\":\"ListItem\",\"position\":1,\"name\":\"Portada\",\"item\":\"https:\/\/www.metrica-global.com\/usa\/\"},{\"@type\":\"ListItem\",\"position\":2,\"name\":\"The DNA of METRICA: Our Corporate Values\"}]},{\"@type\":\"WebSite\",\"@id\":\"https:\/\/www.metrica-global.com\/#website\",\"url\":\"https:\/\/www.metrica-global.com\/\",\"name\":\"METRICA\",\"description\":\"Servicios Globales IT\",\"publisher\":{\"@id\":\"https:\/\/www.metrica-global.com\/#organization\"},\"potentialAction\":[{\"@type\":\"SearchAction\",\"target\":{\"@type\":\"EntryPoint\",\"urlTemplate\":\"https:\/\/www.metrica-global.com\/?s={search_term_string}\"},\"query-input\":{\"@type\":\"PropertyValueSpecification\",\"valueRequired\":true,\"valueName\":\"search_term_string\"}}],\"inLanguage\":\"en-US\"},{\"@type\":\"Organization\",\"@id\":\"https:\/\/www.metrica-global.com\/#organization\",\"name\":\"METRICA\",\"url\":\"https:\/\/www.metrica-global.com\/\",\"logo\":{\"@type\":\"ImageObject\",\"inLanguage\":\"en-US\",\"@id\":\"https:\/\/www.metrica-global.com\/#\/schema\/logo\/image\/\",\"url\":\"https:\/\/www.metrica-global.com\/wp-content\/uploads\/2023\/12\/logo-metrica.png\",\"contentUrl\":\"https:\/\/www.metrica-global.com\/wp-content\/uploads\/2023\/12\/logo-metrica.png\",\"width\":332,\"height\":58,\"caption\":\"METRICA\"},\"image\":{\"@id\":\"https:\/\/www.metrica-global.com\/#\/schema\/logo\/image\/\"}},{\"@type\":\"Person\",\"@id\":\"https:\/\/www.metrica-global.com\/#\/schema\/person\/2f4208bdc63892f387a04f4106dd0fcb\",\"name\":\"metrica\",\"image\":{\"@type\":\"ImageObject\",\"inLanguage\":\"en-US\",\"@id\":\"https:\/\/www.metrica-global.com\/#\/schema\/person\/image\/\",\"url\":\"https:\/\/secure.gravatar.com\/avatar\/735533d52394faf02a8736d8f477256b9fb421f39d81c48c55ea37c267061786?s=96&d=mm&r=g\",\"contentUrl\":\"https:\/\/secure.gravatar.com\/avatar\/735533d52394faf02a8736d8f477256b9fb421f39d81c48c55ea37c267061786?s=96&d=mm&r=g\",\"caption\":\"metrica\"},\"sameAs\":[\"https:\/\/x.com\/desarrollo\"],\"url\":\"https:\/\/www.metrica-global.com\/usa\/author\/metrica\/\"}]}<\/script>\n<!-- \/ Yoast SEO plugin. -->","yoast_head_json":{"title":"The DNA of METRICA: Our Corporate Values - METRICA","robots":{"index":"index","follow":"follow","max-snippet":"max-snippet:-1","max-image-preview":"max-image-preview:large","max-video-preview":"max-video-preview:-1"},"canonical":"https:\/\/www.metrica-global.com\/usa\/el-adn-de-metrica-nuestros-valores-corporativos\/","og_locale":"en_US","og_type":"article","og_title":"The DNA of METRICA: Our Corporate Values - METRICA","og_description":"The corporate DNA of METRICA reminds us that success doesn\u2019t depend solely on technology, but also on how we work and connect with others.","og_url":"https:\/\/www.metrica-global.com\/usa\/el-adn-de-metrica-nuestros-valores-corporativos\/","og_site_name":"METRICA","article_published_time":"2025-09-09T11:59:29+00:00","article_modified_time":"2025-10-10T08:16:33+00:00","og_image":[{"width":1920,"height":1080,"url":"https:\/\/www.metrica-global.com\/wp-content\/uploads\/2025\/09\/169-LINKEDIN.jpg","type":"image\/jpeg"}],"author":"metrica","twitter_card":"summary_large_image","twitter_creator":"@desarrollo","twitter_misc":{"Written by":"metrica","Est. reading time":"2 minutes"},"schema":{"@context":"https:\/\/schema.org","@graph":[{"@type":"Article","@id":"https:\/\/www.metrica-global.com\/usa\/el-adn-de-metrica-nuestros-valores-corporativos\/#article","isPartOf":{"@id":"https:\/\/www.metrica-global.com\/usa\/el-adn-de-metrica-nuestros-valores-corporativos\/"},"author":{"name":"metrica","@id":"https:\/\/www.metrica-global.com\/#\/schema\/person\/2f4208bdc63892f387a04f4106dd0fcb"},"headline":"The DNA of METRICA: Our Corporate Values","datePublished":"2025-09-09T11:59:29+00:00","dateModified":"2025-10-10T08:16:33+00:00","mainEntityOfPage":{"@id":"https:\/\/www.metrica-global.com\/usa\/el-adn-de-metrica-nuestros-valores-corporativos\/"},"wordCount":314,"commentCount":0,"publisher":{"@id":"https:\/\/www.metrica-global.com\/#organization"},"image":{"@id":"https:\/\/www.metrica-global.com\/usa\/el-adn-de-metrica-nuestros-valores-corporativos\/#primaryimage"},"thumbnailUrl":"https:\/\/www.metrica-global.com\/wp-content\/uploads\/2025\/09\/169-LINKEDIN.jpg","keywords":["ADN corporativo","cercan\u00eda","cultura organizacional","flexibilidad","M\u00e9trica","proactividad","Sector IT","soluciones tecnol\u00f3gicas","talento tecnol\u00f3gico.","Tecnolog\u00eda","Transformaci\u00f3n Digital","trato humano","Valores corporativos"],"articleSection":["Current events"],"inLanguage":"en-US","potentialAction":[{"@type":"CommentAction","name":"Comment","target":["https:\/\/www.metrica-global.com\/usa\/el-adn-de-metrica-nuestros-valores-corporativos\/#respond"]}]},{"@type":"WebPage","@id":"https:\/\/www.metrica-global.com\/usa\/el-adn-de-metrica-nuestros-valores-corporativos\/","url":"https:\/\/www.metrica-global.com\/usa\/el-adn-de-metrica-nuestros-valores-corporativos\/","name":"The DNA of METRICA: Our Corporate Values - METRICA","isPartOf":{"@id":"https:\/\/www.metrica-global.com\/#website"},"primaryImageOfPage":{"@id":"https:\/\/www.metrica-global.com\/usa\/el-adn-de-metrica-nuestros-valores-corporativos\/#primaryimage"},"image":{"@id":"https:\/\/www.metrica-global.com\/usa\/el-adn-de-metrica-nuestros-valores-corporativos\/#primaryimage"},"thumbnailUrl":"https:\/\/www.metrica-global.com\/wp-content\/uploads\/2025\/09\/169-LINKEDIN.jpg","datePublished":"2025-09-09T11:59:29+00:00","dateModified":"2025-10-10T08:16:33+00:00","breadcrumb":{"@id":"https:\/\/www.metrica-global.com\/usa\/el-adn-de-metrica-nuestros-valores-corporativos\/#breadcrumb"},"inLanguage":"en-US","potentialAction":[{"@type":"ReadAction","target":["https:\/\/www.metrica-global.com\/usa\/el-adn-de-metrica-nuestros-valores-corporativos\/"]}]},{"@type":"ImageObject","inLanguage":"en-US","@id":"https:\/\/www.metrica-global.com\/usa\/el-adn-de-metrica-nuestros-valores-corporativos\/#primaryimage","url":"https:\/\/www.metrica-global.com\/wp-content\/uploads\/2025\/09\/169-LINKEDIN.jpg","contentUrl":"https:\/\/www.metrica-global.com\/wp-content\/uploads\/2025\/09\/169-LINKEDIN.jpg","width":1920,"height":1080},{"@type":"BreadcrumbList","@id":"https:\/\/www.metrica-global.com\/usa\/el-adn-de-metrica-nuestros-valores-corporativos\/#breadcrumb","itemListElement":[{"@type":"ListItem","position":1,"name":"Portada","item":"https:\/\/www.metrica-global.com\/usa\/"},{"@type":"ListItem","position":2,"name":"The DNA of METRICA: Our Corporate Values"}]},{"@type":"WebSite","@id":"https:\/\/www.metrica-global.com\/#website","url":"https:\/\/www.metrica-global.com\/","name":"METRICA","description":"Servicios Globales IT","publisher":{"@id":"https:\/\/www.metrica-global.com\/#organization"},"potentialAction":[{"@type":"SearchAction","target":{"@type":"EntryPoint","urlTemplate":"https:\/\/www.metrica-global.com\/?s={search_term_string}"},"query-input":{"@type":"PropertyValueSpecification","valueRequired":true,"valueName":"search_term_string"}}],"inLanguage":"en-US"},{"@type":"Organization","@id":"https:\/\/www.metrica-global.com\/#organization","name":"METRICA","url":"https:\/\/www.metrica-global.com\/","logo":{"@type":"ImageObject","inLanguage":"en-US","@id":"https:\/\/www.metrica-global.com\/#\/schema\/logo\/image\/","url":"https:\/\/www.metrica-global.com\/wp-content\/uploads\/2023\/12\/logo-metrica.png","contentUrl":"https:\/\/www.metrica-global.com\/wp-content\/uploads\/2023\/12\/logo-metrica.png","width":332,"height":58,"caption":"METRICA"},"image":{"@id":"https:\/\/www.metrica-global.com\/#\/schema\/logo\/image\/"}},{"@type":"Person","@id":"https:\/\/www.metrica-global.com\/#\/schema\/person\/2f4208bdc63892f387a04f4106dd0fcb","name":"metrica","image":{"@type":"ImageObject","inLanguage":"en-US","@id":"https:\/\/www.metrica-global.com\/#\/schema\/person\/image\/","url":"https:\/\/secure.gravatar.com\/avatar\/735533d52394faf02a8736d8f477256b9fb421f39d81c48c55ea37c267061786?s=96&d=mm&r=g","contentUrl":"https:\/\/secure.gravatar.com\/avatar\/735533d52394faf02a8736d8f477256b9fb421f39d81c48c55ea37c267061786?s=96&d=mm&r=g","caption":"metrica"},"sameAs":["https:\/\/x.com\/desarrollo"],"url":"https:\/\/www.metrica-global.com\/usa\/author\/metrica\/"}]}},"_links":{"self":[{"href":"https:\/\/www.metrica-global.com\/usa\/wp-json\/wp\/v2\/posts\/13529","targetHints":{"allow":["GET"]}}],"collection":[{"href":"https:\/\/www.metrica-global.com\/usa\/wp-json\/wp\/v2\/posts"}],"about":[{"href":"https:\/\/www.metrica-global.com\/usa\/wp-json\/wp\/v2\/types\/post"}],"author":[{"embeddable":true,"href":"https:\/\/www.metrica-global.com\/usa\/wp-json\/wp\/v2\/users\/2"}],"replies":[{"embeddable":true,"href":"https:\/\/www.metrica-global.com\/usa\/wp-json\/wp\/v2\/comments?post=13529"}],"version-history":[{"count":1,"href":"https:\/\/www.metrica-global.com\/usa\/wp-json\/wp\/v2\/posts\/13529\/revisions"}],"predecessor-version":[{"id":13533,"href":"https:\/\/www.metrica-global.com\/usa\/wp-json\/wp\/v2\/posts\/13529\/revisions\/13533"}],"wp:featuredmedia":[{"embeddable":true,"href":"https:\/\/www.metrica-global.com\/usa\/wp-json\/wp\/v2\/media\/13242"}],"wp:attachment":[{"href":"https:\/\/www.metrica-global.com\/usa\/wp-json\/wp\/v2\/media?parent=13529"}],"wp:term":[{"taxonomy":"category","embeddable":true,"href":"https:\/\/www.metrica-global.com\/usa\/wp-json\/wp\/v2\/categories?post=13529"},{"taxonomy":"post_tag","embeddable":true,"href":"https:\/\/www.metrica-global.com\/usa\/wp-json\/wp\/v2\/tags?post=13529"}],"curies":[{"name":"wp","href":"https:\/\/api.w.org\/{rel}","templated":true}]}}