{"id":8959,"date":"2025-02-27T16:37:43","date_gmt":"2025-02-27T15:37:43","guid":{"rendered":"https:\/\/www.metrica-global.com\/metrica-y-las-ong-a-nivel-global\/"},"modified":"2025-07-30T09:41:04","modified_gmt":"2025-07-30T07:41:04","slug":"metrica-y-las-ong-a-nivel-global","status":"publish","type":"post","link":"https:\/\/www.metrica-global.com\/usa\/metrica-y-las-ong-a-nivel-global\/","title":{"rendered":"METRICA and NGOs Around the World"},"content":{"rendered":"\r\n<p data-start=\"326\" data-end=\"615\">At <strong data-start=\"341\" data-end=\"352\">METRICA<\/strong>, innovation and technology go hand in hand with social responsibility. That\u2019s why, on this World NGO Day, we\u2019re proud to spotlight our work with organizations that make a real difference in the areas of health, social inclusion, and environmental sustainability.<\/p>\r\n<p data-start=\"617\" data-end=\"786\">Across the globe, we support associations that create tangible impact in our communities by participating in solidarity-driven initiatives and promoting positive change.<\/p>\r\n<h3 data-start=\"788\" data-end=\"829\">Our Collaboration with NGOs Worldwide<\/h3>\r\n<p data-start=\"831\" data-end=\"1009\">From our various offices, we actively engage in projects aimed at improving quality of life and protecting the environment. Here are some of the initiatives we\u2019ve contributed to:<\/p>\r\n<h4 data-start=\"1011\" data-end=\"1032\">Actions in Spain<\/h4>\r\n<ul data-start=\"1034\" data-end=\"1724\">\r\n<li data-start=\"1034\" data-end=\"1173\">\r\n<p data-start=\"1036\" data-end=\"1173\"><strong data-start=\"1036\" data-end=\"1065\">Fundaci\u00f3 Oncolliga Girona<\/strong>: We sponsor the <em data-start=\"1082\" data-end=\"1094\">Oncogravel<\/em> race, which supports cancer patients and raises awareness about the disease.<\/p>\r\n<\/li>\r\n<li data-start=\"1174\" data-end=\"1271\">\r\n<p data-start=\"1176\" data-end=\"1271\"><strong data-start=\"1176\" data-end=\"1189\">Food Bank<\/strong>: Through annual donations, our team helps ensure food access for those in need.<\/p>\r\n<\/li>\r\n<li data-start=\"1272\" data-end=\"1456\">\r\n<p data-start=\"1274\" data-end=\"1456\"><strong data-start=\"1274\" data-end=\"1321\">Spanish Association Against Cancer (Madrid)<\/strong>: We contribute through donations, awareness efforts, and participation in events such as <em data-start=\"1411\" data-end=\"1446\">Madrid en Marcha Contra el C\u00e1ncer<\/em> (2023).<\/p>\r\n<\/li>\r\n<li data-start=\"1457\" data-end=\"1594\">\r\n<p data-start=\"1459\" data-end=\"1594\"><strong data-start=\"1459\" data-end=\"1514\">Asociaci\u00f3n Diabetes Madrid &amp; Fundaci\u00f3n Novo Nordisk<\/strong>: We joined the <em data-start=\"1530\" data-end=\"1557\">Popular Walk for Diabetes<\/em> in Madrid to help raise awareness.<\/p>\r\n<\/li>\r\n<li data-start=\"1595\" data-end=\"1724\">\r\n<p data-start=\"1597\" data-end=\"1724\"><strong data-start=\"1597\" data-end=\"1627\">Associaci\u00f3 Aprenem Autisme<\/strong>: We supported the <em data-start=\"1646\" data-end=\"1662\">CorreBlau 2024<\/em> event in Barcelona, promoting autism awareness and inclusion.<\/p>\r\n<\/li>\r\n<\/ul>\r\n<h4 data-start=\"1726\" data-end=\"1757\">Sustainability in Portugal<\/h4>\r\n<ul data-start=\"1759\" data-end=\"2045\">\r\n<li data-start=\"1759\" data-end=\"2045\">\r\n<p data-start=\"1761\" data-end=\"2045\"><strong data-start=\"1761\" data-end=\"1783\">Plantar Uma \u00c1rvore<\/strong>: Since 2023, we\u2019ve partnered with this NGO to help reforest and restore degraded areas in Portugal. For the second consecutive year, our team took part in restoration efforts in the Sintra-Cascais Natural Park, planting native species to preserve the ecosystem.<\/p>\r\n<\/li>\r\n<\/ul>\r\n<h4 data-start=\"2047\" data-end=\"2083\">Social Impact in Peru and Chile<\/h4>\r\n<ul data-start=\"2085\" data-end=\"2467\">\r\n<li data-start=\"2085\" data-end=\"2214\">\r\n<p data-start=\"2087\" data-end=\"2214\"><strong data-start=\"2087\" data-end=\"2119\">Centro Integral IKUAL (Peru)<\/strong>: We support education and development for children and adolescents in vulnerable situations.<\/p>\r\n<\/li>\r\n<li data-start=\"2215\" data-end=\"2337\">\r\n<p data-start=\"2217\" data-end=\"2337\"><strong data-start=\"2217\" data-end=\"2271\">Colegio de Educaci\u00f3n Especial Juan Pablo II (Peru)<\/strong>: We contribute to the education of students with special needs.<\/p>\r\n<\/li>\r\n<li data-start=\"2338\" data-end=\"2467\">\r\n<p data-start=\"2340\" data-end=\"2467\"><strong data-start=\"2340\" data-end=\"2376\">Fundaci\u00f3n Nuestros Hijos (Chile)<\/strong>: We collaborate with this organization to support children with cancer and their families.<\/p>\r\n<\/li>\r\n<\/ul>\r\n<h3 data-start=\"2469\" data-end=\"2519\">Commitment to Sustainability and Social Impact<\/h3>\r\n<p data-start=\"2521\" data-end=\"2770\">At <strong data-start=\"2524\" data-end=\"2535\">METRICA<\/strong>, we believe that social responsibility is a cornerstone of our corporate culture. Sustainability\u2014alongside integrity, strength, and boldness\u2014is one of our core values, guiding our efforts to help build a more just and inclusive world.<\/p>\r\n<p data-start=\"2772\" data-end=\"2860\">That\u2019s why, on this World NGO Day, we\u2019ve shared our commitment through our social media:<\/p>\r\n<ul data-start=\"2862\" data-end=\"3061\">\r\n<li data-start=\"2862\" data-end=\"2954\">\r\n<p data-start=\"2864\" data-end=\"2954\">On <strong data-start=\"2867\" data-end=\"2880\">Instagram<\/strong>, we published a video showcasing all the global initiatives we support.<\/p>\r\n<\/li>\r\n<li data-start=\"2955\" data-end=\"3061\">\r\n<p data-start=\"2957\" data-end=\"3061\">On <strong data-start=\"2960\" data-end=\"2972\">LinkedIn<\/strong>, we posted a carousel highlighting our national partnerships and contributions in Spain.<\/p>\r\n<\/li>\r\n<\/ul>\r\n<p data-start=\"3063\" data-end=\"3134\">If you haven\u2019t seen it yet, we invite you to check it out and share it.<\/p>\r\n<h3 data-start=\"3136\" data-end=\"3185\">Why Is It Important to Collaborate with NGOs?<\/h3>\r\n<p data-start=\"3187\" data-end=\"3460\">Nonprofit organizations play a crucial role in fighting inequality, protecting the environment, and improving quality of life for countless people. At <strong data-start=\"3338\" data-end=\"3349\">METRICA<\/strong>, we believe that every small action counts\u2014and that through collaboration, we can help make a real difference.<\/p>\r\n<p data-start=\"3462\" data-end=\"3633\">\ud83d\udcf2 Want to learn more about our social and environmental commitment? Follow us on social media and discover how we can build a more sustainable and caring future\u2014together.<\/p>\r\n","protected":false},"excerpt":{"rendered":"<p>On this World NGO Day, we want to highlight our commitment to various organizations working in key areas such as health, social inclusion, and sustainability.<\/p>\n","protected":false},"author":1,"featured_media":8960,"comment_status":"open","ping_status":"open","sticky":false,"template":"","format":"standard","meta":{"content-type":"","footnotes":""},"categories":[2168],"tags":[2221,2222,2223,2224,2225,2226,2214],"class_list":["post-8959","post","type-post","status-publish","format-standard","has-post-thumbnail","hentry","category-current-events-en","tag-accion-social-usa","tag-colaboracion-internacional-usa","tag-compromiso-empresarial-usa","tag-impacto-social-usa","tag-inclusion-usa","tag-ong-usa","tag-sostenibilidad-usa"],"yoast_head":"<!-- This site is optimized with the Yoast SEO plugin v25.9 - https:\/\/yoast.com\/wordpress\/plugins\/seo\/ -->\n<title>METRICA and NGOs Around the World - METRICA<\/title>\n<meta name=\"robots\" content=\"index, follow, max-snippet:-1, max-image-preview:large, max-video-preview:-1\" \/>\n<link rel=\"canonical\" href=\"https:\/\/www.metrica-global.com\/usa\/metrica-y-las-ong-a-nivel-global\/\" \/>\n<meta property=\"og:locale\" content=\"en_US\" \/>\n<meta property=\"og:type\" content=\"article\" \/>\n<meta property=\"og:title\" content=\"METRICA and NGOs Around the World - METRICA\" \/>\n<meta property=\"og:description\" content=\"On this World NGO Day, we want to highlight our commitment to various organizations working in key areas such as health, social inclusion, and sustainability.\" \/>\n<meta property=\"og:url\" content=\"https:\/\/www.metrica-global.com\/usa\/metrica-y-las-ong-a-nivel-global\/\" \/>\n<meta property=\"og:site_name\" content=\"METRICA\" \/>\n<meta property=\"article:published_time\" content=\"2025-02-27T15:37:43+00:00\" \/>\n<meta property=\"article:modified_time\" content=\"2025-07-30T07:41:04+00:00\" \/>\n<meta property=\"og:image\" content=\"https:\/\/www.metrica-global.com\/wp-content\/uploads\/2025\/02\/BANNER-ONG-scaled-1.jpg\" \/>\n\t<meta property=\"og:image:width\" content=\"2560\" \/>\n\t<meta property=\"og:image:height\" content=\"1008\" \/>\n\t<meta property=\"og:image:type\" content=\"image\/jpeg\" \/>\n<meta name=\"author\" content=\"desarrollo\" \/>\n<meta name=\"twitter:card\" content=\"summary_large_image\" \/>\n<meta name=\"twitter:label1\" content=\"Written by\" \/>\n\t<meta name=\"twitter:data1\" content=\"desarrollo\" \/>\n\t<meta name=\"twitter:label2\" content=\"Est. reading time\" \/>\n\t<meta name=\"twitter:data2\" content=\"3 minutes\" \/>\n<script type=\"application\/ld+json\" class=\"yoast-schema-graph\">{\"@context\":\"https:\/\/schema.org\",\"@graph\":[{\"@type\":\"Article\",\"@id\":\"https:\/\/www.metrica-global.com\/usa\/metrica-y-las-ong-a-nivel-global\/#article\",\"isPartOf\":{\"@id\":\"https:\/\/www.metrica-global.com\/usa\/metrica-y-las-ong-a-nivel-global\/\"},\"author\":{\"name\":\"desarrollo\",\"@id\":\"https:\/\/www.metrica-global.com\/#\/schema\/person\/78e8e629d9e5908167469b249f6f2cdc\"},\"headline\":\"METRICA and NGOs Around the World\",\"datePublished\":\"2025-02-27T15:37:43+00:00\",\"dateModified\":\"2025-07-30T07:41:04+00:00\",\"mainEntityOfPage\":{\"@id\":\"https:\/\/www.metrica-global.com\/usa\/metrica-y-las-ong-a-nivel-global\/\"},\"wordCount\":489,\"commentCount\":0,\"publisher\":{\"@id\":\"https:\/\/www.metrica-global.com\/#organization\"},\"image\":{\"@id\":\"https:\/\/www.metrica-global.com\/usa\/metrica-y-las-ong-a-nivel-global\/#primaryimage\"},\"thumbnailUrl\":\"https:\/\/www.metrica-global.com\/wp-content\/uploads\/2025\/02\/BANNER-ONG-scaled-1.jpg\",\"keywords\":[\"Acci\u00f3n Social\",\"Colaboraci\u00f3n internacional\",\"Compromiso empresarial\",\"Impacto social\",\"Inclusi\u00f3n\",\"ONG\",\"Sostenibilidad\"],\"articleSection\":[\"Current events\"],\"inLanguage\":\"en-US\",\"potentialAction\":[{\"@type\":\"CommentAction\",\"name\":\"Comment\",\"target\":[\"https:\/\/www.metrica-global.com\/usa\/metrica-y-las-ong-a-nivel-global\/#respond\"]}]},{\"@type\":\"WebPage\",\"@id\":\"https:\/\/www.metrica-global.com\/usa\/metrica-y-las-ong-a-nivel-global\/\",\"url\":\"https:\/\/www.metrica-global.com\/usa\/metrica-y-las-ong-a-nivel-global\/\",\"name\":\"METRICA and NGOs Around the World - METRICA\",\"isPartOf\":{\"@id\":\"https:\/\/www.metrica-global.com\/#website\"},\"primaryImageOfPage\":{\"@id\":\"https:\/\/www.metrica-global.com\/usa\/metrica-y-las-ong-a-nivel-global\/#primaryimage\"},\"image\":{\"@id\":\"https:\/\/www.metrica-global.com\/usa\/metrica-y-las-ong-a-nivel-global\/#primaryimage\"},\"thumbnailUrl\":\"https:\/\/www.metrica-global.com\/wp-content\/uploads\/2025\/02\/BANNER-ONG-scaled-1.jpg\",\"datePublished\":\"2025-02-27T15:37:43+00:00\",\"dateModified\":\"2025-07-30T07:41:04+00:00\",\"breadcrumb\":{\"@id\":\"https:\/\/www.metrica-global.com\/usa\/metrica-y-las-ong-a-nivel-global\/#breadcrumb\"},\"inLanguage\":\"en-US\",\"potentialAction\":[{\"@type\":\"ReadAction\",\"target\":[\"https:\/\/www.metrica-global.com\/usa\/metrica-y-las-ong-a-nivel-global\/\"]}]},{\"@type\":\"ImageObject\",\"inLanguage\":\"en-US\",\"@id\":\"https:\/\/www.metrica-global.com\/usa\/metrica-y-las-ong-a-nivel-global\/#primaryimage\",\"url\":\"https:\/\/www.metrica-global.com\/wp-content\/uploads\/2025\/02\/BANNER-ONG-scaled-1.jpg\",\"contentUrl\":\"https:\/\/www.metrica-global.com\/wp-content\/uploads\/2025\/02\/BANNER-ONG-scaled-1.jpg\",\"width\":2560,\"height\":1008,\"caption\":\"BANNER ONG scaled 1\"},{\"@type\":\"BreadcrumbList\",\"@id\":\"https:\/\/www.metrica-global.com\/usa\/metrica-y-las-ong-a-nivel-global\/#breadcrumb\",\"itemListElement\":[{\"@type\":\"ListItem\",\"position\":1,\"name\":\"Portada\",\"item\":\"https:\/\/www.metrica-global.com\/usa\/\"},{\"@type\":\"ListItem\",\"position\":2,\"name\":\"METRICA and NGOs Around the World\"}]},{\"@type\":\"WebSite\",\"@id\":\"https:\/\/www.metrica-global.com\/#website\",\"url\":\"https:\/\/www.metrica-global.com\/\",\"name\":\"METRICA\",\"description\":\"Servicios Globales IT\",\"publisher\":{\"@id\":\"https:\/\/www.metrica-global.com\/#organization\"},\"potentialAction\":[{\"@type\":\"SearchAction\",\"target\":{\"@type\":\"EntryPoint\",\"urlTemplate\":\"https:\/\/www.metrica-global.com\/?s={search_term_string}\"},\"query-input\":{\"@type\":\"PropertyValueSpecification\",\"valueRequired\":true,\"valueName\":\"search_term_string\"}}],\"inLanguage\":\"en-US\"},{\"@type\":\"Organization\",\"@id\":\"https:\/\/www.metrica-global.com\/#organization\",\"name\":\"METRICA\",\"url\":\"https:\/\/www.metrica-global.com\/\",\"logo\":{\"@type\":\"ImageObject\",\"inLanguage\":\"en-US\",\"@id\":\"https:\/\/www.metrica-global.com\/#\/schema\/logo\/image\/\",\"url\":\"https:\/\/www.metrica-global.com\/wp-content\/uploads\/2023\/12\/logo-metrica.png\",\"contentUrl\":\"https:\/\/www.metrica-global.com\/wp-content\/uploads\/2023\/12\/logo-metrica.png\",\"width\":332,\"height\":58,\"caption\":\"METRICA\"},\"image\":{\"@id\":\"https:\/\/www.metrica-global.com\/#\/schema\/logo\/image\/\"}},{\"@type\":\"Person\",\"@id\":\"https:\/\/www.metrica-global.com\/#\/schema\/person\/78e8e629d9e5908167469b249f6f2cdc\",\"name\":\"desarrollo\",\"image\":{\"@type\":\"ImageObject\",\"inLanguage\":\"en-US\",\"@id\":\"https:\/\/www.metrica-global.com\/#\/schema\/person\/image\/\",\"url\":\"https:\/\/secure.gravatar.com\/avatar\/d2653fb8f170e1382a31acc69dcf92e99545e6329805eb11d8a34443b058f3de?s=96&d=mm&r=g\",\"contentUrl\":\"https:\/\/secure.gravatar.com\/avatar\/d2653fb8f170e1382a31acc69dcf92e99545e6329805eb11d8a34443b058f3de?s=96&d=mm&r=g\",\"caption\":\"desarrollo\"},\"url\":\"https:\/\/www.metrica-global.com\/usa\/author\/desarrollo\/\"}]}<\/script>\n<!-- \/ Yoast SEO plugin. -->","yoast_head_json":{"title":"METRICA and NGOs Around the World - METRICA","robots":{"index":"index","follow":"follow","max-snippet":"max-snippet:-1","max-image-preview":"max-image-preview:large","max-video-preview":"max-video-preview:-1"},"canonical":"https:\/\/www.metrica-global.com\/usa\/metrica-y-las-ong-a-nivel-global\/","og_locale":"en_US","og_type":"article","og_title":"METRICA and NGOs Around the World - METRICA","og_description":"On this World NGO Day, we want to highlight our commitment to various organizations working in key areas such as health, social inclusion, and sustainability.","og_url":"https:\/\/www.metrica-global.com\/usa\/metrica-y-las-ong-a-nivel-global\/","og_site_name":"METRICA","article_published_time":"2025-02-27T15:37:43+00:00","article_modified_time":"2025-07-30T07:41:04+00:00","og_image":[{"width":2560,"height":1008,"url":"https:\/\/www.metrica-global.com\/wp-content\/uploads\/2025\/02\/BANNER-ONG-scaled-1.jpg","type":"image\/jpeg"}],"author":"desarrollo","twitter_card":"summary_large_image","twitter_misc":{"Written by":"desarrollo","Est. reading time":"3 minutes"},"schema":{"@context":"https:\/\/schema.org","@graph":[{"@type":"Article","@id":"https:\/\/www.metrica-global.com\/usa\/metrica-y-las-ong-a-nivel-global\/#article","isPartOf":{"@id":"https:\/\/www.metrica-global.com\/usa\/metrica-y-las-ong-a-nivel-global\/"},"author":{"name":"desarrollo","@id":"https:\/\/www.metrica-global.com\/#\/schema\/person\/78e8e629d9e5908167469b249f6f2cdc"},"headline":"METRICA and NGOs Around the World","datePublished":"2025-02-27T15:37:43+00:00","dateModified":"2025-07-30T07:41:04+00:00","mainEntityOfPage":{"@id":"https:\/\/www.metrica-global.com\/usa\/metrica-y-las-ong-a-nivel-global\/"},"wordCount":489,"commentCount":0,"publisher":{"@id":"https:\/\/www.metrica-global.com\/#organization"},"image":{"@id":"https:\/\/www.metrica-global.com\/usa\/metrica-y-las-ong-a-nivel-global\/#primaryimage"},"thumbnailUrl":"https:\/\/www.metrica-global.com\/wp-content\/uploads\/2025\/02\/BANNER-ONG-scaled-1.jpg","keywords":["Acci\u00f3n Social","Colaboraci\u00f3n internacional","Compromiso empresarial","Impacto social","Inclusi\u00f3n","ONG","Sostenibilidad"],"articleSection":["Current events"],"inLanguage":"en-US","potentialAction":[{"@type":"CommentAction","name":"Comment","target":["https:\/\/www.metrica-global.com\/usa\/metrica-y-las-ong-a-nivel-global\/#respond"]}]},{"@type":"WebPage","@id":"https:\/\/www.metrica-global.com\/usa\/metrica-y-las-ong-a-nivel-global\/","url":"https:\/\/www.metrica-global.com\/usa\/metrica-y-las-ong-a-nivel-global\/","name":"METRICA and NGOs Around the World - METRICA","isPartOf":{"@id":"https:\/\/www.metrica-global.com\/#website"},"primaryImageOfPage":{"@id":"https:\/\/www.metrica-global.com\/usa\/metrica-y-las-ong-a-nivel-global\/#primaryimage"},"image":{"@id":"https:\/\/www.metrica-global.com\/usa\/metrica-y-las-ong-a-nivel-global\/#primaryimage"},"thumbnailUrl":"https:\/\/www.metrica-global.com\/wp-content\/uploads\/2025\/02\/BANNER-ONG-scaled-1.jpg","datePublished":"2025-02-27T15:37:43+00:00","dateModified":"2025-07-30T07:41:04+00:00","breadcrumb":{"@id":"https:\/\/www.metrica-global.com\/usa\/metrica-y-las-ong-a-nivel-global\/#breadcrumb"},"inLanguage":"en-US","potentialAction":[{"@type":"ReadAction","target":["https:\/\/www.metrica-global.com\/usa\/metrica-y-las-ong-a-nivel-global\/"]}]},{"@type":"ImageObject","inLanguage":"en-US","@id":"https:\/\/www.metrica-global.com\/usa\/metrica-y-las-ong-a-nivel-global\/#primaryimage","url":"https:\/\/www.metrica-global.com\/wp-content\/uploads\/2025\/02\/BANNER-ONG-scaled-1.jpg","contentUrl":"https:\/\/www.metrica-global.com\/wp-content\/uploads\/2025\/02\/BANNER-ONG-scaled-1.jpg","width":2560,"height":1008,"caption":"BANNER ONG scaled 1"},{"@type":"BreadcrumbList","@id":"https:\/\/www.metrica-global.com\/usa\/metrica-y-las-ong-a-nivel-global\/#breadcrumb","itemListElement":[{"@type":"ListItem","position":1,"name":"Portada","item":"https:\/\/www.metrica-global.com\/usa\/"},{"@type":"ListItem","position":2,"name":"METRICA and NGOs Around the World"}]},{"@type":"WebSite","@id":"https:\/\/www.metrica-global.com\/#website","url":"https:\/\/www.metrica-global.com\/","name":"METRICA","description":"Servicios Globales IT","publisher":{"@id":"https:\/\/www.metrica-global.com\/#organization"},"potentialAction":[{"@type":"SearchAction","target":{"@type":"EntryPoint","urlTemplate":"https:\/\/www.metrica-global.com\/?s={search_term_string}"},"query-input":{"@type":"PropertyValueSpecification","valueRequired":true,"valueName":"search_term_string"}}],"inLanguage":"en-US"},{"@type":"Organization","@id":"https:\/\/www.metrica-global.com\/#organization","name":"METRICA","url":"https:\/\/www.metrica-global.com\/","logo":{"@type":"ImageObject","inLanguage":"en-US","@id":"https:\/\/www.metrica-global.com\/#\/schema\/logo\/image\/","url":"https:\/\/www.metrica-global.com\/wp-content\/uploads\/2023\/12\/logo-metrica.png","contentUrl":"https:\/\/www.metrica-global.com\/wp-content\/uploads\/2023\/12\/logo-metrica.png","width":332,"height":58,"caption":"METRICA"},"image":{"@id":"https:\/\/www.metrica-global.com\/#\/schema\/logo\/image\/"}},{"@type":"Person","@id":"https:\/\/www.metrica-global.com\/#\/schema\/person\/78e8e629d9e5908167469b249f6f2cdc","name":"desarrollo","image":{"@type":"ImageObject","inLanguage":"en-US","@id":"https:\/\/www.metrica-global.com\/#\/schema\/person\/image\/","url":"https:\/\/secure.gravatar.com\/avatar\/d2653fb8f170e1382a31acc69dcf92e99545e6329805eb11d8a34443b058f3de?s=96&d=mm&r=g","contentUrl":"https:\/\/secure.gravatar.com\/avatar\/d2653fb8f170e1382a31acc69dcf92e99545e6329805eb11d8a34443b058f3de?s=96&d=mm&r=g","caption":"desarrollo"},"url":"https:\/\/www.metrica-global.com\/usa\/author\/desarrollo\/"}]}},"_links":{"self":[{"href":"https:\/\/www.metrica-global.com\/usa\/wp-json\/wp\/v2\/posts\/8959","targetHints":{"allow":["GET"]}}],"collection":[{"href":"https:\/\/www.metrica-global.com\/usa\/wp-json\/wp\/v2\/posts"}],"about":[{"href":"https:\/\/www.metrica-global.com\/usa\/wp-json\/wp\/v2\/types\/post"}],"author":[{"embeddable":true,"href":"https:\/\/www.metrica-global.com\/usa\/wp-json\/wp\/v2\/users\/1"}],"replies":[{"embeddable":true,"href":"https:\/\/www.metrica-global.com\/usa\/wp-json\/wp\/v2\/comments?post=8959"}],"version-history":[{"count":2,"href":"https:\/\/www.metrica-global.com\/usa\/wp-json\/wp\/v2\/posts\/8959\/revisions"}],"predecessor-version":[{"id":12499,"href":"https:\/\/www.metrica-global.com\/usa\/wp-json\/wp\/v2\/posts\/8959\/revisions\/12499"}],"wp:featuredmedia":[{"embeddable":true,"href":"https:\/\/www.metrica-global.com\/usa\/wp-json\/wp\/v2\/media\/8960"}],"wp:attachment":[{"href":"https:\/\/www.metrica-global.com\/usa\/wp-json\/wp\/v2\/media?parent=8959"}],"wp:term":[{"taxonomy":"category","embeddable":true,"href":"https:\/\/www.metrica-global.com\/usa\/wp-json\/wp\/v2\/categories?post=8959"},{"taxonomy":"post_tag","embeddable":true,"href":"https:\/\/www.metrica-global.com\/usa\/wp-json\/wp\/v2\/tags?post=8959"}],"curies":[{"name":"wp","href":"https:\/\/api.w.org\/{rel}","templated":true}]}}