{"id":8963,"date":"2024-12-05T18:30:00","date_gmt":"2024-12-05T17:30:00","guid":{"rendered":"https:\/\/www.metrica-global.com\/care-month-el-mes-del-bienestar-y-la-solidaridad-en-metrica\/"},"modified":"2025-07-31T09:09:06","modified_gmt":"2025-07-31T07:09:06","slug":"care-month-el-mes-del-bienestar-y-la-solidaridad-en-metrica","status":"publish","type":"post","link":"https:\/\/www.metrica-global.com\/usa\/care-month-el-mes-del-bienestar-y-la-solidaridad-en-metrica\/","title":{"rendered":"CARE MONTH: A Month of Wellbeing and Solidarity at METRICA"},"content":{"rendered":"\r\n<p data-start=\"412\" data-end=\"763\">At METRICA, we believe that success is not only measured by business results but also by the wellbeing of the people who make those results possible. That\u2019s why this year we launched our very first <strong data-start=\"610\" data-end=\"624\">CARE MONTH<\/strong>\u2014a dedicated time to promote healthy habits, physical activity, and social engagement among all employees across our international offices.<\/p>\r\n<p data-start=\"765\" data-end=\"1032\">This special month was more than just an opportunity to encourage an active lifestyle. It allowed us to connect, collaborate, and contribute to meaningful causes that reflect our values. Here&#8217;s how CARE MONTH unfolded and the amazing achievements we reached together.<\/p>\r\n<hr data-start=\"1034\" data-end=\"1037\" \/>\r\n<h3 data-start=\"1039\" data-end=\"1069\">Highlights from CARE MONTH<\/h3>\r\n<p data-start=\"1071\" data-end=\"1194\">Throughout CARE MONTH, various activities were held across METRICA\u2019s global offices. These were some of the most memorable:<\/p>\r\n<hr data-start=\"1196\" data-end=\"1199\" \/>\r\n<p data-start=\"1201\" data-end=\"1229\"><strong data-start=\"1201\" data-end=\"1229\">1. Global Step Challenge<\/strong><\/p>\r\n<p data-start=\"1231\" data-end=\"1533\">We kicked off CARE MONTH with a fun and energizing challenge: a global step competition! Employees from different countries joined forces (and steps) to see who could accumulate the most steps throughout the month. The challenge sparked motivation, movement, and a healthy dose of friendly competition.<\/p>\r\n<hr data-start=\"1535\" data-end=\"1538\" \/>\r\n<p data-start=\"1540\" data-end=\"1575\"><strong data-start=\"1540\" data-end=\"1575\">2. International Charity Events<\/strong><\/p>\r\n<p data-start=\"1577\" data-end=\"1724\">Solidarity played a key role in CARE MONTH. We organized events in several locations that combined physical activity with a positive social impact:<\/p>\r\n<ul data-start=\"1726\" data-end=\"2025\">\r\n<li data-start=\"1726\" data-end=\"1883\">\r\n<p data-start=\"1728\" data-end=\"1883\">Charity runs in Madrid, Barcelona, Santiago de Chile, and Lima, where participants supported local causes while enjoying an active, community-centered day.<\/p>\r\n<\/li>\r\n<li data-start=\"1884\" data-end=\"2025\">\r\n<p data-start=\"1886\" data-end=\"2025\">A Reforestation Day in Lisbon, where we helped protect the environment by planting trees and sharing a unique outdoor experience as a team.<\/p>\r\n<\/li>\r\n<\/ul>\r\n<hr data-start=\"2027\" data-end=\"2030\" \/>\r\n<p data-start=\"2032\" data-end=\"2073\"><strong data-start=\"2032\" data-end=\"2073\">3. Free Subscription to Running.COACH<\/strong><\/p>\r\n<p data-start=\"2075\" data-end=\"2316\">Thanks to our partnership with Running.COACH, all employees received 3 months of free access to this innovative AI-based app. It designs personalized training plans to help users meet their fitness goals in a smarter and more motivating way.<\/p>\r\n<hr data-start=\"2318\" data-end=\"2321\" \/>\r\n<p data-start=\"2323\" data-end=\"2351\"><strong data-start=\"2323\" data-end=\"2351\">4. CARE MONTH TOURNAMENT<\/strong><\/p>\r\n<p data-start=\"2353\" data-end=\"2618\">At METRICA\u2019s central headquarters, we hosted our first-ever CARE MONTH TOURNAMENT\u2014a friendly internal padel competition that brought together teams from all departments. It was a fantastic way to build team spirit and enjoy a day of health, sports, and camaraderie.<\/p>\r\n<hr data-start=\"2620\" data-end=\"2623\" \/>\r\n<h3 data-start=\"2625\" data-end=\"2650\">CARE MONTH in Numbers<\/h3>\r\n<p data-start=\"2652\" data-end=\"2709\">The results of our first CARE MONTH speak for themselves:<\/p>\r\n<ul data-start=\"2711\" data-end=\"2877\">\r\n<li data-start=\"2711\" data-end=\"2755\">\r\n<p data-start=\"2713\" data-end=\"2755\">Over 180 participants across 5 countries<\/p>\r\n<\/li>\r\n<li data-start=\"2756\" data-end=\"2813\">\r\n<p data-start=\"2758\" data-end=\"2813\">More than 1,200 kilometers walked or run collectively<\/p>\r\n<\/li>\r\n<li data-start=\"2814\" data-end=\"2877\">\r\n<p data-start=\"2816\" data-end=\"2877\">Over 600 hours of physical activity logged during the month<\/p>\r\n<\/li>\r\n<\/ul>\r\n<p data-start=\"2879\" data-end=\"3020\">These numbers reflect the strong commitment of METRICA\u2019s global team to staying active and working together to make this month truly special.<\/p>\r\n<hr data-start=\"3022\" data-end=\"3025\" \/>\r\n<h3 data-start=\"3027\" data-end=\"3066\">Sharing Our Success on Social Media<\/h3>\r\n<p data-start=\"3068\" data-end=\"3325\">CARE MONTH also gave us countless unforgettable moments, many of which we proudly shared on our social media channels. There you\u2019ll find highlights, photos, and stories from the events\u2014showcasing the incredible participation and impact we achieved together.<\/p>\r\n<hr data-start=\"3327\" data-end=\"3330\" \/>\r\n<h3 data-start=\"3332\" data-end=\"3349\">Looking Ahead<\/h3>\r\n<p data-start=\"3351\" data-end=\"3599\">At METRICA, wellbeing and solidarity aren\u2019t just concepts\u2014they\u2019re core values that shape how we work every day. The success of CARE MONTH inspires us to keep creating initiatives that promote a healthy lifestyle and reinforce our social commitment.<\/p>\r\n<p data-start=\"3601\" data-end=\"3776\">To everyone who took part: thank you for your energy, effort, and enthusiasm! This is just the beginning\u2014we can\u2019t wait to announce new challenges and activities in the future.<\/p>\r\n<p data-start=\"3778\" data-end=\"3859\"><strong data-start=\"3778\" data-end=\"3859\">Let\u2019s keep moving forward together toward a healthier and more united future!<\/strong><\/p>\r\n","protected":false},"excerpt":{"rendered":"<p>A month dedicated to promoting healthy habits, physical activity, and social engagement among employees across our international offices.<\/p>\n","protected":false},"author":1,"featured_media":8964,"comment_status":"open","ping_status":"open","sticky":false,"template":"","format":"standard","meta":{"content-type":"","footnotes":""},"categories":[2168],"tags":[2231,2199,2232,2190,2233,2234,2185,2214,2235,2236],"class_list":["post-8963","post","type-post","status-publish","format-standard","has-post-thumbnail","hentry","category-current-events-en","tag-actividad-fisica-en-empresas-usa","tag-ambito-tecnologico-usa","tag-bienestar-usa","tag-carrera-solidaria-usa","tag-deporte-y-equipo-usa","tag-responsabilidad-corporativa-usa","tag-sector-it-usa","tag-sostenibilidad-usa","tag-team-building-usa","tag-vida-saludable-usa"],"yoast_head":"<!-- This site is optimized with the Yoast SEO plugin v25.9 - https:\/\/yoast.com\/wordpress\/plugins\/seo\/ -->\n<title>CARE MONTH: A Month of Wellbeing and Solidarity at METRICA - METRICA<\/title>\n<meta name=\"robots\" content=\"index, follow, max-snippet:-1, max-image-preview:large, max-video-preview:-1\" \/>\n<link rel=\"canonical\" href=\"https:\/\/www.metrica-global.com\/usa\/care-month-el-mes-del-bienestar-y-la-solidaridad-en-metrica\/\" \/>\n<meta property=\"og:locale\" content=\"en_US\" \/>\n<meta property=\"og:type\" content=\"article\" \/>\n<meta property=\"og:title\" content=\"CARE MONTH: A Month of Wellbeing and Solidarity at METRICA - METRICA\" \/>\n<meta property=\"og:description\" content=\"A month dedicated to promoting healthy habits, physical activity, and social engagement among employees across our international offices.\" \/>\n<meta property=\"og:url\" content=\"https:\/\/www.metrica-global.com\/usa\/care-month-el-mes-del-bienestar-y-la-solidaridad-en-metrica\/\" \/>\n<meta property=\"og:site_name\" content=\"METRICA\" \/>\n<meta property=\"article:published_time\" content=\"2024-12-05T17:30:00+00:00\" \/>\n<meta property=\"article:modified_time\" content=\"2025-07-31T07:09:06+00:00\" \/>\n<meta property=\"og:image\" content=\"https:\/\/www.metrica-global.com\/wp-content\/uploads\/2024\/12\/banner-care-month-1-scaled-1.jpg\" \/>\n\t<meta property=\"og:image:width\" content=\"2560\" \/>\n\t<meta property=\"og:image:height\" content=\"1280\" \/>\n\t<meta property=\"og:image:type\" content=\"image\/jpeg\" \/>\n<meta name=\"author\" content=\"desarrollo\" \/>\n<meta name=\"twitter:card\" content=\"summary_large_image\" \/>\n<meta name=\"twitter:label1\" content=\"Written by\" \/>\n\t<meta name=\"twitter:data1\" content=\"desarrollo\" \/>\n\t<meta name=\"twitter:label2\" content=\"Est. reading time\" \/>\n\t<meta name=\"twitter:data2\" content=\"3 minutes\" \/>\n<script type=\"application\/ld+json\" class=\"yoast-schema-graph\">{\"@context\":\"https:\/\/schema.org\",\"@graph\":[{\"@type\":\"Article\",\"@id\":\"https:\/\/www.metrica-global.com\/usa\/care-month-el-mes-del-bienestar-y-la-solidaridad-en-metrica\/#article\",\"isPartOf\":{\"@id\":\"https:\/\/www.metrica-global.com\/usa\/care-month-el-mes-del-bienestar-y-la-solidaridad-en-metrica\/\"},\"author\":{\"name\":\"desarrollo\",\"@id\":\"https:\/\/www.metrica-global.com\/#\/schema\/person\/78e8e629d9e5908167469b249f6f2cdc\"},\"headline\":\"CARE MONTH: A Month of Wellbeing and Solidarity at METRICA\",\"datePublished\":\"2024-12-05T17:30:00+00:00\",\"dateModified\":\"2025-07-31T07:09:06+00:00\",\"mainEntityOfPage\":{\"@id\":\"https:\/\/www.metrica-global.com\/usa\/care-month-el-mes-del-bienestar-y-la-solidaridad-en-metrica\/\"},\"wordCount\":528,\"commentCount\":0,\"publisher\":{\"@id\":\"https:\/\/www.metrica-global.com\/#organization\"},\"image\":{\"@id\":\"https:\/\/www.metrica-global.com\/usa\/care-month-el-mes-del-bienestar-y-la-solidaridad-en-metrica\/#primaryimage\"},\"thumbnailUrl\":\"https:\/\/www.metrica-global.com\/wp-content\/uploads\/2024\/12\/banner-care-month-1-scaled-1.jpg\",\"keywords\":[\"Actividad f\u00edsica en empresas\",\"\u00c1mbito Tecnol\u00f3gico\",\"Bienestar\",\"Carrera Solidaria\",\"Deporte y equipo\",\"Responsabilidad corporativa\",\"Sector IT\",\"Sostenibilidad\",\"Team-building\",\"Vida saludable\"],\"articleSection\":[\"Current events\"],\"inLanguage\":\"en-US\",\"potentialAction\":[{\"@type\":\"CommentAction\",\"name\":\"Comment\",\"target\":[\"https:\/\/www.metrica-global.com\/usa\/care-month-el-mes-del-bienestar-y-la-solidaridad-en-metrica\/#respond\"]}]},{\"@type\":\"WebPage\",\"@id\":\"https:\/\/www.metrica-global.com\/usa\/care-month-el-mes-del-bienestar-y-la-solidaridad-en-metrica\/\",\"url\":\"https:\/\/www.metrica-global.com\/usa\/care-month-el-mes-del-bienestar-y-la-solidaridad-en-metrica\/\",\"name\":\"CARE MONTH: A Month of Wellbeing and Solidarity at METRICA - METRICA\",\"isPartOf\":{\"@id\":\"https:\/\/www.metrica-global.com\/#website\"},\"primaryImageOfPage\":{\"@id\":\"https:\/\/www.metrica-global.com\/usa\/care-month-el-mes-del-bienestar-y-la-solidaridad-en-metrica\/#primaryimage\"},\"image\":{\"@id\":\"https:\/\/www.metrica-global.com\/usa\/care-month-el-mes-del-bienestar-y-la-solidaridad-en-metrica\/#primaryimage\"},\"thumbnailUrl\":\"https:\/\/www.metrica-global.com\/wp-content\/uploads\/2024\/12\/banner-care-month-1-scaled-1.jpg\",\"datePublished\":\"2024-12-05T17:30:00+00:00\",\"dateModified\":\"2025-07-31T07:09:06+00:00\",\"breadcrumb\":{\"@id\":\"https:\/\/www.metrica-global.com\/usa\/care-month-el-mes-del-bienestar-y-la-solidaridad-en-metrica\/#breadcrumb\"},\"inLanguage\":\"en-US\",\"potentialAction\":[{\"@type\":\"ReadAction\",\"target\":[\"https:\/\/www.metrica-global.com\/usa\/care-month-el-mes-del-bienestar-y-la-solidaridad-en-metrica\/\"]}]},{\"@type\":\"ImageObject\",\"inLanguage\":\"en-US\",\"@id\":\"https:\/\/www.metrica-global.com\/usa\/care-month-el-mes-del-bienestar-y-la-solidaridad-en-metrica\/#primaryimage\",\"url\":\"https:\/\/www.metrica-global.com\/wp-content\/uploads\/2024\/12\/banner-care-month-1-scaled-1.jpg\",\"contentUrl\":\"https:\/\/www.metrica-global.com\/wp-content\/uploads\/2024\/12\/banner-care-month-1-scaled-1.jpg\",\"width\":2560,\"height\":1280,\"caption\":\"banner care month 1 scaled 1\"},{\"@type\":\"BreadcrumbList\",\"@id\":\"https:\/\/www.metrica-global.com\/usa\/care-month-el-mes-del-bienestar-y-la-solidaridad-en-metrica\/#breadcrumb\",\"itemListElement\":[{\"@type\":\"ListItem\",\"position\":1,\"name\":\"Portada\",\"item\":\"https:\/\/www.metrica-global.com\/usa\/\"},{\"@type\":\"ListItem\",\"position\":2,\"name\":\"CARE MONTH: A Month of Wellbeing and Solidarity at METRICA\"}]},{\"@type\":\"WebSite\",\"@id\":\"https:\/\/www.metrica-global.com\/#website\",\"url\":\"https:\/\/www.metrica-global.com\/\",\"name\":\"METRICA\",\"description\":\"Servicios Globales IT\",\"publisher\":{\"@id\":\"https:\/\/www.metrica-global.com\/#organization\"},\"potentialAction\":[{\"@type\":\"SearchAction\",\"target\":{\"@type\":\"EntryPoint\",\"urlTemplate\":\"https:\/\/www.metrica-global.com\/?s={search_term_string}\"},\"query-input\":{\"@type\":\"PropertyValueSpecification\",\"valueRequired\":true,\"valueName\":\"search_term_string\"}}],\"inLanguage\":\"en-US\"},{\"@type\":\"Organization\",\"@id\":\"https:\/\/www.metrica-global.com\/#organization\",\"name\":\"METRICA\",\"url\":\"https:\/\/www.metrica-global.com\/\",\"logo\":{\"@type\":\"ImageObject\",\"inLanguage\":\"en-US\",\"@id\":\"https:\/\/www.metrica-global.com\/#\/schema\/logo\/image\/\",\"url\":\"https:\/\/www.metrica-global.com\/wp-content\/uploads\/2023\/12\/logo-metrica.png\",\"contentUrl\":\"https:\/\/www.metrica-global.com\/wp-content\/uploads\/2023\/12\/logo-metrica.png\",\"width\":332,\"height\":58,\"caption\":\"METRICA\"},\"image\":{\"@id\":\"https:\/\/www.metrica-global.com\/#\/schema\/logo\/image\/\"}},{\"@type\":\"Person\",\"@id\":\"https:\/\/www.metrica-global.com\/#\/schema\/person\/78e8e629d9e5908167469b249f6f2cdc\",\"name\":\"desarrollo\",\"image\":{\"@type\":\"ImageObject\",\"inLanguage\":\"en-US\",\"@id\":\"https:\/\/www.metrica-global.com\/#\/schema\/person\/image\/\",\"url\":\"https:\/\/secure.gravatar.com\/avatar\/d2653fb8f170e1382a31acc69dcf92e99545e6329805eb11d8a34443b058f3de?s=96&d=mm&r=g\",\"contentUrl\":\"https:\/\/secure.gravatar.com\/avatar\/d2653fb8f170e1382a31acc69dcf92e99545e6329805eb11d8a34443b058f3de?s=96&d=mm&r=g\",\"caption\":\"desarrollo\"},\"url\":\"https:\/\/www.metrica-global.com\/usa\/author\/desarrollo\/\"}]}<\/script>\n<!-- \/ Yoast SEO plugin. -->","yoast_head_json":{"title":"CARE MONTH: A Month of Wellbeing and Solidarity at METRICA - METRICA","robots":{"index":"index","follow":"follow","max-snippet":"max-snippet:-1","max-image-preview":"max-image-preview:large","max-video-preview":"max-video-preview:-1"},"canonical":"https:\/\/www.metrica-global.com\/usa\/care-month-el-mes-del-bienestar-y-la-solidaridad-en-metrica\/","og_locale":"en_US","og_type":"article","og_title":"CARE MONTH: A Month of Wellbeing and Solidarity at METRICA - METRICA","og_description":"A month dedicated to promoting healthy habits, physical activity, and social engagement among employees across our international offices.","og_url":"https:\/\/www.metrica-global.com\/usa\/care-month-el-mes-del-bienestar-y-la-solidaridad-en-metrica\/","og_site_name":"METRICA","article_published_time":"2024-12-05T17:30:00+00:00","article_modified_time":"2025-07-31T07:09:06+00:00","og_image":[{"width":2560,"height":1280,"url":"https:\/\/www.metrica-global.com\/wp-content\/uploads\/2024\/12\/banner-care-month-1-scaled-1.jpg","type":"image\/jpeg"}],"author":"desarrollo","twitter_card":"summary_large_image","twitter_misc":{"Written by":"desarrollo","Est. reading time":"3 minutes"},"schema":{"@context":"https:\/\/schema.org","@graph":[{"@type":"Article","@id":"https:\/\/www.metrica-global.com\/usa\/care-month-el-mes-del-bienestar-y-la-solidaridad-en-metrica\/#article","isPartOf":{"@id":"https:\/\/www.metrica-global.com\/usa\/care-month-el-mes-del-bienestar-y-la-solidaridad-en-metrica\/"},"author":{"name":"desarrollo","@id":"https:\/\/www.metrica-global.com\/#\/schema\/person\/78e8e629d9e5908167469b249f6f2cdc"},"headline":"CARE MONTH: A Month of Wellbeing and Solidarity at METRICA","datePublished":"2024-12-05T17:30:00+00:00","dateModified":"2025-07-31T07:09:06+00:00","mainEntityOfPage":{"@id":"https:\/\/www.metrica-global.com\/usa\/care-month-el-mes-del-bienestar-y-la-solidaridad-en-metrica\/"},"wordCount":528,"commentCount":0,"publisher":{"@id":"https:\/\/www.metrica-global.com\/#organization"},"image":{"@id":"https:\/\/www.metrica-global.com\/usa\/care-month-el-mes-del-bienestar-y-la-solidaridad-en-metrica\/#primaryimage"},"thumbnailUrl":"https:\/\/www.metrica-global.com\/wp-content\/uploads\/2024\/12\/banner-care-month-1-scaled-1.jpg","keywords":["Actividad f\u00edsica en empresas","\u00c1mbito Tecnol\u00f3gico","Bienestar","Carrera Solidaria","Deporte y equipo","Responsabilidad corporativa","Sector IT","Sostenibilidad","Team-building","Vida saludable"],"articleSection":["Current events"],"inLanguage":"en-US","potentialAction":[{"@type":"CommentAction","name":"Comment","target":["https:\/\/www.metrica-global.com\/usa\/care-month-el-mes-del-bienestar-y-la-solidaridad-en-metrica\/#respond"]}]},{"@type":"WebPage","@id":"https:\/\/www.metrica-global.com\/usa\/care-month-el-mes-del-bienestar-y-la-solidaridad-en-metrica\/","url":"https:\/\/www.metrica-global.com\/usa\/care-month-el-mes-del-bienestar-y-la-solidaridad-en-metrica\/","name":"CARE MONTH: A Month of Wellbeing and Solidarity at METRICA - METRICA","isPartOf":{"@id":"https:\/\/www.metrica-global.com\/#website"},"primaryImageOfPage":{"@id":"https:\/\/www.metrica-global.com\/usa\/care-month-el-mes-del-bienestar-y-la-solidaridad-en-metrica\/#primaryimage"},"image":{"@id":"https:\/\/www.metrica-global.com\/usa\/care-month-el-mes-del-bienestar-y-la-solidaridad-en-metrica\/#primaryimage"},"thumbnailUrl":"https:\/\/www.metrica-global.com\/wp-content\/uploads\/2024\/12\/banner-care-month-1-scaled-1.jpg","datePublished":"2024-12-05T17:30:00+00:00","dateModified":"2025-07-31T07:09:06+00:00","breadcrumb":{"@id":"https:\/\/www.metrica-global.com\/usa\/care-month-el-mes-del-bienestar-y-la-solidaridad-en-metrica\/#breadcrumb"},"inLanguage":"en-US","potentialAction":[{"@type":"ReadAction","target":["https:\/\/www.metrica-global.com\/usa\/care-month-el-mes-del-bienestar-y-la-solidaridad-en-metrica\/"]}]},{"@type":"ImageObject","inLanguage":"en-US","@id":"https:\/\/www.metrica-global.com\/usa\/care-month-el-mes-del-bienestar-y-la-solidaridad-en-metrica\/#primaryimage","url":"https:\/\/www.metrica-global.com\/wp-content\/uploads\/2024\/12\/banner-care-month-1-scaled-1.jpg","contentUrl":"https:\/\/www.metrica-global.com\/wp-content\/uploads\/2024\/12\/banner-care-month-1-scaled-1.jpg","width":2560,"height":1280,"caption":"banner care month 1 scaled 1"},{"@type":"BreadcrumbList","@id":"https:\/\/www.metrica-global.com\/usa\/care-month-el-mes-del-bienestar-y-la-solidaridad-en-metrica\/#breadcrumb","itemListElement":[{"@type":"ListItem","position":1,"name":"Portada","item":"https:\/\/www.metrica-global.com\/usa\/"},{"@type":"ListItem","position":2,"name":"CARE MONTH: A Month of Wellbeing and Solidarity at METRICA"}]},{"@type":"WebSite","@id":"https:\/\/www.metrica-global.com\/#website","url":"https:\/\/www.metrica-global.com\/","name":"METRICA","description":"Servicios Globales IT","publisher":{"@id":"https:\/\/www.metrica-global.com\/#organization"},"potentialAction":[{"@type":"SearchAction","target":{"@type":"EntryPoint","urlTemplate":"https:\/\/www.metrica-global.com\/?s={search_term_string}"},"query-input":{"@type":"PropertyValueSpecification","valueRequired":true,"valueName":"search_term_string"}}],"inLanguage":"en-US"},{"@type":"Organization","@id":"https:\/\/www.metrica-global.com\/#organization","name":"METRICA","url":"https:\/\/www.metrica-global.com\/","logo":{"@type":"ImageObject","inLanguage":"en-US","@id":"https:\/\/www.metrica-global.com\/#\/schema\/logo\/image\/","url":"https:\/\/www.metrica-global.com\/wp-content\/uploads\/2023\/12\/logo-metrica.png","contentUrl":"https:\/\/www.metrica-global.com\/wp-content\/uploads\/2023\/12\/logo-metrica.png","width":332,"height":58,"caption":"METRICA"},"image":{"@id":"https:\/\/www.metrica-global.com\/#\/schema\/logo\/image\/"}},{"@type":"Person","@id":"https:\/\/www.metrica-global.com\/#\/schema\/person\/78e8e629d9e5908167469b249f6f2cdc","name":"desarrollo","image":{"@type":"ImageObject","inLanguage":"en-US","@id":"https:\/\/www.metrica-global.com\/#\/schema\/person\/image\/","url":"https:\/\/secure.gravatar.com\/avatar\/d2653fb8f170e1382a31acc69dcf92e99545e6329805eb11d8a34443b058f3de?s=96&d=mm&r=g","contentUrl":"https:\/\/secure.gravatar.com\/avatar\/d2653fb8f170e1382a31acc69dcf92e99545e6329805eb11d8a34443b058f3de?s=96&d=mm&r=g","caption":"desarrollo"},"url":"https:\/\/www.metrica-global.com\/usa\/author\/desarrollo\/"}]}},"_links":{"self":[{"href":"https:\/\/www.metrica-global.com\/usa\/wp-json\/wp\/v2\/posts\/8963","targetHints":{"allow":["GET"]}}],"collection":[{"href":"https:\/\/www.metrica-global.com\/usa\/wp-json\/wp\/v2\/posts"}],"about":[{"href":"https:\/\/www.metrica-global.com\/usa\/wp-json\/wp\/v2\/types\/post"}],"author":[{"embeddable":true,"href":"https:\/\/www.metrica-global.com\/usa\/wp-json\/wp\/v2\/users\/1"}],"replies":[{"embeddable":true,"href":"https:\/\/www.metrica-global.com\/usa\/wp-json\/wp\/v2\/comments?post=8963"}],"version-history":[{"count":3,"href":"https:\/\/www.metrica-global.com\/usa\/wp-json\/wp\/v2\/posts\/8963\/revisions"}],"predecessor-version":[{"id":12562,"href":"https:\/\/www.metrica-global.com\/usa\/wp-json\/wp\/v2\/posts\/8963\/revisions\/12562"}],"wp:featuredmedia":[{"embeddable":true,"href":"https:\/\/www.metrica-global.com\/usa\/wp-json\/wp\/v2\/media\/8964"}],"wp:attachment":[{"href":"https:\/\/www.metrica-global.com\/usa\/wp-json\/wp\/v2\/media?parent=8963"}],"wp:term":[{"taxonomy":"category","embeddable":true,"href":"https:\/\/www.metrica-global.com\/usa\/wp-json\/wp\/v2\/categories?post=8963"},{"taxonomy":"post_tag","embeddable":true,"href":"https:\/\/www.metrica-global.com\/usa\/wp-json\/wp\/v2\/tags?post=8963"}],"curies":[{"name":"wp","href":"https:\/\/api.w.org\/{rel}","templated":true}]}}