{"id":9170,"date":"2024-08-28T13:00:00","date_gmt":"2024-08-28T11:00:00","guid":{"rendered":"https:\/\/www.metrica-global.com\/calculo-de-nuestra-huella-de-carbono-2023\/"},"modified":"2025-07-30T11:24:53","modified_gmt":"2025-07-30T09:24:53","slug":"calculo-de-nuestra-huella-de-carbono-2023","status":"publish","type":"post","link":"https:\/\/www.metrica-global.com\/usa\/calculo-de-nuestra-huella-de-carbono-2023\/","title":{"rendered":"2023 Carbon Footprint Assessment: A Step Forward in Sustainability"},"content":{"rendered":"\r\n<p data-start=\"484\" data-end=\"1014\">At METRICA, we are deeply committed to sustainability and to the fight against climate change. We\u2019re proud to announce that we have successfully completed the <strong data-start=\"643\" data-end=\"687\">calculation of our 2023 Carbon Footprint<\/strong>, marking the second year in a row we\u2019ve undertaken this initiative. <strong data-start=\"756\" data-end=\"826\">This assessment was conducted at our central headquarters in Spain<\/strong>, in strict accordance with the internationally recognized <strong data-start=\"885\" data-end=\"918\">Greenhouse Gas (GHG) Protocol<\/strong>, a key framework for evaluating and managing environmental impact in terms of carbon emissions.<\/p>\r\n<hr data-start=\"1016\" data-end=\"1019\" \/>\r\n<h3 data-start=\"1021\" data-end=\"1050\">What is the GHG Protocol?<\/h3>\r\n<p data-start=\"1052\" data-end=\"1478\">The <strong data-start=\"1056\" data-end=\"1072\">GHG Protocol<\/strong> is a globally accepted standard for calculating and reporting greenhouse gas emissions. Developed by the <strong data-start=\"1178\" data-end=\"1213\">World Resources Institute (WRI)<\/strong> and the <strong data-start=\"1222\" data-end=\"1284\">World Business Council for Sustainable Development (WBCSD)<\/strong>\u2014with input from companies, governments, and environmental organizations\u2014it offers a consistent, transparent, and actionable framework for managing emissions and supporting global climate goals.<\/p>\r\n<hr data-start=\"1480\" data-end=\"1483\" \/>\r\n<h3 data-start=\"1485\" data-end=\"1531\">Our Updated Carbon Reduction Plan for 2030<\/h3>\r\n<p data-start=\"1533\" data-end=\"1791\">Based on the findings of our latest carbon footprint assessment, we\u2019ve revised our <strong data-start=\"1616\" data-end=\"1655\">Emission Reduction Plan toward 2030<\/strong>, with a stronger alignment to our sustainability goals and long-term commitments. Some of the key initiatives we\u2019ve introduced include:<\/p>\r\n<p data-start=\"1793\" data-end=\"1943\">\u2705 <strong data-start=\"1795\" data-end=\"1831\">Targeted Sustainability Training<\/strong><br data-start=\"1831\" data-end=\"1834\" \/>We&#8217;ve launched internal training programs to raise awareness and empower our team with sustainable practices.<\/p>\r\n<p data-start=\"1945\" data-end=\"2114\">\u2705 <strong data-start=\"1947\" data-end=\"1992\">Sustainability-Driven Business Objectives<\/strong><br data-start=\"1992\" data-end=\"1995\" \/>Sustainability goals are now more deeply integrated into our corporate strategy, ensuring alignment across departments.<\/p>\r\n<p data-start=\"2116\" data-end=\"2249\">\u2705 <strong data-start=\"2118\" data-end=\"2144\">Carbon Offset Projects<\/strong><br data-start=\"2144\" data-end=\"2147\" \/>We are developing and supporting offset initiatives to mitigate the residual impact of our operations.<\/p>\r\n<p data-start=\"2251\" data-end=\"2398\">\u2705 <strong data-start=\"2253\" data-end=\"2291\">Annual Emissions Reduction Roadmap<\/strong><br data-start=\"2291\" data-end=\"2294\" \/>Our efforts continue toward achieving <strong data-start=\"2332\" data-end=\"2352\">Net Zero by 2050<\/strong>, with concrete milestones and yearly targets.<\/p>\r\n<hr data-start=\"2400\" data-end=\"2403\" \/>\r\n<h3 data-start=\"2405\" data-end=\"2455\">Our Commitment from Spain, for a Global Impact<\/h3>\r\n<p data-start=\"2457\" data-end=\"2727\">This carbon footprint measurement, carried out from our <strong data-start=\"2513\" data-end=\"2537\">Spanish headquarters<\/strong>, reinforces our belief that every action matters. At METRICA, we recognize the role of the private sector in driving positive environmental change, and we are committed to playing our part.<\/p>\r\n<p data-start=\"2729\" data-end=\"2946\">We invite you to explore more about our 2023 Carbon Footprint and our sustainability initiatives through our latest post on social media. Follow us to stay updated on how we are building a greener future\u2014step by step.<\/p>\r\n<p data-start=\"2948\" data-end=\"3000\">\ud83c\udf0d <strong data-start=\"2951\" data-end=\"2998\">Be the change you want to see in the world.<\/strong><\/p>\r\n","protected":false},"excerpt":{"rendered":"<p>We\u2019ve completed the calculation of our 2023 Carbon Footprint for the second consecutive year\u2014an initiative carried out from our central headquarters in Spain. This effort was conducted following the Greenhouse Gas (GHG) Protocol.<\/p>\n","protected":false},"author":1,"featured_media":9171,"comment_status":"open","ping_status":"open","sticky":false,"template":"","format":"standard","meta":{"content-type":"","footnotes":""},"categories":[2435],"tags":[2199,2472,2473,2223,2474,2475,2459,2334,2476,2446,2185,2214],"class_list":["post-9170","post","type-post","status-publish","format-standard","has-post-thumbnail","hentry","category-sustainability-en","tag-ambito-tecnologico-usa","tag-cambio-climatico-usa","tag-co2-usa","tag-compromiso-empresarial-usa","tag-empresa-sostenible-usa","tag-ghg-protocol-usa","tag-huella-de-carbono-usa","tag-medio-ambiente-usa","tag-netzero-usa","tag-reduccion-de-emisiones-usa","tag-sector-it-usa","tag-sostenibilidad-usa"],"yoast_head":"<!-- This site is optimized with the Yoast SEO plugin v25.9 - https:\/\/yoast.com\/wordpress\/plugins\/seo\/ -->\n<title>2023 Carbon Footprint Assessment: A Step Forward in Sustainability - METRICA<\/title>\n<meta name=\"robots\" content=\"index, follow, max-snippet:-1, max-image-preview:large, max-video-preview:-1\" \/>\n<link rel=\"canonical\" href=\"https:\/\/www.metrica-global.com\/usa\/calculo-de-nuestra-huella-de-carbono-2023\/\" \/>\n<meta property=\"og:locale\" content=\"en_US\" \/>\n<meta property=\"og:type\" content=\"article\" \/>\n<meta property=\"og:title\" content=\"2023 Carbon Footprint Assessment: A Step Forward in Sustainability - METRICA\" \/>\n<meta property=\"og:description\" content=\"We\u2019ve completed the calculation of our 2023 Carbon Footprint for the second consecutive year\u2014an initiative carried out from our central headquarters in Spain. This effort was conducted following the Greenhouse Gas (GHG) Protocol.\" \/>\n<meta property=\"og:url\" content=\"https:\/\/www.metrica-global.com\/usa\/calculo-de-nuestra-huella-de-carbono-2023\/\" \/>\n<meta property=\"og:site_name\" content=\"METRICA\" \/>\n<meta property=\"article:published_time\" content=\"2024-08-28T11:00:00+00:00\" \/>\n<meta property=\"article:modified_time\" content=\"2025-07-30T09:24:53+00:00\" \/>\n<meta property=\"og:image\" content=\"https:\/\/www.metrica-global.com\/wp-content\/uploads\/2024\/08\/BANNER-HUELLA-CARBONO-scaled-1.jpg\" \/>\n\t<meta property=\"og:image:width\" content=\"2560\" \/>\n\t<meta property=\"og:image:height\" content=\"939\" \/>\n\t<meta property=\"og:image:type\" content=\"image\/jpeg\" \/>\n<meta name=\"author\" content=\"desarrollo\" \/>\n<meta name=\"twitter:card\" content=\"summary_large_image\" \/>\n<meta name=\"twitter:label1\" content=\"Written by\" \/>\n\t<meta name=\"twitter:data1\" content=\"desarrollo\" \/>\n\t<meta name=\"twitter:label2\" content=\"Est. reading time\" \/>\n\t<meta name=\"twitter:data2\" content=\"2 minutes\" \/>\n<script type=\"application\/ld+json\" class=\"yoast-schema-graph\">{\"@context\":\"https:\/\/schema.org\",\"@graph\":[{\"@type\":\"Article\",\"@id\":\"https:\/\/www.metrica-global.com\/usa\/calculo-de-nuestra-huella-de-carbono-2023\/#article\",\"isPartOf\":{\"@id\":\"https:\/\/www.metrica-global.com\/usa\/calculo-de-nuestra-huella-de-carbono-2023\/\"},\"author\":{\"name\":\"desarrollo\",\"@id\":\"https:\/\/www.metrica-global.com\/#\/schema\/person\/78e8e629d9e5908167469b249f6f2cdc\"},\"headline\":\"2023 Carbon Footprint Assessment: A Step Forward in Sustainability\",\"datePublished\":\"2024-08-28T11:00:00+00:00\",\"dateModified\":\"2025-07-30T09:24:53+00:00\",\"mainEntityOfPage\":{\"@id\":\"https:\/\/www.metrica-global.com\/usa\/calculo-de-nuestra-huella-de-carbono-2023\/\"},\"wordCount\":358,\"commentCount\":0,\"publisher\":{\"@id\":\"https:\/\/www.metrica-global.com\/#organization\"},\"image\":{\"@id\":\"https:\/\/www.metrica-global.com\/usa\/calculo-de-nuestra-huella-de-carbono-2023\/#primaryimage\"},\"thumbnailUrl\":\"https:\/\/www.metrica-global.com\/wp-content\/uploads\/2024\/08\/BANNER-HUELLA-CARBONO-scaled-1.jpg\",\"keywords\":[\"\u00c1mbito Tecnol\u00f3gico\",\"Cambio Clim\u00e1tico\",\"CO2\",\"Compromiso empresarial\",\"Empresa sostenible\",\"GHG Protocol\",\"Huella de Carbono\",\"Medio Ambiente\",\"NetZero\",\"Reducci\u00f3n de Emisiones\",\"Sector IT\",\"Sostenibilidad\"],\"articleSection\":[\"Sustainability\"],\"inLanguage\":\"en-US\",\"potentialAction\":[{\"@type\":\"CommentAction\",\"name\":\"Comment\",\"target\":[\"https:\/\/www.metrica-global.com\/usa\/calculo-de-nuestra-huella-de-carbono-2023\/#respond\"]}]},{\"@type\":\"WebPage\",\"@id\":\"https:\/\/www.metrica-global.com\/usa\/calculo-de-nuestra-huella-de-carbono-2023\/\",\"url\":\"https:\/\/www.metrica-global.com\/usa\/calculo-de-nuestra-huella-de-carbono-2023\/\",\"name\":\"2023 Carbon Footprint Assessment: A Step Forward in Sustainability - METRICA\",\"isPartOf\":{\"@id\":\"https:\/\/www.metrica-global.com\/#website\"},\"primaryImageOfPage\":{\"@id\":\"https:\/\/www.metrica-global.com\/usa\/calculo-de-nuestra-huella-de-carbono-2023\/#primaryimage\"},\"image\":{\"@id\":\"https:\/\/www.metrica-global.com\/usa\/calculo-de-nuestra-huella-de-carbono-2023\/#primaryimage\"},\"thumbnailUrl\":\"https:\/\/www.metrica-global.com\/wp-content\/uploads\/2024\/08\/BANNER-HUELLA-CARBONO-scaled-1.jpg\",\"datePublished\":\"2024-08-28T11:00:00+00:00\",\"dateModified\":\"2025-07-30T09:24:53+00:00\",\"breadcrumb\":{\"@id\":\"https:\/\/www.metrica-global.com\/usa\/calculo-de-nuestra-huella-de-carbono-2023\/#breadcrumb\"},\"inLanguage\":\"en-US\",\"potentialAction\":[{\"@type\":\"ReadAction\",\"target\":[\"https:\/\/www.metrica-global.com\/usa\/calculo-de-nuestra-huella-de-carbono-2023\/\"]}]},{\"@type\":\"ImageObject\",\"inLanguage\":\"en-US\",\"@id\":\"https:\/\/www.metrica-global.com\/usa\/calculo-de-nuestra-huella-de-carbono-2023\/#primaryimage\",\"url\":\"https:\/\/www.metrica-global.com\/wp-content\/uploads\/2024\/08\/BANNER-HUELLA-CARBONO-scaled-1.jpg\",\"contentUrl\":\"https:\/\/www.metrica-global.com\/wp-content\/uploads\/2024\/08\/BANNER-HUELLA-CARBONO-scaled-1.jpg\",\"width\":2560,\"height\":939,\"caption\":\"BANNER HUELLA CARBONO scaled 1\"},{\"@type\":\"BreadcrumbList\",\"@id\":\"https:\/\/www.metrica-global.com\/usa\/calculo-de-nuestra-huella-de-carbono-2023\/#breadcrumb\",\"itemListElement\":[{\"@type\":\"ListItem\",\"position\":1,\"name\":\"Portada\",\"item\":\"https:\/\/www.metrica-global.com\/usa\/\"},{\"@type\":\"ListItem\",\"position\":2,\"name\":\"2023 Carbon Footprint Assessment: A Step Forward in Sustainability\"}]},{\"@type\":\"WebSite\",\"@id\":\"https:\/\/www.metrica-global.com\/#website\",\"url\":\"https:\/\/www.metrica-global.com\/\",\"name\":\"METRICA\",\"description\":\"Servicios Globales IT\",\"publisher\":{\"@id\":\"https:\/\/www.metrica-global.com\/#organization\"},\"potentialAction\":[{\"@type\":\"SearchAction\",\"target\":{\"@type\":\"EntryPoint\",\"urlTemplate\":\"https:\/\/www.metrica-global.com\/?s={search_term_string}\"},\"query-input\":{\"@type\":\"PropertyValueSpecification\",\"valueRequired\":true,\"valueName\":\"search_term_string\"}}],\"inLanguage\":\"en-US\"},{\"@type\":\"Organization\",\"@id\":\"https:\/\/www.metrica-global.com\/#organization\",\"name\":\"METRICA\",\"url\":\"https:\/\/www.metrica-global.com\/\",\"logo\":{\"@type\":\"ImageObject\",\"inLanguage\":\"en-US\",\"@id\":\"https:\/\/www.metrica-global.com\/#\/schema\/logo\/image\/\",\"url\":\"https:\/\/www.metrica-global.com\/wp-content\/uploads\/2023\/12\/logo-metrica.png\",\"contentUrl\":\"https:\/\/www.metrica-global.com\/wp-content\/uploads\/2023\/12\/logo-metrica.png\",\"width\":332,\"height\":58,\"caption\":\"METRICA\"},\"image\":{\"@id\":\"https:\/\/www.metrica-global.com\/#\/schema\/logo\/image\/\"}},{\"@type\":\"Person\",\"@id\":\"https:\/\/www.metrica-global.com\/#\/schema\/person\/78e8e629d9e5908167469b249f6f2cdc\",\"name\":\"desarrollo\",\"image\":{\"@type\":\"ImageObject\",\"inLanguage\":\"en-US\",\"@id\":\"https:\/\/www.metrica-global.com\/#\/schema\/person\/image\/\",\"url\":\"https:\/\/secure.gravatar.com\/avatar\/d2653fb8f170e1382a31acc69dcf92e99545e6329805eb11d8a34443b058f3de?s=96&d=mm&r=g\",\"contentUrl\":\"https:\/\/secure.gravatar.com\/avatar\/d2653fb8f170e1382a31acc69dcf92e99545e6329805eb11d8a34443b058f3de?s=96&d=mm&r=g\",\"caption\":\"desarrollo\"},\"url\":\"https:\/\/www.metrica-global.com\/usa\/author\/desarrollo\/\"}]}<\/script>\n<!-- \/ Yoast SEO plugin. -->","yoast_head_json":{"title":"2023 Carbon Footprint Assessment: A Step Forward in Sustainability - METRICA","robots":{"index":"index","follow":"follow","max-snippet":"max-snippet:-1","max-image-preview":"max-image-preview:large","max-video-preview":"max-video-preview:-1"},"canonical":"https:\/\/www.metrica-global.com\/usa\/calculo-de-nuestra-huella-de-carbono-2023\/","og_locale":"en_US","og_type":"article","og_title":"2023 Carbon Footprint Assessment: A Step Forward in Sustainability - METRICA","og_description":"We\u2019ve completed the calculation of our 2023 Carbon Footprint for the second consecutive year\u2014an initiative carried out from our central headquarters in Spain. This effort was conducted following the Greenhouse Gas (GHG) Protocol.","og_url":"https:\/\/www.metrica-global.com\/usa\/calculo-de-nuestra-huella-de-carbono-2023\/","og_site_name":"METRICA","article_published_time":"2024-08-28T11:00:00+00:00","article_modified_time":"2025-07-30T09:24:53+00:00","og_image":[{"width":2560,"height":939,"url":"https:\/\/www.metrica-global.com\/wp-content\/uploads\/2024\/08\/BANNER-HUELLA-CARBONO-scaled-1.jpg","type":"image\/jpeg"}],"author":"desarrollo","twitter_card":"summary_large_image","twitter_misc":{"Written by":"desarrollo","Est. reading time":"2 minutes"},"schema":{"@context":"https:\/\/schema.org","@graph":[{"@type":"Article","@id":"https:\/\/www.metrica-global.com\/usa\/calculo-de-nuestra-huella-de-carbono-2023\/#article","isPartOf":{"@id":"https:\/\/www.metrica-global.com\/usa\/calculo-de-nuestra-huella-de-carbono-2023\/"},"author":{"name":"desarrollo","@id":"https:\/\/www.metrica-global.com\/#\/schema\/person\/78e8e629d9e5908167469b249f6f2cdc"},"headline":"2023 Carbon Footprint Assessment: A Step Forward in Sustainability","datePublished":"2024-08-28T11:00:00+00:00","dateModified":"2025-07-30T09:24:53+00:00","mainEntityOfPage":{"@id":"https:\/\/www.metrica-global.com\/usa\/calculo-de-nuestra-huella-de-carbono-2023\/"},"wordCount":358,"commentCount":0,"publisher":{"@id":"https:\/\/www.metrica-global.com\/#organization"},"image":{"@id":"https:\/\/www.metrica-global.com\/usa\/calculo-de-nuestra-huella-de-carbono-2023\/#primaryimage"},"thumbnailUrl":"https:\/\/www.metrica-global.com\/wp-content\/uploads\/2024\/08\/BANNER-HUELLA-CARBONO-scaled-1.jpg","keywords":["\u00c1mbito Tecnol\u00f3gico","Cambio Clim\u00e1tico","CO2","Compromiso empresarial","Empresa sostenible","GHG Protocol","Huella de Carbono","Medio Ambiente","NetZero","Reducci\u00f3n de Emisiones","Sector IT","Sostenibilidad"],"articleSection":["Sustainability"],"inLanguage":"en-US","potentialAction":[{"@type":"CommentAction","name":"Comment","target":["https:\/\/www.metrica-global.com\/usa\/calculo-de-nuestra-huella-de-carbono-2023\/#respond"]}]},{"@type":"WebPage","@id":"https:\/\/www.metrica-global.com\/usa\/calculo-de-nuestra-huella-de-carbono-2023\/","url":"https:\/\/www.metrica-global.com\/usa\/calculo-de-nuestra-huella-de-carbono-2023\/","name":"2023 Carbon Footprint Assessment: A Step Forward in Sustainability - METRICA","isPartOf":{"@id":"https:\/\/www.metrica-global.com\/#website"},"primaryImageOfPage":{"@id":"https:\/\/www.metrica-global.com\/usa\/calculo-de-nuestra-huella-de-carbono-2023\/#primaryimage"},"image":{"@id":"https:\/\/www.metrica-global.com\/usa\/calculo-de-nuestra-huella-de-carbono-2023\/#primaryimage"},"thumbnailUrl":"https:\/\/www.metrica-global.com\/wp-content\/uploads\/2024\/08\/BANNER-HUELLA-CARBONO-scaled-1.jpg","datePublished":"2024-08-28T11:00:00+00:00","dateModified":"2025-07-30T09:24:53+00:00","breadcrumb":{"@id":"https:\/\/www.metrica-global.com\/usa\/calculo-de-nuestra-huella-de-carbono-2023\/#breadcrumb"},"inLanguage":"en-US","potentialAction":[{"@type":"ReadAction","target":["https:\/\/www.metrica-global.com\/usa\/calculo-de-nuestra-huella-de-carbono-2023\/"]}]},{"@type":"ImageObject","inLanguage":"en-US","@id":"https:\/\/www.metrica-global.com\/usa\/calculo-de-nuestra-huella-de-carbono-2023\/#primaryimage","url":"https:\/\/www.metrica-global.com\/wp-content\/uploads\/2024\/08\/BANNER-HUELLA-CARBONO-scaled-1.jpg","contentUrl":"https:\/\/www.metrica-global.com\/wp-content\/uploads\/2024\/08\/BANNER-HUELLA-CARBONO-scaled-1.jpg","width":2560,"height":939,"caption":"BANNER HUELLA CARBONO scaled 1"},{"@type":"BreadcrumbList","@id":"https:\/\/www.metrica-global.com\/usa\/calculo-de-nuestra-huella-de-carbono-2023\/#breadcrumb","itemListElement":[{"@type":"ListItem","position":1,"name":"Portada","item":"https:\/\/www.metrica-global.com\/usa\/"},{"@type":"ListItem","position":2,"name":"2023 Carbon Footprint Assessment: A Step Forward in Sustainability"}]},{"@type":"WebSite","@id":"https:\/\/www.metrica-global.com\/#website","url":"https:\/\/www.metrica-global.com\/","name":"METRICA","description":"Servicios Globales IT","publisher":{"@id":"https:\/\/www.metrica-global.com\/#organization"},"potentialAction":[{"@type":"SearchAction","target":{"@type":"EntryPoint","urlTemplate":"https:\/\/www.metrica-global.com\/?s={search_term_string}"},"query-input":{"@type":"PropertyValueSpecification","valueRequired":true,"valueName":"search_term_string"}}],"inLanguage":"en-US"},{"@type":"Organization","@id":"https:\/\/www.metrica-global.com\/#organization","name":"METRICA","url":"https:\/\/www.metrica-global.com\/","logo":{"@type":"ImageObject","inLanguage":"en-US","@id":"https:\/\/www.metrica-global.com\/#\/schema\/logo\/image\/","url":"https:\/\/www.metrica-global.com\/wp-content\/uploads\/2023\/12\/logo-metrica.png","contentUrl":"https:\/\/www.metrica-global.com\/wp-content\/uploads\/2023\/12\/logo-metrica.png","width":332,"height":58,"caption":"METRICA"},"image":{"@id":"https:\/\/www.metrica-global.com\/#\/schema\/logo\/image\/"}},{"@type":"Person","@id":"https:\/\/www.metrica-global.com\/#\/schema\/person\/78e8e629d9e5908167469b249f6f2cdc","name":"desarrollo","image":{"@type":"ImageObject","inLanguage":"en-US","@id":"https:\/\/www.metrica-global.com\/#\/schema\/person\/image\/","url":"https:\/\/secure.gravatar.com\/avatar\/d2653fb8f170e1382a31acc69dcf92e99545e6329805eb11d8a34443b058f3de?s=96&d=mm&r=g","contentUrl":"https:\/\/secure.gravatar.com\/avatar\/d2653fb8f170e1382a31acc69dcf92e99545e6329805eb11d8a34443b058f3de?s=96&d=mm&r=g","caption":"desarrollo"},"url":"https:\/\/www.metrica-global.com\/usa\/author\/desarrollo\/"}]}},"_links":{"self":[{"href":"https:\/\/www.metrica-global.com\/usa\/wp-json\/wp\/v2\/posts\/9170","targetHints":{"allow":["GET"]}}],"collection":[{"href":"https:\/\/www.metrica-global.com\/usa\/wp-json\/wp\/v2\/posts"}],"about":[{"href":"https:\/\/www.metrica-global.com\/usa\/wp-json\/wp\/v2\/types\/post"}],"author":[{"embeddable":true,"href":"https:\/\/www.metrica-global.com\/usa\/wp-json\/wp\/v2\/users\/1"}],"replies":[{"embeddable":true,"href":"https:\/\/www.metrica-global.com\/usa\/wp-json\/wp\/v2\/comments?post=9170"}],"version-history":[{"count":2,"href":"https:\/\/www.metrica-global.com\/usa\/wp-json\/wp\/v2\/posts\/9170\/revisions"}],"predecessor-version":[{"id":12525,"href":"https:\/\/www.metrica-global.com\/usa\/wp-json\/wp\/v2\/posts\/9170\/revisions\/12525"}],"wp:featuredmedia":[{"embeddable":true,"href":"https:\/\/www.metrica-global.com\/usa\/wp-json\/wp\/v2\/media\/9171"}],"wp:attachment":[{"href":"https:\/\/www.metrica-global.com\/usa\/wp-json\/wp\/v2\/media?parent=9170"}],"wp:term":[{"taxonomy":"category","embeddable":true,"href":"https:\/\/www.metrica-global.com\/usa\/wp-json\/wp\/v2\/categories?post=9170"},{"taxonomy":"post_tag","embeddable":true,"href":"https:\/\/www.metrica-global.com\/usa\/wp-json\/wp\/v2\/tags?post=9170"}],"curies":[{"name":"wp","href":"https:\/\/api.w.org\/{rel}","templated":true}]}}