{"id":9204,"date":"2024-03-22T07:15:50","date_gmt":"2024-03-22T07:15:50","guid":{"rendered":"https:\/\/www.metrica-global.com\/la-crisis-mundial-del-agua\/"},"modified":"2025-06-23T10:19:32","modified_gmt":"2025-06-23T10:19:32","slug":"la-crisis-mundial-del-agua","status":"publish","type":"post","link":"https:\/\/www.metrica-global.com\/usa\/la-crisis-mundial-del-agua\/","title":{"rendered":"La Crisis Mundial del Agua"},"content":{"rendered":"\r\n<p><strong>La Crisis Mundial del Agua: Desaf\u00edos y Soluciones<\/strong><\/p>\r\n\r\n\r\n\r\n<p>La Crisis Mundial del Agua es una realidad alarmante que afecta a todas las personas en todos los rincones del planeta. Este problema no solo amenaza la disponibilidad de agua potable, sino que tambi\u00e9n tiene un impacto negativo significativo en el medio ambiente y en la vida de millones de especies.<\/p>\r\n\r\n\r\n\r\n<div class=\"wp-block-media-text is-stacked-on-mobile\" style=\"grid-template-columns: 23% auto;\">\r\n<figure class=\"wp-block-media-text__media\"><video src=\"https:\/\/themetricachange.com\/wp-content\/uploads\/2024\/05\/dia-mundial-del-agua-2.mp4\" controls=\"controls\" width=\"300\" height=\"150\"><\/video><\/figure>\r\n<div class=\"wp-block-media-text__content\">\r\n<p>Uno de los ejemplos m\u00e1s preocupantes de esta crisis es la fuerte sequ\u00eda que azota la cuenca del R\u00edo Amazonas. Esta regi\u00f3n, que alberga el bosque tropical m\u00e1s extenso y biodiverso del mundo, enfrenta niveles r\u00e9cord de escasez de agua. Esta situaci\u00f3n podr\u00eda marcar un punto de no retorno para el ecosistema del Amazonas, con consecuencias devastadoras para la flora, la fauna y las comunidades que dependen de \u00e9l.<\/p>\r\n\r\n\r\n\r\n<p>Otra faceta preocupante de la Crisis Mundial del Agua es la contaminaci\u00f3n textil de los r\u00edos, especialmente en regiones de \u00c1frica y Asia. La industria de la moda r\u00e1pida, caracterizada por la producci\u00f3n masiva de prendas de vestir a bajo costo, genera enormes cantidades de residuos qu\u00edmicos que terminan contaminando los cuerpos de agua cercanos. Esta contaminaci\u00f3n deja el agua sin vida y no apta para el consumo humano ni para el ecosistema acu\u00e1tico.<\/p>\r\n\r\n\r\n\r\n<p>Adem\u00e1s, el vaciado de los acu\u00edferos en todo el mundo es otra consecuencia preocupante de esta crisis. Tanto la sequ\u00eda como la sobreexplotaci\u00f3n agr\u00edcola est\u00e1n agotando estos importantes dep\u00f3sitos subterr\u00e1neos de agua, que son vitales durante las temporadas de escasez de lluvias. Esta situaci\u00f3n pone en peligro la disponibilidad futura de agua dulce para consumo humano, agricultura y vida silvestre.<\/p>\r\n<\/div>\r\n<\/div>\r\n\r\n\r\n\r\n<p>Ante esta situaci\u00f3n cr\u00edtica, es fundamental que tomemos medidas urgentes y efectivas para preservar el agua de nuestro planeta. Cada gota cuenta, y todos debemos contribuir a su conservaci\u00f3n y uso sostenible.<\/p>\r\n\r\n\r\n\r\n<p><strong>\u00bfQu\u00e9 podemos hacer para enfrentar la Crisis Mundial del Agua?<\/strong><\/p>\r\n\r\n\r\n\r\n<div class=\"wp-block-media-text has-media-on-the-right is-stacked-on-mobile\" style=\"grid-template-columns: auto 44%;\">\r\n<div class=\"wp-block-media-text__content\">\r\n<ol class=\"wp-block-list\">\r\n<li><strong>Conciencia y Educaci\u00f3n:<\/strong> Es fundamental crear conciencia sobre la importancia del agua y educar a las personas sobre c\u00f3mo pueden conservar este recurso vital en su vida diaria.<\/li>\r\n\r\n\r\n\r\n<li><strong>Tecnolog\u00eda y Gesti\u00f3n Eficiente:<\/strong> La implementaci\u00f3n de tecnolog\u00edas innovadoras y pr\u00e1cticas de gesti\u00f3n del agua puede ayudar a optimizar su uso y reducir el desperdicio en todos los sectores, desde la agricultura hasta la industria.<\/li>\r\n\r\n\r\n\r\n<li><strong>Pol\u00edticas y Regulaciones:<\/strong> Los gobiernos y las organizaciones internacionales deben trabajar juntos para desarrollar pol\u00edticas y regulaciones s\u00f3lidas que promuevan la conservaci\u00f3n del agua y protejan los recursos h\u00eddricos de la explotaci\u00f3n y la contaminaci\u00f3n.<\/li>\r\n\r\n\r\n\r\n<li><strong>Inversi\u00f3n en Infraestructura:<\/strong> Es necesario invertir en infraestructuras h\u00eddricas resilientes y sostenibles que garanticen el acceso equitativo al agua potable y ayuden a mitigar los efectos del cambio clim\u00e1tico en los recursos h\u00eddricos.<\/li>\r\n<\/ol>\r\n<\/div>\r\n<figure class=\"wp-block-media-text__media\"><img fetchpriority=\"high\" decoding=\"async\" width=\"401\" height=\"401\" class=\"wp-image-1417 size-full\" src=\"https:\/\/themetricachange.com\/wp-content\/uploads\/2024\/05\/ahorrar-agua.jpg\" alt=\"\" srcset=\"https:\/\/www.metrica-global.com\/wp-content\/uploads\/2024\/05\/ahorrar-agua.jpg 401w, https:\/\/www.metrica-global.com\/wp-content\/uploads\/2024\/05\/ahorrar-agua-300x300.jpg 300w, https:\/\/www.metrica-global.com\/wp-content\/uploads\/2024\/05\/ahorrar-agua-150x150.jpg 150w\" sizes=\"(max-width: 401px) 100vw, 401px\" \/><\/figure>\r\n<\/div>\r\n\r\n\r\n\r\n<p>En conclusi\u00f3n, la Crisis Mundial del Agua es un desaf\u00edo complejo que requiere una respuesta global coordinada. Solo mediante la acci\u00f3n conjunta de individuos, comunidades, gobiernos y organizaciones podemos enfrentar este desaf\u00edo y asegurar un futuro sostenible para todos.<\/p>\r\n","protected":false},"excerpt":{"rendered":"<p>La Crisis Mundial del Agua es una realidad alarmante que afecta a todas las personas en todos los rincones del planeta. <\/p>\n","protected":false},"author":1,"featured_media":9205,"comment_status":"open","ping_status":"open","sticky":false,"template":"","format":"standard","meta":{"content-type":"","footnotes":""},"categories":[2435],"tags":[2506,2507,2508,2467,2480,2509,2510,2511,2512,2513,2214],"class_list":["post-9204","post","type-post","status-publish","format-standard","has-post-thumbnail","hentry","category-sustainability-en","tag-acuiferos-usa","tag-aguas-residuales-usa","tag-ahorrar-agua-usa","tag-contaminacion-usa","tag-crisis-del-agua-usa","tag-mares-usa","tag-oceanos-usa","tag-planeta-usa","tag-rios-usa","tag-sequia-usa","tag-sostenibilidad-usa"],"yoast_head":"<!-- This site is optimized with the Yoast SEO plugin v25.9 - https:\/\/yoast.com\/wordpress\/plugins\/seo\/ -->\n<title>La Crisis Mundial del Agua - METRICA<\/title>\n<meta name=\"robots\" content=\"index, follow, max-snippet:-1, max-image-preview:large, max-video-preview:-1\" \/>\n<link rel=\"canonical\" href=\"https:\/\/www.metrica-global.com\/usa\/la-crisis-mundial-del-agua\/\" \/>\n<meta property=\"og:locale\" content=\"en_US\" \/>\n<meta property=\"og:type\" content=\"article\" \/>\n<meta property=\"og:title\" content=\"La Crisis Mundial del Agua - METRICA\" \/>\n<meta property=\"og:description\" content=\"La Crisis Mundial del Agua es una realidad alarmante que afecta a todas las personas en todos los rincones del planeta.\" \/>\n<meta property=\"og:url\" content=\"https:\/\/www.metrica-global.com\/usa\/la-crisis-mundial-del-agua\/\" \/>\n<meta property=\"og:site_name\" content=\"METRICA\" \/>\n<meta property=\"article:published_time\" content=\"2024-03-22T07:15:50+00:00\" \/>\n<meta property=\"article:modified_time\" content=\"2025-06-23T10:19:32+00:00\" \/>\n<meta property=\"og:image\" content=\"https:\/\/www.metrica-global.com\/wp-content\/uploads\/2024\/05\/banner-dia-mundial-agua-scaled-1.jpg\" \/>\n\t<meta property=\"og:image:width\" content=\"2560\" \/>\n\t<meta property=\"og:image:height\" content=\"884\" \/>\n\t<meta property=\"og:image:type\" content=\"image\/jpeg\" \/>\n<meta name=\"author\" content=\"desarrollo\" \/>\n<meta name=\"twitter:card\" content=\"summary_large_image\" \/>\n<meta name=\"twitter:label1\" content=\"Written by\" \/>\n\t<meta name=\"twitter:data1\" content=\"desarrollo\" \/>\n\t<meta name=\"twitter:label2\" content=\"Est. reading time\" \/>\n\t<meta name=\"twitter:data2\" content=\"3 minutes\" \/>\n<script type=\"application\/ld+json\" class=\"yoast-schema-graph\">{\"@context\":\"https:\/\/schema.org\",\"@graph\":[{\"@type\":\"Article\",\"@id\":\"https:\/\/www.metrica-global.com\/usa\/la-crisis-mundial-del-agua\/#article\",\"isPartOf\":{\"@id\":\"https:\/\/www.metrica-global.com\/usa\/la-crisis-mundial-del-agua\/\"},\"author\":{\"name\":\"desarrollo\",\"@id\":\"https:\/\/www.metrica-global.com\/#\/schema\/person\/78e8e629d9e5908167469b249f6f2cdc\"},\"headline\":\"La Crisis Mundial del Agua\",\"datePublished\":\"2024-03-22T07:15:50+00:00\",\"dateModified\":\"2025-06-23T10:19:32+00:00\",\"mainEntityOfPage\":{\"@id\":\"https:\/\/www.metrica-global.com\/usa\/la-crisis-mundial-del-agua\/\"},\"wordCount\":531,\"commentCount\":0,\"publisher\":{\"@id\":\"https:\/\/www.metrica-global.com\/#organization\"},\"image\":{\"@id\":\"https:\/\/www.metrica-global.com\/usa\/la-crisis-mundial-del-agua\/#primaryimage\"},\"thumbnailUrl\":\"https:\/\/www.metrica-global.com\/wp-content\/uploads\/2024\/05\/banner-dia-mundial-agua-scaled-1.jpg\",\"keywords\":[\"Acu\u00edferos\",\"Aguas residuales\",\"Ahorrar agua\",\"Contaminaci\u00f3n\",\"Crisis del Agua\",\"Mares\",\"Oc\u00e9anos\",\"Planeta\",\"R\u00edos\",\"Sequ\u00eda\",\"Sostenibilidad\"],\"articleSection\":[\"Sustainability\"],\"inLanguage\":\"en-US\",\"potentialAction\":[{\"@type\":\"CommentAction\",\"name\":\"Comment\",\"target\":[\"https:\/\/www.metrica-global.com\/usa\/la-crisis-mundial-del-agua\/#respond\"]}]},{\"@type\":\"WebPage\",\"@id\":\"https:\/\/www.metrica-global.com\/usa\/la-crisis-mundial-del-agua\/\",\"url\":\"https:\/\/www.metrica-global.com\/usa\/la-crisis-mundial-del-agua\/\",\"name\":\"La Crisis Mundial del Agua - METRICA\",\"isPartOf\":{\"@id\":\"https:\/\/www.metrica-global.com\/#website\"},\"primaryImageOfPage\":{\"@id\":\"https:\/\/www.metrica-global.com\/usa\/la-crisis-mundial-del-agua\/#primaryimage\"},\"image\":{\"@id\":\"https:\/\/www.metrica-global.com\/usa\/la-crisis-mundial-del-agua\/#primaryimage\"},\"thumbnailUrl\":\"https:\/\/www.metrica-global.com\/wp-content\/uploads\/2024\/05\/banner-dia-mundial-agua-scaled-1.jpg\",\"datePublished\":\"2024-03-22T07:15:50+00:00\",\"dateModified\":\"2025-06-23T10:19:32+00:00\",\"breadcrumb\":{\"@id\":\"https:\/\/www.metrica-global.com\/usa\/la-crisis-mundial-del-agua\/#breadcrumb\"},\"inLanguage\":\"en-US\",\"potentialAction\":[{\"@type\":\"ReadAction\",\"target\":[\"https:\/\/www.metrica-global.com\/usa\/la-crisis-mundial-del-agua\/\"]}]},{\"@type\":\"ImageObject\",\"inLanguage\":\"en-US\",\"@id\":\"https:\/\/www.metrica-global.com\/usa\/la-crisis-mundial-del-agua\/#primaryimage\",\"url\":\"https:\/\/www.metrica-global.com\/wp-content\/uploads\/2024\/05\/banner-dia-mundial-agua-scaled-1.jpg\",\"contentUrl\":\"https:\/\/www.metrica-global.com\/wp-content\/uploads\/2024\/05\/banner-dia-mundial-agua-scaled-1.jpg\",\"width\":2560,\"height\":884,\"caption\":\"banner dia mundial agua scaled 1\"},{\"@type\":\"BreadcrumbList\",\"@id\":\"https:\/\/www.metrica-global.com\/usa\/la-crisis-mundial-del-agua\/#breadcrumb\",\"itemListElement\":[{\"@type\":\"ListItem\",\"position\":1,\"name\":\"Portada\",\"item\":\"https:\/\/www.metrica-global.com\/usa\/\"},{\"@type\":\"ListItem\",\"position\":2,\"name\":\"La Crisis Mundial del Agua\"}]},{\"@type\":\"WebSite\",\"@id\":\"https:\/\/www.metrica-global.com\/#website\",\"url\":\"https:\/\/www.metrica-global.com\/\",\"name\":\"METRICA\",\"description\":\"Servicios Globales IT\",\"publisher\":{\"@id\":\"https:\/\/www.metrica-global.com\/#organization\"},\"potentialAction\":[{\"@type\":\"SearchAction\",\"target\":{\"@type\":\"EntryPoint\",\"urlTemplate\":\"https:\/\/www.metrica-global.com\/?s={search_term_string}\"},\"query-input\":{\"@type\":\"PropertyValueSpecification\",\"valueRequired\":true,\"valueName\":\"search_term_string\"}}],\"inLanguage\":\"en-US\"},{\"@type\":\"Organization\",\"@id\":\"https:\/\/www.metrica-global.com\/#organization\",\"name\":\"METRICA\",\"url\":\"https:\/\/www.metrica-global.com\/\",\"logo\":{\"@type\":\"ImageObject\",\"inLanguage\":\"en-US\",\"@id\":\"https:\/\/www.metrica-global.com\/#\/schema\/logo\/image\/\",\"url\":\"https:\/\/www.metrica-global.com\/wp-content\/uploads\/2023\/12\/logo-metrica.png\",\"contentUrl\":\"https:\/\/www.metrica-global.com\/wp-content\/uploads\/2023\/12\/logo-metrica.png\",\"width\":332,\"height\":58,\"caption\":\"METRICA\"},\"image\":{\"@id\":\"https:\/\/www.metrica-global.com\/#\/schema\/logo\/image\/\"}},{\"@type\":\"Person\",\"@id\":\"https:\/\/www.metrica-global.com\/#\/schema\/person\/78e8e629d9e5908167469b249f6f2cdc\",\"name\":\"desarrollo\",\"image\":{\"@type\":\"ImageObject\",\"inLanguage\":\"en-US\",\"@id\":\"https:\/\/www.metrica-global.com\/#\/schema\/person\/image\/\",\"url\":\"https:\/\/secure.gravatar.com\/avatar\/d2653fb8f170e1382a31acc69dcf92e99545e6329805eb11d8a34443b058f3de?s=96&d=mm&r=g\",\"contentUrl\":\"https:\/\/secure.gravatar.com\/avatar\/d2653fb8f170e1382a31acc69dcf92e99545e6329805eb11d8a34443b058f3de?s=96&d=mm&r=g\",\"caption\":\"desarrollo\"},\"url\":\"https:\/\/www.metrica-global.com\/usa\/author\/desarrollo\/\"}]}<\/script>\n<!-- \/ Yoast SEO plugin. -->","yoast_head_json":{"title":"La Crisis Mundial del Agua - METRICA","robots":{"index":"index","follow":"follow","max-snippet":"max-snippet:-1","max-image-preview":"max-image-preview:large","max-video-preview":"max-video-preview:-1"},"canonical":"https:\/\/www.metrica-global.com\/usa\/la-crisis-mundial-del-agua\/","og_locale":"en_US","og_type":"article","og_title":"La Crisis Mundial del Agua - METRICA","og_description":"La Crisis Mundial del Agua es una realidad alarmante que afecta a todas las personas en todos los rincones del planeta.","og_url":"https:\/\/www.metrica-global.com\/usa\/la-crisis-mundial-del-agua\/","og_site_name":"METRICA","article_published_time":"2024-03-22T07:15:50+00:00","article_modified_time":"2025-06-23T10:19:32+00:00","og_image":[{"width":2560,"height":884,"url":"https:\/\/www.metrica-global.com\/wp-content\/uploads\/2024\/05\/banner-dia-mundial-agua-scaled-1.jpg","type":"image\/jpeg"}],"author":"desarrollo","twitter_card":"summary_large_image","twitter_misc":{"Written by":"desarrollo","Est. reading time":"3 minutes"},"schema":{"@context":"https:\/\/schema.org","@graph":[{"@type":"Article","@id":"https:\/\/www.metrica-global.com\/usa\/la-crisis-mundial-del-agua\/#article","isPartOf":{"@id":"https:\/\/www.metrica-global.com\/usa\/la-crisis-mundial-del-agua\/"},"author":{"name":"desarrollo","@id":"https:\/\/www.metrica-global.com\/#\/schema\/person\/78e8e629d9e5908167469b249f6f2cdc"},"headline":"La Crisis Mundial del Agua","datePublished":"2024-03-22T07:15:50+00:00","dateModified":"2025-06-23T10:19:32+00:00","mainEntityOfPage":{"@id":"https:\/\/www.metrica-global.com\/usa\/la-crisis-mundial-del-agua\/"},"wordCount":531,"commentCount":0,"publisher":{"@id":"https:\/\/www.metrica-global.com\/#organization"},"image":{"@id":"https:\/\/www.metrica-global.com\/usa\/la-crisis-mundial-del-agua\/#primaryimage"},"thumbnailUrl":"https:\/\/www.metrica-global.com\/wp-content\/uploads\/2024\/05\/banner-dia-mundial-agua-scaled-1.jpg","keywords":["Acu\u00edferos","Aguas residuales","Ahorrar agua","Contaminaci\u00f3n","Crisis del Agua","Mares","Oc\u00e9anos","Planeta","R\u00edos","Sequ\u00eda","Sostenibilidad"],"articleSection":["Sustainability"],"inLanguage":"en-US","potentialAction":[{"@type":"CommentAction","name":"Comment","target":["https:\/\/www.metrica-global.com\/usa\/la-crisis-mundial-del-agua\/#respond"]}]},{"@type":"WebPage","@id":"https:\/\/www.metrica-global.com\/usa\/la-crisis-mundial-del-agua\/","url":"https:\/\/www.metrica-global.com\/usa\/la-crisis-mundial-del-agua\/","name":"La Crisis Mundial del Agua - METRICA","isPartOf":{"@id":"https:\/\/www.metrica-global.com\/#website"},"primaryImageOfPage":{"@id":"https:\/\/www.metrica-global.com\/usa\/la-crisis-mundial-del-agua\/#primaryimage"},"image":{"@id":"https:\/\/www.metrica-global.com\/usa\/la-crisis-mundial-del-agua\/#primaryimage"},"thumbnailUrl":"https:\/\/www.metrica-global.com\/wp-content\/uploads\/2024\/05\/banner-dia-mundial-agua-scaled-1.jpg","datePublished":"2024-03-22T07:15:50+00:00","dateModified":"2025-06-23T10:19:32+00:00","breadcrumb":{"@id":"https:\/\/www.metrica-global.com\/usa\/la-crisis-mundial-del-agua\/#breadcrumb"},"inLanguage":"en-US","potentialAction":[{"@type":"ReadAction","target":["https:\/\/www.metrica-global.com\/usa\/la-crisis-mundial-del-agua\/"]}]},{"@type":"ImageObject","inLanguage":"en-US","@id":"https:\/\/www.metrica-global.com\/usa\/la-crisis-mundial-del-agua\/#primaryimage","url":"https:\/\/www.metrica-global.com\/wp-content\/uploads\/2024\/05\/banner-dia-mundial-agua-scaled-1.jpg","contentUrl":"https:\/\/www.metrica-global.com\/wp-content\/uploads\/2024\/05\/banner-dia-mundial-agua-scaled-1.jpg","width":2560,"height":884,"caption":"banner dia mundial agua scaled 1"},{"@type":"BreadcrumbList","@id":"https:\/\/www.metrica-global.com\/usa\/la-crisis-mundial-del-agua\/#breadcrumb","itemListElement":[{"@type":"ListItem","position":1,"name":"Portada","item":"https:\/\/www.metrica-global.com\/usa\/"},{"@type":"ListItem","position":2,"name":"La Crisis Mundial del Agua"}]},{"@type":"WebSite","@id":"https:\/\/www.metrica-global.com\/#website","url":"https:\/\/www.metrica-global.com\/","name":"METRICA","description":"Servicios Globales IT","publisher":{"@id":"https:\/\/www.metrica-global.com\/#organization"},"potentialAction":[{"@type":"SearchAction","target":{"@type":"EntryPoint","urlTemplate":"https:\/\/www.metrica-global.com\/?s={search_term_string}"},"query-input":{"@type":"PropertyValueSpecification","valueRequired":true,"valueName":"search_term_string"}}],"inLanguage":"en-US"},{"@type":"Organization","@id":"https:\/\/www.metrica-global.com\/#organization","name":"METRICA","url":"https:\/\/www.metrica-global.com\/","logo":{"@type":"ImageObject","inLanguage":"en-US","@id":"https:\/\/www.metrica-global.com\/#\/schema\/logo\/image\/","url":"https:\/\/www.metrica-global.com\/wp-content\/uploads\/2023\/12\/logo-metrica.png","contentUrl":"https:\/\/www.metrica-global.com\/wp-content\/uploads\/2023\/12\/logo-metrica.png","width":332,"height":58,"caption":"METRICA"},"image":{"@id":"https:\/\/www.metrica-global.com\/#\/schema\/logo\/image\/"}},{"@type":"Person","@id":"https:\/\/www.metrica-global.com\/#\/schema\/person\/78e8e629d9e5908167469b249f6f2cdc","name":"desarrollo","image":{"@type":"ImageObject","inLanguage":"en-US","@id":"https:\/\/www.metrica-global.com\/#\/schema\/person\/image\/","url":"https:\/\/secure.gravatar.com\/avatar\/d2653fb8f170e1382a31acc69dcf92e99545e6329805eb11d8a34443b058f3de?s=96&d=mm&r=g","contentUrl":"https:\/\/secure.gravatar.com\/avatar\/d2653fb8f170e1382a31acc69dcf92e99545e6329805eb11d8a34443b058f3de?s=96&d=mm&r=g","caption":"desarrollo"},"url":"https:\/\/www.metrica-global.com\/usa\/author\/desarrollo\/"}]}},"_links":{"self":[{"href":"https:\/\/www.metrica-global.com\/usa\/wp-json\/wp\/v2\/posts\/9204","targetHints":{"allow":["GET"]}}],"collection":[{"href":"https:\/\/www.metrica-global.com\/usa\/wp-json\/wp\/v2\/posts"}],"about":[{"href":"https:\/\/www.metrica-global.com\/usa\/wp-json\/wp\/v2\/types\/post"}],"author":[{"embeddable":true,"href":"https:\/\/www.metrica-global.com\/usa\/wp-json\/wp\/v2\/users\/1"}],"replies":[{"embeddable":true,"href":"https:\/\/www.metrica-global.com\/usa\/wp-json\/wp\/v2\/comments?post=9204"}],"version-history":[{"count":1,"href":"https:\/\/www.metrica-global.com\/usa\/wp-json\/wp\/v2\/posts\/9204\/revisions"}],"predecessor-version":[{"id":9231,"href":"https:\/\/www.metrica-global.com\/usa\/wp-json\/wp\/v2\/posts\/9204\/revisions\/9231"}],"wp:featuredmedia":[{"embeddable":true,"href":"https:\/\/www.metrica-global.com\/usa\/wp-json\/wp\/v2\/media\/9205"}],"wp:attachment":[{"href":"https:\/\/www.metrica-global.com\/usa\/wp-json\/wp\/v2\/media?parent=9204"}],"wp:term":[{"taxonomy":"category","embeddable":true,"href":"https:\/\/www.metrica-global.com\/usa\/wp-json\/wp\/v2\/categories?post=9204"},{"taxonomy":"post_tag","embeddable":true,"href":"https:\/\/www.metrica-global.com\/usa\/wp-json\/wp\/v2\/tags?post=9204"}],"curies":[{"name":"wp","href":"https:\/\/api.w.org\/{rel}","templated":true}]}}